{"id":43535,"date":"2015-04-11T00:28:06","date_gmt":"2015-04-11T03:28:06","guid":{"rendered":"http:\/\/www.notibras.com\/site\/?p=43535"},"modified":"2015-04-11T00:28:06","modified_gmt":"2015-04-11T03:28:06","slug":"fla-releva-vantagem-do-empate-e-quer-bater-vasco-duas-vezes","status":"publish","type":"post","link":"https:\/\/www.notibras.com\/site\/fla-releva-vantagem-do-empate-e-quer-bater-vasco-duas-vezes\/","title":{"rendered":"Fla releva vantagem do empate e quer bater Vasco duas vezes"},"content":{"rendered":"<p>O Flamengo n\u00e3o quer saber de empate nas semifinais do Campeonato Carioca. O clube rubro-negro tem essa vantagem no duelo contra o Vasco por ter feito melhor campanha na primeira fase, mas j\u00e1 descartou jogar com o regulamento embaixo do bra\u00e7o. O elenco garante que o objetivo \u00e9 vencer as duas partidas. A primeira delas acontece neste domingo, \u00e0s 16 horas (de Bras\u00edlia), no Maracan\u00e3.<\/p>\n<p>&#8220;O foco \u00e9 ir a campo e procurar ganhar a partida. A vantagem do empate realmente pode ser algo importante por conta do equil\u00edbrio da competi\u00e7\u00e3o, mas n\u00e3o podemos pensar nisso. Temos que comemorar a classifica\u00e7\u00e3o se ela vier com dois empates apenas ap\u00f3s os jogos, pois com a maneira como a competi\u00e7\u00e3o est\u00e1 sendo jogada, qualquer resultado \u00e9 poss\u00edvel&#8221;, disse o lateral-esquerdo Anderson Pico.<\/p>\n<blockquote><p>Em termos de escala\u00e7\u00e3o, o t\u00e9cnico Vanderlei Luxemburgo vai contar com o retorno do zagueiro Bressan, que cumpriu suspens\u00e3o diante do Nova Igua\u00e7u, e do volante argentino H\u00e9ctor Canteros, livre de dores no joelho esquerdo. Eles assumem as vagas de Marcelo e Lucas Mugni, respectivamente.<\/p><\/blockquote>\n<p>Os meias Everton e Arthur Maia, recuperados de les\u00f5es musculares na perna direita, foram liberados para o cl\u00e1ssico, mas iniciar\u00e3o no banco de reservas por uma quest\u00e3o de precau\u00e7\u00e3o. O atacante Paulinho, ainda sofrendo com desconforto na coxa direita, permanece vetado pelo departamento m\u00e9dico. Neste s\u00e1bado pela manh\u00e3 o elenco participa de um recreativo e depois come\u00e7a o per\u00edodo de concentra\u00e7\u00e3o.<\/p>\n","protected":false},"excerpt":{"rendered":"<p>O Flamengo n\u00e3o quer saber de empate nas semifinais do Campeonato Carioca. O clube rubro-negro tem essa vantagem no duelo contra o Vasco por ter feito melhor campanha na primeira fase, mas j\u00e1 descartou jogar com o regulamento embaixo do bra\u00e7o. O elenco garante que o objetivo \u00e9 vencer as duas partidas. A primeira delas [&hellip;]<\/p>\n","protected":false},"author":2,"featured_media":43536,"comment_status":"open","ping_status":"closed","sticky":false,"template":"","format":"standard","meta":{"_acf_changed":false,"footnotes":""},"categories":[19,29],"tags":[],"class_list":["post-43535","post","type-post","status-publish","format-standard","has-post-thumbnail","hentry","category-esportes","category-futebol"],"acf":[],"yoast_head":"<!-- This site is optimized with the Yoast SEO plugin v27.2 - https:\/\/yoast.com\/product\/yoast-seo-wordpress\/ -->\n<title>Fla releva vantagem do empate e quer bater Vasco duas vezes - Notibras<\/title>\n<meta name=\"robots\" content=\"index, follow, max-snippet:-1, max-image-preview:large, max-video-preview:-1\" \/>\n<link rel=\"canonical\" href=\"https:\/\/www.notibras.com\/site\/fla-releva-vantagem-do-empate-e-quer-bater-vasco-duas-vezes\/\" \/>\n<meta property=\"og:locale\" content=\"pt_BR\" \/>\n<meta property=\"og:type\" content=\"article\" \/>\n<meta property=\"og:title\" content=\"Fla releva vantagem do empate e quer bater Vasco duas vezes - Notibras\" \/>\n<meta property=\"og:description\" content=\"O Flamengo n\u00e3o quer saber de empate nas semifinais do Campeonato Carioca. O clube rubro-negro tem essa vantagem no duelo contra o Vasco por ter feito melhor campanha na primeira fase, mas j\u00e1 descartou jogar com o regulamento embaixo do bra\u00e7o. O elenco garante que o objetivo \u00e9 vencer as duas partidas. A primeira delas [&hellip;]\" \/>\n<meta property=\"og:url\" content=\"https:\/\/www.notibras.com\/site\/fla-releva-vantagem-do-empate-e-quer-bater-vasco-duas-vezes\/\" \/>\n<meta property=\"og:site_name\" content=\"Notibras\" \/>\n<meta property=\"article:publisher\" content=\"https:\/\/www.facebook.com\/notibras\/\" \/>\n<meta property=\"article:published_time\" content=\"2015-04-11T03:28:06+00:00\" \/>\n<meta property=\"og:image\" content=\"https:\/\/www.notibras.com\/site\/wp-content\/uploads\/2015\/04\/vasfla.jpg\" \/>\n\t<meta property=\"og:image:width\" content=\"620\" \/>\n\t<meta property=\"og:image:height\" content=\"390\" \/>\n\t<meta property=\"og:image:type\" content=\"image\/jpeg\" \/>\n<meta name=\"author\" content=\"Reda\u00e7\u00e3o\" \/>\n<meta name=\"twitter:card\" content=\"summary_large_image\" \/>\n<meta name=\"twitter:creator\" content=\"@Notibras\" \/>\n<meta name=\"twitter:site\" content=\"@Notibras\" \/>\n<meta name=\"twitter:label1\" content=\"Escrito por\" \/>\n\t<meta name=\"twitter:data1\" content=\"Reda\u00e7\u00e3o\" \/>\n\t<meta name=\"twitter:label2\" content=\"Est. tempo de leitura\" \/>\n\t<meta name=\"twitter:data2\" content=\"1 minuto\" \/>\n<script type=\"application\/ld+json\" class=\"yoast-schema-graph\">{\"@context\":\"https:\/\/schema.org\",\"@graph\":[{\"@type\":\"Article\",\"@id\":\"https:\/\/www.notibras.com\/site\/fla-releva-vantagem-do-empate-e-quer-bater-vasco-duas-vezes\/#article\",\"isPartOf\":{\"@id\":\"https:\/\/www.notibras.com\/site\/fla-releva-vantagem-do-empate-e-quer-bater-vasco-duas-vezes\/\"},\"author\":{\"name\":\"Reda\u00e7\u00e3o\",\"@id\":\"https:\/\/www.notibras.com\/site\/#\/schema\/person\/36ab0979449956132d3e5b517ea76ac8\"},\"headline\":\"Fla releva vantagem do empate e quer bater Vasco duas vezes\",\"datePublished\":\"2015-04-11T03:28:06+00:00\",\"mainEntityOfPage\":{\"@id\":\"https:\/\/www.notibras.com\/site\/fla-releva-vantagem-do-empate-e-quer-bater-vasco-duas-vezes\/\"},\"wordCount\":268,\"commentCount\":0,\"publisher\":{\"@id\":\"https:\/\/www.notibras.com\/site\/#organization\"},\"image\":{\"@id\":\"https:\/\/www.notibras.com\/site\/fla-releva-vantagem-do-empate-e-quer-bater-vasco-duas-vezes\/#primaryimage\"},\"thumbnailUrl\":\"https:\/\/www.notibras.com\/site\/wp-content\/uploads\/2015\/04\/vasfla.jpg\",\"articleSection\":[\"Esportes\",\"Futebol\"],\"inLanguage\":\"pt-BR\",\"potentialAction\":[{\"@type\":\"CommentAction\",\"name\":\"Comment\",\"target\":[\"https:\/\/www.notibras.com\/site\/fla-releva-vantagem-do-empate-e-quer-bater-vasco-duas-vezes\/#respond\"]}]},{\"@type\":\"WebPage\",\"@id\":\"https:\/\/www.notibras.com\/site\/fla-releva-vantagem-do-empate-e-quer-bater-vasco-duas-vezes\/\",\"url\":\"https:\/\/www.notibras.com\/site\/fla-releva-vantagem-do-empate-e-quer-bater-vasco-duas-vezes\/\",\"name\":\"Fla releva vantagem do empate e quer bater Vasco duas vezes - Notibras\",\"isPartOf\":{\"@id\":\"https:\/\/www.notibras.com\/site\/#website\"},\"primaryImageOfPage\":{\"@id\":\"https:\/\/www.notibras.com\/site\/fla-releva-vantagem-do-empate-e-quer-bater-vasco-duas-vezes\/#primaryimage\"},\"image\":{\"@id\":\"https:\/\/www.notibras.com\/site\/fla-releva-vantagem-do-empate-e-quer-bater-vasco-duas-vezes\/#primaryimage\"},\"thumbnailUrl\":\"https:\/\/www.notibras.com\/site\/wp-content\/uploads\/2015\/04\/vasfla.jpg\",\"datePublished\":\"2015-04-11T03:28:06+00:00\",\"breadcrumb\":{\"@id\":\"https:\/\/www.notibras.com\/site\/fla-releva-vantagem-do-empate-e-quer-bater-vasco-duas-vezes\/#breadcrumb\"},\"inLanguage\":\"pt-BR\",\"potentialAction\":[{\"@type\":\"ReadAction\",\"target\":[\"https:\/\/www.notibras.com\/site\/fla-releva-vantagem-do-empate-e-quer-bater-vasco-duas-vezes\/\"]}]},{\"@type\":\"ImageObject\",\"inLanguage\":\"pt-BR\",\"@id\":\"https:\/\/www.notibras.com\/site\/fla-releva-vantagem-do-empate-e-quer-bater-vasco-duas-vezes\/#primaryimage\",\"url\":\"https:\/\/www.notibras.com\/site\/wp-content\/uploads\/2015\/04\/vasfla.jpg\",\"contentUrl\":\"https:\/\/www.notibras.com\/site\/wp-content\/uploads\/2015\/04\/vasfla.jpg\",\"width\":620,\"height\":390},{\"@type\":\"BreadcrumbList\",\"@id\":\"https:\/\/www.notibras.com\/site\/fla-releva-vantagem-do-empate-e-quer-bater-vasco-duas-vezes\/#breadcrumb\",\"itemListElement\":[{\"@type\":\"ListItem\",\"position\":1,\"name\":\"In\u00edcio\",\"item\":\"https:\/\/www.notibras.com\/site\/\"},{\"@type\":\"ListItem\",\"position\":2,\"name\":\"Fla releva vantagem do empate e quer bater Vasco duas vezes\"}]},{\"@type\":\"WebSite\",\"@id\":\"https:\/\/www.notibras.com\/site\/#website\",\"url\":\"https:\/\/www.notibras.com\/site\/\",\"name\":\"Notibras\",\"description\":\"Not\u00edcias de Bras\u00edlia, do Brasil e do Mundo\",\"publisher\":{\"@id\":\"https:\/\/www.notibras.com\/site\/#organization\"},\"potentialAction\":[{\"@type\":\"SearchAction\",\"target\":{\"@type\":\"EntryPoint\",\"urlTemplate\":\"https:\/\/www.notibras.com\/site\/?s={search_term_string}\"},\"query-input\":{\"@type\":\"PropertyValueSpecification\",\"valueRequired\":true,\"valueName\":\"search_term_string\"}}],\"inLanguage\":\"pt-BR\"},{\"@type\":\"Organization\",\"@id\":\"https:\/\/www.notibras.com\/site\/#organization\",\"name\":\"Grupo Notibras de Comunica\u00e7\u00e3o\",\"url\":\"https:\/\/www.notibras.com\/site\/\",\"logo\":{\"@type\":\"ImageObject\",\"inLanguage\":\"pt-BR\",\"@id\":\"https:\/\/www.notibras.com\/site\/#\/schema\/logo\/image\/\",\"url\":\"https:\/\/www.notibras.com\/site\/wp-content\/uploads\/2023\/01\/notibras23.png\",\"contentUrl\":\"https:\/\/www.notibras.com\/site\/wp-content\/uploads\/2023\/01\/notibras23.png\",\"width\":350,\"height\":87,\"caption\":\"Grupo Notibras de Comunica\u00e7\u00e3o\"},\"image\":{\"@id\":\"https:\/\/www.notibras.com\/site\/#\/schema\/logo\/image\/\"},\"sameAs\":[\"https:\/\/www.facebook.com\/notibras\/\",\"https:\/\/x.com\/Notibras\",\"https:\/\/www.instagram.com\/notibras\/\"]},{\"@type\":\"Person\",\"@id\":\"https:\/\/www.notibras.com\/site\/#\/schema\/person\/36ab0979449956132d3e5b517ea76ac8\",\"name\":\"Reda\u00e7\u00e3o\",\"image\":{\"@type\":\"ImageObject\",\"inLanguage\":\"pt-BR\",\"@id\":\"https:\/\/secure.gravatar.com\/avatar\/e0a867bdedb85fd243eadf09663511f96fc81e0720a4a42581f334ad4303aa6b?s=96&d=mm&r=g\",\"url\":\"https:\/\/secure.gravatar.com\/avatar\/e0a867bdedb85fd243eadf09663511f96fc81e0720a4a42581f334ad4303aa6b?s=96&d=mm&r=g\",\"contentUrl\":\"https:\/\/secure.gravatar.com\/avatar\/e0a867bdedb85fd243eadf09663511f96fc81e0720a4a42581f334ad4303aa6b?s=96&d=mm&r=g\",\"caption\":\"Reda\u00e7\u00e3o\"}}]}<\/script>\n<!-- \/ Yoast SEO plugin. -->","yoast_head_json":{"title":"Fla releva vantagem do empate e quer bater Vasco duas vezes - Notibras","robots":{"index":"index","follow":"follow","max-snippet":"max-snippet:-1","max-image-preview":"max-image-preview:large","max-video-preview":"max-video-preview:-1"},"canonical":"https:\/\/www.notibras.com\/site\/fla-releva-vantagem-do-empate-e-quer-bater-vasco-duas-vezes\/","og_locale":"pt_BR","og_type":"article","og_title":"Fla releva vantagem do empate e quer bater Vasco duas vezes - Notibras","og_description":"O Flamengo n\u00e3o quer saber de empate nas semifinais do Campeonato Carioca. O clube rubro-negro tem essa vantagem no duelo contra o Vasco por ter feito melhor campanha na primeira fase, mas j\u00e1 descartou jogar com o regulamento embaixo do bra\u00e7o. O elenco garante que o objetivo \u00e9 vencer as duas partidas. A primeira delas [&hellip;]","og_url":"https:\/\/www.notibras.com\/site\/fla-releva-vantagem-do-empate-e-quer-bater-vasco-duas-vezes\/","og_site_name":"Notibras","article_publisher":"https:\/\/www.facebook.com\/notibras\/","article_published_time":"2015-04-11T03:28:06+00:00","og_image":[{"width":620,"height":390,"url":"https:\/\/www.notibras.com\/site\/wp-content\/uploads\/2015\/04\/vasfla.jpg","type":"image\/jpeg"}],"author":"Reda\u00e7\u00e3o","twitter_card":"summary_large_image","twitter_creator":"@Notibras","twitter_site":"@Notibras","twitter_misc":{"Escrito por":"Reda\u00e7\u00e3o","Est. tempo de leitura":"1 minuto"},"schema":{"@context":"https:\/\/schema.org","@graph":[{"@type":"Article","@id":"https:\/\/www.notibras.com\/site\/fla-releva-vantagem-do-empate-e-quer-bater-vasco-duas-vezes\/#article","isPartOf":{"@id":"https:\/\/www.notibras.com\/site\/fla-releva-vantagem-do-empate-e-quer-bater-vasco-duas-vezes\/"},"author":{"name":"Reda\u00e7\u00e3o","@id":"https:\/\/www.notibras.com\/site\/#\/schema\/person\/36ab0979449956132d3e5b517ea76ac8"},"headline":"Fla releva vantagem do empate e quer bater Vasco duas vezes","datePublished":"2015-04-11T03:28:06+00:00","mainEntityOfPage":{"@id":"https:\/\/www.notibras.com\/site\/fla-releva-vantagem-do-empate-e-quer-bater-vasco-duas-vezes\/"},"wordCount":268,"commentCount":0,"publisher":{"@id":"https:\/\/www.notibras.com\/site\/#organization"},"image":{"@id":"https:\/\/www.notibras.com\/site\/fla-releva-vantagem-do-empate-e-quer-bater-vasco-duas-vezes\/#primaryimage"},"thumbnailUrl":"https:\/\/www.notibras.com\/site\/wp-content\/uploads\/2015\/04\/vasfla.jpg","articleSection":["Esportes","Futebol"],"inLanguage":"pt-BR","potentialAction":[{"@type":"CommentAction","name":"Comment","target":["https:\/\/www.notibras.com\/site\/fla-releva-vantagem-do-empate-e-quer-bater-vasco-duas-vezes\/#respond"]}]},{"@type":"WebPage","@id":"https:\/\/www.notibras.com\/site\/fla-releva-vantagem-do-empate-e-quer-bater-vasco-duas-vezes\/","url":"https:\/\/www.notibras.com\/site\/fla-releva-vantagem-do-empate-e-quer-bater-vasco-duas-vezes\/","name":"Fla releva vantagem do empate e quer bater Vasco duas vezes - Notibras","isPartOf":{"@id":"https:\/\/www.notibras.com\/site\/#website"},"primaryImageOfPage":{"@id":"https:\/\/www.notibras.com\/site\/fla-releva-vantagem-do-empate-e-quer-bater-vasco-duas-vezes\/#primaryimage"},"image":{"@id":"https:\/\/www.notibras.com\/site\/fla-releva-vantagem-do-empate-e-quer-bater-vasco-duas-vezes\/#primaryimage"},"thumbnailUrl":"https:\/\/www.notibras.com\/site\/wp-content\/uploads\/2015\/04\/vasfla.jpg","datePublished":"2015-04-11T03:28:06+00:00","breadcrumb":{"@id":"https:\/\/www.notibras.com\/site\/fla-releva-vantagem-do-empate-e-quer-bater-vasco-duas-vezes\/#breadcrumb"},"inLanguage":"pt-BR","potentialAction":[{"@type":"ReadAction","target":["https:\/\/www.notibras.com\/site\/fla-releva-vantagem-do-empate-e-quer-bater-vasco-duas-vezes\/"]}]},{"@type":"ImageObject","inLanguage":"pt-BR","@id":"https:\/\/www.notibras.com\/site\/fla-releva-vantagem-do-empate-e-quer-bater-vasco-duas-vezes\/#primaryimage","url":"https:\/\/www.notibras.com\/site\/wp-content\/uploads\/2015\/04\/vasfla.jpg","contentUrl":"https:\/\/www.notibras.com\/site\/wp-content\/uploads\/2015\/04\/vasfla.jpg","width":620,"height":390},{"@type":"BreadcrumbList","@id":"https:\/\/www.notibras.com\/site\/fla-releva-vantagem-do-empate-e-quer-bater-vasco-duas-vezes\/#breadcrumb","itemListElement":[{"@type":"ListItem","position":1,"name":"In\u00edcio","item":"https:\/\/www.notibras.com\/site\/"},{"@type":"ListItem","position":2,"name":"Fla releva vantagem do empate e quer bater Vasco duas vezes"}]},{"@type":"WebSite","@id":"https:\/\/www.notibras.com\/site\/#website","url":"https:\/\/www.notibras.com\/site\/","name":"Notibras","description":"Not\u00edcias de Bras\u00edlia, do Brasil e do Mundo","publisher":{"@id":"https:\/\/www.notibras.com\/site\/#organization"},"potentialAction":[{"@type":"SearchAction","target":{"@type":"EntryPoint","urlTemplate":"https:\/\/www.notibras.com\/site\/?s={search_term_string}"},"query-input":{"@type":"PropertyValueSpecification","valueRequired":true,"valueName":"search_term_string"}}],"inLanguage":"pt-BR"},{"@type":"Organization","@id":"https:\/\/www.notibras.com\/site\/#organization","name":"Grupo Notibras de Comunica\u00e7\u00e3o","url":"https:\/\/www.notibras.com\/site\/","logo":{"@type":"ImageObject","inLanguage":"pt-BR","@id":"https:\/\/www.notibras.com\/site\/#\/schema\/logo\/image\/","url":"https:\/\/www.notibras.com\/site\/wp-content\/uploads\/2023\/01\/notibras23.png","contentUrl":"https:\/\/www.notibras.com\/site\/wp-content\/uploads\/2023\/01\/notibras23.png","width":350,"height":87,"caption":"Grupo Notibras de Comunica\u00e7\u00e3o"},"image":{"@id":"https:\/\/www.notibras.com\/site\/#\/schema\/logo\/image\/"},"sameAs":["https:\/\/www.facebook.com\/notibras\/","https:\/\/x.com\/Notibras","https:\/\/www.instagram.com\/notibras\/"]},{"@type":"Person","@id":"https:\/\/www.notibras.com\/site\/#\/schema\/person\/36ab0979449956132d3e5b517ea76ac8","name":"Reda\u00e7\u00e3o","image":{"@type":"ImageObject","inLanguage":"pt-BR","@id":"https:\/\/secure.gravatar.com\/avatar\/e0a867bdedb85fd243eadf09663511f96fc81e0720a4a42581f334ad4303aa6b?s=96&d=mm&r=g","url":"https:\/\/secure.gravatar.com\/avatar\/e0a867bdedb85fd243eadf09663511f96fc81e0720a4a42581f334ad4303aa6b?s=96&d=mm&r=g","contentUrl":"https:\/\/secure.gravatar.com\/avatar\/e0a867bdedb85fd243eadf09663511f96fc81e0720a4a42581f334ad4303aa6b?s=96&d=mm&r=g","caption":"Reda\u00e7\u00e3o"}}]}},"amp_enabled":true,"_links":{"self":[{"href":"https:\/\/www.notibras.com\/site\/wp-json\/wp\/v2\/posts\/43535","targetHints":{"allow":["GET"]}}],"collection":[{"href":"https:\/\/www.notibras.com\/site\/wp-json\/wp\/v2\/posts"}],"about":[{"href":"https:\/\/www.notibras.com\/site\/wp-json\/wp\/v2\/types\/post"}],"author":[{"embeddable":true,"href":"https:\/\/www.notibras.com\/site\/wp-json\/wp\/v2\/users\/2"}],"replies":[{"embeddable":true,"href":"https:\/\/www.notibras.com\/site\/wp-json\/wp\/v2\/comments?post=43535"}],"version-history":[{"count":0,"href":"https:\/\/www.notibras.com\/site\/wp-json\/wp\/v2\/posts\/43535\/revisions"}],"wp:featuredmedia":[{"embeddable":true,"href":"https:\/\/www.notibras.com\/site\/wp-json\/wp\/v2\/media\/43536"}],"wp:attachment":[{"href":"https:\/\/www.notibras.com\/site\/wp-json\/wp\/v2\/media?parent=43535"}],"wp:term":[{"taxonomy":"category","embeddable":true,"href":"https:\/\/www.notibras.com\/site\/wp-json\/wp\/v2\/categories?post=43535"},{"taxonomy":"post_tag","embeddable":true,"href":"https:\/\/www.notibras.com\/site\/wp-json\/wp\/v2\/tags?post=43535"}],"curies":[{"name":"wp","href":"https:\/\/api.w.org\/{rel}","templated":true}]}}