{"id":43538,"date":"2015-04-11T00:01:38","date_gmt":"2015-04-11T03:01:38","guid":{"rendered":"http:\/\/www.notibras.com\/site\/?p=43538"},"modified":"2015-04-11T00:34:14","modified_gmt":"2015-04-11T03:34:14","slug":"sem-marcar-ha-um-ano-jo-ganha-bolo-e-parabens-dos-amigos","status":"publish","type":"post","link":"https:\/\/www.notibras.com\/site\/sem-marcar-ha-um-ano-jo-ganha-bolo-e-parabens-dos-amigos\/","title":{"rendered":"Sem marcar h\u00e1 um ano, J\u00f4 ganha bolo e &#8216;Parab\u00e9ns&#8217; dos amigos"},"content":{"rendered":"<p>\u201cParab\u00e9ns, Parab\u00e9ns, hoje \u00e9 o seu dia, que dia mais feliz!\u201d N\u00e3o. N\u00e3o estamos congratulando Steven Seagal, o ex-lateral-esquerdo Roberto Carlos, o atacante Lulinha, o meia Everton Ribeiro e muito menos o apresentador Gugu Liberato. Tudo bem, eles fazem anivers\u00e1rio nesta sexta-feira, mas\u2026 o que o merece mesmo uma postagem neste simp\u00e1tico blog rec\u00e9m-inaugurado \u00e9 algo que completa apenas um ano neste 10 de abril de 2015.<\/p>\n<p>Foi h\u00e1 exatamente 365 dias que o atacante J\u00f4, centroavante reserva da Sele\u00e7\u00e3o Brasileira em uma Copa do Mundo disputada em casa (!), anotou o \u00faltimo gol da sua carreira. N\u00e3o\u2026 n\u00e3o \u00e9 uma pegadinha, uma inven\u00e7\u00e3o ou alguma piada. J\u00f4 n\u00e3o vai \u00e0s redes h\u00e1 um ano. Pode at\u00e9 soprar as velinhas, hein, cara? Pode se preparar que o bolo est\u00e1 chegando!<\/p>\n<p>O \u00faltimo gol feito por J\u00f4 em uma partida profissional (vai saber se ele jogou alguma pelada desde 10 de abril de 2014, n\u00e3o \u00e9 mesmo?) foi na vit\u00f3ria do Atl\u00e9tico-MG por 1 a 0 sobre o Zamora, da Venezuela, no Est\u00e1dio Independ\u00eancia, pela fase de grupos da Libertadores do ano passado.<\/p>\n<p>O jogador, que, na \u00e9poca, nem imaginava que o Brasil seria derrotado por 7 a 1 para a Alemanha alguns meses depois, recebeu passe de Guilherme pela esquerda da grande \u00e1rea e cutucou de canhota para o fundo das redes venezuelanas. Ele nem comemorou tanto: apenas apontou para o companheiro de ataque e o abra\u00e7ou.<\/p>\n","protected":false},"excerpt":{"rendered":"<p>\u201cParab\u00e9ns, Parab\u00e9ns, hoje \u00e9 o seu dia, que dia mais feliz!\u201d N\u00e3o. N\u00e3o estamos congratulando Steven Seagal, o ex-lateral-esquerdo Roberto Carlos, o atacante Lulinha, o meia Everton Ribeiro e muito menos o apresentador Gugu Liberato. Tudo bem, eles fazem anivers\u00e1rio nesta sexta-feira, mas\u2026 o que o merece mesmo uma postagem neste simp\u00e1tico blog rec\u00e9m-inaugurado \u00e9 [&hellip;]<\/p>\n","protected":false},"author":2,"featured_media":43539,"comment_status":"open","ping_status":"closed","sticky":false,"template":"","format":"standard","meta":{"_acf_changed":false,"footnotes":""},"categories":[19,29],"tags":[],"class_list":["post-43538","post","type-post","status-publish","format-standard","has-post-thumbnail","hentry","category-esportes","category-futebol"],"acf":[],"yoast_head":"<!-- This site is optimized with the Yoast SEO plugin v27.2 - https:\/\/yoast.com\/product\/yoast-seo-wordpress\/ -->\n<title>Sem marcar h\u00e1 um ano, J\u00f4 ganha bolo e &#039;Parab\u00e9ns&#039; dos amigos - Notibras<\/title>\n<meta name=\"robots\" content=\"index, follow, max-snippet:-1, max-image-preview:large, max-video-preview:-1\" \/>\n<link rel=\"canonical\" href=\"https:\/\/www.notibras.com\/site\/sem-marcar-ha-um-ano-jo-ganha-bolo-e-parabens-dos-amigos\/\" \/>\n<meta property=\"og:locale\" content=\"pt_BR\" \/>\n<meta property=\"og:type\" content=\"article\" \/>\n<meta property=\"og:title\" content=\"Sem marcar h\u00e1 um ano, J\u00f4 ganha bolo e &#039;Parab\u00e9ns&#039; dos amigos - Notibras\" \/>\n<meta property=\"og:description\" content=\"\u201cParab\u00e9ns, Parab\u00e9ns, hoje \u00e9 o seu dia, que dia mais feliz!\u201d N\u00e3o. N\u00e3o estamos congratulando Steven Seagal, o ex-lateral-esquerdo Roberto Carlos, o atacante Lulinha, o meia Everton Ribeiro e muito menos o apresentador Gugu Liberato. Tudo bem, eles fazem anivers\u00e1rio nesta sexta-feira, mas\u2026 o que o merece mesmo uma postagem neste simp\u00e1tico blog rec\u00e9m-inaugurado \u00e9 [&hellip;]\" \/>\n<meta property=\"og:url\" content=\"https:\/\/www.notibras.com\/site\/sem-marcar-ha-um-ano-jo-ganha-bolo-e-parabens-dos-amigos\/\" \/>\n<meta property=\"og:site_name\" content=\"Notibras\" \/>\n<meta property=\"article:publisher\" content=\"https:\/\/www.facebook.com\/notibras\/\" \/>\n<meta property=\"article:published_time\" content=\"2015-04-11T03:01:38+00:00\" \/>\n<meta property=\"article:modified_time\" content=\"2015-04-11T03:34:14+00:00\" \/>\n<meta property=\"og:image\" content=\"https:\/\/www.notibras.com\/site\/wp-content\/uploads\/2015\/04\/jo11.jpg\" \/>\n\t<meta property=\"og:image:width\" content=\"600\" \/>\n\t<meta property=\"og:image:height\" content=\"450\" \/>\n\t<meta property=\"og:image:type\" content=\"image\/jpeg\" \/>\n<meta name=\"author\" content=\"Reda\u00e7\u00e3o\" \/>\n<meta name=\"twitter:card\" content=\"summary_large_image\" \/>\n<meta name=\"twitter:creator\" content=\"@Notibras\" \/>\n<meta name=\"twitter:site\" content=\"@Notibras\" \/>\n<meta name=\"twitter:label1\" content=\"Escrito por\" \/>\n\t<meta name=\"twitter:data1\" content=\"Reda\u00e7\u00e3o\" \/>\n\t<meta name=\"twitter:label2\" content=\"Est. tempo de leitura\" \/>\n\t<meta name=\"twitter:data2\" content=\"1 minuto\" \/>\n<script type=\"application\/ld+json\" class=\"yoast-schema-graph\">{\"@context\":\"https:\/\/schema.org\",\"@graph\":[{\"@type\":\"Article\",\"@id\":\"https:\/\/www.notibras.com\/site\/sem-marcar-ha-um-ano-jo-ganha-bolo-e-parabens-dos-amigos\/#article\",\"isPartOf\":{\"@id\":\"https:\/\/www.notibras.com\/site\/sem-marcar-ha-um-ano-jo-ganha-bolo-e-parabens-dos-amigos\/\"},\"author\":{\"name\":\"Reda\u00e7\u00e3o\",\"@id\":\"https:\/\/www.notibras.com\/site\/#\/schema\/person\/36ab0979449956132d3e5b517ea76ac8\"},\"headline\":\"Sem marcar h\u00e1 um ano, J\u00f4 ganha bolo e &#8216;Parab\u00e9ns&#8217; dos amigos\",\"datePublished\":\"2015-04-11T03:01:38+00:00\",\"dateModified\":\"2015-04-11T03:34:14+00:00\",\"mainEntityOfPage\":{\"@id\":\"https:\/\/www.notibras.com\/site\/sem-marcar-ha-um-ano-jo-ganha-bolo-e-parabens-dos-amigos\/\"},\"wordCount\":254,\"commentCount\":0,\"publisher\":{\"@id\":\"https:\/\/www.notibras.com\/site\/#organization\"},\"image\":{\"@id\":\"https:\/\/www.notibras.com\/site\/sem-marcar-ha-um-ano-jo-ganha-bolo-e-parabens-dos-amigos\/#primaryimage\"},\"thumbnailUrl\":\"https:\/\/www.notibras.com\/site\/wp-content\/uploads\/2015\/04\/jo11.jpg\",\"articleSection\":[\"Esportes\",\"Futebol\"],\"inLanguage\":\"pt-BR\",\"potentialAction\":[{\"@type\":\"CommentAction\",\"name\":\"Comment\",\"target\":[\"https:\/\/www.notibras.com\/site\/sem-marcar-ha-um-ano-jo-ganha-bolo-e-parabens-dos-amigos\/#respond\"]}]},{\"@type\":\"WebPage\",\"@id\":\"https:\/\/www.notibras.com\/site\/sem-marcar-ha-um-ano-jo-ganha-bolo-e-parabens-dos-amigos\/\",\"url\":\"https:\/\/www.notibras.com\/site\/sem-marcar-ha-um-ano-jo-ganha-bolo-e-parabens-dos-amigos\/\",\"name\":\"Sem marcar h\u00e1 um ano, J\u00f4 ganha bolo e 'Parab\u00e9ns' dos amigos - Notibras\",\"isPartOf\":{\"@id\":\"https:\/\/www.notibras.com\/site\/#website\"},\"primaryImageOfPage\":{\"@id\":\"https:\/\/www.notibras.com\/site\/sem-marcar-ha-um-ano-jo-ganha-bolo-e-parabens-dos-amigos\/#primaryimage\"},\"image\":{\"@id\":\"https:\/\/www.notibras.com\/site\/sem-marcar-ha-um-ano-jo-ganha-bolo-e-parabens-dos-amigos\/#primaryimage\"},\"thumbnailUrl\":\"https:\/\/www.notibras.com\/site\/wp-content\/uploads\/2015\/04\/jo11.jpg\",\"datePublished\":\"2015-04-11T03:01:38+00:00\",\"dateModified\":\"2015-04-11T03:34:14+00:00\",\"breadcrumb\":{\"@id\":\"https:\/\/www.notibras.com\/site\/sem-marcar-ha-um-ano-jo-ganha-bolo-e-parabens-dos-amigos\/#breadcrumb\"},\"inLanguage\":\"pt-BR\",\"potentialAction\":[{\"@type\":\"ReadAction\",\"target\":[\"https:\/\/www.notibras.com\/site\/sem-marcar-ha-um-ano-jo-ganha-bolo-e-parabens-dos-amigos\/\"]}]},{\"@type\":\"ImageObject\",\"inLanguage\":\"pt-BR\",\"@id\":\"https:\/\/www.notibras.com\/site\/sem-marcar-ha-um-ano-jo-ganha-bolo-e-parabens-dos-amigos\/#primaryimage\",\"url\":\"https:\/\/www.notibras.com\/site\/wp-content\/uploads\/2015\/04\/jo11.jpg\",\"contentUrl\":\"https:\/\/www.notibras.com\/site\/wp-content\/uploads\/2015\/04\/jo11.jpg\",\"width\":600,\"height\":450},{\"@type\":\"BreadcrumbList\",\"@id\":\"https:\/\/www.notibras.com\/site\/sem-marcar-ha-um-ano-jo-ganha-bolo-e-parabens-dos-amigos\/#breadcrumb\",\"itemListElement\":[{\"@type\":\"ListItem\",\"position\":1,\"name\":\"In\u00edcio\",\"item\":\"https:\/\/www.notibras.com\/site\/\"},{\"@type\":\"ListItem\",\"position\":2,\"name\":\"Sem marcar h\u00e1 um ano, J\u00f4 ganha bolo e &#8216;Parab\u00e9ns&#8217; dos amigos\"}]},{\"@type\":\"WebSite\",\"@id\":\"https:\/\/www.notibras.com\/site\/#website\",\"url\":\"https:\/\/www.notibras.com\/site\/\",\"name\":\"Notibras\",\"description\":\"Not\u00edcias de Bras\u00edlia, do Brasil e do Mundo\",\"publisher\":{\"@id\":\"https:\/\/www.notibras.com\/site\/#organization\"},\"potentialAction\":[{\"@type\":\"SearchAction\",\"target\":{\"@type\":\"EntryPoint\",\"urlTemplate\":\"https:\/\/www.notibras.com\/site\/?s={search_term_string}\"},\"query-input\":{\"@type\":\"PropertyValueSpecification\",\"valueRequired\":true,\"valueName\":\"search_term_string\"}}],\"inLanguage\":\"pt-BR\"},{\"@type\":\"Organization\",\"@id\":\"https:\/\/www.notibras.com\/site\/#organization\",\"name\":\"Grupo Notibras de Comunica\u00e7\u00e3o\",\"url\":\"https:\/\/www.notibras.com\/site\/\",\"logo\":{\"@type\":\"ImageObject\",\"inLanguage\":\"pt-BR\",\"@id\":\"https:\/\/www.notibras.com\/site\/#\/schema\/logo\/image\/\",\"url\":\"https:\/\/www.notibras.com\/site\/wp-content\/uploads\/2023\/01\/notibras23.png\",\"contentUrl\":\"https:\/\/www.notibras.com\/site\/wp-content\/uploads\/2023\/01\/notibras23.png\",\"width\":350,\"height\":87,\"caption\":\"Grupo Notibras de Comunica\u00e7\u00e3o\"},\"image\":{\"@id\":\"https:\/\/www.notibras.com\/site\/#\/schema\/logo\/image\/\"},\"sameAs\":[\"https:\/\/www.facebook.com\/notibras\/\",\"https:\/\/x.com\/Notibras\",\"https:\/\/www.instagram.com\/notibras\/\"]},{\"@type\":\"Person\",\"@id\":\"https:\/\/www.notibras.com\/site\/#\/schema\/person\/36ab0979449956132d3e5b517ea76ac8\",\"name\":\"Reda\u00e7\u00e3o\",\"image\":{\"@type\":\"ImageObject\",\"inLanguage\":\"pt-BR\",\"@id\":\"https:\/\/secure.gravatar.com\/avatar\/e0a867bdedb85fd243eadf09663511f96fc81e0720a4a42581f334ad4303aa6b?s=96&d=mm&r=g\",\"url\":\"https:\/\/secure.gravatar.com\/avatar\/e0a867bdedb85fd243eadf09663511f96fc81e0720a4a42581f334ad4303aa6b?s=96&d=mm&r=g\",\"contentUrl\":\"https:\/\/secure.gravatar.com\/avatar\/e0a867bdedb85fd243eadf09663511f96fc81e0720a4a42581f334ad4303aa6b?s=96&d=mm&r=g\",\"caption\":\"Reda\u00e7\u00e3o\"}}]}<\/script>\n<!-- \/ Yoast SEO plugin. -->","yoast_head_json":{"title":"Sem marcar h\u00e1 um ano, J\u00f4 ganha bolo e 'Parab\u00e9ns' dos amigos - Notibras","robots":{"index":"index","follow":"follow","max-snippet":"max-snippet:-1","max-image-preview":"max-image-preview:large","max-video-preview":"max-video-preview:-1"},"canonical":"https:\/\/www.notibras.com\/site\/sem-marcar-ha-um-ano-jo-ganha-bolo-e-parabens-dos-amigos\/","og_locale":"pt_BR","og_type":"article","og_title":"Sem marcar h\u00e1 um ano, J\u00f4 ganha bolo e 'Parab\u00e9ns' dos amigos - Notibras","og_description":"\u201cParab\u00e9ns, Parab\u00e9ns, hoje \u00e9 o seu dia, que dia mais feliz!\u201d N\u00e3o. N\u00e3o estamos congratulando Steven Seagal, o ex-lateral-esquerdo Roberto Carlos, o atacante Lulinha, o meia Everton Ribeiro e muito menos o apresentador Gugu Liberato. Tudo bem, eles fazem anivers\u00e1rio nesta sexta-feira, mas\u2026 o que o merece mesmo uma postagem neste simp\u00e1tico blog rec\u00e9m-inaugurado \u00e9 [&hellip;]","og_url":"https:\/\/www.notibras.com\/site\/sem-marcar-ha-um-ano-jo-ganha-bolo-e-parabens-dos-amigos\/","og_site_name":"Notibras","article_publisher":"https:\/\/www.facebook.com\/notibras\/","article_published_time":"2015-04-11T03:01:38+00:00","article_modified_time":"2015-04-11T03:34:14+00:00","og_image":[{"width":600,"height":450,"url":"https:\/\/www.notibras.com\/site\/wp-content\/uploads\/2015\/04\/jo11.jpg","type":"image\/jpeg"}],"author":"Reda\u00e7\u00e3o","twitter_card":"summary_large_image","twitter_creator":"@Notibras","twitter_site":"@Notibras","twitter_misc":{"Escrito por":"Reda\u00e7\u00e3o","Est. tempo de leitura":"1 minuto"},"schema":{"@context":"https:\/\/schema.org","@graph":[{"@type":"Article","@id":"https:\/\/www.notibras.com\/site\/sem-marcar-ha-um-ano-jo-ganha-bolo-e-parabens-dos-amigos\/#article","isPartOf":{"@id":"https:\/\/www.notibras.com\/site\/sem-marcar-ha-um-ano-jo-ganha-bolo-e-parabens-dos-amigos\/"},"author":{"name":"Reda\u00e7\u00e3o","@id":"https:\/\/www.notibras.com\/site\/#\/schema\/person\/36ab0979449956132d3e5b517ea76ac8"},"headline":"Sem marcar h\u00e1 um ano, J\u00f4 ganha bolo e &#8216;Parab\u00e9ns&#8217; dos amigos","datePublished":"2015-04-11T03:01:38+00:00","dateModified":"2015-04-11T03:34:14+00:00","mainEntityOfPage":{"@id":"https:\/\/www.notibras.com\/site\/sem-marcar-ha-um-ano-jo-ganha-bolo-e-parabens-dos-amigos\/"},"wordCount":254,"commentCount":0,"publisher":{"@id":"https:\/\/www.notibras.com\/site\/#organization"},"image":{"@id":"https:\/\/www.notibras.com\/site\/sem-marcar-ha-um-ano-jo-ganha-bolo-e-parabens-dos-amigos\/#primaryimage"},"thumbnailUrl":"https:\/\/www.notibras.com\/site\/wp-content\/uploads\/2015\/04\/jo11.jpg","articleSection":["Esportes","Futebol"],"inLanguage":"pt-BR","potentialAction":[{"@type":"CommentAction","name":"Comment","target":["https:\/\/www.notibras.com\/site\/sem-marcar-ha-um-ano-jo-ganha-bolo-e-parabens-dos-amigos\/#respond"]}]},{"@type":"WebPage","@id":"https:\/\/www.notibras.com\/site\/sem-marcar-ha-um-ano-jo-ganha-bolo-e-parabens-dos-amigos\/","url":"https:\/\/www.notibras.com\/site\/sem-marcar-ha-um-ano-jo-ganha-bolo-e-parabens-dos-amigos\/","name":"Sem marcar h\u00e1 um ano, J\u00f4 ganha bolo e 'Parab\u00e9ns' dos amigos - Notibras","isPartOf":{"@id":"https:\/\/www.notibras.com\/site\/#website"},"primaryImageOfPage":{"@id":"https:\/\/www.notibras.com\/site\/sem-marcar-ha-um-ano-jo-ganha-bolo-e-parabens-dos-amigos\/#primaryimage"},"image":{"@id":"https:\/\/www.notibras.com\/site\/sem-marcar-ha-um-ano-jo-ganha-bolo-e-parabens-dos-amigos\/#primaryimage"},"thumbnailUrl":"https:\/\/www.notibras.com\/site\/wp-content\/uploads\/2015\/04\/jo11.jpg","datePublished":"2015-04-11T03:01:38+00:00","dateModified":"2015-04-11T03:34:14+00:00","breadcrumb":{"@id":"https:\/\/www.notibras.com\/site\/sem-marcar-ha-um-ano-jo-ganha-bolo-e-parabens-dos-amigos\/#breadcrumb"},"inLanguage":"pt-BR","potentialAction":[{"@type":"ReadAction","target":["https:\/\/www.notibras.com\/site\/sem-marcar-ha-um-ano-jo-ganha-bolo-e-parabens-dos-amigos\/"]}]},{"@type":"ImageObject","inLanguage":"pt-BR","@id":"https:\/\/www.notibras.com\/site\/sem-marcar-ha-um-ano-jo-ganha-bolo-e-parabens-dos-amigos\/#primaryimage","url":"https:\/\/www.notibras.com\/site\/wp-content\/uploads\/2015\/04\/jo11.jpg","contentUrl":"https:\/\/www.notibras.com\/site\/wp-content\/uploads\/2015\/04\/jo11.jpg","width":600,"height":450},{"@type":"BreadcrumbList","@id":"https:\/\/www.notibras.com\/site\/sem-marcar-ha-um-ano-jo-ganha-bolo-e-parabens-dos-amigos\/#breadcrumb","itemListElement":[{"@type":"ListItem","position":1,"name":"In\u00edcio","item":"https:\/\/www.notibras.com\/site\/"},{"@type":"ListItem","position":2,"name":"Sem marcar h\u00e1 um ano, J\u00f4 ganha bolo e &#8216;Parab\u00e9ns&#8217; dos amigos"}]},{"@type":"WebSite","@id":"https:\/\/www.notibras.com\/site\/#website","url":"https:\/\/www.notibras.com\/site\/","name":"Notibras","description":"Not\u00edcias de Bras\u00edlia, do Brasil e do Mundo","publisher":{"@id":"https:\/\/www.notibras.com\/site\/#organization"},"potentialAction":[{"@type":"SearchAction","target":{"@type":"EntryPoint","urlTemplate":"https:\/\/www.notibras.com\/site\/?s={search_term_string}"},"query-input":{"@type":"PropertyValueSpecification","valueRequired":true,"valueName":"search_term_string"}}],"inLanguage":"pt-BR"},{"@type":"Organization","@id":"https:\/\/www.notibras.com\/site\/#organization","name":"Grupo Notibras de Comunica\u00e7\u00e3o","url":"https:\/\/www.notibras.com\/site\/","logo":{"@type":"ImageObject","inLanguage":"pt-BR","@id":"https:\/\/www.notibras.com\/site\/#\/schema\/logo\/image\/","url":"https:\/\/www.notibras.com\/site\/wp-content\/uploads\/2023\/01\/notibras23.png","contentUrl":"https:\/\/www.notibras.com\/site\/wp-content\/uploads\/2023\/01\/notibras23.png","width":350,"height":87,"caption":"Grupo Notibras de Comunica\u00e7\u00e3o"},"image":{"@id":"https:\/\/www.notibras.com\/site\/#\/schema\/logo\/image\/"},"sameAs":["https:\/\/www.facebook.com\/notibras\/","https:\/\/x.com\/Notibras","https:\/\/www.instagram.com\/notibras\/"]},{"@type":"Person","@id":"https:\/\/www.notibras.com\/site\/#\/schema\/person\/36ab0979449956132d3e5b517ea76ac8","name":"Reda\u00e7\u00e3o","image":{"@type":"ImageObject","inLanguage":"pt-BR","@id":"https:\/\/secure.gravatar.com\/avatar\/e0a867bdedb85fd243eadf09663511f96fc81e0720a4a42581f334ad4303aa6b?s=96&d=mm&r=g","url":"https:\/\/secure.gravatar.com\/avatar\/e0a867bdedb85fd243eadf09663511f96fc81e0720a4a42581f334ad4303aa6b?s=96&d=mm&r=g","contentUrl":"https:\/\/secure.gravatar.com\/avatar\/e0a867bdedb85fd243eadf09663511f96fc81e0720a4a42581f334ad4303aa6b?s=96&d=mm&r=g","caption":"Reda\u00e7\u00e3o"}}]}},"amp_enabled":true,"_links":{"self":[{"href":"https:\/\/www.notibras.com\/site\/wp-json\/wp\/v2\/posts\/43538","targetHints":{"allow":["GET"]}}],"collection":[{"href":"https:\/\/www.notibras.com\/site\/wp-json\/wp\/v2\/posts"}],"about":[{"href":"https:\/\/www.notibras.com\/site\/wp-json\/wp\/v2\/types\/post"}],"author":[{"embeddable":true,"href":"https:\/\/www.notibras.com\/site\/wp-json\/wp\/v2\/users\/2"}],"replies":[{"embeddable":true,"href":"https:\/\/www.notibras.com\/site\/wp-json\/wp\/v2\/comments?post=43538"}],"version-history":[{"count":0,"href":"https:\/\/www.notibras.com\/site\/wp-json\/wp\/v2\/posts\/43538\/revisions"}],"wp:featuredmedia":[{"embeddable":true,"href":"https:\/\/www.notibras.com\/site\/wp-json\/wp\/v2\/media\/43539"}],"wp:attachment":[{"href":"https:\/\/www.notibras.com\/site\/wp-json\/wp\/v2\/media?parent=43538"}],"wp:term":[{"taxonomy":"category","embeddable":true,"href":"https:\/\/www.notibras.com\/site\/wp-json\/wp\/v2\/categories?post=43538"},{"taxonomy":"post_tag","embeddable":true,"href":"https:\/\/www.notibras.com\/site\/wp-json\/wp\/v2\/tags?post=43538"}],"curies":[{"name":"wp","href":"https:\/\/api.w.org\/{rel}","templated":true}]}}