{"id":43541,"date":"2015-04-11T00:01:38","date_gmt":"2015-04-11T03:01:38","guid":{"rendered":"http:\/\/www.notibras.com\/site\/?p=43541"},"modified":"2015-04-11T00:42:19","modified_gmt":"2015-04-11T03:42:19","slug":"pele-quer-neymar-e-messi-jogando-tudo-na-copa-america","status":"publish","type":"post","link":"https:\/\/www.notibras.com\/site\/pele-quer-neymar-e-messi-jogando-tudo-na-copa-america\/","title":{"rendered":"Pel\u00e9 quer Neymar e Messi jogando tudo na Copa Am\u00e9rica"},"content":{"rendered":"<p>Se por um lado Neymar e Messi exibem um futebol de alto n\u00edvel atuando pelo Barcelona nas principais competi\u00e7\u00f5es espanholas e europeias, o mesmo desempenho brilhante n\u00e3o pode ser observado quando os atletas atuam por suas sele\u00e7\u00f5es. Pelo menos \u00e9 o que pensa o Rei Pel\u00e9.<\/p>\n<p>Em entrevista ao site da <i> Fifa <\/i> , o tricampe\u00e3o do mundo desafiou as estrelas do clube a repetirem a grande atua\u00e7\u00e3o na Copa Am\u00e9rica do Chile, entre os dias 11 de junho e 4 de julho deste ano.<\/p>\n<blockquote><p>&#8220;Quando Messi est\u00e1 na Espanha, com o Barcelona, com um time que ele j\u00e1 conhece e conhece bem, ele \u00e9 um jogador. Mas quando ele est\u00e1 com a sele\u00e7\u00e3o da Argentina n\u00e3o \u00e9 a mesma coisa&#8221;, disse o ex-jogador de 74 anos. &#8220;\u00c9 um modo diferente de jogar. O time argentino n\u00e3o \u00e9 organizado do mesmo jeito. A mesma coisa acontece com Neymar e Brasil&#8221;, avaliou o Rei.<\/p><\/blockquote>\n<p>Apesar de ter liderado a Argentina rumo \u00e0 final da Copa do Mundo no ano passado, o argentino de 27 anos \u00e9 constantemente acusado de n\u00e3o ter brilhado tanto quando o esperado com a camisa alviceleste. Mesmo assim, Pel\u00e9 acredita que o torneio sul-americano ser\u00e1 uma grande exibi\u00e7\u00e3o.<\/p>\n<p>&#8220;Atualmente, os jogadores individualmente s\u00e3o mais conhecidos que seus times. Mas ser\u00e1 uma Copa das Estrelas, sem d\u00favidas&#8221;, acrescentou. Apesar de acreditar que os Hermanos e os anfitri\u00f5es chilenos podem come\u00e7ar entre os favoritos, Pel\u00e9 preferiu n\u00e3o apontar poss\u00edveis campe\u00f5es.<\/p>\n<p>&#8220;Hoje o futebol \u00e9 muito equilibrado. Voc\u00ea n\u00e3o pode dizer quem vai vencer. Com computadores e televis\u00e3o, todo mundo sabe tudo sobre seus oponentes. \u00c9 dif\u00edcil dizer quem vai chegar \u00e0 decis\u00e3o&#8221;, encerrou.<\/p>\n","protected":false},"excerpt":{"rendered":"<p>Se por um lado Neymar e Messi exibem um futebol de alto n\u00edvel atuando pelo Barcelona nas principais competi\u00e7\u00f5es espanholas e europeias, o mesmo desempenho brilhante n\u00e3o pode ser observado quando os atletas atuam por suas sele\u00e7\u00f5es. Pelo menos \u00e9 o que pensa o Rei Pel\u00e9. Em entrevista ao site da Fifa , o tricampe\u00e3o [&hellip;]<\/p>\n","protected":false},"author":2,"featured_media":43542,"comment_status":"open","ping_status":"closed","sticky":false,"template":"","format":"standard","meta":{"_acf_changed":false,"footnotes":""},"categories":[19,29],"tags":[],"class_list":["post-43541","post","type-post","status-publish","format-standard","has-post-thumbnail","hentry","category-esportes","category-futebol"],"acf":[],"yoast_head":"<!-- This site is optimized with the Yoast SEO plugin v27.2 - https:\/\/yoast.com\/product\/yoast-seo-wordpress\/ -->\n<title>Pel\u00e9 quer Neymar e Messi jogando tudo na Copa Am\u00e9rica - Notibras<\/title>\n<meta name=\"robots\" content=\"index, follow, max-snippet:-1, max-image-preview:large, max-video-preview:-1\" \/>\n<link rel=\"canonical\" href=\"https:\/\/www.notibras.com\/site\/pele-quer-neymar-e-messi-jogando-tudo-na-copa-america\/\" \/>\n<meta property=\"og:locale\" content=\"pt_BR\" \/>\n<meta property=\"og:type\" content=\"article\" \/>\n<meta property=\"og:title\" content=\"Pel\u00e9 quer Neymar e Messi jogando tudo na Copa Am\u00e9rica - Notibras\" \/>\n<meta property=\"og:description\" content=\"Se por um lado Neymar e Messi exibem um futebol de alto n\u00edvel atuando pelo Barcelona nas principais competi\u00e7\u00f5es espanholas e europeias, o mesmo desempenho brilhante n\u00e3o pode ser observado quando os atletas atuam por suas sele\u00e7\u00f5es. Pelo menos \u00e9 o que pensa o Rei Pel\u00e9. Em entrevista ao site da Fifa , o tricampe\u00e3o [&hellip;]\" \/>\n<meta property=\"og:url\" content=\"https:\/\/www.notibras.com\/site\/pele-quer-neymar-e-messi-jogando-tudo-na-copa-america\/\" \/>\n<meta property=\"og:site_name\" content=\"Notibras\" \/>\n<meta property=\"article:publisher\" content=\"https:\/\/www.facebook.com\/notibras\/\" \/>\n<meta property=\"article:published_time\" content=\"2015-04-11T03:01:38+00:00\" \/>\n<meta property=\"article:modified_time\" content=\"2015-04-11T03:42:19+00:00\" \/>\n<meta property=\"og:image\" content=\"https:\/\/www.notibras.com\/site\/wp-content\/uploads\/2015\/04\/neyme.jpeg\" \/>\n\t<meta property=\"og:image:width\" content=\"272\" \/>\n\t<meta property=\"og:image:height\" content=\"185\" \/>\n\t<meta property=\"og:image:type\" content=\"image\/jpeg\" \/>\n<meta name=\"author\" content=\"Reda\u00e7\u00e3o\" \/>\n<meta name=\"twitter:card\" content=\"summary_large_image\" \/>\n<meta name=\"twitter:creator\" content=\"@Notibras\" \/>\n<meta name=\"twitter:site\" content=\"@Notibras\" \/>\n<meta name=\"twitter:label1\" content=\"Escrito por\" \/>\n\t<meta name=\"twitter:data1\" content=\"Reda\u00e7\u00e3o\" \/>\n\t<meta name=\"twitter:label2\" content=\"Est. tempo de leitura\" \/>\n\t<meta name=\"twitter:data2\" content=\"1 minuto\" \/>\n<script type=\"application\/ld+json\" class=\"yoast-schema-graph\">{\"@context\":\"https:\/\/schema.org\",\"@graph\":[{\"@type\":\"Article\",\"@id\":\"https:\/\/www.notibras.com\/site\/pele-quer-neymar-e-messi-jogando-tudo-na-copa-america\/#article\",\"isPartOf\":{\"@id\":\"https:\/\/www.notibras.com\/site\/pele-quer-neymar-e-messi-jogando-tudo-na-copa-america\/\"},\"author\":{\"name\":\"Reda\u00e7\u00e3o\",\"@id\":\"https:\/\/www.notibras.com\/site\/#\/schema\/person\/36ab0979449956132d3e5b517ea76ac8\"},\"headline\":\"Pel\u00e9 quer Neymar e Messi jogando tudo na Copa Am\u00e9rica\",\"datePublished\":\"2015-04-11T03:01:38+00:00\",\"dateModified\":\"2015-04-11T03:42:19+00:00\",\"mainEntityOfPage\":{\"@id\":\"https:\/\/www.notibras.com\/site\/pele-quer-neymar-e-messi-jogando-tudo-na-copa-america\/\"},\"wordCount\":292,\"commentCount\":0,\"publisher\":{\"@id\":\"https:\/\/www.notibras.com\/site\/#organization\"},\"image\":{\"@id\":\"https:\/\/www.notibras.com\/site\/pele-quer-neymar-e-messi-jogando-tudo-na-copa-america\/#primaryimage\"},\"thumbnailUrl\":\"https:\/\/www.notibras.com\/site\/wp-content\/uploads\/2015\/04\/neyme.jpeg\",\"articleSection\":[\"Esportes\",\"Futebol\"],\"inLanguage\":\"pt-BR\",\"potentialAction\":[{\"@type\":\"CommentAction\",\"name\":\"Comment\",\"target\":[\"https:\/\/www.notibras.com\/site\/pele-quer-neymar-e-messi-jogando-tudo-na-copa-america\/#respond\"]}]},{\"@type\":\"WebPage\",\"@id\":\"https:\/\/www.notibras.com\/site\/pele-quer-neymar-e-messi-jogando-tudo-na-copa-america\/\",\"url\":\"https:\/\/www.notibras.com\/site\/pele-quer-neymar-e-messi-jogando-tudo-na-copa-america\/\",\"name\":\"Pel\u00e9 quer Neymar e Messi jogando tudo na Copa Am\u00e9rica - Notibras\",\"isPartOf\":{\"@id\":\"https:\/\/www.notibras.com\/site\/#website\"},\"primaryImageOfPage\":{\"@id\":\"https:\/\/www.notibras.com\/site\/pele-quer-neymar-e-messi-jogando-tudo-na-copa-america\/#primaryimage\"},\"image\":{\"@id\":\"https:\/\/www.notibras.com\/site\/pele-quer-neymar-e-messi-jogando-tudo-na-copa-america\/#primaryimage\"},\"thumbnailUrl\":\"https:\/\/www.notibras.com\/site\/wp-content\/uploads\/2015\/04\/neyme.jpeg\",\"datePublished\":\"2015-04-11T03:01:38+00:00\",\"dateModified\":\"2015-04-11T03:42:19+00:00\",\"breadcrumb\":{\"@id\":\"https:\/\/www.notibras.com\/site\/pele-quer-neymar-e-messi-jogando-tudo-na-copa-america\/#breadcrumb\"},\"inLanguage\":\"pt-BR\",\"potentialAction\":[{\"@type\":\"ReadAction\",\"target\":[\"https:\/\/www.notibras.com\/site\/pele-quer-neymar-e-messi-jogando-tudo-na-copa-america\/\"]}]},{\"@type\":\"ImageObject\",\"inLanguage\":\"pt-BR\",\"@id\":\"https:\/\/www.notibras.com\/site\/pele-quer-neymar-e-messi-jogando-tudo-na-copa-america\/#primaryimage\",\"url\":\"https:\/\/www.notibras.com\/site\/wp-content\/uploads\/2015\/04\/neyme.jpeg\",\"contentUrl\":\"https:\/\/www.notibras.com\/site\/wp-content\/uploads\/2015\/04\/neyme.jpeg\",\"width\":272,\"height\":185},{\"@type\":\"BreadcrumbList\",\"@id\":\"https:\/\/www.notibras.com\/site\/pele-quer-neymar-e-messi-jogando-tudo-na-copa-america\/#breadcrumb\",\"itemListElement\":[{\"@type\":\"ListItem\",\"position\":1,\"name\":\"In\u00edcio\",\"item\":\"https:\/\/www.notibras.com\/site\/\"},{\"@type\":\"ListItem\",\"position\":2,\"name\":\"Pel\u00e9 quer Neymar e Messi jogando tudo na Copa Am\u00e9rica\"}]},{\"@type\":\"WebSite\",\"@id\":\"https:\/\/www.notibras.com\/site\/#website\",\"url\":\"https:\/\/www.notibras.com\/site\/\",\"name\":\"Notibras\",\"description\":\"Not\u00edcias de Bras\u00edlia, do Brasil e do Mundo\",\"publisher\":{\"@id\":\"https:\/\/www.notibras.com\/site\/#organization\"},\"potentialAction\":[{\"@type\":\"SearchAction\",\"target\":{\"@type\":\"EntryPoint\",\"urlTemplate\":\"https:\/\/www.notibras.com\/site\/?s={search_term_string}\"},\"query-input\":{\"@type\":\"PropertyValueSpecification\",\"valueRequired\":true,\"valueName\":\"search_term_string\"}}],\"inLanguage\":\"pt-BR\"},{\"@type\":\"Organization\",\"@id\":\"https:\/\/www.notibras.com\/site\/#organization\",\"name\":\"Grupo Notibras de Comunica\u00e7\u00e3o\",\"url\":\"https:\/\/www.notibras.com\/site\/\",\"logo\":{\"@type\":\"ImageObject\",\"inLanguage\":\"pt-BR\",\"@id\":\"https:\/\/www.notibras.com\/site\/#\/schema\/logo\/image\/\",\"url\":\"https:\/\/www.notibras.com\/site\/wp-content\/uploads\/2023\/01\/notibras23.png\",\"contentUrl\":\"https:\/\/www.notibras.com\/site\/wp-content\/uploads\/2023\/01\/notibras23.png\",\"width\":350,\"height\":87,\"caption\":\"Grupo Notibras de Comunica\u00e7\u00e3o\"},\"image\":{\"@id\":\"https:\/\/www.notibras.com\/site\/#\/schema\/logo\/image\/\"},\"sameAs\":[\"https:\/\/www.facebook.com\/notibras\/\",\"https:\/\/x.com\/Notibras\",\"https:\/\/www.instagram.com\/notibras\/\"]},{\"@type\":\"Person\",\"@id\":\"https:\/\/www.notibras.com\/site\/#\/schema\/person\/36ab0979449956132d3e5b517ea76ac8\",\"name\":\"Reda\u00e7\u00e3o\",\"image\":{\"@type\":\"ImageObject\",\"inLanguage\":\"pt-BR\",\"@id\":\"https:\/\/secure.gravatar.com\/avatar\/e0a867bdedb85fd243eadf09663511f96fc81e0720a4a42581f334ad4303aa6b?s=96&d=mm&r=g\",\"url\":\"https:\/\/secure.gravatar.com\/avatar\/e0a867bdedb85fd243eadf09663511f96fc81e0720a4a42581f334ad4303aa6b?s=96&d=mm&r=g\",\"contentUrl\":\"https:\/\/secure.gravatar.com\/avatar\/e0a867bdedb85fd243eadf09663511f96fc81e0720a4a42581f334ad4303aa6b?s=96&d=mm&r=g\",\"caption\":\"Reda\u00e7\u00e3o\"}}]}<\/script>\n<!-- \/ Yoast SEO plugin. -->","yoast_head_json":{"title":"Pel\u00e9 quer Neymar e Messi jogando tudo na Copa Am\u00e9rica - Notibras","robots":{"index":"index","follow":"follow","max-snippet":"max-snippet:-1","max-image-preview":"max-image-preview:large","max-video-preview":"max-video-preview:-1"},"canonical":"https:\/\/www.notibras.com\/site\/pele-quer-neymar-e-messi-jogando-tudo-na-copa-america\/","og_locale":"pt_BR","og_type":"article","og_title":"Pel\u00e9 quer Neymar e Messi jogando tudo na Copa Am\u00e9rica - Notibras","og_description":"Se por um lado Neymar e Messi exibem um futebol de alto n\u00edvel atuando pelo Barcelona nas principais competi\u00e7\u00f5es espanholas e europeias, o mesmo desempenho brilhante n\u00e3o pode ser observado quando os atletas atuam por suas sele\u00e7\u00f5es. Pelo menos \u00e9 o que pensa o Rei Pel\u00e9. Em entrevista ao site da Fifa , o tricampe\u00e3o [&hellip;]","og_url":"https:\/\/www.notibras.com\/site\/pele-quer-neymar-e-messi-jogando-tudo-na-copa-america\/","og_site_name":"Notibras","article_publisher":"https:\/\/www.facebook.com\/notibras\/","article_published_time":"2015-04-11T03:01:38+00:00","article_modified_time":"2015-04-11T03:42:19+00:00","og_image":[{"width":272,"height":185,"url":"https:\/\/www.notibras.com\/site\/wp-content\/uploads\/2015\/04\/neyme.jpeg","type":"image\/jpeg"}],"author":"Reda\u00e7\u00e3o","twitter_card":"summary_large_image","twitter_creator":"@Notibras","twitter_site":"@Notibras","twitter_misc":{"Escrito por":"Reda\u00e7\u00e3o","Est. tempo de leitura":"1 minuto"},"schema":{"@context":"https:\/\/schema.org","@graph":[{"@type":"Article","@id":"https:\/\/www.notibras.com\/site\/pele-quer-neymar-e-messi-jogando-tudo-na-copa-america\/#article","isPartOf":{"@id":"https:\/\/www.notibras.com\/site\/pele-quer-neymar-e-messi-jogando-tudo-na-copa-america\/"},"author":{"name":"Reda\u00e7\u00e3o","@id":"https:\/\/www.notibras.com\/site\/#\/schema\/person\/36ab0979449956132d3e5b517ea76ac8"},"headline":"Pel\u00e9 quer Neymar e Messi jogando tudo na Copa Am\u00e9rica","datePublished":"2015-04-11T03:01:38+00:00","dateModified":"2015-04-11T03:42:19+00:00","mainEntityOfPage":{"@id":"https:\/\/www.notibras.com\/site\/pele-quer-neymar-e-messi-jogando-tudo-na-copa-america\/"},"wordCount":292,"commentCount":0,"publisher":{"@id":"https:\/\/www.notibras.com\/site\/#organization"},"image":{"@id":"https:\/\/www.notibras.com\/site\/pele-quer-neymar-e-messi-jogando-tudo-na-copa-america\/#primaryimage"},"thumbnailUrl":"https:\/\/www.notibras.com\/site\/wp-content\/uploads\/2015\/04\/neyme.jpeg","articleSection":["Esportes","Futebol"],"inLanguage":"pt-BR","potentialAction":[{"@type":"CommentAction","name":"Comment","target":["https:\/\/www.notibras.com\/site\/pele-quer-neymar-e-messi-jogando-tudo-na-copa-america\/#respond"]}]},{"@type":"WebPage","@id":"https:\/\/www.notibras.com\/site\/pele-quer-neymar-e-messi-jogando-tudo-na-copa-america\/","url":"https:\/\/www.notibras.com\/site\/pele-quer-neymar-e-messi-jogando-tudo-na-copa-america\/","name":"Pel\u00e9 quer Neymar e Messi jogando tudo na Copa Am\u00e9rica - Notibras","isPartOf":{"@id":"https:\/\/www.notibras.com\/site\/#website"},"primaryImageOfPage":{"@id":"https:\/\/www.notibras.com\/site\/pele-quer-neymar-e-messi-jogando-tudo-na-copa-america\/#primaryimage"},"image":{"@id":"https:\/\/www.notibras.com\/site\/pele-quer-neymar-e-messi-jogando-tudo-na-copa-america\/#primaryimage"},"thumbnailUrl":"https:\/\/www.notibras.com\/site\/wp-content\/uploads\/2015\/04\/neyme.jpeg","datePublished":"2015-04-11T03:01:38+00:00","dateModified":"2015-04-11T03:42:19+00:00","breadcrumb":{"@id":"https:\/\/www.notibras.com\/site\/pele-quer-neymar-e-messi-jogando-tudo-na-copa-america\/#breadcrumb"},"inLanguage":"pt-BR","potentialAction":[{"@type":"ReadAction","target":["https:\/\/www.notibras.com\/site\/pele-quer-neymar-e-messi-jogando-tudo-na-copa-america\/"]}]},{"@type":"ImageObject","inLanguage":"pt-BR","@id":"https:\/\/www.notibras.com\/site\/pele-quer-neymar-e-messi-jogando-tudo-na-copa-america\/#primaryimage","url":"https:\/\/www.notibras.com\/site\/wp-content\/uploads\/2015\/04\/neyme.jpeg","contentUrl":"https:\/\/www.notibras.com\/site\/wp-content\/uploads\/2015\/04\/neyme.jpeg","width":272,"height":185},{"@type":"BreadcrumbList","@id":"https:\/\/www.notibras.com\/site\/pele-quer-neymar-e-messi-jogando-tudo-na-copa-america\/#breadcrumb","itemListElement":[{"@type":"ListItem","position":1,"name":"In\u00edcio","item":"https:\/\/www.notibras.com\/site\/"},{"@type":"ListItem","position":2,"name":"Pel\u00e9 quer Neymar e Messi jogando tudo na Copa Am\u00e9rica"}]},{"@type":"WebSite","@id":"https:\/\/www.notibras.com\/site\/#website","url":"https:\/\/www.notibras.com\/site\/","name":"Notibras","description":"Not\u00edcias de Bras\u00edlia, do Brasil e do Mundo","publisher":{"@id":"https:\/\/www.notibras.com\/site\/#organization"},"potentialAction":[{"@type":"SearchAction","target":{"@type":"EntryPoint","urlTemplate":"https:\/\/www.notibras.com\/site\/?s={search_term_string}"},"query-input":{"@type":"PropertyValueSpecification","valueRequired":true,"valueName":"search_term_string"}}],"inLanguage":"pt-BR"},{"@type":"Organization","@id":"https:\/\/www.notibras.com\/site\/#organization","name":"Grupo Notibras de Comunica\u00e7\u00e3o","url":"https:\/\/www.notibras.com\/site\/","logo":{"@type":"ImageObject","inLanguage":"pt-BR","@id":"https:\/\/www.notibras.com\/site\/#\/schema\/logo\/image\/","url":"https:\/\/www.notibras.com\/site\/wp-content\/uploads\/2023\/01\/notibras23.png","contentUrl":"https:\/\/www.notibras.com\/site\/wp-content\/uploads\/2023\/01\/notibras23.png","width":350,"height":87,"caption":"Grupo Notibras de Comunica\u00e7\u00e3o"},"image":{"@id":"https:\/\/www.notibras.com\/site\/#\/schema\/logo\/image\/"},"sameAs":["https:\/\/www.facebook.com\/notibras\/","https:\/\/x.com\/Notibras","https:\/\/www.instagram.com\/notibras\/"]},{"@type":"Person","@id":"https:\/\/www.notibras.com\/site\/#\/schema\/person\/36ab0979449956132d3e5b517ea76ac8","name":"Reda\u00e7\u00e3o","image":{"@type":"ImageObject","inLanguage":"pt-BR","@id":"https:\/\/secure.gravatar.com\/avatar\/e0a867bdedb85fd243eadf09663511f96fc81e0720a4a42581f334ad4303aa6b?s=96&d=mm&r=g","url":"https:\/\/secure.gravatar.com\/avatar\/e0a867bdedb85fd243eadf09663511f96fc81e0720a4a42581f334ad4303aa6b?s=96&d=mm&r=g","contentUrl":"https:\/\/secure.gravatar.com\/avatar\/e0a867bdedb85fd243eadf09663511f96fc81e0720a4a42581f334ad4303aa6b?s=96&d=mm&r=g","caption":"Reda\u00e7\u00e3o"}}]}},"amp_enabled":true,"_links":{"self":[{"href":"https:\/\/www.notibras.com\/site\/wp-json\/wp\/v2\/posts\/43541","targetHints":{"allow":["GET"]}}],"collection":[{"href":"https:\/\/www.notibras.com\/site\/wp-json\/wp\/v2\/posts"}],"about":[{"href":"https:\/\/www.notibras.com\/site\/wp-json\/wp\/v2\/types\/post"}],"author":[{"embeddable":true,"href":"https:\/\/www.notibras.com\/site\/wp-json\/wp\/v2\/users\/2"}],"replies":[{"embeddable":true,"href":"https:\/\/www.notibras.com\/site\/wp-json\/wp\/v2\/comments?post=43541"}],"version-history":[{"count":0,"href":"https:\/\/www.notibras.com\/site\/wp-json\/wp\/v2\/posts\/43541\/revisions"}],"wp:featuredmedia":[{"embeddable":true,"href":"https:\/\/www.notibras.com\/site\/wp-json\/wp\/v2\/media\/43542"}],"wp:attachment":[{"href":"https:\/\/www.notibras.com\/site\/wp-json\/wp\/v2\/media?parent=43541"}],"wp:term":[{"taxonomy":"category","embeddable":true,"href":"https:\/\/www.notibras.com\/site\/wp-json\/wp\/v2\/categories?post=43541"},{"taxonomy":"post_tag","embeddable":true,"href":"https:\/\/www.notibras.com\/site\/wp-json\/wp\/v2\/tags?post=43541"}],"curies":[{"name":"wp","href":"https:\/\/api.w.org\/{rel}","templated":true}]}}