{"id":43576,"date":"2015-04-11T06:38:28","date_gmt":"2015-04-11T09:38:28","guid":{"rendered":"http:\/\/www.notibras.com\/site\/?p=43576"},"modified":"2015-04-11T06:41:38","modified_gmt":"2015-04-11T09:41:38","slug":"domingo-12-pode-ser-o-dia-d-da-virada-contra-governo-dilma","status":"publish","type":"post","link":"https:\/\/www.notibras.com\/site\/domingo-12-pode-ser-o-dia-d-da-virada-contra-governo-dilma\/","title":{"rendered":"Domingo 12 pode ser o Dia D da virada contra o governo Dilma"},"content":{"rendered":"<p>O dia 15 de mar\u00e7o vai entrar para a hist\u00f3ria. Em todo o pa\u00eds, milh\u00f5es de pessoas sa\u00edram \u00e0s ruas para protestar contra os desmandos de um governo que perdeu a confian\u00e7a do povo de uma maneira poucas vezes vistas na hist\u00f3ria do Brasil.<\/p>\n<p>A corrup\u00e7\u00e3o, o estelionato eleitoral e a crise econ\u00f4mica s\u00e3o alguns dos componentes desse caldeir\u00e3o inst\u00e1vel que virou o Brasil nas m\u00e3os do PT.<\/p>\n<p>O Movimento Brasil Livre tem orgulho de fazer parte dessa hist\u00f3ria. Nunca pretendemos, no entanto, posar de &#8220;donos&#8221; dessas manifesta\u00e7\u00f5es, que foram a maior mobiliza\u00e7\u00e3o popular apartid\u00e1ria da hist\u00f3ria do Brasil.<\/p>\n<p>Nossas lideran\u00e7as est\u00e3o espalhadas por todas as regi\u00f5es do pa\u00eds e s\u00e3o estudantes, trabalhadores assalariados, empres\u00e1rios, profissionais liberais e funcion\u00e1rios p\u00fablicos. Somos brasileiros indignados com os rumos da pol\u00edtica nacional e dispostos a gastar nosso tempo e nossa energia para organizar manifesta\u00e7\u00f5es populares em prol de um pa\u00eds melhor.<\/p>\n<p>O objetivo foi, e segue sendo, o de atuar como um grupo que canalize a vontade popular de mudar a realidade do nosso pa\u00eds, influenciando positivamente a pauta dos protestos e defendendo sempre a democracia, as liberdades individuais e o Estado Democr\u00e1tico de Direito.<\/p>\n<p>Fomos \u00e0s ruas no dia 15 de mar\u00e7o e voltaremos amanh\u00e3. Dessa vez estaremos presentes em cerca de 400 cidades Brasil afora (mais do que o triplo em 15 de mar\u00e7o). Nossa pauta fundamental seguir\u00e1 sendo o impeachment da presidente Dilma Rousseff.<\/p>\n<blockquote><p>O governo do PT venceu as elei\u00e7\u00f5es de outubro do ano passado prometendo algo que sabia n\u00e3o poder cumprir, usando e abusando da m\u00e1quina p\u00fablica para comprar apoios e fazer terrorismo eleitoral. Agora, a conta da irresponsabilidade e incompet\u00eancia petista come\u00e7a a chegar para todos n\u00f3s.<\/p><\/blockquote>\n<p>O impeachment \u00e9 um mecanismo democr\u00e1tico garantido por nosso ordenamento jur\u00eddico e visa a resguardar a institui\u00e7\u00e3o da Presid\u00eancia da Rep\u00fablica em situa\u00e7\u00f5es extremas envolvendo o ocupante do cargo. Foi utilizado para remover Collor por seu envolvimento em um esquema de corrup\u00e7\u00e3o que chocou a opini\u00e3o p\u00fablica.<\/p>\n<p>A presidente Dilma e seu partido est\u00e3o visceralmente ligados a um esc\u00e2ndalo em propor\u00e7\u00f5es que fazem Collor, PC Farias e companhia parecerem acanhados ladr\u00f5es de galinha. Os baix\u00edssimos \u00edndices de popularidade de Dilma tamb\u00e9m lembram os de Collor na antev\u00e9spera do impeachment e refletem a mais do que justificada insatisfa\u00e7\u00e3o popular que vem tomando conta do Brasil.<\/p>\n<blockquote><p>Adicionalmente, desenvolvemos uma pauta mais abrangente, composta de outros nove pontos: redu\u00e7\u00e3o do n\u00famero de minist\u00e9rios pela metade, fim da fraude or\u00e7amentaria, sa\u00edda de Dias Toffoli do colegiado julgador da Lava Jato no STF, CPI do Programa Mais M\u00e9dicos, CPI do BNDES, ajuste fiscal sem aumento de impostos, rep\u00fadio ao Foro de S\u00e3o Paulo, concess\u00e3o de asilo pol\u00edtico ao oposicionista venezuelano Leopoldo L\u00f3pez e fim das verbas federais de publicidade estatal.<\/p><\/blockquote>\n<p>O domingo 12 ser\u00e1 uma esp\u00e9cie de &#8220;Dia D&#8221; na defesa da democracia e da liberdade no Brasil. Assim como o dia 6 de junho de 1944 (o &#8220;Dia D&#8221; original) representou a virada de jogo em uma guerra contra o totalitarismo nazista, faremos do dia 12 de abril um marco hist\u00f3rico que mostrar\u00e1 que \u00e9 poss\u00edvel, sim, a organiza\u00e7\u00e3o de manifesta\u00e7\u00f5es pol\u00edticas pac\u00edficas, ordeiras e com pautas propositivas partindo da atua\u00e7\u00e3o de uma rede apartid\u00e1ria de volunt\u00e1rios engajados em nome de ideias e valores.<\/p>\n<p>A constru\u00e7\u00e3o do Brasil que queremos passa, hoje, pela abertura do processo de impeachment da presidente Dilma Rousseff, ou sua ren\u00fancia. O povo brasileiro \u00e9 bravo, trabalhador e preocupado com o futuro de seu pa\u00eds. N\u00e3o permitiu que lhe fizessem de bobo com Collor em 1992, e certamente n\u00e3o permitir\u00e1 que isso aconte\u00e7a sob Dilma em 2015.<\/p>\n<p><strong>F\u00e1bio Ostermann<\/strong><\/p>\n","protected":false},"excerpt":{"rendered":"<p>O dia 15 de mar\u00e7o vai entrar para a hist\u00f3ria. Em todo o pa\u00eds, milh\u00f5es de pessoas sa\u00edram \u00e0s ruas para protestar contra os desmandos de um governo que perdeu a confian\u00e7a do povo de uma maneira poucas vezes vistas na hist\u00f3ria do Brasil. A corrup\u00e7\u00e3o, o estelionato eleitoral e a crise econ\u00f4mica s\u00e3o alguns [&hellip;]<\/p>\n","protected":false},"author":2,"featured_media":43581,"comment_status":"open","ping_status":"closed","sticky":false,"template":"","format":"standard","meta":{"_acf_changed":false,"footnotes":""},"categories":[25],"tags":[],"class_list":["post-43576","post","type-post","status-publish","format-standard","has-post-thumbnail","hentry","category-opina-ai"],"acf":[],"yoast_head":"<!-- This site is optimized with the Yoast SEO plugin v27.5 - https:\/\/yoast.com\/product\/yoast-seo-wordpress\/ -->\n<title>Domingo 12 pode ser o Dia D da virada contra o governo Dilma - Notibras<\/title>\n<meta name=\"robots\" content=\"index, follow, max-snippet:-1, max-image-preview:large, max-video-preview:-1\" \/>\n<link rel=\"canonical\" href=\"https:\/\/www.notibras.com\/site\/domingo-12-pode-ser-o-dia-d-da-virada-contra-governo-dilma\/\" \/>\n<meta property=\"og:locale\" content=\"pt_BR\" \/>\n<meta property=\"og:type\" content=\"article\" \/>\n<meta property=\"og:title\" content=\"Domingo 12 pode ser o Dia D da virada contra o governo Dilma - Notibras\" \/>\n<meta property=\"og:description\" content=\"O dia 15 de mar\u00e7o vai entrar para a hist\u00f3ria. Em todo o pa\u00eds, milh\u00f5es de pessoas sa\u00edram \u00e0s ruas para protestar contra os desmandos de um governo que perdeu a confian\u00e7a do povo de uma maneira poucas vezes vistas na hist\u00f3ria do Brasil. A corrup\u00e7\u00e3o, o estelionato eleitoral e a crise econ\u00f4mica s\u00e3o alguns [&hellip;]\" \/>\n<meta property=\"og:url\" content=\"https:\/\/www.notibras.com\/site\/domingo-12-pode-ser-o-dia-d-da-virada-contra-governo-dilma\/\" \/>\n<meta property=\"og:site_name\" content=\"Notibras\" \/>\n<meta property=\"article:publisher\" content=\"https:\/\/www.facebook.com\/notibras\/\" \/>\n<meta property=\"article:published_time\" content=\"2015-04-11T09:38:28+00:00\" \/>\n<meta property=\"article:modified_time\" content=\"2015-04-11T09:41:38+00:00\" \/>\n<meta property=\"og:image\" content=\"https:\/\/www.notibras.com\/site\/wp-content\/uploads\/2015\/04\/1204.jpg\" \/>\n\t<meta property=\"og:image:width\" content=\"500\" \/>\n\t<meta property=\"og:image:height\" content=\"333\" \/>\n\t<meta property=\"og:image:type\" content=\"image\/jpeg\" \/>\n<meta name=\"author\" content=\"Reda\u00e7\u00e3o\" \/>\n<meta name=\"twitter:card\" content=\"summary_large_image\" \/>\n<meta name=\"twitter:creator\" content=\"@Notibras\" \/>\n<meta name=\"twitter:site\" content=\"@Notibras\" \/>\n<meta name=\"twitter:label1\" content=\"Escrito por\" \/>\n\t<meta name=\"twitter:data1\" content=\"Reda\u00e7\u00e3o\" \/>\n\t<meta name=\"twitter:label2\" content=\"Est. tempo de leitura\" \/>\n\t<meta name=\"twitter:data2\" content=\"3 minutos\" \/>\n<script type=\"application\/ld+json\" class=\"yoast-schema-graph\">{\"@context\":\"https:\\\/\\\/schema.org\",\"@graph\":[{\"@type\":\"Article\",\"@id\":\"https:\\\/\\\/www.notibras.com\\\/site\\\/domingo-12-pode-ser-o-dia-d-da-virada-contra-governo-dilma\\\/#article\",\"isPartOf\":{\"@id\":\"https:\\\/\\\/www.notibras.com\\\/site\\\/domingo-12-pode-ser-o-dia-d-da-virada-contra-governo-dilma\\\/\"},\"author\":{\"name\":\"Reda\u00e7\u00e3o\",\"@id\":\"https:\\\/\\\/www.notibras.com\\\/site\\\/#\\\/schema\\\/person\\\/36ab0979449956132d3e5b517ea76ac8\"},\"headline\":\"Domingo 12 pode ser o Dia D da virada contra o governo Dilma\",\"datePublished\":\"2015-04-11T09:38:28+00:00\",\"dateModified\":\"2015-04-11T09:41:38+00:00\",\"mainEntityOfPage\":{\"@id\":\"https:\\\/\\\/www.notibras.com\\\/site\\\/domingo-12-pode-ser-o-dia-d-da-virada-contra-governo-dilma\\\/\"},\"wordCount\":683,\"commentCount\":0,\"publisher\":{\"@id\":\"https:\\\/\\\/www.notibras.com\\\/site\\\/#organization\"},\"image\":{\"@id\":\"https:\\\/\\\/www.notibras.com\\\/site\\\/domingo-12-pode-ser-o-dia-d-da-virada-contra-governo-dilma\\\/#primaryimage\"},\"thumbnailUrl\":\"https:\\\/\\\/www.notibras.com\\\/site\\\/wp-content\\\/uploads\\\/2015\\\/04\\\/1204.jpg\",\"articleSection\":[\"Opina a\u00ed\"],\"inLanguage\":\"pt-BR\",\"potentialAction\":[{\"@type\":\"CommentAction\",\"name\":\"Comment\",\"target\":[\"https:\\\/\\\/www.notibras.com\\\/site\\\/domingo-12-pode-ser-o-dia-d-da-virada-contra-governo-dilma\\\/#respond\"]}]},{\"@type\":\"WebPage\",\"@id\":\"https:\\\/\\\/www.notibras.com\\\/site\\\/domingo-12-pode-ser-o-dia-d-da-virada-contra-governo-dilma\\\/\",\"url\":\"https:\\\/\\\/www.notibras.com\\\/site\\\/domingo-12-pode-ser-o-dia-d-da-virada-contra-governo-dilma\\\/\",\"name\":\"Domingo 12 pode ser o Dia D da virada contra o governo Dilma - Notibras\",\"isPartOf\":{\"@id\":\"https:\\\/\\\/www.notibras.com\\\/site\\\/#website\"},\"primaryImageOfPage\":{\"@id\":\"https:\\\/\\\/www.notibras.com\\\/site\\\/domingo-12-pode-ser-o-dia-d-da-virada-contra-governo-dilma\\\/#primaryimage\"},\"image\":{\"@id\":\"https:\\\/\\\/www.notibras.com\\\/site\\\/domingo-12-pode-ser-o-dia-d-da-virada-contra-governo-dilma\\\/#primaryimage\"},\"thumbnailUrl\":\"https:\\\/\\\/www.notibras.com\\\/site\\\/wp-content\\\/uploads\\\/2015\\\/04\\\/1204.jpg\",\"datePublished\":\"2015-04-11T09:38:28+00:00\",\"dateModified\":\"2015-04-11T09:41:38+00:00\",\"breadcrumb\":{\"@id\":\"https:\\\/\\\/www.notibras.com\\\/site\\\/domingo-12-pode-ser-o-dia-d-da-virada-contra-governo-dilma\\\/#breadcrumb\"},\"inLanguage\":\"pt-BR\",\"potentialAction\":[{\"@type\":\"ReadAction\",\"target\":[\"https:\\\/\\\/www.notibras.com\\\/site\\\/domingo-12-pode-ser-o-dia-d-da-virada-contra-governo-dilma\\\/\"]}]},{\"@type\":\"ImageObject\",\"inLanguage\":\"pt-BR\",\"@id\":\"https:\\\/\\\/www.notibras.com\\\/site\\\/domingo-12-pode-ser-o-dia-d-da-virada-contra-governo-dilma\\\/#primaryimage\",\"url\":\"https:\\\/\\\/www.notibras.com\\\/site\\\/wp-content\\\/uploads\\\/2015\\\/04\\\/1204.jpg\",\"contentUrl\":\"https:\\\/\\\/www.notibras.com\\\/site\\\/wp-content\\\/uploads\\\/2015\\\/04\\\/1204.jpg\",\"width\":500,\"height\":333},{\"@type\":\"BreadcrumbList\",\"@id\":\"https:\\\/\\\/www.notibras.com\\\/site\\\/domingo-12-pode-ser-o-dia-d-da-virada-contra-governo-dilma\\\/#breadcrumb\",\"itemListElement\":[{\"@type\":\"ListItem\",\"position\":1,\"name\":\"In\u00edcio\",\"item\":\"https:\\\/\\\/www.notibras.com\\\/site\\\/\"},{\"@type\":\"ListItem\",\"position\":2,\"name\":\"Domingo 12 pode ser o Dia D da virada contra o governo Dilma\"}]},{\"@type\":\"WebSite\",\"@id\":\"https:\\\/\\\/www.notibras.com\\\/site\\\/#website\",\"url\":\"https:\\\/\\\/www.notibras.com\\\/site\\\/\",\"name\":\"Notibras\",\"description\":\"Not\u00edcias de Bras\u00edlia, do Brasil e do Mundo\",\"publisher\":{\"@id\":\"https:\\\/\\\/www.notibras.com\\\/site\\\/#organization\"},\"potentialAction\":[{\"@type\":\"SearchAction\",\"target\":{\"@type\":\"EntryPoint\",\"urlTemplate\":\"https:\\\/\\\/www.notibras.com\\\/site\\\/?s={search_term_string}\"},\"query-input\":{\"@type\":\"PropertyValueSpecification\",\"valueRequired\":true,\"valueName\":\"search_term_string\"}}],\"inLanguage\":\"pt-BR\"},{\"@type\":\"Organization\",\"@id\":\"https:\\\/\\\/www.notibras.com\\\/site\\\/#organization\",\"name\":\"Grupo Notibras de Comunica\u00e7\u00e3o\",\"url\":\"https:\\\/\\\/www.notibras.com\\\/site\\\/\",\"logo\":{\"@type\":\"ImageObject\",\"inLanguage\":\"pt-BR\",\"@id\":\"https:\\\/\\\/www.notibras.com\\\/site\\\/#\\\/schema\\\/logo\\\/image\\\/\",\"url\":\"https:\\\/\\\/www.notibras.com\\\/site\\\/wp-content\\\/uploads\\\/2023\\\/01\\\/notibras23.png\",\"contentUrl\":\"https:\\\/\\\/www.notibras.com\\\/site\\\/wp-content\\\/uploads\\\/2023\\\/01\\\/notibras23.png\",\"width\":350,\"height\":87,\"caption\":\"Grupo Notibras de Comunica\u00e7\u00e3o\"},\"image\":{\"@id\":\"https:\\\/\\\/www.notibras.com\\\/site\\\/#\\\/schema\\\/logo\\\/image\\\/\"},\"sameAs\":[\"https:\\\/\\\/www.facebook.com\\\/notibras\\\/\",\"https:\\\/\\\/x.com\\\/Notibras\",\"https:\\\/\\\/www.instagram.com\\\/notibras\\\/\"]},{\"@type\":\"Person\",\"@id\":\"https:\\\/\\\/www.notibras.com\\\/site\\\/#\\\/schema\\\/person\\\/36ab0979449956132d3e5b517ea76ac8\",\"name\":\"Reda\u00e7\u00e3o\",\"image\":{\"@type\":\"ImageObject\",\"inLanguage\":\"pt-BR\",\"@id\":\"https:\\\/\\\/secure.gravatar.com\\\/avatar\\\/e0a867bdedb85fd243eadf09663511f96fc81e0720a4a42581f334ad4303aa6b?s=96&d=mm&r=g\",\"url\":\"https:\\\/\\\/secure.gravatar.com\\\/avatar\\\/e0a867bdedb85fd243eadf09663511f96fc81e0720a4a42581f334ad4303aa6b?s=96&d=mm&r=g\",\"contentUrl\":\"https:\\\/\\\/secure.gravatar.com\\\/avatar\\\/e0a867bdedb85fd243eadf09663511f96fc81e0720a4a42581f334ad4303aa6b?s=96&d=mm&r=g\",\"caption\":\"Reda\u00e7\u00e3o\"}}]}<\/script>\n<!-- \/ Yoast SEO plugin. -->","yoast_head_json":{"title":"Domingo 12 pode ser o Dia D da virada contra o governo Dilma - Notibras","robots":{"index":"index","follow":"follow","max-snippet":"max-snippet:-1","max-image-preview":"max-image-preview:large","max-video-preview":"max-video-preview:-1"},"canonical":"https:\/\/www.notibras.com\/site\/domingo-12-pode-ser-o-dia-d-da-virada-contra-governo-dilma\/","og_locale":"pt_BR","og_type":"article","og_title":"Domingo 12 pode ser o Dia D da virada contra o governo Dilma - Notibras","og_description":"O dia 15 de mar\u00e7o vai entrar para a hist\u00f3ria. Em todo o pa\u00eds, milh\u00f5es de pessoas sa\u00edram \u00e0s ruas para protestar contra os desmandos de um governo que perdeu a confian\u00e7a do povo de uma maneira poucas vezes vistas na hist\u00f3ria do Brasil. A corrup\u00e7\u00e3o, o estelionato eleitoral e a crise econ\u00f4mica s\u00e3o alguns [&hellip;]","og_url":"https:\/\/www.notibras.com\/site\/domingo-12-pode-ser-o-dia-d-da-virada-contra-governo-dilma\/","og_site_name":"Notibras","article_publisher":"https:\/\/www.facebook.com\/notibras\/","article_published_time":"2015-04-11T09:38:28+00:00","article_modified_time":"2015-04-11T09:41:38+00:00","og_image":[{"width":500,"height":333,"url":"https:\/\/www.notibras.com\/site\/wp-content\/uploads\/2015\/04\/1204.jpg","type":"image\/jpeg"}],"author":"Reda\u00e7\u00e3o","twitter_card":"summary_large_image","twitter_creator":"@Notibras","twitter_site":"@Notibras","twitter_misc":{"Escrito por":"Reda\u00e7\u00e3o","Est. tempo de leitura":"3 minutos"},"schema":{"@context":"https:\/\/schema.org","@graph":[{"@type":"Article","@id":"https:\/\/www.notibras.com\/site\/domingo-12-pode-ser-o-dia-d-da-virada-contra-governo-dilma\/#article","isPartOf":{"@id":"https:\/\/www.notibras.com\/site\/domingo-12-pode-ser-o-dia-d-da-virada-contra-governo-dilma\/"},"author":{"name":"Reda\u00e7\u00e3o","@id":"https:\/\/www.notibras.com\/site\/#\/schema\/person\/36ab0979449956132d3e5b517ea76ac8"},"headline":"Domingo 12 pode ser o Dia D da virada contra o governo Dilma","datePublished":"2015-04-11T09:38:28+00:00","dateModified":"2015-04-11T09:41:38+00:00","mainEntityOfPage":{"@id":"https:\/\/www.notibras.com\/site\/domingo-12-pode-ser-o-dia-d-da-virada-contra-governo-dilma\/"},"wordCount":683,"commentCount":0,"publisher":{"@id":"https:\/\/www.notibras.com\/site\/#organization"},"image":{"@id":"https:\/\/www.notibras.com\/site\/domingo-12-pode-ser-o-dia-d-da-virada-contra-governo-dilma\/#primaryimage"},"thumbnailUrl":"https:\/\/www.notibras.com\/site\/wp-content\/uploads\/2015\/04\/1204.jpg","articleSection":["Opina a\u00ed"],"inLanguage":"pt-BR","potentialAction":[{"@type":"CommentAction","name":"Comment","target":["https:\/\/www.notibras.com\/site\/domingo-12-pode-ser-o-dia-d-da-virada-contra-governo-dilma\/#respond"]}]},{"@type":"WebPage","@id":"https:\/\/www.notibras.com\/site\/domingo-12-pode-ser-o-dia-d-da-virada-contra-governo-dilma\/","url":"https:\/\/www.notibras.com\/site\/domingo-12-pode-ser-o-dia-d-da-virada-contra-governo-dilma\/","name":"Domingo 12 pode ser o Dia D da virada contra o governo Dilma - Notibras","isPartOf":{"@id":"https:\/\/www.notibras.com\/site\/#website"},"primaryImageOfPage":{"@id":"https:\/\/www.notibras.com\/site\/domingo-12-pode-ser-o-dia-d-da-virada-contra-governo-dilma\/#primaryimage"},"image":{"@id":"https:\/\/www.notibras.com\/site\/domingo-12-pode-ser-o-dia-d-da-virada-contra-governo-dilma\/#primaryimage"},"thumbnailUrl":"https:\/\/www.notibras.com\/site\/wp-content\/uploads\/2015\/04\/1204.jpg","datePublished":"2015-04-11T09:38:28+00:00","dateModified":"2015-04-11T09:41:38+00:00","breadcrumb":{"@id":"https:\/\/www.notibras.com\/site\/domingo-12-pode-ser-o-dia-d-da-virada-contra-governo-dilma\/#breadcrumb"},"inLanguage":"pt-BR","potentialAction":[{"@type":"ReadAction","target":["https:\/\/www.notibras.com\/site\/domingo-12-pode-ser-o-dia-d-da-virada-contra-governo-dilma\/"]}]},{"@type":"ImageObject","inLanguage":"pt-BR","@id":"https:\/\/www.notibras.com\/site\/domingo-12-pode-ser-o-dia-d-da-virada-contra-governo-dilma\/#primaryimage","url":"https:\/\/www.notibras.com\/site\/wp-content\/uploads\/2015\/04\/1204.jpg","contentUrl":"https:\/\/www.notibras.com\/site\/wp-content\/uploads\/2015\/04\/1204.jpg","width":500,"height":333},{"@type":"BreadcrumbList","@id":"https:\/\/www.notibras.com\/site\/domingo-12-pode-ser-o-dia-d-da-virada-contra-governo-dilma\/#breadcrumb","itemListElement":[{"@type":"ListItem","position":1,"name":"In\u00edcio","item":"https:\/\/www.notibras.com\/site\/"},{"@type":"ListItem","position":2,"name":"Domingo 12 pode ser o Dia D da virada contra o governo Dilma"}]},{"@type":"WebSite","@id":"https:\/\/www.notibras.com\/site\/#website","url":"https:\/\/www.notibras.com\/site\/","name":"Notibras","description":"Not\u00edcias de Bras\u00edlia, do Brasil e do Mundo","publisher":{"@id":"https:\/\/www.notibras.com\/site\/#organization"},"potentialAction":[{"@type":"SearchAction","target":{"@type":"EntryPoint","urlTemplate":"https:\/\/www.notibras.com\/site\/?s={search_term_string}"},"query-input":{"@type":"PropertyValueSpecification","valueRequired":true,"valueName":"search_term_string"}}],"inLanguage":"pt-BR"},{"@type":"Organization","@id":"https:\/\/www.notibras.com\/site\/#organization","name":"Grupo Notibras de Comunica\u00e7\u00e3o","url":"https:\/\/www.notibras.com\/site\/","logo":{"@type":"ImageObject","inLanguage":"pt-BR","@id":"https:\/\/www.notibras.com\/site\/#\/schema\/logo\/image\/","url":"https:\/\/www.notibras.com\/site\/wp-content\/uploads\/2023\/01\/notibras23.png","contentUrl":"https:\/\/www.notibras.com\/site\/wp-content\/uploads\/2023\/01\/notibras23.png","width":350,"height":87,"caption":"Grupo Notibras de Comunica\u00e7\u00e3o"},"image":{"@id":"https:\/\/www.notibras.com\/site\/#\/schema\/logo\/image\/"},"sameAs":["https:\/\/www.facebook.com\/notibras\/","https:\/\/x.com\/Notibras","https:\/\/www.instagram.com\/notibras\/"]},{"@type":"Person","@id":"https:\/\/www.notibras.com\/site\/#\/schema\/person\/36ab0979449956132d3e5b517ea76ac8","name":"Reda\u00e7\u00e3o","image":{"@type":"ImageObject","inLanguage":"pt-BR","@id":"https:\/\/secure.gravatar.com\/avatar\/e0a867bdedb85fd243eadf09663511f96fc81e0720a4a42581f334ad4303aa6b?s=96&d=mm&r=g","url":"https:\/\/secure.gravatar.com\/avatar\/e0a867bdedb85fd243eadf09663511f96fc81e0720a4a42581f334ad4303aa6b?s=96&d=mm&r=g","contentUrl":"https:\/\/secure.gravatar.com\/avatar\/e0a867bdedb85fd243eadf09663511f96fc81e0720a4a42581f334ad4303aa6b?s=96&d=mm&r=g","caption":"Reda\u00e7\u00e3o"}}]}},"amp_enabled":true,"_links":{"self":[{"href":"https:\/\/www.notibras.com\/site\/wp-json\/wp\/v2\/posts\/43576","targetHints":{"allow":["GET"]}}],"collection":[{"href":"https:\/\/www.notibras.com\/site\/wp-json\/wp\/v2\/posts"}],"about":[{"href":"https:\/\/www.notibras.com\/site\/wp-json\/wp\/v2\/types\/post"}],"author":[{"embeddable":true,"href":"https:\/\/www.notibras.com\/site\/wp-json\/wp\/v2\/users\/2"}],"replies":[{"embeddable":true,"href":"https:\/\/www.notibras.com\/site\/wp-json\/wp\/v2\/comments?post=43576"}],"version-history":[{"count":0,"href":"https:\/\/www.notibras.com\/site\/wp-json\/wp\/v2\/posts\/43576\/revisions"}],"wp:featuredmedia":[{"embeddable":true,"href":"https:\/\/www.notibras.com\/site\/wp-json\/wp\/v2\/media\/43581"}],"wp:attachment":[{"href":"https:\/\/www.notibras.com\/site\/wp-json\/wp\/v2\/media?parent=43576"}],"wp:term":[{"taxonomy":"category","embeddable":true,"href":"https:\/\/www.notibras.com\/site\/wp-json\/wp\/v2\/categories?post=43576"},{"taxonomy":"post_tag","embeddable":true,"href":"https:\/\/www.notibras.com\/site\/wp-json\/wp\/v2\/tags?post=43576"}],"curies":[{"name":"wp","href":"https:\/\/api.w.org\/{rel}","templated":true}]}}