{"id":43618,"date":"2015-04-11T18:20:04","date_gmt":"2015-04-11T21:20:04","guid":{"rendered":"http:\/\/www.notibras.com\/site\/?p=43618"},"modified":"2015-04-12T05:09:34","modified_gmt":"2015-04-12T08:09:34","slug":"ponte-tem-gol-mal-anulado-e-cai-para-o-timao-por-1-a-0-na-arena-corinthians","status":"publish","type":"post","link":"https:\/\/www.notibras.com\/site\/ponte-tem-gol-mal-anulado-e-cai-para-o-timao-por-1-a-0-na-arena-corinthians\/","title":{"rendered":"Ponte tem gol mal anulado e cai para o Corinthians por 1 a 0"},"content":{"rendered":"<p>Uma mexida de Tite certeira no intervalo e o gol de Renato Augusto asseguraram a vit\u00f3ria, mas o Corinthians passou apertos para eliminar a Ponte Preta com vit\u00f3ria de 1 a 0, neste s\u00e1bado, pelo Campeonato Paulista. Na Arena Corinthians, a Ponte teve 45 minutos de boa marca\u00e7\u00e3o e bom futebol, com gol legal de Renato Caj\u00e1 mal anulado pelo \u00e1rbitro Fl\u00e1vio Rodrigues de Souza.<\/p>\n<p>Dono da melhor campanha da competi\u00e7\u00e3o, o Corinthians aguarda agora os resultados dos demais jogos de quartas de final. Caso todos os grandes avancem, ser\u00e1 o Palmeiras o advers\u00e1rio por um lugar na final paulista.<\/p>\n<p>Nenhum time em 2015 havia marcado o Corinthians t\u00e3o bem e ainda levado perigo como fez a Ponte Preta neste s\u00e1bado. A estrat\u00e9gia de Guto Ferreira se mostrou acertada com tr\u00eas volantes, um lateral esquerdo essencialmente defensivo (Juninho) e dois atacantes de velocidade que n\u00e3o davam refer\u00eancia de posi\u00e7\u00e3o \u00e0 defesa corintiana.<\/p>\n<blockquote><p>Em 45 minutos, o jogo na Arena Corinthians foi no m\u00ednimo parelho, para n\u00e3o dizer que as melhores chances foram da Ponte Preta. O time da casa amea\u00e7ou com duas finaliza\u00e7\u00f5es de Jadson, em cobran\u00e7a de falta e chute de longe, e em infiltra\u00e7\u00e3o de Elias com assist\u00eancia de Vagner Love. A Ponte teve um gol de legal de Renato Caj\u00e1, anulado por impedimento, e grande defesa de C\u00e1ssio, tamb\u00e9m em cabe\u00e7ada de Caj\u00e1.<\/p><\/blockquote>\n<p>Atr\u00e1s de solu\u00e7\u00f5es, o Corinthians retornou do intervalo com os mesmos jogadores, mas uma mudan\u00e7a t\u00e1tica. A equipe de Tite passou para o sistema 4-2-3-1, com Renato Augusto mais avan\u00e7ado e pr\u00f3ximo a Vagner Love. E foi assim, aos 10min, que as coisas clarearam. Na frente, Renato tabelou com Love no piv\u00f4, ajeitou para a perna direita e venceu Matheus, que ainda tocou na bola antes de ela entrar.<\/p>\n<p>Antes melhor, a Ponte se abateu com o gol sofrido e demorou bastante a reagir. S\u00f3 nos 15 minutos finais, com o centroavante Wellington e o meia-atacante Roni em campo, o time de Guto Ferreira avan\u00e7ou suas linhas e acuou o Corinthians. Ainda assim, sem tanto perigo. Bem posicionado atr\u00e1s como de costume, a equipe de Tite controlou sem que C\u00e1ssio sofresse como no primeiro tempo e confirmou a vaga na semifinal.<\/p>\n","protected":false},"excerpt":{"rendered":"<p>Uma mexida de Tite certeira no intervalo e o gol de Renato Augusto asseguraram a vit\u00f3ria, mas o Corinthians passou apertos para eliminar a Ponte Preta com vit\u00f3ria de 1 a 0, neste s\u00e1bado, pelo Campeonato Paulista. Na Arena Corinthians, a Ponte teve 45 minutos de boa marca\u00e7\u00e3o e bom futebol, com gol legal de [&hellip;]<\/p>\n","protected":false},"author":2,"featured_media":43619,"comment_status":"open","ping_status":"closed","sticky":false,"template":"","format":"standard","meta":{"_acf_changed":false,"footnotes":""},"categories":[19,29],"tags":[],"class_list":["post-43618","post","type-post","status-publish","format-standard","has-post-thumbnail","hentry","category-esportes","category-futebol"],"acf":[],"yoast_head":"<!-- This site is optimized with the Yoast SEO plugin v27.2 - https:\/\/yoast.com\/product\/yoast-seo-wordpress\/ -->\n<title>Ponte tem gol mal anulado e cai para o Corinthians por 1 a 0 - Notibras<\/title>\n<meta name=\"robots\" content=\"index, follow, max-snippet:-1, max-image-preview:large, max-video-preview:-1\" \/>\n<link rel=\"canonical\" href=\"https:\/\/www.notibras.com\/site\/ponte-tem-gol-mal-anulado-e-cai-para-o-timao-por-1-a-0-na-arena-corinthians\/\" \/>\n<meta property=\"og:locale\" content=\"pt_BR\" \/>\n<meta property=\"og:type\" content=\"article\" \/>\n<meta property=\"og:title\" content=\"Ponte tem gol mal anulado e cai para o Corinthians por 1 a 0 - Notibras\" \/>\n<meta property=\"og:description\" content=\"Uma mexida de Tite certeira no intervalo e o gol de Renato Augusto asseguraram a vit\u00f3ria, mas o Corinthians passou apertos para eliminar a Ponte Preta com vit\u00f3ria de 1 a 0, neste s\u00e1bado, pelo Campeonato Paulista. Na Arena Corinthians, a Ponte teve 45 minutos de boa marca\u00e7\u00e3o e bom futebol, com gol legal de [&hellip;]\" \/>\n<meta property=\"og:url\" content=\"https:\/\/www.notibras.com\/site\/ponte-tem-gol-mal-anulado-e-cai-para-o-timao-por-1-a-0-na-arena-corinthians\/\" \/>\n<meta property=\"og:site_name\" content=\"Notibras\" \/>\n<meta property=\"article:publisher\" content=\"https:\/\/www.facebook.com\/notibras\/\" \/>\n<meta property=\"article:published_time\" content=\"2015-04-11T21:20:04+00:00\" \/>\n<meta property=\"article:modified_time\" content=\"2015-04-12T08:09:34+00:00\" \/>\n<meta property=\"og:image\" content=\"https:\/\/www.notibras.com\/site\/wp-content\/uploads\/2015\/04\/cor11.jpg\" \/>\n\t<meta property=\"og:image:width\" content=\"600\" \/>\n\t<meta property=\"og:image:height\" content=\"400\" \/>\n\t<meta property=\"og:image:type\" content=\"image\/jpeg\" \/>\n<meta name=\"author\" content=\"Reda\u00e7\u00e3o\" \/>\n<meta name=\"twitter:card\" content=\"summary_large_image\" \/>\n<meta name=\"twitter:creator\" content=\"@Notibras\" \/>\n<meta name=\"twitter:site\" content=\"@Notibras\" \/>\n<meta name=\"twitter:label1\" content=\"Escrito por\" \/>\n\t<meta name=\"twitter:data1\" content=\"Reda\u00e7\u00e3o\" \/>\n\t<meta name=\"twitter:label2\" content=\"Est. tempo de leitura\" \/>\n\t<meta name=\"twitter:data2\" content=\"2 minutos\" \/>\n<script type=\"application\/ld+json\" class=\"yoast-schema-graph\">{\"@context\":\"https:\/\/schema.org\",\"@graph\":[{\"@type\":\"Article\",\"@id\":\"https:\/\/www.notibras.com\/site\/ponte-tem-gol-mal-anulado-e-cai-para-o-timao-por-1-a-0-na-arena-corinthians\/#article\",\"isPartOf\":{\"@id\":\"https:\/\/www.notibras.com\/site\/ponte-tem-gol-mal-anulado-e-cai-para-o-timao-por-1-a-0-na-arena-corinthians\/\"},\"author\":{\"name\":\"Reda\u00e7\u00e3o\",\"@id\":\"https:\/\/www.notibras.com\/site\/#\/schema\/person\/36ab0979449956132d3e5b517ea76ac8\"},\"headline\":\"Ponte tem gol mal anulado e cai para o Corinthians por 1 a 0\",\"datePublished\":\"2015-04-11T21:20:04+00:00\",\"dateModified\":\"2015-04-12T08:09:34+00:00\",\"mainEntityOfPage\":{\"@id\":\"https:\/\/www.notibras.com\/site\/ponte-tem-gol-mal-anulado-e-cai-para-o-timao-por-1-a-0-na-arena-corinthians\/\"},\"wordCount\":407,\"commentCount\":0,\"publisher\":{\"@id\":\"https:\/\/www.notibras.com\/site\/#organization\"},\"image\":{\"@id\":\"https:\/\/www.notibras.com\/site\/ponte-tem-gol-mal-anulado-e-cai-para-o-timao-por-1-a-0-na-arena-corinthians\/#primaryimage\"},\"thumbnailUrl\":\"https:\/\/www.notibras.com\/site\/wp-content\/uploads\/2015\/04\/cor11.jpg\",\"articleSection\":[\"Esportes\",\"Futebol\"],\"inLanguage\":\"pt-BR\",\"potentialAction\":[{\"@type\":\"CommentAction\",\"name\":\"Comment\",\"target\":[\"https:\/\/www.notibras.com\/site\/ponte-tem-gol-mal-anulado-e-cai-para-o-timao-por-1-a-0-na-arena-corinthians\/#respond\"]}]},{\"@type\":\"WebPage\",\"@id\":\"https:\/\/www.notibras.com\/site\/ponte-tem-gol-mal-anulado-e-cai-para-o-timao-por-1-a-0-na-arena-corinthians\/\",\"url\":\"https:\/\/www.notibras.com\/site\/ponte-tem-gol-mal-anulado-e-cai-para-o-timao-por-1-a-0-na-arena-corinthians\/\",\"name\":\"Ponte tem gol mal anulado e cai para o Corinthians por 1 a 0 - Notibras\",\"isPartOf\":{\"@id\":\"https:\/\/www.notibras.com\/site\/#website\"},\"primaryImageOfPage\":{\"@id\":\"https:\/\/www.notibras.com\/site\/ponte-tem-gol-mal-anulado-e-cai-para-o-timao-por-1-a-0-na-arena-corinthians\/#primaryimage\"},\"image\":{\"@id\":\"https:\/\/www.notibras.com\/site\/ponte-tem-gol-mal-anulado-e-cai-para-o-timao-por-1-a-0-na-arena-corinthians\/#primaryimage\"},\"thumbnailUrl\":\"https:\/\/www.notibras.com\/site\/wp-content\/uploads\/2015\/04\/cor11.jpg\",\"datePublished\":\"2015-04-11T21:20:04+00:00\",\"dateModified\":\"2015-04-12T08:09:34+00:00\",\"breadcrumb\":{\"@id\":\"https:\/\/www.notibras.com\/site\/ponte-tem-gol-mal-anulado-e-cai-para-o-timao-por-1-a-0-na-arena-corinthians\/#breadcrumb\"},\"inLanguage\":\"pt-BR\",\"potentialAction\":[{\"@type\":\"ReadAction\",\"target\":[\"https:\/\/www.notibras.com\/site\/ponte-tem-gol-mal-anulado-e-cai-para-o-timao-por-1-a-0-na-arena-corinthians\/\"]}]},{\"@type\":\"ImageObject\",\"inLanguage\":\"pt-BR\",\"@id\":\"https:\/\/www.notibras.com\/site\/ponte-tem-gol-mal-anulado-e-cai-para-o-timao-por-1-a-0-na-arena-corinthians\/#primaryimage\",\"url\":\"https:\/\/www.notibras.com\/site\/wp-content\/uploads\/2015\/04\/cor11.jpg\",\"contentUrl\":\"https:\/\/www.notibras.com\/site\/wp-content\/uploads\/2015\/04\/cor11.jpg\",\"width\":600,\"height\":400},{\"@type\":\"BreadcrumbList\",\"@id\":\"https:\/\/www.notibras.com\/site\/ponte-tem-gol-mal-anulado-e-cai-para-o-timao-por-1-a-0-na-arena-corinthians\/#breadcrumb\",\"itemListElement\":[{\"@type\":\"ListItem\",\"position\":1,\"name\":\"In\u00edcio\",\"item\":\"https:\/\/www.notibras.com\/site\/\"},{\"@type\":\"ListItem\",\"position\":2,\"name\":\"Ponte tem gol mal anulado e cai para o Corinthians por 1 a 0\"}]},{\"@type\":\"WebSite\",\"@id\":\"https:\/\/www.notibras.com\/site\/#website\",\"url\":\"https:\/\/www.notibras.com\/site\/\",\"name\":\"Notibras\",\"description\":\"Not\u00edcias de Bras\u00edlia, do Brasil e do Mundo\",\"publisher\":{\"@id\":\"https:\/\/www.notibras.com\/site\/#organization\"},\"potentialAction\":[{\"@type\":\"SearchAction\",\"target\":{\"@type\":\"EntryPoint\",\"urlTemplate\":\"https:\/\/www.notibras.com\/site\/?s={search_term_string}\"},\"query-input\":{\"@type\":\"PropertyValueSpecification\",\"valueRequired\":true,\"valueName\":\"search_term_string\"}}],\"inLanguage\":\"pt-BR\"},{\"@type\":\"Organization\",\"@id\":\"https:\/\/www.notibras.com\/site\/#organization\",\"name\":\"Grupo Notibras de Comunica\u00e7\u00e3o\",\"url\":\"https:\/\/www.notibras.com\/site\/\",\"logo\":{\"@type\":\"ImageObject\",\"inLanguage\":\"pt-BR\",\"@id\":\"https:\/\/www.notibras.com\/site\/#\/schema\/logo\/image\/\",\"url\":\"https:\/\/www.notibras.com\/site\/wp-content\/uploads\/2023\/01\/notibras23.png\",\"contentUrl\":\"https:\/\/www.notibras.com\/site\/wp-content\/uploads\/2023\/01\/notibras23.png\",\"width\":350,\"height\":87,\"caption\":\"Grupo Notibras de Comunica\u00e7\u00e3o\"},\"image\":{\"@id\":\"https:\/\/www.notibras.com\/site\/#\/schema\/logo\/image\/\"},\"sameAs\":[\"https:\/\/www.facebook.com\/notibras\/\",\"https:\/\/x.com\/Notibras\",\"https:\/\/www.instagram.com\/notibras\/\"]},{\"@type\":\"Person\",\"@id\":\"https:\/\/www.notibras.com\/site\/#\/schema\/person\/36ab0979449956132d3e5b517ea76ac8\",\"name\":\"Reda\u00e7\u00e3o\",\"image\":{\"@type\":\"ImageObject\",\"inLanguage\":\"pt-BR\",\"@id\":\"https:\/\/secure.gravatar.com\/avatar\/e0a867bdedb85fd243eadf09663511f96fc81e0720a4a42581f334ad4303aa6b?s=96&d=mm&r=g\",\"url\":\"https:\/\/secure.gravatar.com\/avatar\/e0a867bdedb85fd243eadf09663511f96fc81e0720a4a42581f334ad4303aa6b?s=96&d=mm&r=g\",\"contentUrl\":\"https:\/\/secure.gravatar.com\/avatar\/e0a867bdedb85fd243eadf09663511f96fc81e0720a4a42581f334ad4303aa6b?s=96&d=mm&r=g\",\"caption\":\"Reda\u00e7\u00e3o\"}}]}<\/script>\n<!-- \/ Yoast SEO plugin. -->","yoast_head_json":{"title":"Ponte tem gol mal anulado e cai para o Corinthians por 1 a 0 - Notibras","robots":{"index":"index","follow":"follow","max-snippet":"max-snippet:-1","max-image-preview":"max-image-preview:large","max-video-preview":"max-video-preview:-1"},"canonical":"https:\/\/www.notibras.com\/site\/ponte-tem-gol-mal-anulado-e-cai-para-o-timao-por-1-a-0-na-arena-corinthians\/","og_locale":"pt_BR","og_type":"article","og_title":"Ponte tem gol mal anulado e cai para o Corinthians por 1 a 0 - Notibras","og_description":"Uma mexida de Tite certeira no intervalo e o gol de Renato Augusto asseguraram a vit\u00f3ria, mas o Corinthians passou apertos para eliminar a Ponte Preta com vit\u00f3ria de 1 a 0, neste s\u00e1bado, pelo Campeonato Paulista. Na Arena Corinthians, a Ponte teve 45 minutos de boa marca\u00e7\u00e3o e bom futebol, com gol legal de [&hellip;]","og_url":"https:\/\/www.notibras.com\/site\/ponte-tem-gol-mal-anulado-e-cai-para-o-timao-por-1-a-0-na-arena-corinthians\/","og_site_name":"Notibras","article_publisher":"https:\/\/www.facebook.com\/notibras\/","article_published_time":"2015-04-11T21:20:04+00:00","article_modified_time":"2015-04-12T08:09:34+00:00","og_image":[{"width":600,"height":400,"url":"https:\/\/www.notibras.com\/site\/wp-content\/uploads\/2015\/04\/cor11.jpg","type":"image\/jpeg"}],"author":"Reda\u00e7\u00e3o","twitter_card":"summary_large_image","twitter_creator":"@Notibras","twitter_site":"@Notibras","twitter_misc":{"Escrito por":"Reda\u00e7\u00e3o","Est. tempo de leitura":"2 minutos"},"schema":{"@context":"https:\/\/schema.org","@graph":[{"@type":"Article","@id":"https:\/\/www.notibras.com\/site\/ponte-tem-gol-mal-anulado-e-cai-para-o-timao-por-1-a-0-na-arena-corinthians\/#article","isPartOf":{"@id":"https:\/\/www.notibras.com\/site\/ponte-tem-gol-mal-anulado-e-cai-para-o-timao-por-1-a-0-na-arena-corinthians\/"},"author":{"name":"Reda\u00e7\u00e3o","@id":"https:\/\/www.notibras.com\/site\/#\/schema\/person\/36ab0979449956132d3e5b517ea76ac8"},"headline":"Ponte tem gol mal anulado e cai para o Corinthians por 1 a 0","datePublished":"2015-04-11T21:20:04+00:00","dateModified":"2015-04-12T08:09:34+00:00","mainEntityOfPage":{"@id":"https:\/\/www.notibras.com\/site\/ponte-tem-gol-mal-anulado-e-cai-para-o-timao-por-1-a-0-na-arena-corinthians\/"},"wordCount":407,"commentCount":0,"publisher":{"@id":"https:\/\/www.notibras.com\/site\/#organization"},"image":{"@id":"https:\/\/www.notibras.com\/site\/ponte-tem-gol-mal-anulado-e-cai-para-o-timao-por-1-a-0-na-arena-corinthians\/#primaryimage"},"thumbnailUrl":"https:\/\/www.notibras.com\/site\/wp-content\/uploads\/2015\/04\/cor11.jpg","articleSection":["Esportes","Futebol"],"inLanguage":"pt-BR","potentialAction":[{"@type":"CommentAction","name":"Comment","target":["https:\/\/www.notibras.com\/site\/ponte-tem-gol-mal-anulado-e-cai-para-o-timao-por-1-a-0-na-arena-corinthians\/#respond"]}]},{"@type":"WebPage","@id":"https:\/\/www.notibras.com\/site\/ponte-tem-gol-mal-anulado-e-cai-para-o-timao-por-1-a-0-na-arena-corinthians\/","url":"https:\/\/www.notibras.com\/site\/ponte-tem-gol-mal-anulado-e-cai-para-o-timao-por-1-a-0-na-arena-corinthians\/","name":"Ponte tem gol mal anulado e cai para o Corinthians por 1 a 0 - Notibras","isPartOf":{"@id":"https:\/\/www.notibras.com\/site\/#website"},"primaryImageOfPage":{"@id":"https:\/\/www.notibras.com\/site\/ponte-tem-gol-mal-anulado-e-cai-para-o-timao-por-1-a-0-na-arena-corinthians\/#primaryimage"},"image":{"@id":"https:\/\/www.notibras.com\/site\/ponte-tem-gol-mal-anulado-e-cai-para-o-timao-por-1-a-0-na-arena-corinthians\/#primaryimage"},"thumbnailUrl":"https:\/\/www.notibras.com\/site\/wp-content\/uploads\/2015\/04\/cor11.jpg","datePublished":"2015-04-11T21:20:04+00:00","dateModified":"2015-04-12T08:09:34+00:00","breadcrumb":{"@id":"https:\/\/www.notibras.com\/site\/ponte-tem-gol-mal-anulado-e-cai-para-o-timao-por-1-a-0-na-arena-corinthians\/#breadcrumb"},"inLanguage":"pt-BR","potentialAction":[{"@type":"ReadAction","target":["https:\/\/www.notibras.com\/site\/ponte-tem-gol-mal-anulado-e-cai-para-o-timao-por-1-a-0-na-arena-corinthians\/"]}]},{"@type":"ImageObject","inLanguage":"pt-BR","@id":"https:\/\/www.notibras.com\/site\/ponte-tem-gol-mal-anulado-e-cai-para-o-timao-por-1-a-0-na-arena-corinthians\/#primaryimage","url":"https:\/\/www.notibras.com\/site\/wp-content\/uploads\/2015\/04\/cor11.jpg","contentUrl":"https:\/\/www.notibras.com\/site\/wp-content\/uploads\/2015\/04\/cor11.jpg","width":600,"height":400},{"@type":"BreadcrumbList","@id":"https:\/\/www.notibras.com\/site\/ponte-tem-gol-mal-anulado-e-cai-para-o-timao-por-1-a-0-na-arena-corinthians\/#breadcrumb","itemListElement":[{"@type":"ListItem","position":1,"name":"In\u00edcio","item":"https:\/\/www.notibras.com\/site\/"},{"@type":"ListItem","position":2,"name":"Ponte tem gol mal anulado e cai para o Corinthians por 1 a 0"}]},{"@type":"WebSite","@id":"https:\/\/www.notibras.com\/site\/#website","url":"https:\/\/www.notibras.com\/site\/","name":"Notibras","description":"Not\u00edcias de Bras\u00edlia, do Brasil e do Mundo","publisher":{"@id":"https:\/\/www.notibras.com\/site\/#organization"},"potentialAction":[{"@type":"SearchAction","target":{"@type":"EntryPoint","urlTemplate":"https:\/\/www.notibras.com\/site\/?s={search_term_string}"},"query-input":{"@type":"PropertyValueSpecification","valueRequired":true,"valueName":"search_term_string"}}],"inLanguage":"pt-BR"},{"@type":"Organization","@id":"https:\/\/www.notibras.com\/site\/#organization","name":"Grupo Notibras de Comunica\u00e7\u00e3o","url":"https:\/\/www.notibras.com\/site\/","logo":{"@type":"ImageObject","inLanguage":"pt-BR","@id":"https:\/\/www.notibras.com\/site\/#\/schema\/logo\/image\/","url":"https:\/\/www.notibras.com\/site\/wp-content\/uploads\/2023\/01\/notibras23.png","contentUrl":"https:\/\/www.notibras.com\/site\/wp-content\/uploads\/2023\/01\/notibras23.png","width":350,"height":87,"caption":"Grupo Notibras de Comunica\u00e7\u00e3o"},"image":{"@id":"https:\/\/www.notibras.com\/site\/#\/schema\/logo\/image\/"},"sameAs":["https:\/\/www.facebook.com\/notibras\/","https:\/\/x.com\/Notibras","https:\/\/www.instagram.com\/notibras\/"]},{"@type":"Person","@id":"https:\/\/www.notibras.com\/site\/#\/schema\/person\/36ab0979449956132d3e5b517ea76ac8","name":"Reda\u00e7\u00e3o","image":{"@type":"ImageObject","inLanguage":"pt-BR","@id":"https:\/\/secure.gravatar.com\/avatar\/e0a867bdedb85fd243eadf09663511f96fc81e0720a4a42581f334ad4303aa6b?s=96&d=mm&r=g","url":"https:\/\/secure.gravatar.com\/avatar\/e0a867bdedb85fd243eadf09663511f96fc81e0720a4a42581f334ad4303aa6b?s=96&d=mm&r=g","contentUrl":"https:\/\/secure.gravatar.com\/avatar\/e0a867bdedb85fd243eadf09663511f96fc81e0720a4a42581f334ad4303aa6b?s=96&d=mm&r=g","caption":"Reda\u00e7\u00e3o"}}]}},"amp_enabled":true,"_links":{"self":[{"href":"https:\/\/www.notibras.com\/site\/wp-json\/wp\/v2\/posts\/43618","targetHints":{"allow":["GET"]}}],"collection":[{"href":"https:\/\/www.notibras.com\/site\/wp-json\/wp\/v2\/posts"}],"about":[{"href":"https:\/\/www.notibras.com\/site\/wp-json\/wp\/v2\/types\/post"}],"author":[{"embeddable":true,"href":"https:\/\/www.notibras.com\/site\/wp-json\/wp\/v2\/users\/2"}],"replies":[{"embeddable":true,"href":"https:\/\/www.notibras.com\/site\/wp-json\/wp\/v2\/comments?post=43618"}],"version-history":[{"count":0,"href":"https:\/\/www.notibras.com\/site\/wp-json\/wp\/v2\/posts\/43618\/revisions"}],"wp:featuredmedia":[{"embeddable":true,"href":"https:\/\/www.notibras.com\/site\/wp-json\/wp\/v2\/media\/43619"}],"wp:attachment":[{"href":"https:\/\/www.notibras.com\/site\/wp-json\/wp\/v2\/media?parent=43618"}],"wp:term":[{"taxonomy":"category","embeddable":true,"href":"https:\/\/www.notibras.com\/site\/wp-json\/wp\/v2\/categories?post=43618"},{"taxonomy":"post_tag","embeddable":true,"href":"https:\/\/www.notibras.com\/site\/wp-json\/wp\/v2\/tags?post=43618"}],"curies":[{"name":"wp","href":"https:\/\/api.w.org\/{rel}","templated":true}]}}