{"id":43698,"date":"2015-04-12T12:21:53","date_gmt":"2015-04-12T15:21:53","guid":{"rendered":"http:\/\/www.notibras.com\/site\/?p=43698"},"modified":"2015-04-12T17:56:30","modified_gmt":"2015-04-12T20:56:30","slug":"morre-brossard-90-espinho-na-garganta-da-ditadura","status":"publish","type":"post","link":"https:\/\/www.notibras.com\/site\/morre-brossard-90-espinho-na-garganta-da-ditadura\/","title":{"rendered":"Morre Brossard, jurista que enfrentou a ditadura militar"},"content":{"rendered":"<p>Morreu neste domingo, em sua resid\u00eancia em Porto Alegre, o ex-ministro do Supremo Tribunal Federal (STF), Paulo Brossard. Ele tinha 90 anos. O governador do Rio Grande do Sul, Jos\u00e9 Ivo Sartori, decretou luto oficial de tr\u00eas dias. O vel\u00f3rio deve ocorrer no Pal\u00e1cio Piratini, sede do governo do estado.<\/p>\n<p>\u201cLamento profundamente a morte de Paulo Brossard, um dos maiores juristas do Brasil. Perdemos um grande homem, um professor, um ferrenho opositor da ditadura militar, um pol\u00edtico que fez hist\u00f3ria\u201d, disse Sartori em sua p\u00e1gina no Facebook, prestando suas condol\u00eancias aos familiares.<\/p>\n<p>O jurista Paulo Brossard de Sousa Pinto nasceu em Baj\u00e9 (RS) em 23 de outubro de 1924, filho de pecuaristas do munic\u00edpio. Sua carreira pol\u00edtica come\u00e7ou em 1954, quando elegeu-se deputado estadual, sendo reeleito mais duas vezes para o cargo. Foi eleito deputado federal pelo Movimento Democr\u00e1tico Brasileiro (MDB) em 1966 e senador em 1974. Foi ministro do STF de 1989 a 1994.<\/p>\n<p>Brossard era casado com L\u00facia Alves Brossard de Sousa Pinto, com quem teve dois filhos.<\/p>\n","protected":false},"excerpt":{"rendered":"<p>Morreu neste domingo, em sua resid\u00eancia em Porto Alegre, o ex-ministro do Supremo Tribunal Federal (STF), Paulo Brossard. Ele tinha 90 anos. O governador do Rio Grande do Sul, Jos\u00e9 Ivo Sartori, decretou luto oficial de tr\u00eas dias. O vel\u00f3rio deve ocorrer no Pal\u00e1cio Piratini, sede do governo do estado. \u201cLamento profundamente a morte de [&hellip;]<\/p>\n","protected":false},"author":2,"featured_media":43699,"comment_status":"open","ping_status":"closed","sticky":false,"template":"","format":"standard","meta":{"_acf_changed":false,"footnotes":""},"categories":[16],"tags":[],"class_list":["post-43698","post","type-post","status-publish","format-standard","has-post-thumbnail","hentry","category-brasil"],"acf":[],"_links":{"self":[{"href":"https:\/\/www.notibras.com\/site\/wp-json\/wp\/v2\/posts\/43698","targetHints":{"allow":["GET"]}}],"collection":[{"href":"https:\/\/www.notibras.com\/site\/wp-json\/wp\/v2\/posts"}],"about":[{"href":"https:\/\/www.notibras.com\/site\/wp-json\/wp\/v2\/types\/post"}],"author":[{"embeddable":true,"href":"https:\/\/www.notibras.com\/site\/wp-json\/wp\/v2\/users\/2"}],"replies":[{"embeddable":true,"href":"https:\/\/www.notibras.com\/site\/wp-json\/wp\/v2\/comments?post=43698"}],"version-history":[{"count":0,"href":"https:\/\/www.notibras.com\/site\/wp-json\/wp\/v2\/posts\/43698\/revisions"}],"wp:featuredmedia":[{"embeddable":true,"href":"https:\/\/www.notibras.com\/site\/wp-json\/wp\/v2\/media\/43699"}],"wp:attachment":[{"href":"https:\/\/www.notibras.com\/site\/wp-json\/wp\/v2\/media?parent=43698"}],"wp:term":[{"taxonomy":"category","embeddable":true,"href":"https:\/\/www.notibras.com\/site\/wp-json\/wp\/v2\/categories?post=43698"},{"taxonomy":"post_tag","embeddable":true,"href":"https:\/\/www.notibras.com\/site\/wp-json\/wp\/v2\/tags?post=43698"}],"curies":[{"name":"wp","href":"https:\/\/api.w.org\/{rel}","templated":true}]}}