{"id":4371,"date":"2014-03-14T04:08:40","date_gmt":"2014-03-14T07:08:40","guid":{"rendered":"http:\/\/www.notibras.com\/site\/?p=4371"},"modified":"2014-03-14T04:08:40","modified_gmt":"2014-03-14T07:08:40","slug":"furacao-varre-universitario-na-luta-por-vaga-na-libertadores","status":"publish","type":"post","link":"https:\/\/www.notibras.com\/site\/furacao-varre-universitario-na-luta-por-vaga-na-libertadores\/","title":{"rendered":"Furac\u00e3o varre Universit\u00e1rio na luta por vaga na Libertadores"},"content":{"rendered":"<p>Jogando fora de casa no\u00a0Est\u00e1dio Monumental, em Lima, o Atl\u00e9tico-PR encarou nesta quinta-feira\u00a0um ap\u00e1tico Universitario e conseguiu vencer por 1 a 0 sem tomar grandes sustos. Ederson marcou o gol solit\u00e1rio da vit\u00f3ria na partida v\u00e1lida pela terceira rodada do Grupo 1 da Copa Libertadores.<\/p>\n<p>A vit\u00f3ria mant\u00e9m o time paranaense na terceira posi\u00e7\u00e3o da chave, pois ele perde no saldo de gols para o l\u00edder The\u00a0Strongest e o segundo colocado V\u00e9lez Sarsfield. O Universitario \u00e9 o lanterna do Grupo 1, sem pontos.<\/p>\n<p>O Atl\u00e9tico-PR controlou o primeiro tempo, tocando bem a bola e dando poucas oportunidades para o Universitario tentar atacar a meta do goleiro Weverton. O time rubro-negro criou poucas chances claras de gol, pois, embora tenha infiltrado na \u00e1rea dos peruanos, as jogadas n\u00e3o resultavam em finaliza\u00e7\u00f5es, mas em trocas de passes.<\/p>\n<p>A etapa complementar teve in\u00edcio com um panorama parecido. Tocando a bola com qualidade na intermedi\u00e1ria, o clube brasileiro sofreu para se aproximar do gol de\u00a0Carvallo e tomou sustos em contra-ataques dos donos da casa. Aos 11min, em especial, o Universitario s\u00f3 n\u00e3o saiu na frente pela displic\u00eancia de Gomez, que recebeu sem marca\u00e7\u00e3o cara a cara com Weverton, demorou a chutar e permitiu a recupera\u00e7\u00e3o de Natanael, que conseguiu o desarme.<\/p>\n<p>Pouco agressivo e criativo, o time brasileiro se limitou a abrir jogadas pelas laterais, em especial a direita, e realizar cruzamentos para os atacantes Ederson e Bruno Mendes, que n\u00e3o conseguiram levar vantagem pelo alto contra os zagueiros dos peruanos. A insist\u00eancia foi recompensada aos 22min, quando Sueliton cruzou da direita e Ederson apareceu nas costas dos marcadores e se enrolou com o zagueiro N\u00e9stor Duarte &#8211; a arbitragem assinalou gol contra.<\/p>\n<p>Na quarta rodada do Grupo 1 da Libertadores, o Atl\u00e9tico-PR far\u00e1 a reedi\u00e7\u00e3o do jogo desta quinta-feira na pr\u00f3xima quinta-feira, dia 20, no Est\u00e1dio Durival de Britto.<\/p>\n","protected":false},"excerpt":{"rendered":"<p>Jogando fora de casa no\u00a0Est\u00e1dio Monumental, em Lima, o Atl\u00e9tico-PR encarou nesta quinta-feira\u00a0um ap\u00e1tico Universitario e conseguiu vencer por 1 a 0 sem tomar grandes sustos. Ederson marcou o gol solit\u00e1rio da vit\u00f3ria na partida v\u00e1lida pela terceira rodada do Grupo 1 da Copa Libertadores. A vit\u00f3ria mant\u00e9m o time paranaense na terceira posi\u00e7\u00e3o da [&hellip;]<\/p>\n","protected":false},"author":2,"featured_media":4372,"comment_status":"open","ping_status":"closed","sticky":false,"template":"","format":"standard","meta":{"_acf_changed":false,"footnotes":""},"categories":[19],"tags":[],"class_list":["post-4371","post","type-post","status-publish","format-standard","has-post-thumbnail","hentry","category-esportes"],"acf":[],"yoast_head":"<!-- This site is optimized with the Yoast SEO plugin v27.2 - https:\/\/yoast.com\/product\/yoast-seo-wordpress\/ -->\n<title>Furac\u00e3o varre Universit\u00e1rio na luta por vaga na Libertadores - Notibras<\/title>\n<meta name=\"robots\" content=\"index, follow, max-snippet:-1, max-image-preview:large, max-video-preview:-1\" \/>\n<link rel=\"canonical\" href=\"https:\/\/www.notibras.com\/site\/furacao-varre-universitario-na-luta-por-vaga-na-libertadores\/\" \/>\n<meta property=\"og:locale\" content=\"pt_BR\" \/>\n<meta property=\"og:type\" content=\"article\" \/>\n<meta property=\"og:title\" content=\"Furac\u00e3o varre Universit\u00e1rio na luta por vaga na Libertadores - Notibras\" \/>\n<meta property=\"og:description\" content=\"Jogando fora de casa no\u00a0Est\u00e1dio Monumental, em Lima, o Atl\u00e9tico-PR encarou nesta quinta-feira\u00a0um ap\u00e1tico Universitario e conseguiu vencer por 1 a 0 sem tomar grandes sustos. Ederson marcou o gol solit\u00e1rio da vit\u00f3ria na partida v\u00e1lida pela terceira rodada do Grupo 1 da Copa Libertadores. A vit\u00f3ria mant\u00e9m o time paranaense na terceira posi\u00e7\u00e3o da [&hellip;]\" \/>\n<meta property=\"og:url\" content=\"https:\/\/www.notibras.com\/site\/furacao-varre-universitario-na-luta-por-vaga-na-libertadores\/\" \/>\n<meta property=\"og:site_name\" content=\"Notibras\" \/>\n<meta property=\"article:publisher\" content=\"https:\/\/www.facebook.com\/notibras\/\" \/>\n<meta property=\"article:published_time\" content=\"2014-03-14T07:08:40+00:00\" \/>\n<meta property=\"og:image\" content=\"https:\/\/www.notibras.com\/site\/wp-content\/uploads\/2014\/03\/davidgonzalezap.jpg\" \/>\n\t<meta property=\"og:image:width\" content=\"407\" \/>\n\t<meta property=\"og:image:height\" content=\"305\" \/>\n\t<meta property=\"og:image:type\" content=\"image\/jpeg\" \/>\n<meta name=\"author\" content=\"Reda\u00e7\u00e3o\" \/>\n<meta name=\"twitter:card\" content=\"summary_large_image\" \/>\n<meta name=\"twitter:creator\" content=\"@Notibras\" \/>\n<meta name=\"twitter:site\" content=\"@Notibras\" \/>\n<meta name=\"twitter:label1\" content=\"Escrito por\" \/>\n\t<meta name=\"twitter:data1\" content=\"Reda\u00e7\u00e3o\" \/>\n\t<meta name=\"twitter:label2\" content=\"Est. tempo de leitura\" \/>\n\t<meta name=\"twitter:data2\" content=\"2 minutos\" \/>\n<script type=\"application\/ld+json\" class=\"yoast-schema-graph\">{\"@context\":\"https:\/\/schema.org\",\"@graph\":[{\"@type\":\"Article\",\"@id\":\"https:\/\/www.notibras.com\/site\/furacao-varre-universitario-na-luta-por-vaga-na-libertadores\/#article\",\"isPartOf\":{\"@id\":\"https:\/\/www.notibras.com\/site\/furacao-varre-universitario-na-luta-por-vaga-na-libertadores\/\"},\"author\":{\"name\":\"Reda\u00e7\u00e3o\",\"@id\":\"https:\/\/www.notibras.com\/site\/#\/schema\/person\/36ab0979449956132d3e5b517ea76ac8\"},\"headline\":\"Furac\u00e3o varre Universit\u00e1rio na luta por vaga na Libertadores\",\"datePublished\":\"2014-03-14T07:08:40+00:00\",\"mainEntityOfPage\":{\"@id\":\"https:\/\/www.notibras.com\/site\/furacao-varre-universitario-na-luta-por-vaga-na-libertadores\/\"},\"wordCount\":341,\"commentCount\":0,\"publisher\":{\"@id\":\"https:\/\/www.notibras.com\/site\/#organization\"},\"image\":{\"@id\":\"https:\/\/www.notibras.com\/site\/furacao-varre-universitario-na-luta-por-vaga-na-libertadores\/#primaryimage\"},\"thumbnailUrl\":\"https:\/\/www.notibras.com\/site\/wp-content\/uploads\/2014\/03\/davidgonzalezap.jpg\",\"articleSection\":[\"Esportes\"],\"inLanguage\":\"pt-BR\",\"potentialAction\":[{\"@type\":\"CommentAction\",\"name\":\"Comment\",\"target\":[\"https:\/\/www.notibras.com\/site\/furacao-varre-universitario-na-luta-por-vaga-na-libertadores\/#respond\"]}]},{\"@type\":\"WebPage\",\"@id\":\"https:\/\/www.notibras.com\/site\/furacao-varre-universitario-na-luta-por-vaga-na-libertadores\/\",\"url\":\"https:\/\/www.notibras.com\/site\/furacao-varre-universitario-na-luta-por-vaga-na-libertadores\/\",\"name\":\"Furac\u00e3o varre Universit\u00e1rio na luta por vaga na Libertadores - Notibras\",\"isPartOf\":{\"@id\":\"https:\/\/www.notibras.com\/site\/#website\"},\"primaryImageOfPage\":{\"@id\":\"https:\/\/www.notibras.com\/site\/furacao-varre-universitario-na-luta-por-vaga-na-libertadores\/#primaryimage\"},\"image\":{\"@id\":\"https:\/\/www.notibras.com\/site\/furacao-varre-universitario-na-luta-por-vaga-na-libertadores\/#primaryimage\"},\"thumbnailUrl\":\"https:\/\/www.notibras.com\/site\/wp-content\/uploads\/2014\/03\/davidgonzalezap.jpg\",\"datePublished\":\"2014-03-14T07:08:40+00:00\",\"breadcrumb\":{\"@id\":\"https:\/\/www.notibras.com\/site\/furacao-varre-universitario-na-luta-por-vaga-na-libertadores\/#breadcrumb\"},\"inLanguage\":\"pt-BR\",\"potentialAction\":[{\"@type\":\"ReadAction\",\"target\":[\"https:\/\/www.notibras.com\/site\/furacao-varre-universitario-na-luta-por-vaga-na-libertadores\/\"]}]},{\"@type\":\"ImageObject\",\"inLanguage\":\"pt-BR\",\"@id\":\"https:\/\/www.notibras.com\/site\/furacao-varre-universitario-na-luta-por-vaga-na-libertadores\/#primaryimage\",\"url\":\"https:\/\/www.notibras.com\/site\/wp-content\/uploads\/2014\/03\/davidgonzalezap.jpg\",\"contentUrl\":\"https:\/\/www.notibras.com\/site\/wp-content\/uploads\/2014\/03\/davidgonzalezap.jpg\",\"width\":407,\"height\":305},{\"@type\":\"BreadcrumbList\",\"@id\":\"https:\/\/www.notibras.com\/site\/furacao-varre-universitario-na-luta-por-vaga-na-libertadores\/#breadcrumb\",\"itemListElement\":[{\"@type\":\"ListItem\",\"position\":1,\"name\":\"In\u00edcio\",\"item\":\"https:\/\/www.notibras.com\/site\/\"},{\"@type\":\"ListItem\",\"position\":2,\"name\":\"Furac\u00e3o varre Universit\u00e1rio na luta por vaga na Libertadores\"}]},{\"@type\":\"WebSite\",\"@id\":\"https:\/\/www.notibras.com\/site\/#website\",\"url\":\"https:\/\/www.notibras.com\/site\/\",\"name\":\"Notibras\",\"description\":\"Not\u00edcias de Bras\u00edlia, do Brasil e do Mundo\",\"publisher\":{\"@id\":\"https:\/\/www.notibras.com\/site\/#organization\"},\"potentialAction\":[{\"@type\":\"SearchAction\",\"target\":{\"@type\":\"EntryPoint\",\"urlTemplate\":\"https:\/\/www.notibras.com\/site\/?s={search_term_string}\"},\"query-input\":{\"@type\":\"PropertyValueSpecification\",\"valueRequired\":true,\"valueName\":\"search_term_string\"}}],\"inLanguage\":\"pt-BR\"},{\"@type\":\"Organization\",\"@id\":\"https:\/\/www.notibras.com\/site\/#organization\",\"name\":\"Grupo Notibras de Comunica\u00e7\u00e3o\",\"url\":\"https:\/\/www.notibras.com\/site\/\",\"logo\":{\"@type\":\"ImageObject\",\"inLanguage\":\"pt-BR\",\"@id\":\"https:\/\/www.notibras.com\/site\/#\/schema\/logo\/image\/\",\"url\":\"https:\/\/www.notibras.com\/site\/wp-content\/uploads\/2023\/01\/notibras23.png\",\"contentUrl\":\"https:\/\/www.notibras.com\/site\/wp-content\/uploads\/2023\/01\/notibras23.png\",\"width\":350,\"height\":87,\"caption\":\"Grupo Notibras de Comunica\u00e7\u00e3o\"},\"image\":{\"@id\":\"https:\/\/www.notibras.com\/site\/#\/schema\/logo\/image\/\"},\"sameAs\":[\"https:\/\/www.facebook.com\/notibras\/\",\"https:\/\/x.com\/Notibras\",\"https:\/\/www.instagram.com\/notibras\/\"]},{\"@type\":\"Person\",\"@id\":\"https:\/\/www.notibras.com\/site\/#\/schema\/person\/36ab0979449956132d3e5b517ea76ac8\",\"name\":\"Reda\u00e7\u00e3o\",\"image\":{\"@type\":\"ImageObject\",\"inLanguage\":\"pt-BR\",\"@id\":\"https:\/\/secure.gravatar.com\/avatar\/e0a867bdedb85fd243eadf09663511f96fc81e0720a4a42581f334ad4303aa6b?s=96&d=mm&r=g\",\"url\":\"https:\/\/secure.gravatar.com\/avatar\/e0a867bdedb85fd243eadf09663511f96fc81e0720a4a42581f334ad4303aa6b?s=96&d=mm&r=g\",\"contentUrl\":\"https:\/\/secure.gravatar.com\/avatar\/e0a867bdedb85fd243eadf09663511f96fc81e0720a4a42581f334ad4303aa6b?s=96&d=mm&r=g\",\"caption\":\"Reda\u00e7\u00e3o\"}}]}<\/script>\n<!-- \/ Yoast SEO plugin. -->","yoast_head_json":{"title":"Furac\u00e3o varre Universit\u00e1rio na luta por vaga na Libertadores - Notibras","robots":{"index":"index","follow":"follow","max-snippet":"max-snippet:-1","max-image-preview":"max-image-preview:large","max-video-preview":"max-video-preview:-1"},"canonical":"https:\/\/www.notibras.com\/site\/furacao-varre-universitario-na-luta-por-vaga-na-libertadores\/","og_locale":"pt_BR","og_type":"article","og_title":"Furac\u00e3o varre Universit\u00e1rio na luta por vaga na Libertadores - Notibras","og_description":"Jogando fora de casa no\u00a0Est\u00e1dio Monumental, em Lima, o Atl\u00e9tico-PR encarou nesta quinta-feira\u00a0um ap\u00e1tico Universitario e conseguiu vencer por 1 a 0 sem tomar grandes sustos. Ederson marcou o gol solit\u00e1rio da vit\u00f3ria na partida v\u00e1lida pela terceira rodada do Grupo 1 da Copa Libertadores. A vit\u00f3ria mant\u00e9m o time paranaense na terceira posi\u00e7\u00e3o da [&hellip;]","og_url":"https:\/\/www.notibras.com\/site\/furacao-varre-universitario-na-luta-por-vaga-na-libertadores\/","og_site_name":"Notibras","article_publisher":"https:\/\/www.facebook.com\/notibras\/","article_published_time":"2014-03-14T07:08:40+00:00","og_image":[{"width":407,"height":305,"url":"https:\/\/www.notibras.com\/site\/wp-content\/uploads\/2014\/03\/davidgonzalezap.jpg","type":"image\/jpeg"}],"author":"Reda\u00e7\u00e3o","twitter_card":"summary_large_image","twitter_creator":"@Notibras","twitter_site":"@Notibras","twitter_misc":{"Escrito por":"Reda\u00e7\u00e3o","Est. tempo de leitura":"2 minutos"},"schema":{"@context":"https:\/\/schema.org","@graph":[{"@type":"Article","@id":"https:\/\/www.notibras.com\/site\/furacao-varre-universitario-na-luta-por-vaga-na-libertadores\/#article","isPartOf":{"@id":"https:\/\/www.notibras.com\/site\/furacao-varre-universitario-na-luta-por-vaga-na-libertadores\/"},"author":{"name":"Reda\u00e7\u00e3o","@id":"https:\/\/www.notibras.com\/site\/#\/schema\/person\/36ab0979449956132d3e5b517ea76ac8"},"headline":"Furac\u00e3o varre Universit\u00e1rio na luta por vaga na Libertadores","datePublished":"2014-03-14T07:08:40+00:00","mainEntityOfPage":{"@id":"https:\/\/www.notibras.com\/site\/furacao-varre-universitario-na-luta-por-vaga-na-libertadores\/"},"wordCount":341,"commentCount":0,"publisher":{"@id":"https:\/\/www.notibras.com\/site\/#organization"},"image":{"@id":"https:\/\/www.notibras.com\/site\/furacao-varre-universitario-na-luta-por-vaga-na-libertadores\/#primaryimage"},"thumbnailUrl":"https:\/\/www.notibras.com\/site\/wp-content\/uploads\/2014\/03\/davidgonzalezap.jpg","articleSection":["Esportes"],"inLanguage":"pt-BR","potentialAction":[{"@type":"CommentAction","name":"Comment","target":["https:\/\/www.notibras.com\/site\/furacao-varre-universitario-na-luta-por-vaga-na-libertadores\/#respond"]}]},{"@type":"WebPage","@id":"https:\/\/www.notibras.com\/site\/furacao-varre-universitario-na-luta-por-vaga-na-libertadores\/","url":"https:\/\/www.notibras.com\/site\/furacao-varre-universitario-na-luta-por-vaga-na-libertadores\/","name":"Furac\u00e3o varre Universit\u00e1rio na luta por vaga na Libertadores - Notibras","isPartOf":{"@id":"https:\/\/www.notibras.com\/site\/#website"},"primaryImageOfPage":{"@id":"https:\/\/www.notibras.com\/site\/furacao-varre-universitario-na-luta-por-vaga-na-libertadores\/#primaryimage"},"image":{"@id":"https:\/\/www.notibras.com\/site\/furacao-varre-universitario-na-luta-por-vaga-na-libertadores\/#primaryimage"},"thumbnailUrl":"https:\/\/www.notibras.com\/site\/wp-content\/uploads\/2014\/03\/davidgonzalezap.jpg","datePublished":"2014-03-14T07:08:40+00:00","breadcrumb":{"@id":"https:\/\/www.notibras.com\/site\/furacao-varre-universitario-na-luta-por-vaga-na-libertadores\/#breadcrumb"},"inLanguage":"pt-BR","potentialAction":[{"@type":"ReadAction","target":["https:\/\/www.notibras.com\/site\/furacao-varre-universitario-na-luta-por-vaga-na-libertadores\/"]}]},{"@type":"ImageObject","inLanguage":"pt-BR","@id":"https:\/\/www.notibras.com\/site\/furacao-varre-universitario-na-luta-por-vaga-na-libertadores\/#primaryimage","url":"https:\/\/www.notibras.com\/site\/wp-content\/uploads\/2014\/03\/davidgonzalezap.jpg","contentUrl":"https:\/\/www.notibras.com\/site\/wp-content\/uploads\/2014\/03\/davidgonzalezap.jpg","width":407,"height":305},{"@type":"BreadcrumbList","@id":"https:\/\/www.notibras.com\/site\/furacao-varre-universitario-na-luta-por-vaga-na-libertadores\/#breadcrumb","itemListElement":[{"@type":"ListItem","position":1,"name":"In\u00edcio","item":"https:\/\/www.notibras.com\/site\/"},{"@type":"ListItem","position":2,"name":"Furac\u00e3o varre Universit\u00e1rio na luta por vaga na Libertadores"}]},{"@type":"WebSite","@id":"https:\/\/www.notibras.com\/site\/#website","url":"https:\/\/www.notibras.com\/site\/","name":"Notibras","description":"Not\u00edcias de Bras\u00edlia, do Brasil e do Mundo","publisher":{"@id":"https:\/\/www.notibras.com\/site\/#organization"},"potentialAction":[{"@type":"SearchAction","target":{"@type":"EntryPoint","urlTemplate":"https:\/\/www.notibras.com\/site\/?s={search_term_string}"},"query-input":{"@type":"PropertyValueSpecification","valueRequired":true,"valueName":"search_term_string"}}],"inLanguage":"pt-BR"},{"@type":"Organization","@id":"https:\/\/www.notibras.com\/site\/#organization","name":"Grupo Notibras de Comunica\u00e7\u00e3o","url":"https:\/\/www.notibras.com\/site\/","logo":{"@type":"ImageObject","inLanguage":"pt-BR","@id":"https:\/\/www.notibras.com\/site\/#\/schema\/logo\/image\/","url":"https:\/\/www.notibras.com\/site\/wp-content\/uploads\/2023\/01\/notibras23.png","contentUrl":"https:\/\/www.notibras.com\/site\/wp-content\/uploads\/2023\/01\/notibras23.png","width":350,"height":87,"caption":"Grupo Notibras de Comunica\u00e7\u00e3o"},"image":{"@id":"https:\/\/www.notibras.com\/site\/#\/schema\/logo\/image\/"},"sameAs":["https:\/\/www.facebook.com\/notibras\/","https:\/\/x.com\/Notibras","https:\/\/www.instagram.com\/notibras\/"]},{"@type":"Person","@id":"https:\/\/www.notibras.com\/site\/#\/schema\/person\/36ab0979449956132d3e5b517ea76ac8","name":"Reda\u00e7\u00e3o","image":{"@type":"ImageObject","inLanguage":"pt-BR","@id":"https:\/\/secure.gravatar.com\/avatar\/e0a867bdedb85fd243eadf09663511f96fc81e0720a4a42581f334ad4303aa6b?s=96&d=mm&r=g","url":"https:\/\/secure.gravatar.com\/avatar\/e0a867bdedb85fd243eadf09663511f96fc81e0720a4a42581f334ad4303aa6b?s=96&d=mm&r=g","contentUrl":"https:\/\/secure.gravatar.com\/avatar\/e0a867bdedb85fd243eadf09663511f96fc81e0720a4a42581f334ad4303aa6b?s=96&d=mm&r=g","caption":"Reda\u00e7\u00e3o"}}]}},"amp_enabled":true,"_links":{"self":[{"href":"https:\/\/www.notibras.com\/site\/wp-json\/wp\/v2\/posts\/4371","targetHints":{"allow":["GET"]}}],"collection":[{"href":"https:\/\/www.notibras.com\/site\/wp-json\/wp\/v2\/posts"}],"about":[{"href":"https:\/\/www.notibras.com\/site\/wp-json\/wp\/v2\/types\/post"}],"author":[{"embeddable":true,"href":"https:\/\/www.notibras.com\/site\/wp-json\/wp\/v2\/users\/2"}],"replies":[{"embeddable":true,"href":"https:\/\/www.notibras.com\/site\/wp-json\/wp\/v2\/comments?post=4371"}],"version-history":[{"count":0,"href":"https:\/\/www.notibras.com\/site\/wp-json\/wp\/v2\/posts\/4371\/revisions"}],"wp:featuredmedia":[{"embeddable":true,"href":"https:\/\/www.notibras.com\/site\/wp-json\/wp\/v2\/media\/4372"}],"wp:attachment":[{"href":"https:\/\/www.notibras.com\/site\/wp-json\/wp\/v2\/media?parent=4371"}],"wp:term":[{"taxonomy":"category","embeddable":true,"href":"https:\/\/www.notibras.com\/site\/wp-json\/wp\/v2\/categories?post=4371"},{"taxonomy":"post_tag","embeddable":true,"href":"https:\/\/www.notibras.com\/site\/wp-json\/wp\/v2\/tags?post=4371"}],"curies":[{"name":"wp","href":"https:\/\/api.w.org\/{rel}","templated":true}]}}