{"id":43712,"date":"2015-04-12T13:08:24","date_gmt":"2015-04-12T16:08:24","guid":{"rendered":"http:\/\/www.notibras.com\/site\/?p=43712"},"modified":"2015-04-12T18:16:49","modified_gmt":"2015-04-12T21:16:49","slug":"palmeiras-fura-o-bloqueio-do-botafogo-e-garante-a-vaga-na-semifinal-paulista","status":"publish","type":"post","link":"https:\/\/www.notibras.com\/site\/palmeiras-fura-o-bloqueio-do-botafogo-e-garante-a-vaga-na-semifinal-paulista\/","title":{"rendered":"Palmeiras fura o bloqueio do Botafogo e passa a semifinal"},"content":{"rendered":"<p>O Palmeiras west\u00e1 na semfinal do Paulist\u00e3o. O Verd\u00e3o ifurou o bloqueio defensivo do Botafogo-SP e venceu por 1 a 0 no Allianz Parque na manh\u00e3 deste domingo. A equipe jogou bem e pressionou o advers\u00e1rio durante toda a partida, mas tinha dificuldades em balan\u00e7ar as redes. Quem abriu a defesa visitante foi Valdivia, que entrou na segunda etapa na vaga de Robinho.<\/p>\n<p>Atormentando advers\u00e1rios, o chileno fez jogada individual no meio e deu um belo passe, que acabou resultando em gol. Foi muito aplaudido e teve sue nome gritado pela torcida.<\/p>\n<p>Com contrato para vencer em agosto, Valdivia negocia uma renova\u00e7\u00e3o com o Palmeiras. Enquanto isso, o alviverde espera o resultado de Santos x XV de Piracicaba, na tarde deste domingo, para conhecer seu advers\u00e1rio nas semifinais.<\/p>\n<p><strong>O<\/strong> Palmeiras adotou uma postura agressiva, pressionando o Botafogo eesde o in\u00edcio do jogo. O time comandado por Oswaldo de Oliveira controlou a maior parte do primeiro tempo, marcando a sa\u00edda de bola e mantendo a posse.<\/p>\n<p>N\u00e3o foi, entretanto, livre de sustos. Os visitantes chegaram a balan\u00e7ar as redes aos 5 minutos, com Bruno Costa. O gol foi anulado: Eli Sabi\u00e1 fez falta em Fernando Prass ao subir de cabe\u00e7a.<\/p>\n<p>Do lado alviverde, foram v\u00e1rias chances desperdi\u00e7adas. Algumas por falta de pontaria, como Dudu, que, sem goleiro, na pequena \u00e1rea, carimbou a trave. Pouco depois, Leandro Pereira recebeu bom cruzamento da esquerda e finalizou rasteiro; dessa vez, Renan Rocha caiu e fez uma grande defesa.<\/p>\n<p>Na sa\u00edda para o intervalo, 0 a 0 apesar do dom\u00ednio e os primeiros sinais de frustra\u00e7\u00e3o da torcida palmeirense no Allianz Parque.<\/p>\n<p>Na volta do intervalo, Dudu quase marcou de cabe\u00e7a. Faltaram poucos cent\u00edmetros para que o camisa 7 alcan\u00e7asse a bola cruzada da direita, que acabou saindo pela linha de fundo.<\/p>\n<blockquote><p>A press\u00e3o do Palmeiras n\u00e3o dava resultado, e abriu espa\u00e7o para contragolpes. Se n\u00e3o fosse a falta de pontaria de Z\u00e9 Roberto, uma zebra teria acontecido. O atacante do Botafogo, que entrou na segunda etapa, recebeu uma enfiada da bola sozinho, na frente de Fernando Prass, mas bateu por cima do gol.<\/p><\/blockquote>\n<p>Para furar o bloqueio dos visitantes, Oswaldo de Oliveira lan\u00e7ou m\u00e3o de Valdivia. O meia entrou colocando fogo no jogo, e levou perigo com uma cabe\u00e7ada, defendida por Renan Rocha.<\/p>\n<p>O jogo teve mais dois gols anulados, ambos por impedimento: Diogo Campos marcou para o Botafogo; Dudu para o Palmeiras. Na media em que se aproximava o apito final, a torcida alviverde come\u00e7ava a mostrar apreens\u00e3o no Allianz Parque.<\/p>\n<p>O passo em direa\u00e7\u00e3o \u00e0 classifica\u00e7\u00e3o veio aos 26 minutos. Valdivia recebeu no meio e deu um drible desconcertante no marcador, lan\u00e7ando Lucas na direita. O lateral cruzou e Leandro Pereira estufou as redes, finalmente abrindo o placar.<\/p>\n<p>O Botafogo ainda deu um \u00faltimo susto, em cobran\u00e7a de falta no finalzinho da partida. A bola, entretanto, foi nas m\u00e3os de Prass. O apito final soou, e o 1 a 0 foi o suficiente para garantir o lugar palmeirense nas semifinais.<\/p>\n","protected":false},"excerpt":{"rendered":"<p>O Palmeiras west\u00e1 na semfinal do Paulist\u00e3o. O Verd\u00e3o ifurou o bloqueio defensivo do Botafogo-SP e venceu por 1 a 0 no Allianz Parque na manh\u00e3 deste domingo. A equipe jogou bem e pressionou o advers\u00e1rio durante toda a partida, mas tinha dificuldades em balan\u00e7ar as redes. Quem abriu a defesa visitante foi Valdivia, que [&hellip;]<\/p>\n","protected":false},"author":2,"featured_media":43713,"comment_status":"open","ping_status":"closed","sticky":false,"template":"","format":"standard","meta":{"_acf_changed":false,"footnotes":""},"categories":[19,29],"tags":[],"class_list":["post-43712","post","type-post","status-publish","format-standard","has-post-thumbnail","hentry","category-esportes","category-futebol"],"acf":[],"yoast_head":"<!-- This site is optimized with the Yoast SEO plugin v27.2 - https:\/\/yoast.com\/product\/yoast-seo-wordpress\/ -->\n<title>Palmeiras fura o bloqueio do Botafogo e passa a semifinal - Notibras<\/title>\n<meta name=\"robots\" content=\"index, follow, max-snippet:-1, max-image-preview:large, max-video-preview:-1\" \/>\n<link rel=\"canonical\" href=\"https:\/\/www.notibras.com\/site\/palmeiras-fura-o-bloqueio-do-botafogo-e-garante-a-vaga-na-semifinal-paulista\/\" \/>\n<meta property=\"og:locale\" content=\"pt_BR\" \/>\n<meta property=\"og:type\" content=\"article\" \/>\n<meta property=\"og:title\" content=\"Palmeiras fura o bloqueio do Botafogo e passa a semifinal - Notibras\" \/>\n<meta property=\"og:description\" content=\"O Palmeiras west\u00e1 na semfinal do Paulist\u00e3o. O Verd\u00e3o ifurou o bloqueio defensivo do Botafogo-SP e venceu por 1 a 0 no Allianz Parque na manh\u00e3 deste domingo. A equipe jogou bem e pressionou o advers\u00e1rio durante toda a partida, mas tinha dificuldades em balan\u00e7ar as redes. Quem abriu a defesa visitante foi Valdivia, que [&hellip;]\" \/>\n<meta property=\"og:url\" content=\"https:\/\/www.notibras.com\/site\/palmeiras-fura-o-bloqueio-do-botafogo-e-garante-a-vaga-na-semifinal-paulista\/\" \/>\n<meta property=\"og:site_name\" content=\"Notibras\" \/>\n<meta property=\"article:publisher\" content=\"https:\/\/www.facebook.com\/notibras\/\" \/>\n<meta property=\"article:published_time\" content=\"2015-04-12T16:08:24+00:00\" \/>\n<meta property=\"article:modified_time\" content=\"2015-04-12T21:16:49+00:00\" \/>\n<meta property=\"og:image\" content=\"https:\/\/www.notibras.com\/site\/wp-content\/uploads\/2015\/04\/brunocostagabrielleandromartinsfutura.jpg\" \/>\n\t<meta property=\"og:image:width\" content=\"940\" \/>\n\t<meta property=\"og:image:height\" content=\"627\" \/>\n\t<meta property=\"og:image:type\" content=\"image\/jpeg\" \/>\n<meta name=\"author\" content=\"Reda\u00e7\u00e3o\" \/>\n<meta name=\"twitter:card\" content=\"summary_large_image\" \/>\n<meta name=\"twitter:creator\" content=\"@Notibras\" \/>\n<meta name=\"twitter:site\" content=\"@Notibras\" \/>\n<meta name=\"twitter:label1\" content=\"Escrito por\" \/>\n\t<meta name=\"twitter:data1\" content=\"Reda\u00e7\u00e3o\" \/>\n\t<meta name=\"twitter:label2\" content=\"Est. tempo de leitura\" \/>\n\t<meta name=\"twitter:data2\" content=\"3 minutos\" \/>\n<script type=\"application\/ld+json\" class=\"yoast-schema-graph\">{\"@context\":\"https:\/\/schema.org\",\"@graph\":[{\"@type\":\"Article\",\"@id\":\"https:\/\/www.notibras.com\/site\/palmeiras-fura-o-bloqueio-do-botafogo-e-garante-a-vaga-na-semifinal-paulista\/#article\",\"isPartOf\":{\"@id\":\"https:\/\/www.notibras.com\/site\/palmeiras-fura-o-bloqueio-do-botafogo-e-garante-a-vaga-na-semifinal-paulista\/\"},\"author\":{\"name\":\"Reda\u00e7\u00e3o\",\"@id\":\"https:\/\/www.notibras.com\/site\/#\/schema\/person\/36ab0979449956132d3e5b517ea76ac8\"},\"headline\":\"Palmeiras fura o bloqueio do Botafogo e passa a semifinal\",\"datePublished\":\"2015-04-12T16:08:24+00:00\",\"dateModified\":\"2015-04-12T21:16:49+00:00\",\"mainEntityOfPage\":{\"@id\":\"https:\/\/www.notibras.com\/site\/palmeiras-fura-o-bloqueio-do-botafogo-e-garante-a-vaga-na-semifinal-paulista\/\"},\"wordCount\":532,\"commentCount\":0,\"publisher\":{\"@id\":\"https:\/\/www.notibras.com\/site\/#organization\"},\"image\":{\"@id\":\"https:\/\/www.notibras.com\/site\/palmeiras-fura-o-bloqueio-do-botafogo-e-garante-a-vaga-na-semifinal-paulista\/#primaryimage\"},\"thumbnailUrl\":\"https:\/\/www.notibras.com\/site\/wp-content\/uploads\/2015\/04\/brunocostagabrielleandromartinsfutura.jpg\",\"articleSection\":[\"Esportes\",\"Futebol\"],\"inLanguage\":\"pt-BR\",\"potentialAction\":[{\"@type\":\"CommentAction\",\"name\":\"Comment\",\"target\":[\"https:\/\/www.notibras.com\/site\/palmeiras-fura-o-bloqueio-do-botafogo-e-garante-a-vaga-na-semifinal-paulista\/#respond\"]}]},{\"@type\":\"WebPage\",\"@id\":\"https:\/\/www.notibras.com\/site\/palmeiras-fura-o-bloqueio-do-botafogo-e-garante-a-vaga-na-semifinal-paulista\/\",\"url\":\"https:\/\/www.notibras.com\/site\/palmeiras-fura-o-bloqueio-do-botafogo-e-garante-a-vaga-na-semifinal-paulista\/\",\"name\":\"Palmeiras fura o bloqueio do Botafogo e passa a semifinal - Notibras\",\"isPartOf\":{\"@id\":\"https:\/\/www.notibras.com\/site\/#website\"},\"primaryImageOfPage\":{\"@id\":\"https:\/\/www.notibras.com\/site\/palmeiras-fura-o-bloqueio-do-botafogo-e-garante-a-vaga-na-semifinal-paulista\/#primaryimage\"},\"image\":{\"@id\":\"https:\/\/www.notibras.com\/site\/palmeiras-fura-o-bloqueio-do-botafogo-e-garante-a-vaga-na-semifinal-paulista\/#primaryimage\"},\"thumbnailUrl\":\"https:\/\/www.notibras.com\/site\/wp-content\/uploads\/2015\/04\/brunocostagabrielleandromartinsfutura.jpg\",\"datePublished\":\"2015-04-12T16:08:24+00:00\",\"dateModified\":\"2015-04-12T21:16:49+00:00\",\"breadcrumb\":{\"@id\":\"https:\/\/www.notibras.com\/site\/palmeiras-fura-o-bloqueio-do-botafogo-e-garante-a-vaga-na-semifinal-paulista\/#breadcrumb\"},\"inLanguage\":\"pt-BR\",\"potentialAction\":[{\"@type\":\"ReadAction\",\"target\":[\"https:\/\/www.notibras.com\/site\/palmeiras-fura-o-bloqueio-do-botafogo-e-garante-a-vaga-na-semifinal-paulista\/\"]}]},{\"@type\":\"ImageObject\",\"inLanguage\":\"pt-BR\",\"@id\":\"https:\/\/www.notibras.com\/site\/palmeiras-fura-o-bloqueio-do-botafogo-e-garante-a-vaga-na-semifinal-paulista\/#primaryimage\",\"url\":\"https:\/\/www.notibras.com\/site\/wp-content\/uploads\/2015\/04\/brunocostagabrielleandromartinsfutura.jpg\",\"contentUrl\":\"https:\/\/www.notibras.com\/site\/wp-content\/uploads\/2015\/04\/brunocostagabrielleandromartinsfutura.jpg\",\"width\":940,\"height\":627},{\"@type\":\"BreadcrumbList\",\"@id\":\"https:\/\/www.notibras.com\/site\/palmeiras-fura-o-bloqueio-do-botafogo-e-garante-a-vaga-na-semifinal-paulista\/#breadcrumb\",\"itemListElement\":[{\"@type\":\"ListItem\",\"position\":1,\"name\":\"In\u00edcio\",\"item\":\"https:\/\/www.notibras.com\/site\/\"},{\"@type\":\"ListItem\",\"position\":2,\"name\":\"Palmeiras fura o bloqueio do Botafogo e passa a semifinal\"}]},{\"@type\":\"WebSite\",\"@id\":\"https:\/\/www.notibras.com\/site\/#website\",\"url\":\"https:\/\/www.notibras.com\/site\/\",\"name\":\"Notibras\",\"description\":\"Not\u00edcias de Bras\u00edlia, do Brasil e do Mundo\",\"publisher\":{\"@id\":\"https:\/\/www.notibras.com\/site\/#organization\"},\"potentialAction\":[{\"@type\":\"SearchAction\",\"target\":{\"@type\":\"EntryPoint\",\"urlTemplate\":\"https:\/\/www.notibras.com\/site\/?s={search_term_string}\"},\"query-input\":{\"@type\":\"PropertyValueSpecification\",\"valueRequired\":true,\"valueName\":\"search_term_string\"}}],\"inLanguage\":\"pt-BR\"},{\"@type\":\"Organization\",\"@id\":\"https:\/\/www.notibras.com\/site\/#organization\",\"name\":\"Grupo Notibras de Comunica\u00e7\u00e3o\",\"url\":\"https:\/\/www.notibras.com\/site\/\",\"logo\":{\"@type\":\"ImageObject\",\"inLanguage\":\"pt-BR\",\"@id\":\"https:\/\/www.notibras.com\/site\/#\/schema\/logo\/image\/\",\"url\":\"https:\/\/www.notibras.com\/site\/wp-content\/uploads\/2023\/01\/notibras23.png\",\"contentUrl\":\"https:\/\/www.notibras.com\/site\/wp-content\/uploads\/2023\/01\/notibras23.png\",\"width\":350,\"height\":87,\"caption\":\"Grupo Notibras de Comunica\u00e7\u00e3o\"},\"image\":{\"@id\":\"https:\/\/www.notibras.com\/site\/#\/schema\/logo\/image\/\"},\"sameAs\":[\"https:\/\/www.facebook.com\/notibras\/\",\"https:\/\/x.com\/Notibras\",\"https:\/\/www.instagram.com\/notibras\/\"]},{\"@type\":\"Person\",\"@id\":\"https:\/\/www.notibras.com\/site\/#\/schema\/person\/36ab0979449956132d3e5b517ea76ac8\",\"name\":\"Reda\u00e7\u00e3o\",\"image\":{\"@type\":\"ImageObject\",\"inLanguage\":\"pt-BR\",\"@id\":\"https:\/\/secure.gravatar.com\/avatar\/e0a867bdedb85fd243eadf09663511f96fc81e0720a4a42581f334ad4303aa6b?s=96&d=mm&r=g\",\"url\":\"https:\/\/secure.gravatar.com\/avatar\/e0a867bdedb85fd243eadf09663511f96fc81e0720a4a42581f334ad4303aa6b?s=96&d=mm&r=g\",\"contentUrl\":\"https:\/\/secure.gravatar.com\/avatar\/e0a867bdedb85fd243eadf09663511f96fc81e0720a4a42581f334ad4303aa6b?s=96&d=mm&r=g\",\"caption\":\"Reda\u00e7\u00e3o\"}}]}<\/script>\n<!-- \/ Yoast SEO plugin. -->","yoast_head_json":{"title":"Palmeiras fura o bloqueio do Botafogo e passa a semifinal - Notibras","robots":{"index":"index","follow":"follow","max-snippet":"max-snippet:-1","max-image-preview":"max-image-preview:large","max-video-preview":"max-video-preview:-1"},"canonical":"https:\/\/www.notibras.com\/site\/palmeiras-fura-o-bloqueio-do-botafogo-e-garante-a-vaga-na-semifinal-paulista\/","og_locale":"pt_BR","og_type":"article","og_title":"Palmeiras fura o bloqueio do Botafogo e passa a semifinal - Notibras","og_description":"O Palmeiras west\u00e1 na semfinal do Paulist\u00e3o. O Verd\u00e3o ifurou o bloqueio defensivo do Botafogo-SP e venceu por 1 a 0 no Allianz Parque na manh\u00e3 deste domingo. A equipe jogou bem e pressionou o advers\u00e1rio durante toda a partida, mas tinha dificuldades em balan\u00e7ar as redes. Quem abriu a defesa visitante foi Valdivia, que [&hellip;]","og_url":"https:\/\/www.notibras.com\/site\/palmeiras-fura-o-bloqueio-do-botafogo-e-garante-a-vaga-na-semifinal-paulista\/","og_site_name":"Notibras","article_publisher":"https:\/\/www.facebook.com\/notibras\/","article_published_time":"2015-04-12T16:08:24+00:00","article_modified_time":"2015-04-12T21:16:49+00:00","og_image":[{"width":940,"height":627,"url":"https:\/\/www.notibras.com\/site\/wp-content\/uploads\/2015\/04\/brunocostagabrielleandromartinsfutura.jpg","type":"image\/jpeg"}],"author":"Reda\u00e7\u00e3o","twitter_card":"summary_large_image","twitter_creator":"@Notibras","twitter_site":"@Notibras","twitter_misc":{"Escrito por":"Reda\u00e7\u00e3o","Est. tempo de leitura":"3 minutos"},"schema":{"@context":"https:\/\/schema.org","@graph":[{"@type":"Article","@id":"https:\/\/www.notibras.com\/site\/palmeiras-fura-o-bloqueio-do-botafogo-e-garante-a-vaga-na-semifinal-paulista\/#article","isPartOf":{"@id":"https:\/\/www.notibras.com\/site\/palmeiras-fura-o-bloqueio-do-botafogo-e-garante-a-vaga-na-semifinal-paulista\/"},"author":{"name":"Reda\u00e7\u00e3o","@id":"https:\/\/www.notibras.com\/site\/#\/schema\/person\/36ab0979449956132d3e5b517ea76ac8"},"headline":"Palmeiras fura o bloqueio do Botafogo e passa a semifinal","datePublished":"2015-04-12T16:08:24+00:00","dateModified":"2015-04-12T21:16:49+00:00","mainEntityOfPage":{"@id":"https:\/\/www.notibras.com\/site\/palmeiras-fura-o-bloqueio-do-botafogo-e-garante-a-vaga-na-semifinal-paulista\/"},"wordCount":532,"commentCount":0,"publisher":{"@id":"https:\/\/www.notibras.com\/site\/#organization"},"image":{"@id":"https:\/\/www.notibras.com\/site\/palmeiras-fura-o-bloqueio-do-botafogo-e-garante-a-vaga-na-semifinal-paulista\/#primaryimage"},"thumbnailUrl":"https:\/\/www.notibras.com\/site\/wp-content\/uploads\/2015\/04\/brunocostagabrielleandromartinsfutura.jpg","articleSection":["Esportes","Futebol"],"inLanguage":"pt-BR","potentialAction":[{"@type":"CommentAction","name":"Comment","target":["https:\/\/www.notibras.com\/site\/palmeiras-fura-o-bloqueio-do-botafogo-e-garante-a-vaga-na-semifinal-paulista\/#respond"]}]},{"@type":"WebPage","@id":"https:\/\/www.notibras.com\/site\/palmeiras-fura-o-bloqueio-do-botafogo-e-garante-a-vaga-na-semifinal-paulista\/","url":"https:\/\/www.notibras.com\/site\/palmeiras-fura-o-bloqueio-do-botafogo-e-garante-a-vaga-na-semifinal-paulista\/","name":"Palmeiras fura o bloqueio do Botafogo e passa a semifinal - Notibras","isPartOf":{"@id":"https:\/\/www.notibras.com\/site\/#website"},"primaryImageOfPage":{"@id":"https:\/\/www.notibras.com\/site\/palmeiras-fura-o-bloqueio-do-botafogo-e-garante-a-vaga-na-semifinal-paulista\/#primaryimage"},"image":{"@id":"https:\/\/www.notibras.com\/site\/palmeiras-fura-o-bloqueio-do-botafogo-e-garante-a-vaga-na-semifinal-paulista\/#primaryimage"},"thumbnailUrl":"https:\/\/www.notibras.com\/site\/wp-content\/uploads\/2015\/04\/brunocostagabrielleandromartinsfutura.jpg","datePublished":"2015-04-12T16:08:24+00:00","dateModified":"2015-04-12T21:16:49+00:00","breadcrumb":{"@id":"https:\/\/www.notibras.com\/site\/palmeiras-fura-o-bloqueio-do-botafogo-e-garante-a-vaga-na-semifinal-paulista\/#breadcrumb"},"inLanguage":"pt-BR","potentialAction":[{"@type":"ReadAction","target":["https:\/\/www.notibras.com\/site\/palmeiras-fura-o-bloqueio-do-botafogo-e-garante-a-vaga-na-semifinal-paulista\/"]}]},{"@type":"ImageObject","inLanguage":"pt-BR","@id":"https:\/\/www.notibras.com\/site\/palmeiras-fura-o-bloqueio-do-botafogo-e-garante-a-vaga-na-semifinal-paulista\/#primaryimage","url":"https:\/\/www.notibras.com\/site\/wp-content\/uploads\/2015\/04\/brunocostagabrielleandromartinsfutura.jpg","contentUrl":"https:\/\/www.notibras.com\/site\/wp-content\/uploads\/2015\/04\/brunocostagabrielleandromartinsfutura.jpg","width":940,"height":627},{"@type":"BreadcrumbList","@id":"https:\/\/www.notibras.com\/site\/palmeiras-fura-o-bloqueio-do-botafogo-e-garante-a-vaga-na-semifinal-paulista\/#breadcrumb","itemListElement":[{"@type":"ListItem","position":1,"name":"In\u00edcio","item":"https:\/\/www.notibras.com\/site\/"},{"@type":"ListItem","position":2,"name":"Palmeiras fura o bloqueio do Botafogo e passa a semifinal"}]},{"@type":"WebSite","@id":"https:\/\/www.notibras.com\/site\/#website","url":"https:\/\/www.notibras.com\/site\/","name":"Notibras","description":"Not\u00edcias de Bras\u00edlia, do Brasil e do Mundo","publisher":{"@id":"https:\/\/www.notibras.com\/site\/#organization"},"potentialAction":[{"@type":"SearchAction","target":{"@type":"EntryPoint","urlTemplate":"https:\/\/www.notibras.com\/site\/?s={search_term_string}"},"query-input":{"@type":"PropertyValueSpecification","valueRequired":true,"valueName":"search_term_string"}}],"inLanguage":"pt-BR"},{"@type":"Organization","@id":"https:\/\/www.notibras.com\/site\/#organization","name":"Grupo Notibras de Comunica\u00e7\u00e3o","url":"https:\/\/www.notibras.com\/site\/","logo":{"@type":"ImageObject","inLanguage":"pt-BR","@id":"https:\/\/www.notibras.com\/site\/#\/schema\/logo\/image\/","url":"https:\/\/www.notibras.com\/site\/wp-content\/uploads\/2023\/01\/notibras23.png","contentUrl":"https:\/\/www.notibras.com\/site\/wp-content\/uploads\/2023\/01\/notibras23.png","width":350,"height":87,"caption":"Grupo Notibras de Comunica\u00e7\u00e3o"},"image":{"@id":"https:\/\/www.notibras.com\/site\/#\/schema\/logo\/image\/"},"sameAs":["https:\/\/www.facebook.com\/notibras\/","https:\/\/x.com\/Notibras","https:\/\/www.instagram.com\/notibras\/"]},{"@type":"Person","@id":"https:\/\/www.notibras.com\/site\/#\/schema\/person\/36ab0979449956132d3e5b517ea76ac8","name":"Reda\u00e7\u00e3o","image":{"@type":"ImageObject","inLanguage":"pt-BR","@id":"https:\/\/secure.gravatar.com\/avatar\/e0a867bdedb85fd243eadf09663511f96fc81e0720a4a42581f334ad4303aa6b?s=96&d=mm&r=g","url":"https:\/\/secure.gravatar.com\/avatar\/e0a867bdedb85fd243eadf09663511f96fc81e0720a4a42581f334ad4303aa6b?s=96&d=mm&r=g","contentUrl":"https:\/\/secure.gravatar.com\/avatar\/e0a867bdedb85fd243eadf09663511f96fc81e0720a4a42581f334ad4303aa6b?s=96&d=mm&r=g","caption":"Reda\u00e7\u00e3o"}}]}},"amp_enabled":true,"_links":{"self":[{"href":"https:\/\/www.notibras.com\/site\/wp-json\/wp\/v2\/posts\/43712","targetHints":{"allow":["GET"]}}],"collection":[{"href":"https:\/\/www.notibras.com\/site\/wp-json\/wp\/v2\/posts"}],"about":[{"href":"https:\/\/www.notibras.com\/site\/wp-json\/wp\/v2\/types\/post"}],"author":[{"embeddable":true,"href":"https:\/\/www.notibras.com\/site\/wp-json\/wp\/v2\/users\/2"}],"replies":[{"embeddable":true,"href":"https:\/\/www.notibras.com\/site\/wp-json\/wp\/v2\/comments?post=43712"}],"version-history":[{"count":0,"href":"https:\/\/www.notibras.com\/site\/wp-json\/wp\/v2\/posts\/43712\/revisions"}],"wp:featuredmedia":[{"embeddable":true,"href":"https:\/\/www.notibras.com\/site\/wp-json\/wp\/v2\/media\/43713"}],"wp:attachment":[{"href":"https:\/\/www.notibras.com\/site\/wp-json\/wp\/v2\/media?parent=43712"}],"wp:term":[{"taxonomy":"category","embeddable":true,"href":"https:\/\/www.notibras.com\/site\/wp-json\/wp\/v2\/categories?post=43712"},{"taxonomy":"post_tag","embeddable":true,"href":"https:\/\/www.notibras.com\/site\/wp-json\/wp\/v2\/tags?post=43712"}],"curies":[{"name":"wp","href":"https:\/\/api.w.org\/{rel}","templated":true}]}}