{"id":43732,"date":"2015-04-12T22:14:52","date_gmt":"2015-04-13T01:14:52","guid":{"rendered":"http:\/\/www.notibras.com\/site\/?p=43732"},"modified":"2015-04-12T23:28:41","modified_gmt":"2015-04-13T02:28:41","slug":"vasco-domina-no-maraca-nao-marca-e-novo-empate-coloca-o-fla-na-final","status":"publish","type":"post","link":"https:\/\/www.notibras.com\/site\/vasco-domina-no-maraca-nao-marca-e-novo-empate-coloca-o-fla-na-final\/","title":{"rendered":"Vasco domina no Maraca, n\u00e3o marca, e novo empate classifica Fla"},"content":{"rendered":"<p>Em jogo recheado de tens\u00e3o e lances pol\u00eamicos, Flamengo e Vasco n\u00e3o conseguiram sair do 0 a 0 no Maracan\u00e3 no primeiro jogo da semifinal do Campeonato Carioca, na tarde deste domingo. Com o resultado, o Rubro-negro joga por um novo empate no pr\u00f3ximo final de semana para avan\u00e7ar \u00e0 decis\u00e3o do Estadual.<\/p>\n<p>As pol\u00eamicas tiveram in\u00edcio j\u00e1 aos 10min do primeiro tempo, com uma falta dura de Jonas sobre Gilberto em que jogadores do Vasco cobraram a expuls\u00e3o do volante, que acabou n\u00e3o acontecendo. Entradas fortes de Christiano, Marcelo Cirino, Rodrigo, Dagoberto e Wallace mantiveram os \u00e2nimos exaltados durante o confronto, que, curiosamente, n\u00e3o teve nenhum cart\u00e3o vermelho.<\/p>\n<p>O Flamengo tem a vantagem por ter feito melhor campanha na fase de classifica\u00e7\u00e3o: o time foi o segundo colocado, enquanto o Cruzmaltino ficou em terceiro. O classificado no duelo enfrenta o vencedor de Fluminense e Botafogo nos dias 26 de abril e 3 de maio.<\/p>\n<p>O cl\u00e1ssico come\u00e7ou quente no Maracan\u00e3. Ap\u00f3s o Vasco ter chance clara com Julio dos Santos aos 5min, o volante Jonas entrou de forma dur\u00edssima em disputa de bola com Gilberto, o que incendiou o clima em campo logo aos 10min de jogo. A revolta cruzmaltina foi ainda pior pois o rubro-negro levou apenas cart\u00e3o amarelo e s\u00f3 deixou a partida por causa de uma troca por Everton, realizada \u00e0s pressas por Vanderlei Luxemburgo.<\/p>\n<blockquote><p>O clima tenso e a vontade das duas equipes n\u00e3o se traduzia em jogadas de qualidade. Os dois times cometiam muitos erros, como no lance em Gabriel cruzou rasteiro da esquerda e Marcelo Cirino furou bola mesmo sozinho dentro da pequena \u00e1rea. As chances perdidas por Vasco e Flamengo ditavam o tom de uma partida de muitos espa\u00e7os, mas pouca t\u00e9cnica nas conclus\u00f5es.<\/p><\/blockquote>\n<p>O intervalo mudou pouca coisa no duelo. Vasco e Flamengo voltaram para o segundo tempo ainda brigando mais pela bola que construindo boas jogadas e lances de perigo. As duas equipes mostravam certa desorganiza\u00e7\u00e3o enquanto tentavam sair do persistente 0 a 0 no placar.<\/p>\n<p>Mais focados no jogo e um pouco menos agressivos, os dois times cresceram de rendimento nos minutos finais, principalmente o Vasco. A equipe de S\u00e3o Janu\u00e1rio passou muito perto de marcar com um chute de Bernardo j\u00e1 dentro da \u00e1rea aos 37min do segundo tempo, al\u00e9m de uma trapalhada de Par\u00e1, que quase marcou contra aos 41min ao tentar recuar de cabe\u00e7a para Paulo Victor.<\/p>\n<p>O Flamengo, por sua vez, se defendia como podia e saia perigosamente para contragolpes na velocidade de Cirino e Everton. As tentativas das duas equipes, no entanto, foram em v\u00e3o: mesmo com todas as chances, o cl\u00e1ssico acabaria empatado no Maracan\u00e3.<\/p>\n","protected":false},"excerpt":{"rendered":"<p>Em jogo recheado de tens\u00e3o e lances pol\u00eamicos, Flamengo e Vasco n\u00e3o conseguiram sair do 0 a 0 no Maracan\u00e3 no primeiro jogo da semifinal do Campeonato Carioca, na tarde deste domingo. Com o resultado, o Rubro-negro joga por um novo empate no pr\u00f3ximo final de semana para avan\u00e7ar \u00e0 decis\u00e3o do Estadual. As pol\u00eamicas [&hellip;]<\/p>\n","protected":false},"author":2,"featured_media":43733,"comment_status":"open","ping_status":"closed","sticky":false,"template":"","format":"standard","meta":{"_acf_changed":false,"footnotes":""},"categories":[19,29],"tags":[],"class_list":["post-43732","post","type-post","status-publish","format-standard","has-post-thumbnail","hentry","category-esportes","category-futebol"],"acf":[],"yoast_head":"<!-- This site is optimized with the Yoast SEO plugin v27.2 - https:\/\/yoast.com\/product\/yoast-seo-wordpress\/ -->\n<title>Vasco domina no Maraca, n\u00e3o marca, e novo empate classifica Fla - Notibras<\/title>\n<meta name=\"robots\" content=\"index, follow, max-snippet:-1, max-image-preview:large, max-video-preview:-1\" \/>\n<link rel=\"canonical\" href=\"https:\/\/www.notibras.com\/site\/vasco-domina-no-maraca-nao-marca-e-novo-empate-coloca-o-fla-na-final\/\" \/>\n<meta property=\"og:locale\" content=\"pt_BR\" \/>\n<meta property=\"og:type\" content=\"article\" \/>\n<meta property=\"og:title\" content=\"Vasco domina no Maraca, n\u00e3o marca, e novo empate classifica Fla - Notibras\" \/>\n<meta property=\"og:description\" content=\"Em jogo recheado de tens\u00e3o e lances pol\u00eamicos, Flamengo e Vasco n\u00e3o conseguiram sair do 0 a 0 no Maracan\u00e3 no primeiro jogo da semifinal do Campeonato Carioca, na tarde deste domingo. Com o resultado, o Rubro-negro joga por um novo empate no pr\u00f3ximo final de semana para avan\u00e7ar \u00e0 decis\u00e3o do Estadual. As pol\u00eamicas [&hellip;]\" \/>\n<meta property=\"og:url\" content=\"https:\/\/www.notibras.com\/site\/vasco-domina-no-maraca-nao-marca-e-novo-empate-coloca-o-fla-na-final\/\" \/>\n<meta property=\"og:site_name\" content=\"Notibras\" \/>\n<meta property=\"article:publisher\" content=\"https:\/\/www.facebook.com\/notibras\/\" \/>\n<meta property=\"article:published_time\" content=\"2015-04-13T01:14:52+00:00\" \/>\n<meta property=\"article:modified_time\" content=\"2015-04-13T02:28:41+00:00\" \/>\n<meta property=\"og:image\" content=\"https:\/\/www.notibras.com\/site\/wp-content\/uploads\/2015\/04\/vas12.jpg\" \/>\n\t<meta property=\"og:image:width\" content=\"460\" \/>\n\t<meta property=\"og:image:height\" content=\"306\" \/>\n\t<meta property=\"og:image:type\" content=\"image\/jpeg\" \/>\n<meta name=\"author\" content=\"Reda\u00e7\u00e3o\" \/>\n<meta name=\"twitter:card\" content=\"summary_large_image\" \/>\n<meta name=\"twitter:creator\" content=\"@Notibras\" \/>\n<meta name=\"twitter:site\" content=\"@Notibras\" \/>\n<meta name=\"twitter:label1\" content=\"Escrito por\" \/>\n\t<meta name=\"twitter:data1\" content=\"Reda\u00e7\u00e3o\" \/>\n\t<meta name=\"twitter:label2\" content=\"Est. tempo de leitura\" \/>\n\t<meta name=\"twitter:data2\" content=\"2 minutos\" \/>\n<script type=\"application\/ld+json\" class=\"yoast-schema-graph\">{\"@context\":\"https:\/\/schema.org\",\"@graph\":[{\"@type\":\"Article\",\"@id\":\"https:\/\/www.notibras.com\/site\/vasco-domina-no-maraca-nao-marca-e-novo-empate-coloca-o-fla-na-final\/#article\",\"isPartOf\":{\"@id\":\"https:\/\/www.notibras.com\/site\/vasco-domina-no-maraca-nao-marca-e-novo-empate-coloca-o-fla-na-final\/\"},\"author\":{\"name\":\"Reda\u00e7\u00e3o\",\"@id\":\"https:\/\/www.notibras.com\/site\/#\/schema\/person\/36ab0979449956132d3e5b517ea76ac8\"},\"headline\":\"Vasco domina no Maraca, n\u00e3o marca, e novo empate classifica Fla\",\"datePublished\":\"2015-04-13T01:14:52+00:00\",\"dateModified\":\"2015-04-13T02:28:41+00:00\",\"mainEntityOfPage\":{\"@id\":\"https:\/\/www.notibras.com\/site\/vasco-domina-no-maraca-nao-marca-e-novo-empate-coloca-o-fla-na-final\/\"},\"wordCount\":476,\"commentCount\":0,\"publisher\":{\"@id\":\"https:\/\/www.notibras.com\/site\/#organization\"},\"image\":{\"@id\":\"https:\/\/www.notibras.com\/site\/vasco-domina-no-maraca-nao-marca-e-novo-empate-coloca-o-fla-na-final\/#primaryimage\"},\"thumbnailUrl\":\"https:\/\/www.notibras.com\/site\/wp-content\/uploads\/2015\/04\/vas12.jpg\",\"articleSection\":[\"Esportes\",\"Futebol\"],\"inLanguage\":\"pt-BR\",\"potentialAction\":[{\"@type\":\"CommentAction\",\"name\":\"Comment\",\"target\":[\"https:\/\/www.notibras.com\/site\/vasco-domina-no-maraca-nao-marca-e-novo-empate-coloca-o-fla-na-final\/#respond\"]}]},{\"@type\":\"WebPage\",\"@id\":\"https:\/\/www.notibras.com\/site\/vasco-domina-no-maraca-nao-marca-e-novo-empate-coloca-o-fla-na-final\/\",\"url\":\"https:\/\/www.notibras.com\/site\/vasco-domina-no-maraca-nao-marca-e-novo-empate-coloca-o-fla-na-final\/\",\"name\":\"Vasco domina no Maraca, n\u00e3o marca, e novo empate classifica Fla - Notibras\",\"isPartOf\":{\"@id\":\"https:\/\/www.notibras.com\/site\/#website\"},\"primaryImageOfPage\":{\"@id\":\"https:\/\/www.notibras.com\/site\/vasco-domina-no-maraca-nao-marca-e-novo-empate-coloca-o-fla-na-final\/#primaryimage\"},\"image\":{\"@id\":\"https:\/\/www.notibras.com\/site\/vasco-domina-no-maraca-nao-marca-e-novo-empate-coloca-o-fla-na-final\/#primaryimage\"},\"thumbnailUrl\":\"https:\/\/www.notibras.com\/site\/wp-content\/uploads\/2015\/04\/vas12.jpg\",\"datePublished\":\"2015-04-13T01:14:52+00:00\",\"dateModified\":\"2015-04-13T02:28:41+00:00\",\"breadcrumb\":{\"@id\":\"https:\/\/www.notibras.com\/site\/vasco-domina-no-maraca-nao-marca-e-novo-empate-coloca-o-fla-na-final\/#breadcrumb\"},\"inLanguage\":\"pt-BR\",\"potentialAction\":[{\"@type\":\"ReadAction\",\"target\":[\"https:\/\/www.notibras.com\/site\/vasco-domina-no-maraca-nao-marca-e-novo-empate-coloca-o-fla-na-final\/\"]}]},{\"@type\":\"ImageObject\",\"inLanguage\":\"pt-BR\",\"@id\":\"https:\/\/www.notibras.com\/site\/vasco-domina-no-maraca-nao-marca-e-novo-empate-coloca-o-fla-na-final\/#primaryimage\",\"url\":\"https:\/\/www.notibras.com\/site\/wp-content\/uploads\/2015\/04\/vas12.jpg\",\"contentUrl\":\"https:\/\/www.notibras.com\/site\/wp-content\/uploads\/2015\/04\/vas12.jpg\",\"width\":460,\"height\":306},{\"@type\":\"BreadcrumbList\",\"@id\":\"https:\/\/www.notibras.com\/site\/vasco-domina-no-maraca-nao-marca-e-novo-empate-coloca-o-fla-na-final\/#breadcrumb\",\"itemListElement\":[{\"@type\":\"ListItem\",\"position\":1,\"name\":\"In\u00edcio\",\"item\":\"https:\/\/www.notibras.com\/site\/\"},{\"@type\":\"ListItem\",\"position\":2,\"name\":\"Vasco domina no Maraca, n\u00e3o marca, e novo empate classifica Fla\"}]},{\"@type\":\"WebSite\",\"@id\":\"https:\/\/www.notibras.com\/site\/#website\",\"url\":\"https:\/\/www.notibras.com\/site\/\",\"name\":\"Notibras\",\"description\":\"Not\u00edcias de Bras\u00edlia, do Brasil e do Mundo\",\"publisher\":{\"@id\":\"https:\/\/www.notibras.com\/site\/#organization\"},\"potentialAction\":[{\"@type\":\"SearchAction\",\"target\":{\"@type\":\"EntryPoint\",\"urlTemplate\":\"https:\/\/www.notibras.com\/site\/?s={search_term_string}\"},\"query-input\":{\"@type\":\"PropertyValueSpecification\",\"valueRequired\":true,\"valueName\":\"search_term_string\"}}],\"inLanguage\":\"pt-BR\"},{\"@type\":\"Organization\",\"@id\":\"https:\/\/www.notibras.com\/site\/#organization\",\"name\":\"Grupo Notibras de Comunica\u00e7\u00e3o\",\"url\":\"https:\/\/www.notibras.com\/site\/\",\"logo\":{\"@type\":\"ImageObject\",\"inLanguage\":\"pt-BR\",\"@id\":\"https:\/\/www.notibras.com\/site\/#\/schema\/logo\/image\/\",\"url\":\"https:\/\/www.notibras.com\/site\/wp-content\/uploads\/2023\/01\/notibras23.png\",\"contentUrl\":\"https:\/\/www.notibras.com\/site\/wp-content\/uploads\/2023\/01\/notibras23.png\",\"width\":350,\"height\":87,\"caption\":\"Grupo Notibras de Comunica\u00e7\u00e3o\"},\"image\":{\"@id\":\"https:\/\/www.notibras.com\/site\/#\/schema\/logo\/image\/\"},\"sameAs\":[\"https:\/\/www.facebook.com\/notibras\/\",\"https:\/\/x.com\/Notibras\",\"https:\/\/www.instagram.com\/notibras\/\"]},{\"@type\":\"Person\",\"@id\":\"https:\/\/www.notibras.com\/site\/#\/schema\/person\/36ab0979449956132d3e5b517ea76ac8\",\"name\":\"Reda\u00e7\u00e3o\",\"image\":{\"@type\":\"ImageObject\",\"inLanguage\":\"pt-BR\",\"@id\":\"https:\/\/secure.gravatar.com\/avatar\/e0a867bdedb85fd243eadf09663511f96fc81e0720a4a42581f334ad4303aa6b?s=96&d=mm&r=g\",\"url\":\"https:\/\/secure.gravatar.com\/avatar\/e0a867bdedb85fd243eadf09663511f96fc81e0720a4a42581f334ad4303aa6b?s=96&d=mm&r=g\",\"contentUrl\":\"https:\/\/secure.gravatar.com\/avatar\/e0a867bdedb85fd243eadf09663511f96fc81e0720a4a42581f334ad4303aa6b?s=96&d=mm&r=g\",\"caption\":\"Reda\u00e7\u00e3o\"}}]}<\/script>\n<!-- \/ Yoast SEO plugin. -->","yoast_head_json":{"title":"Vasco domina no Maraca, n\u00e3o marca, e novo empate classifica Fla - Notibras","robots":{"index":"index","follow":"follow","max-snippet":"max-snippet:-1","max-image-preview":"max-image-preview:large","max-video-preview":"max-video-preview:-1"},"canonical":"https:\/\/www.notibras.com\/site\/vasco-domina-no-maraca-nao-marca-e-novo-empate-coloca-o-fla-na-final\/","og_locale":"pt_BR","og_type":"article","og_title":"Vasco domina no Maraca, n\u00e3o marca, e novo empate classifica Fla - Notibras","og_description":"Em jogo recheado de tens\u00e3o e lances pol\u00eamicos, Flamengo e Vasco n\u00e3o conseguiram sair do 0 a 0 no Maracan\u00e3 no primeiro jogo da semifinal do Campeonato Carioca, na tarde deste domingo. Com o resultado, o Rubro-negro joga por um novo empate no pr\u00f3ximo final de semana para avan\u00e7ar \u00e0 decis\u00e3o do Estadual. As pol\u00eamicas [&hellip;]","og_url":"https:\/\/www.notibras.com\/site\/vasco-domina-no-maraca-nao-marca-e-novo-empate-coloca-o-fla-na-final\/","og_site_name":"Notibras","article_publisher":"https:\/\/www.facebook.com\/notibras\/","article_published_time":"2015-04-13T01:14:52+00:00","article_modified_time":"2015-04-13T02:28:41+00:00","og_image":[{"width":460,"height":306,"url":"https:\/\/www.notibras.com\/site\/wp-content\/uploads\/2015\/04\/vas12.jpg","type":"image\/jpeg"}],"author":"Reda\u00e7\u00e3o","twitter_card":"summary_large_image","twitter_creator":"@Notibras","twitter_site":"@Notibras","twitter_misc":{"Escrito por":"Reda\u00e7\u00e3o","Est. tempo de leitura":"2 minutos"},"schema":{"@context":"https:\/\/schema.org","@graph":[{"@type":"Article","@id":"https:\/\/www.notibras.com\/site\/vasco-domina-no-maraca-nao-marca-e-novo-empate-coloca-o-fla-na-final\/#article","isPartOf":{"@id":"https:\/\/www.notibras.com\/site\/vasco-domina-no-maraca-nao-marca-e-novo-empate-coloca-o-fla-na-final\/"},"author":{"name":"Reda\u00e7\u00e3o","@id":"https:\/\/www.notibras.com\/site\/#\/schema\/person\/36ab0979449956132d3e5b517ea76ac8"},"headline":"Vasco domina no Maraca, n\u00e3o marca, e novo empate classifica Fla","datePublished":"2015-04-13T01:14:52+00:00","dateModified":"2015-04-13T02:28:41+00:00","mainEntityOfPage":{"@id":"https:\/\/www.notibras.com\/site\/vasco-domina-no-maraca-nao-marca-e-novo-empate-coloca-o-fla-na-final\/"},"wordCount":476,"commentCount":0,"publisher":{"@id":"https:\/\/www.notibras.com\/site\/#organization"},"image":{"@id":"https:\/\/www.notibras.com\/site\/vasco-domina-no-maraca-nao-marca-e-novo-empate-coloca-o-fla-na-final\/#primaryimage"},"thumbnailUrl":"https:\/\/www.notibras.com\/site\/wp-content\/uploads\/2015\/04\/vas12.jpg","articleSection":["Esportes","Futebol"],"inLanguage":"pt-BR","potentialAction":[{"@type":"CommentAction","name":"Comment","target":["https:\/\/www.notibras.com\/site\/vasco-domina-no-maraca-nao-marca-e-novo-empate-coloca-o-fla-na-final\/#respond"]}]},{"@type":"WebPage","@id":"https:\/\/www.notibras.com\/site\/vasco-domina-no-maraca-nao-marca-e-novo-empate-coloca-o-fla-na-final\/","url":"https:\/\/www.notibras.com\/site\/vasco-domina-no-maraca-nao-marca-e-novo-empate-coloca-o-fla-na-final\/","name":"Vasco domina no Maraca, n\u00e3o marca, e novo empate classifica Fla - Notibras","isPartOf":{"@id":"https:\/\/www.notibras.com\/site\/#website"},"primaryImageOfPage":{"@id":"https:\/\/www.notibras.com\/site\/vasco-domina-no-maraca-nao-marca-e-novo-empate-coloca-o-fla-na-final\/#primaryimage"},"image":{"@id":"https:\/\/www.notibras.com\/site\/vasco-domina-no-maraca-nao-marca-e-novo-empate-coloca-o-fla-na-final\/#primaryimage"},"thumbnailUrl":"https:\/\/www.notibras.com\/site\/wp-content\/uploads\/2015\/04\/vas12.jpg","datePublished":"2015-04-13T01:14:52+00:00","dateModified":"2015-04-13T02:28:41+00:00","breadcrumb":{"@id":"https:\/\/www.notibras.com\/site\/vasco-domina-no-maraca-nao-marca-e-novo-empate-coloca-o-fla-na-final\/#breadcrumb"},"inLanguage":"pt-BR","potentialAction":[{"@type":"ReadAction","target":["https:\/\/www.notibras.com\/site\/vasco-domina-no-maraca-nao-marca-e-novo-empate-coloca-o-fla-na-final\/"]}]},{"@type":"ImageObject","inLanguage":"pt-BR","@id":"https:\/\/www.notibras.com\/site\/vasco-domina-no-maraca-nao-marca-e-novo-empate-coloca-o-fla-na-final\/#primaryimage","url":"https:\/\/www.notibras.com\/site\/wp-content\/uploads\/2015\/04\/vas12.jpg","contentUrl":"https:\/\/www.notibras.com\/site\/wp-content\/uploads\/2015\/04\/vas12.jpg","width":460,"height":306},{"@type":"BreadcrumbList","@id":"https:\/\/www.notibras.com\/site\/vasco-domina-no-maraca-nao-marca-e-novo-empate-coloca-o-fla-na-final\/#breadcrumb","itemListElement":[{"@type":"ListItem","position":1,"name":"In\u00edcio","item":"https:\/\/www.notibras.com\/site\/"},{"@type":"ListItem","position":2,"name":"Vasco domina no Maraca, n\u00e3o marca, e novo empate classifica Fla"}]},{"@type":"WebSite","@id":"https:\/\/www.notibras.com\/site\/#website","url":"https:\/\/www.notibras.com\/site\/","name":"Notibras","description":"Not\u00edcias de Bras\u00edlia, do Brasil e do Mundo","publisher":{"@id":"https:\/\/www.notibras.com\/site\/#organization"},"potentialAction":[{"@type":"SearchAction","target":{"@type":"EntryPoint","urlTemplate":"https:\/\/www.notibras.com\/site\/?s={search_term_string}"},"query-input":{"@type":"PropertyValueSpecification","valueRequired":true,"valueName":"search_term_string"}}],"inLanguage":"pt-BR"},{"@type":"Organization","@id":"https:\/\/www.notibras.com\/site\/#organization","name":"Grupo Notibras de Comunica\u00e7\u00e3o","url":"https:\/\/www.notibras.com\/site\/","logo":{"@type":"ImageObject","inLanguage":"pt-BR","@id":"https:\/\/www.notibras.com\/site\/#\/schema\/logo\/image\/","url":"https:\/\/www.notibras.com\/site\/wp-content\/uploads\/2023\/01\/notibras23.png","contentUrl":"https:\/\/www.notibras.com\/site\/wp-content\/uploads\/2023\/01\/notibras23.png","width":350,"height":87,"caption":"Grupo Notibras de Comunica\u00e7\u00e3o"},"image":{"@id":"https:\/\/www.notibras.com\/site\/#\/schema\/logo\/image\/"},"sameAs":["https:\/\/www.facebook.com\/notibras\/","https:\/\/x.com\/Notibras","https:\/\/www.instagram.com\/notibras\/"]},{"@type":"Person","@id":"https:\/\/www.notibras.com\/site\/#\/schema\/person\/36ab0979449956132d3e5b517ea76ac8","name":"Reda\u00e7\u00e3o","image":{"@type":"ImageObject","inLanguage":"pt-BR","@id":"https:\/\/secure.gravatar.com\/avatar\/e0a867bdedb85fd243eadf09663511f96fc81e0720a4a42581f334ad4303aa6b?s=96&d=mm&r=g","url":"https:\/\/secure.gravatar.com\/avatar\/e0a867bdedb85fd243eadf09663511f96fc81e0720a4a42581f334ad4303aa6b?s=96&d=mm&r=g","contentUrl":"https:\/\/secure.gravatar.com\/avatar\/e0a867bdedb85fd243eadf09663511f96fc81e0720a4a42581f334ad4303aa6b?s=96&d=mm&r=g","caption":"Reda\u00e7\u00e3o"}}]}},"amp_enabled":true,"_links":{"self":[{"href":"https:\/\/www.notibras.com\/site\/wp-json\/wp\/v2\/posts\/43732","targetHints":{"allow":["GET"]}}],"collection":[{"href":"https:\/\/www.notibras.com\/site\/wp-json\/wp\/v2\/posts"}],"about":[{"href":"https:\/\/www.notibras.com\/site\/wp-json\/wp\/v2\/types\/post"}],"author":[{"embeddable":true,"href":"https:\/\/www.notibras.com\/site\/wp-json\/wp\/v2\/users\/2"}],"replies":[{"embeddable":true,"href":"https:\/\/www.notibras.com\/site\/wp-json\/wp\/v2\/comments?post=43732"}],"version-history":[{"count":0,"href":"https:\/\/www.notibras.com\/site\/wp-json\/wp\/v2\/posts\/43732\/revisions"}],"wp:featuredmedia":[{"embeddable":true,"href":"https:\/\/www.notibras.com\/site\/wp-json\/wp\/v2\/media\/43733"}],"wp:attachment":[{"href":"https:\/\/www.notibras.com\/site\/wp-json\/wp\/v2\/media?parent=43732"}],"wp:term":[{"taxonomy":"category","embeddable":true,"href":"https:\/\/www.notibras.com\/site\/wp-json\/wp\/v2\/categories?post=43732"},{"taxonomy":"post_tag","embeddable":true,"href":"https:\/\/www.notibras.com\/site\/wp-json\/wp\/v2\/tags?post=43732"}],"curies":[{"name":"wp","href":"https:\/\/api.w.org\/{rel}","templated":true}]}}