{"id":43737,"date":"2015-04-12T18:21:28","date_gmt":"2015-04-12T21:21:28","guid":{"rendered":"http:\/\/www.notibras.com\/site\/?p=43737"},"modified":"2015-04-12T18:21:28","modified_gmt":"2015-04-12T21:21:28","slug":"cruzeiro-e-galo-ficam-no-1-a-1-no-primeiro-da-decisao-mineira","status":"publish","type":"post","link":"https:\/\/www.notibras.com\/site\/cruzeiro-e-galo-ficam-no-1-a-1-no-primeiro-da-decisao-mineira\/","title":{"rendered":"Cruzeiro e Galo ficam no 1 a 1 no primeiro da decis\u00e3o mineira"},"content":{"rendered":"<p>Com gols de Carlos e De Arrascaeta, Atl\u00e9tico-MG e Cruzeiro empataram por 1 a 1 no primeiro jogo da semifinal mineira. A partida no Horto foi bastante pegada desde o in\u00edcio, o que resultou em uma distribui\u00e7\u00f5es de cart\u00f5es amarelos para os dois lados. Zagueiro e capit\u00e3o alvinegro, Leonardo Silva ainda viu o cart\u00e3o vermelho direto e foi para o chuveiro mais cedo. A pedido do Cruzeiro, a partida n\u00e3o teve arbitragem caseira. O paulista Raphael Claus foi o dono do apito no Horto completamente alvinegro, j\u00e1 que a diretoria celeste, como de costume, abriu m\u00e3o dos ingressos colocados \u00e0 disposi\u00e7\u00e3o da equipe.<\/p>\n<p>Com o empate, o Cruzeiro mant\u00e9m a vantagem de obter dois resultados iguais, j\u00e1 que fez uma campanha melhor na primeira fase. O segundo e decisivo duelo ser\u00e1 disputado no final de semana que vem, no Mineir\u00e3o.<\/p>\n<p>Com forte desgaste f\u00edsico, o atacante Lucas Pratto, do Atl\u00e9tico, e Mayke, do Cruzeiro, n\u00e3o come\u00e7aram a partida entre os titulares. O argentino sequer ficou no banco, comparecendo ao Independ\u00eancia de chinelo apenas para acompanhar o cl\u00e1ssico. Outra curiosidade foi o &#8216;reencontro&#8217; de Riascos com o est\u00e1dio ap\u00f3s o hist\u00f3rico p\u00eanalti defendido por Victor nas quartas de final da Copa Libertadores de 2013.<\/p>\n<blockquote><p>Os quatro cart\u00f5es amarelos (dois para cada lado) com menos de 20 minutos j\u00e1 previam um jogo pegado. O Cruzeiro come\u00e7ou melhor, explorando os espa\u00e7os em campo e caindo bem pelo lado esquerdo. Em uma das jogadas, Dami\u00e3o carimbou a trave. A medida que melhorou o combate no meio-campo, o Atl\u00e9tico passou a amea\u00e7ar o gol de F\u00e1bio.<\/p><\/blockquote>\n<p>A forte marca\u00e7\u00e3o entre os rivais limitou as jogadas de perigo, diminuindo o ritmo de jogo e aumentando o n\u00famero de cart\u00f5es (sete no primeiro tempo). Quando o equil\u00edbrio prevalecia e a partida caminhava para a igualdade no primeiro tempo, Guilherme achou Luan pelo setor direito. No cruzamento rasteiro, Carlos aparece na segunda trave para abrir o marcador.<\/p>\n<p>Com o lateral esquerdo Fabr\u00edcio, o Cruzeiro voltou mais disposto no segundo tempo. Em poucos minutos, marcou mais presen\u00e7a no campo de ataque e aproveitou-se do talento de Arrascaeta para empatar. Em jogada individual que incluiu caneta e um n\u00f3 na defesa atleticana, o uruguaio invadiu a \u00e1rea e igualou o marcador.<\/p>\n<p>Pouco tempo ap\u00f3s o gol, Leonardo Silva e Leandro Dami\u00e3o se entranham dentro de campo. O atacante tentou tomar a bola do zagueiro, que deixou a perna. Amarelo para um, vermelho para outro e vantagem num\u00e9rica para o Cruzeiro.<\/p>\n<p>Embora o Cruzeiro estivesse com um a mais em campo, Levir Culpi n\u00e3o recuou seu time. Recomp\u00f4s a zaga com Edcarlos, mas tirou o volante Josu\u00e9 de campo. Com menos presen\u00e7a no campo de ataque, viu o rival amea\u00e7ar com mais frequ\u00eancia, mas n\u00e3o abdicou das a\u00e7\u00f5es ofensivas. Fim de jogo, 1 a 1.<\/p>\n","protected":false},"excerpt":{"rendered":"<p>Com gols de Carlos e De Arrascaeta, Atl\u00e9tico-MG e Cruzeiro empataram por 1 a 1 no primeiro jogo da semifinal mineira. A partida no Horto foi bastante pegada desde o in\u00edcio, o que resultou em uma distribui\u00e7\u00f5es de cart\u00f5es amarelos para os dois lados. Zagueiro e capit\u00e3o alvinegro, Leonardo Silva ainda viu o cart\u00e3o vermelho [&hellip;]<\/p>\n","protected":false},"author":2,"featured_media":43738,"comment_status":"open","ping_status":"closed","sticky":false,"template":"","format":"standard","meta":{"_acf_changed":false,"footnotes":""},"categories":[19,29],"tags":[],"class_list":["post-43737","post","type-post","status-publish","format-standard","has-post-thumbnail","hentry","category-esportes","category-futebol"],"acf":[],"yoast_head":"<!-- This site is optimized with the Yoast SEO plugin v27.2 - https:\/\/yoast.com\/product\/yoast-seo-wordpress\/ -->\n<title>Cruzeiro e Galo ficam no 1 a 1 no primeiro da decis\u00e3o mineira - Notibras<\/title>\n<meta name=\"robots\" content=\"index, follow, max-snippet:-1, max-image-preview:large, max-video-preview:-1\" \/>\n<link rel=\"canonical\" href=\"https:\/\/www.notibras.com\/site\/cruzeiro-e-galo-ficam-no-1-a-1-no-primeiro-da-decisao-mineira\/\" \/>\n<meta property=\"og:locale\" content=\"pt_BR\" \/>\n<meta property=\"og:type\" content=\"article\" \/>\n<meta property=\"og:title\" content=\"Cruzeiro e Galo ficam no 1 a 1 no primeiro da decis\u00e3o mineira - Notibras\" \/>\n<meta property=\"og:description\" content=\"Com gols de Carlos e De Arrascaeta, Atl\u00e9tico-MG e Cruzeiro empataram por 1 a 1 no primeiro jogo da semifinal mineira. A partida no Horto foi bastante pegada desde o in\u00edcio, o que resultou em uma distribui\u00e7\u00f5es de cart\u00f5es amarelos para os dois lados. Zagueiro e capit\u00e3o alvinegro, Leonardo Silva ainda viu o cart\u00e3o vermelho [&hellip;]\" \/>\n<meta property=\"og:url\" content=\"https:\/\/www.notibras.com\/site\/cruzeiro-e-galo-ficam-no-1-a-1-no-primeiro-da-decisao-mineira\/\" \/>\n<meta property=\"og:site_name\" content=\"Notibras\" \/>\n<meta property=\"article:publisher\" content=\"https:\/\/www.facebook.com\/notibras\/\" \/>\n<meta property=\"article:published_time\" content=\"2015-04-12T21:21:28+00:00\" \/>\n<meta property=\"og:image\" content=\"https:\/\/www.notibras.com\/site\/wp-content\/uploads\/2015\/04\/cruga.jpg\" \/>\n\t<meta property=\"og:image:width\" content=\"460\" \/>\n\t<meta property=\"og:image:height\" content=\"307\" \/>\n\t<meta property=\"og:image:type\" content=\"image\/jpeg\" \/>\n<meta name=\"author\" content=\"Reda\u00e7\u00e3o\" \/>\n<meta name=\"twitter:card\" content=\"summary_large_image\" \/>\n<meta name=\"twitter:creator\" content=\"@Notibras\" \/>\n<meta name=\"twitter:site\" content=\"@Notibras\" \/>\n<meta name=\"twitter:label1\" content=\"Escrito por\" \/>\n\t<meta name=\"twitter:data1\" content=\"Reda\u00e7\u00e3o\" \/>\n\t<meta name=\"twitter:label2\" content=\"Est. tempo de leitura\" \/>\n\t<meta name=\"twitter:data2\" content=\"3 minutos\" \/>\n<script type=\"application\/ld+json\" class=\"yoast-schema-graph\">{\"@context\":\"https:\/\/schema.org\",\"@graph\":[{\"@type\":\"Article\",\"@id\":\"https:\/\/www.notibras.com\/site\/cruzeiro-e-galo-ficam-no-1-a-1-no-primeiro-da-decisao-mineira\/#article\",\"isPartOf\":{\"@id\":\"https:\/\/www.notibras.com\/site\/cruzeiro-e-galo-ficam-no-1-a-1-no-primeiro-da-decisao-mineira\/\"},\"author\":{\"name\":\"Reda\u00e7\u00e3o\",\"@id\":\"https:\/\/www.notibras.com\/site\/#\/schema\/person\/36ab0979449956132d3e5b517ea76ac8\"},\"headline\":\"Cruzeiro e Galo ficam no 1 a 1 no primeiro da decis\u00e3o mineira\",\"datePublished\":\"2015-04-12T21:21:28+00:00\",\"mainEntityOfPage\":{\"@id\":\"https:\/\/www.notibras.com\/site\/cruzeiro-e-galo-ficam-no-1-a-1-no-primeiro-da-decisao-mineira\/\"},\"wordCount\":513,\"commentCount\":0,\"publisher\":{\"@id\":\"https:\/\/www.notibras.com\/site\/#organization\"},\"image\":{\"@id\":\"https:\/\/www.notibras.com\/site\/cruzeiro-e-galo-ficam-no-1-a-1-no-primeiro-da-decisao-mineira\/#primaryimage\"},\"thumbnailUrl\":\"https:\/\/www.notibras.com\/site\/wp-content\/uploads\/2015\/04\/cruga.jpg\",\"articleSection\":[\"Esportes\",\"Futebol\"],\"inLanguage\":\"pt-BR\",\"potentialAction\":[{\"@type\":\"CommentAction\",\"name\":\"Comment\",\"target\":[\"https:\/\/www.notibras.com\/site\/cruzeiro-e-galo-ficam-no-1-a-1-no-primeiro-da-decisao-mineira\/#respond\"]}]},{\"@type\":\"WebPage\",\"@id\":\"https:\/\/www.notibras.com\/site\/cruzeiro-e-galo-ficam-no-1-a-1-no-primeiro-da-decisao-mineira\/\",\"url\":\"https:\/\/www.notibras.com\/site\/cruzeiro-e-galo-ficam-no-1-a-1-no-primeiro-da-decisao-mineira\/\",\"name\":\"Cruzeiro e Galo ficam no 1 a 1 no primeiro da decis\u00e3o mineira - Notibras\",\"isPartOf\":{\"@id\":\"https:\/\/www.notibras.com\/site\/#website\"},\"primaryImageOfPage\":{\"@id\":\"https:\/\/www.notibras.com\/site\/cruzeiro-e-galo-ficam-no-1-a-1-no-primeiro-da-decisao-mineira\/#primaryimage\"},\"image\":{\"@id\":\"https:\/\/www.notibras.com\/site\/cruzeiro-e-galo-ficam-no-1-a-1-no-primeiro-da-decisao-mineira\/#primaryimage\"},\"thumbnailUrl\":\"https:\/\/www.notibras.com\/site\/wp-content\/uploads\/2015\/04\/cruga.jpg\",\"datePublished\":\"2015-04-12T21:21:28+00:00\",\"breadcrumb\":{\"@id\":\"https:\/\/www.notibras.com\/site\/cruzeiro-e-galo-ficam-no-1-a-1-no-primeiro-da-decisao-mineira\/#breadcrumb\"},\"inLanguage\":\"pt-BR\",\"potentialAction\":[{\"@type\":\"ReadAction\",\"target\":[\"https:\/\/www.notibras.com\/site\/cruzeiro-e-galo-ficam-no-1-a-1-no-primeiro-da-decisao-mineira\/\"]}]},{\"@type\":\"ImageObject\",\"inLanguage\":\"pt-BR\",\"@id\":\"https:\/\/www.notibras.com\/site\/cruzeiro-e-galo-ficam-no-1-a-1-no-primeiro-da-decisao-mineira\/#primaryimage\",\"url\":\"https:\/\/www.notibras.com\/site\/wp-content\/uploads\/2015\/04\/cruga.jpg\",\"contentUrl\":\"https:\/\/www.notibras.com\/site\/wp-content\/uploads\/2015\/04\/cruga.jpg\",\"width\":460,\"height\":307},{\"@type\":\"BreadcrumbList\",\"@id\":\"https:\/\/www.notibras.com\/site\/cruzeiro-e-galo-ficam-no-1-a-1-no-primeiro-da-decisao-mineira\/#breadcrumb\",\"itemListElement\":[{\"@type\":\"ListItem\",\"position\":1,\"name\":\"In\u00edcio\",\"item\":\"https:\/\/www.notibras.com\/site\/\"},{\"@type\":\"ListItem\",\"position\":2,\"name\":\"Cruzeiro e Galo ficam no 1 a 1 no primeiro da decis\u00e3o mineira\"}]},{\"@type\":\"WebSite\",\"@id\":\"https:\/\/www.notibras.com\/site\/#website\",\"url\":\"https:\/\/www.notibras.com\/site\/\",\"name\":\"Notibras\",\"description\":\"Not\u00edcias de Bras\u00edlia, do Brasil e do Mundo\",\"publisher\":{\"@id\":\"https:\/\/www.notibras.com\/site\/#organization\"},\"potentialAction\":[{\"@type\":\"SearchAction\",\"target\":{\"@type\":\"EntryPoint\",\"urlTemplate\":\"https:\/\/www.notibras.com\/site\/?s={search_term_string}\"},\"query-input\":{\"@type\":\"PropertyValueSpecification\",\"valueRequired\":true,\"valueName\":\"search_term_string\"}}],\"inLanguage\":\"pt-BR\"},{\"@type\":\"Organization\",\"@id\":\"https:\/\/www.notibras.com\/site\/#organization\",\"name\":\"Grupo Notibras de Comunica\u00e7\u00e3o\",\"url\":\"https:\/\/www.notibras.com\/site\/\",\"logo\":{\"@type\":\"ImageObject\",\"inLanguage\":\"pt-BR\",\"@id\":\"https:\/\/www.notibras.com\/site\/#\/schema\/logo\/image\/\",\"url\":\"https:\/\/www.notibras.com\/site\/wp-content\/uploads\/2023\/01\/notibras23.png\",\"contentUrl\":\"https:\/\/www.notibras.com\/site\/wp-content\/uploads\/2023\/01\/notibras23.png\",\"width\":350,\"height\":87,\"caption\":\"Grupo Notibras de Comunica\u00e7\u00e3o\"},\"image\":{\"@id\":\"https:\/\/www.notibras.com\/site\/#\/schema\/logo\/image\/\"},\"sameAs\":[\"https:\/\/www.facebook.com\/notibras\/\",\"https:\/\/x.com\/Notibras\",\"https:\/\/www.instagram.com\/notibras\/\"]},{\"@type\":\"Person\",\"@id\":\"https:\/\/www.notibras.com\/site\/#\/schema\/person\/36ab0979449956132d3e5b517ea76ac8\",\"name\":\"Reda\u00e7\u00e3o\",\"image\":{\"@type\":\"ImageObject\",\"inLanguage\":\"pt-BR\",\"@id\":\"https:\/\/secure.gravatar.com\/avatar\/e0a867bdedb85fd243eadf09663511f96fc81e0720a4a42581f334ad4303aa6b?s=96&d=mm&r=g\",\"url\":\"https:\/\/secure.gravatar.com\/avatar\/e0a867bdedb85fd243eadf09663511f96fc81e0720a4a42581f334ad4303aa6b?s=96&d=mm&r=g\",\"contentUrl\":\"https:\/\/secure.gravatar.com\/avatar\/e0a867bdedb85fd243eadf09663511f96fc81e0720a4a42581f334ad4303aa6b?s=96&d=mm&r=g\",\"caption\":\"Reda\u00e7\u00e3o\"}}]}<\/script>\n<!-- \/ Yoast SEO plugin. -->","yoast_head_json":{"title":"Cruzeiro e Galo ficam no 1 a 1 no primeiro da decis\u00e3o mineira - Notibras","robots":{"index":"index","follow":"follow","max-snippet":"max-snippet:-1","max-image-preview":"max-image-preview:large","max-video-preview":"max-video-preview:-1"},"canonical":"https:\/\/www.notibras.com\/site\/cruzeiro-e-galo-ficam-no-1-a-1-no-primeiro-da-decisao-mineira\/","og_locale":"pt_BR","og_type":"article","og_title":"Cruzeiro e Galo ficam no 1 a 1 no primeiro da decis\u00e3o mineira - Notibras","og_description":"Com gols de Carlos e De Arrascaeta, Atl\u00e9tico-MG e Cruzeiro empataram por 1 a 1 no primeiro jogo da semifinal mineira. A partida no Horto foi bastante pegada desde o in\u00edcio, o que resultou em uma distribui\u00e7\u00f5es de cart\u00f5es amarelos para os dois lados. Zagueiro e capit\u00e3o alvinegro, Leonardo Silva ainda viu o cart\u00e3o vermelho [&hellip;]","og_url":"https:\/\/www.notibras.com\/site\/cruzeiro-e-galo-ficam-no-1-a-1-no-primeiro-da-decisao-mineira\/","og_site_name":"Notibras","article_publisher":"https:\/\/www.facebook.com\/notibras\/","article_published_time":"2015-04-12T21:21:28+00:00","og_image":[{"width":460,"height":307,"url":"https:\/\/www.notibras.com\/site\/wp-content\/uploads\/2015\/04\/cruga.jpg","type":"image\/jpeg"}],"author":"Reda\u00e7\u00e3o","twitter_card":"summary_large_image","twitter_creator":"@Notibras","twitter_site":"@Notibras","twitter_misc":{"Escrito por":"Reda\u00e7\u00e3o","Est. tempo de leitura":"3 minutos"},"schema":{"@context":"https:\/\/schema.org","@graph":[{"@type":"Article","@id":"https:\/\/www.notibras.com\/site\/cruzeiro-e-galo-ficam-no-1-a-1-no-primeiro-da-decisao-mineira\/#article","isPartOf":{"@id":"https:\/\/www.notibras.com\/site\/cruzeiro-e-galo-ficam-no-1-a-1-no-primeiro-da-decisao-mineira\/"},"author":{"name":"Reda\u00e7\u00e3o","@id":"https:\/\/www.notibras.com\/site\/#\/schema\/person\/36ab0979449956132d3e5b517ea76ac8"},"headline":"Cruzeiro e Galo ficam no 1 a 1 no primeiro da decis\u00e3o mineira","datePublished":"2015-04-12T21:21:28+00:00","mainEntityOfPage":{"@id":"https:\/\/www.notibras.com\/site\/cruzeiro-e-galo-ficam-no-1-a-1-no-primeiro-da-decisao-mineira\/"},"wordCount":513,"commentCount":0,"publisher":{"@id":"https:\/\/www.notibras.com\/site\/#organization"},"image":{"@id":"https:\/\/www.notibras.com\/site\/cruzeiro-e-galo-ficam-no-1-a-1-no-primeiro-da-decisao-mineira\/#primaryimage"},"thumbnailUrl":"https:\/\/www.notibras.com\/site\/wp-content\/uploads\/2015\/04\/cruga.jpg","articleSection":["Esportes","Futebol"],"inLanguage":"pt-BR","potentialAction":[{"@type":"CommentAction","name":"Comment","target":["https:\/\/www.notibras.com\/site\/cruzeiro-e-galo-ficam-no-1-a-1-no-primeiro-da-decisao-mineira\/#respond"]}]},{"@type":"WebPage","@id":"https:\/\/www.notibras.com\/site\/cruzeiro-e-galo-ficam-no-1-a-1-no-primeiro-da-decisao-mineira\/","url":"https:\/\/www.notibras.com\/site\/cruzeiro-e-galo-ficam-no-1-a-1-no-primeiro-da-decisao-mineira\/","name":"Cruzeiro e Galo ficam no 1 a 1 no primeiro da decis\u00e3o mineira - Notibras","isPartOf":{"@id":"https:\/\/www.notibras.com\/site\/#website"},"primaryImageOfPage":{"@id":"https:\/\/www.notibras.com\/site\/cruzeiro-e-galo-ficam-no-1-a-1-no-primeiro-da-decisao-mineira\/#primaryimage"},"image":{"@id":"https:\/\/www.notibras.com\/site\/cruzeiro-e-galo-ficam-no-1-a-1-no-primeiro-da-decisao-mineira\/#primaryimage"},"thumbnailUrl":"https:\/\/www.notibras.com\/site\/wp-content\/uploads\/2015\/04\/cruga.jpg","datePublished":"2015-04-12T21:21:28+00:00","breadcrumb":{"@id":"https:\/\/www.notibras.com\/site\/cruzeiro-e-galo-ficam-no-1-a-1-no-primeiro-da-decisao-mineira\/#breadcrumb"},"inLanguage":"pt-BR","potentialAction":[{"@type":"ReadAction","target":["https:\/\/www.notibras.com\/site\/cruzeiro-e-galo-ficam-no-1-a-1-no-primeiro-da-decisao-mineira\/"]}]},{"@type":"ImageObject","inLanguage":"pt-BR","@id":"https:\/\/www.notibras.com\/site\/cruzeiro-e-galo-ficam-no-1-a-1-no-primeiro-da-decisao-mineira\/#primaryimage","url":"https:\/\/www.notibras.com\/site\/wp-content\/uploads\/2015\/04\/cruga.jpg","contentUrl":"https:\/\/www.notibras.com\/site\/wp-content\/uploads\/2015\/04\/cruga.jpg","width":460,"height":307},{"@type":"BreadcrumbList","@id":"https:\/\/www.notibras.com\/site\/cruzeiro-e-galo-ficam-no-1-a-1-no-primeiro-da-decisao-mineira\/#breadcrumb","itemListElement":[{"@type":"ListItem","position":1,"name":"In\u00edcio","item":"https:\/\/www.notibras.com\/site\/"},{"@type":"ListItem","position":2,"name":"Cruzeiro e Galo ficam no 1 a 1 no primeiro da decis\u00e3o mineira"}]},{"@type":"WebSite","@id":"https:\/\/www.notibras.com\/site\/#website","url":"https:\/\/www.notibras.com\/site\/","name":"Notibras","description":"Not\u00edcias de Bras\u00edlia, do Brasil e do Mundo","publisher":{"@id":"https:\/\/www.notibras.com\/site\/#organization"},"potentialAction":[{"@type":"SearchAction","target":{"@type":"EntryPoint","urlTemplate":"https:\/\/www.notibras.com\/site\/?s={search_term_string}"},"query-input":{"@type":"PropertyValueSpecification","valueRequired":true,"valueName":"search_term_string"}}],"inLanguage":"pt-BR"},{"@type":"Organization","@id":"https:\/\/www.notibras.com\/site\/#organization","name":"Grupo Notibras de Comunica\u00e7\u00e3o","url":"https:\/\/www.notibras.com\/site\/","logo":{"@type":"ImageObject","inLanguage":"pt-BR","@id":"https:\/\/www.notibras.com\/site\/#\/schema\/logo\/image\/","url":"https:\/\/www.notibras.com\/site\/wp-content\/uploads\/2023\/01\/notibras23.png","contentUrl":"https:\/\/www.notibras.com\/site\/wp-content\/uploads\/2023\/01\/notibras23.png","width":350,"height":87,"caption":"Grupo Notibras de Comunica\u00e7\u00e3o"},"image":{"@id":"https:\/\/www.notibras.com\/site\/#\/schema\/logo\/image\/"},"sameAs":["https:\/\/www.facebook.com\/notibras\/","https:\/\/x.com\/Notibras","https:\/\/www.instagram.com\/notibras\/"]},{"@type":"Person","@id":"https:\/\/www.notibras.com\/site\/#\/schema\/person\/36ab0979449956132d3e5b517ea76ac8","name":"Reda\u00e7\u00e3o","image":{"@type":"ImageObject","inLanguage":"pt-BR","@id":"https:\/\/secure.gravatar.com\/avatar\/e0a867bdedb85fd243eadf09663511f96fc81e0720a4a42581f334ad4303aa6b?s=96&d=mm&r=g","url":"https:\/\/secure.gravatar.com\/avatar\/e0a867bdedb85fd243eadf09663511f96fc81e0720a4a42581f334ad4303aa6b?s=96&d=mm&r=g","contentUrl":"https:\/\/secure.gravatar.com\/avatar\/e0a867bdedb85fd243eadf09663511f96fc81e0720a4a42581f334ad4303aa6b?s=96&d=mm&r=g","caption":"Reda\u00e7\u00e3o"}}]}},"amp_enabled":true,"_links":{"self":[{"href":"https:\/\/www.notibras.com\/site\/wp-json\/wp\/v2\/posts\/43737","targetHints":{"allow":["GET"]}}],"collection":[{"href":"https:\/\/www.notibras.com\/site\/wp-json\/wp\/v2\/posts"}],"about":[{"href":"https:\/\/www.notibras.com\/site\/wp-json\/wp\/v2\/types\/post"}],"author":[{"embeddable":true,"href":"https:\/\/www.notibras.com\/site\/wp-json\/wp\/v2\/users\/2"}],"replies":[{"embeddable":true,"href":"https:\/\/www.notibras.com\/site\/wp-json\/wp\/v2\/comments?post=43737"}],"version-history":[{"count":0,"href":"https:\/\/www.notibras.com\/site\/wp-json\/wp\/v2\/posts\/43737\/revisions"}],"wp:featuredmedia":[{"embeddable":true,"href":"https:\/\/www.notibras.com\/site\/wp-json\/wp\/v2\/media\/43738"}],"wp:attachment":[{"href":"https:\/\/www.notibras.com\/site\/wp-json\/wp\/v2\/media?parent=43737"}],"wp:term":[{"taxonomy":"category","embeddable":true,"href":"https:\/\/www.notibras.com\/site\/wp-json\/wp\/v2\/categories?post=43737"},{"taxonomy":"post_tag","embeddable":true,"href":"https:\/\/www.notibras.com\/site\/wp-json\/wp\/v2\/tags?post=43737"}],"curies":[{"name":"wp","href":"https:\/\/api.w.org\/{rel}","templated":true}]}}