{"id":43745,"date":"2015-04-12T17:32:12","date_gmt":"2015-04-12T20:32:12","guid":{"rendered":"http:\/\/www.notibras.com\/site\/?p=43745"},"modified":"2015-04-12T18:36:11","modified_gmt":"2015-04-12T21:36:11","slug":"aecio-fica-em-casa-no-foradilma-para-evitar-tom-de-campanha","status":"publish","type":"post","link":"https:\/\/www.notibras.com\/site\/aecio-fica-em-casa-no-foradilma-para-evitar-tom-de-campanha\/","title":{"rendered":"A\u00e9cio Neves fica em casa no #foradilma para evitar dar tom de campanha partid\u00e1ria"},"content":{"rendered":"<div id=\"materia-letra\" class=\"materia-conteudo entry-content\">\n<div>\n<p>O senador e presidente nacional do PSDB, A\u00e9cio Neves (MG), demonstrou apoio, por meio de nota, aos brasileiros que participaram de manifesta\u00e7\u00f5es neste domingo (12) e criticou a pol\u00edtica econ\u00f4mica do governo federal. O senador decidiu n\u00e3o participar dos protestos para n\u00e3o dar uma &#8220;conota\u00e7\u00e3o partid\u00e1ria&#8221; \u00e0s manifesta\u00e7\u00f5es.<\/p>\n<p>\u201cO PSDB se solidariza com os milhares de brasileiros que voltaram \u00e0s ruas e ocuparam as redes sociais neste domingo para, mais uma vez, legitimamente, manifestar seu rep\u00fadio e indigna\u00e7\u00e3o contra a corrup\u00e7\u00e3o sist\u00eamica que envergonha o pa\u00eds e cobrar sa\u00eddas para o agravamento da crise econ\u00f4mica\u201d, comunicou o partido.<\/p>\n<p>Na nota, A\u00e9cio defende que, \u201cal\u00e9m da crise \u00e9tica e moral\u201d, o governo do PT imp\u00f5e \u00e0 sociedade \u201ca pior equa\u00e7\u00e3o\u201d, que envolve \u201crecess\u00e3o com infla\u00e7\u00e3o alta, juros altos e corte de investimentos nas \u00e1reas essenciais da educa\u00e7\u00e3o e sa\u00fade\u201d.<\/p>\n<blockquote><p>Para o PSDB, ap\u00f3s cem dias do segundo mandato da presidente Dilma Rousseff, os brasileiros sofrem os efeitos da crise sobre os principais setores produtivos. \u201cEmpresas em diversos segmentos deram in\u00edcio a cortes ainda mais severos, transformando o que antes eram preocupa\u00e7\u00f5es com o aumento do desemprego em realidade concreta\u201d.<\/p><\/blockquote>\n<p>\u201cA presidente da Rep\u00fablica permanece imobilizada e tentando terceirizar responsabilidades intransfer\u00edveis\u201d, afirma a nota. O PSDB diz, ainda, que o partido se une \u201caos milhares de brasileiros que amam o Brasil e que, por isso, dizem n\u00e3o ao governo respons\u00e1vel pelo caminho tortuoso que, neste momento, todos trilhamos\u201d.<\/p>\n<p>Na sexta-feira (10), o senador divulgou nas redes sociais um v\u00eddeo em que chama os brasileiros para participar dos protestos no domingo. &#8220;Se voc\u00ea esta com n\u00f3 na garganta, v\u00e1 para a rua, se manifeste e vamos mostrar que o Brasil merece muito mais do que esse governo med\u00edocre que est\u00e1 tendo&#8221;, diz, no v\u00eddeo.<\/p>\n<\/div>\n<\/div>\n","protected":false},"excerpt":{"rendered":"<p>O senador e presidente nacional do PSDB, A\u00e9cio Neves (MG), demonstrou apoio, por meio de nota, aos brasileiros que participaram de manifesta\u00e7\u00f5es neste domingo (12) e criticou a pol\u00edtica econ\u00f4mica do governo federal. O senador decidiu n\u00e3o participar dos protestos para n\u00e3o dar uma &#8220;conota\u00e7\u00e3o partid\u00e1ria&#8221; \u00e0s manifesta\u00e7\u00f5es. \u201cO PSDB se solidariza com os milhares [&hellip;]<\/p>\n","protected":false},"author":2,"featured_media":43746,"comment_status":"open","ping_status":"closed","sticky":false,"template":"","format":"standard","meta":{"_acf_changed":false,"footnotes":""},"categories":[16],"tags":[],"class_list":["post-43745","post","type-post","status-publish","format-standard","has-post-thumbnail","hentry","category-brasil"],"acf":[],"_links":{"self":[{"href":"https:\/\/www.notibras.com\/site\/wp-json\/wp\/v2\/posts\/43745","targetHints":{"allow":["GET"]}}],"collection":[{"href":"https:\/\/www.notibras.com\/site\/wp-json\/wp\/v2\/posts"}],"about":[{"href":"https:\/\/www.notibras.com\/site\/wp-json\/wp\/v2\/types\/post"}],"author":[{"embeddable":true,"href":"https:\/\/www.notibras.com\/site\/wp-json\/wp\/v2\/users\/2"}],"replies":[{"embeddable":true,"href":"https:\/\/www.notibras.com\/site\/wp-json\/wp\/v2\/comments?post=43745"}],"version-history":[{"count":0,"href":"https:\/\/www.notibras.com\/site\/wp-json\/wp\/v2\/posts\/43745\/revisions"}],"wp:featuredmedia":[{"embeddable":true,"href":"https:\/\/www.notibras.com\/site\/wp-json\/wp\/v2\/media\/43746"}],"wp:attachment":[{"href":"https:\/\/www.notibras.com\/site\/wp-json\/wp\/v2\/media?parent=43745"}],"wp:term":[{"taxonomy":"category","embeddable":true,"href":"https:\/\/www.notibras.com\/site\/wp-json\/wp\/v2\/categories?post=43745"},{"taxonomy":"post_tag","embeddable":true,"href":"https:\/\/www.notibras.com\/site\/wp-json\/wp\/v2\/tags?post=43745"}],"curies":[{"name":"wp","href":"https:\/\/api.w.org\/{rel}","templated":true}]}}