{"id":4375,"date":"2014-03-14T00:17:11","date_gmt":"2014-03-14T03:17:11","guid":{"rendered":"http:\/\/www.notibras.com\/site\/?p=4375"},"modified":"2014-03-15T04:17:54","modified_gmt":"2014-03-15T07:17:54","slug":"hamilton-entra-na-pista-e-faz-melhor-tempo-no-segundo-treino-livre","status":"publish","type":"post","link":"https:\/\/www.notibras.com\/site\/hamilton-entra-na-pista-e-faz-melhor-tempo-no-segundo-treino-livre\/","title":{"rendered":"Hamilton entra na pista e faz melhor tempo no segundo treino livre"},"content":{"rendered":"<p>A segunda sess\u00e3o de treinos livres do GP da Austr\u00e1lia, prova de abertura da temporada 2014 da F\u00f3rmula 1, teve como melhor tempo o do ingl\u00eas Lewis Hamilton, que completou uma volta pelo circuito em 1min29s625. Ele n\u00e3o chegou a participar do primeiro treino. O brasileiro Felipe Massa, quarto na sess\u00e3o anterior, terminou em d\u00e9cimo segundo.<\/p>\n<p>Se na primeira sess\u00e3o de treinos Felipe Massa empolgou a torcida, na segunda, ele n\u00e3o teve o mesmo rendimento. Apesar de fazer um tempo melhor, ele ficou longe das primeiras posi\u00e7\u00f5es, terminando atr\u00e1s de Bottas, atual companheiro de Williams, e Fernando Alonso, ex-colega de Ferrari. A segunda etapa de treinamentos aconteceu na madrugada desta sexta-feira.<\/p>\n<p>Diferentemente do que aconteceu na primeira sess\u00e3o, quando apareceu menos de um segundo atr\u00e1s de Fernando Alonso, Massa ficou quase dois segundos atr\u00e1s do brit\u00e2nico com tempo de 1min31s119. Seu companheiro de Williams, Valtteri Bottas, tamb\u00e9m n\u00e3o foi t\u00e3o bem e ficou apenas em oitavo com 1min30s920.<\/p>\n<p>Durante a segunda parte de treinamento, Felipe Massa teve o mesmo problema que na primeira sess\u00e3o quando errou em uma curva e acabou passando com o carro pela grama.<\/p>\n<p>Se ambos os pilotos da Williams pioraram seus desempenhos, Lewis Hamilton chamou a aten\u00e7\u00e3o pela melhora. Melhor colocado da segunda sess\u00e3o com tempo de 1min29s625, o brit\u00e2nico n\u00e3o treinou mais cedo, pois seu carro quebrou antes mesmo de completar uma volta.<\/p>\n<p>Outro a melhorar seu desempenho foi o atual tetracampe\u00e3o Sebastian Vettel. S\u00e9timo na primeira sess\u00e3o, ele ficou na quarta coloca\u00e7\u00e3o no segundo treino.<\/p>\n<p>J\u00e1 Fernando Alonso, l\u00edder do primeiro treino, cravou o terceiro melhor tempo da segunda sess\u00e3o, atr\u00e1s de Hamilton e Rosberg. Apesar de n\u00e3o ficar na primeira posi\u00e7\u00e3o, ele mais uma vez teve uma ampla vantagem sobre Kimi Raikkonen, seu novo companheiro de Ferrari. O finland\u00eas foi o s\u00e9timo.<\/p>\n<p>As duas sess\u00f5es de treinos tamb\u00e9m ficaram marcadas por algumas homenagens dos pilotos a Michael Schumacher, que segue internado ap\u00f3s acidente sofrido no fim de 2013. Hamilton trouxe a frase &#8220;Continue lutando Michael&#8221; em seu carro, e Felipe Massa as iniciais do alem\u00e3o em seu capacete.<\/p>\n","protected":false},"excerpt":{"rendered":"<p>A segunda sess\u00e3o de treinos livres do GP da Austr\u00e1lia, prova de abertura da temporada 2014 da F\u00f3rmula 1, teve como melhor tempo o do ingl\u00eas Lewis Hamilton, que completou uma volta pelo circuito em 1min29s625. Ele n\u00e3o chegou a participar do primeiro treino. O brasileiro Felipe Massa, quarto na sess\u00e3o anterior, terminou em d\u00e9cimo [&hellip;]<\/p>\n","protected":false},"author":2,"featured_media":4376,"comment_status":"open","ping_status":"closed","sticky":false,"template":"","format":"standard","meta":{"_acf_changed":false,"footnotes":""},"categories":[19],"tags":[],"class_list":["post-4375","post","type-post","status-publish","format-standard","has-post-thumbnail","hentry","category-esportes"],"acf":[],"yoast_head":"<!-- This site is optimized with the Yoast SEO plugin v27.2 - https:\/\/yoast.com\/product\/yoast-seo-wordpress\/ -->\n<title>Hamilton entra na pista e faz melhor tempo no segundo treino livre - Notibras<\/title>\n<meta name=\"robots\" content=\"index, follow, max-snippet:-1, max-image-preview:large, max-video-preview:-1\" \/>\n<link rel=\"canonical\" href=\"https:\/\/www.notibras.com\/site\/hamilton-entra-na-pista-e-faz-melhor-tempo-no-segundo-treino-livre\/\" \/>\n<meta property=\"og:locale\" content=\"pt_BR\" \/>\n<meta property=\"og:type\" content=\"article\" \/>\n<meta property=\"og:title\" content=\"Hamilton entra na pista e faz melhor tempo no segundo treino livre - Notibras\" \/>\n<meta property=\"og:description\" content=\"A segunda sess\u00e3o de treinos livres do GP da Austr\u00e1lia, prova de abertura da temporada 2014 da F\u00f3rmula 1, teve como melhor tempo o do ingl\u00eas Lewis Hamilton, que completou uma volta pelo circuito em 1min29s625. Ele n\u00e3o chegou a participar do primeiro treino. O brasileiro Felipe Massa, quarto na sess\u00e3o anterior, terminou em d\u00e9cimo [&hellip;]\" \/>\n<meta property=\"og:url\" content=\"https:\/\/www.notibras.com\/site\/hamilton-entra-na-pista-e-faz-melhor-tempo-no-segundo-treino-livre\/\" \/>\n<meta property=\"og:site_name\" content=\"Notibras\" \/>\n<meta property=\"article:publisher\" content=\"https:\/\/www.facebook.com\/notibras\/\" \/>\n<meta property=\"article:published_time\" content=\"2014-03-14T03:17:11+00:00\" \/>\n<meta property=\"article:modified_time\" content=\"2014-03-15T07:17:54+00:00\" \/>\n<meta property=\"og:image\" content=\"https:\/\/www.notibras.com\/site\/wp-content\/uploads\/2014\/03\/Ecclestone-talks-up-Lewis-Hamilton.jpg\" \/>\n\t<meta property=\"og:image:width\" content=\"900\" \/>\n\t<meta property=\"og:image:height\" content=\"540\" \/>\n\t<meta property=\"og:image:type\" content=\"image\/jpeg\" \/>\n<meta name=\"author\" content=\"Reda\u00e7\u00e3o\" \/>\n<meta name=\"twitter:card\" content=\"summary_large_image\" \/>\n<meta name=\"twitter:creator\" content=\"@Notibras\" \/>\n<meta name=\"twitter:site\" content=\"@Notibras\" \/>\n<meta name=\"twitter:label1\" content=\"Escrito por\" \/>\n\t<meta name=\"twitter:data1\" content=\"Reda\u00e7\u00e3o\" \/>\n\t<meta name=\"twitter:label2\" content=\"Est. tempo de leitura\" \/>\n\t<meta name=\"twitter:data2\" content=\"2 minutos\" \/>\n<script type=\"application\/ld+json\" class=\"yoast-schema-graph\">{\"@context\":\"https:\/\/schema.org\",\"@graph\":[{\"@type\":\"Article\",\"@id\":\"https:\/\/www.notibras.com\/site\/hamilton-entra-na-pista-e-faz-melhor-tempo-no-segundo-treino-livre\/#article\",\"isPartOf\":{\"@id\":\"https:\/\/www.notibras.com\/site\/hamilton-entra-na-pista-e-faz-melhor-tempo-no-segundo-treino-livre\/\"},\"author\":{\"name\":\"Reda\u00e7\u00e3o\",\"@id\":\"https:\/\/www.notibras.com\/site\/#\/schema\/person\/36ab0979449956132d3e5b517ea76ac8\"},\"headline\":\"Hamilton entra na pista e faz melhor tempo no segundo treino livre\",\"datePublished\":\"2014-03-14T03:17:11+00:00\",\"dateModified\":\"2014-03-15T07:17:54+00:00\",\"mainEntityOfPage\":{\"@id\":\"https:\/\/www.notibras.com\/site\/hamilton-entra-na-pista-e-faz-melhor-tempo-no-segundo-treino-livre\/\"},\"wordCount\":396,\"commentCount\":0,\"publisher\":{\"@id\":\"https:\/\/www.notibras.com\/site\/#organization\"},\"image\":{\"@id\":\"https:\/\/www.notibras.com\/site\/hamilton-entra-na-pista-e-faz-melhor-tempo-no-segundo-treino-livre\/#primaryimage\"},\"thumbnailUrl\":\"https:\/\/www.notibras.com\/site\/wp-content\/uploads\/2014\/03\/Ecclestone-talks-up-Lewis-Hamilton.jpg\",\"articleSection\":[\"Esportes\"],\"inLanguage\":\"pt-BR\",\"potentialAction\":[{\"@type\":\"CommentAction\",\"name\":\"Comment\",\"target\":[\"https:\/\/www.notibras.com\/site\/hamilton-entra-na-pista-e-faz-melhor-tempo-no-segundo-treino-livre\/#respond\"]}]},{\"@type\":\"WebPage\",\"@id\":\"https:\/\/www.notibras.com\/site\/hamilton-entra-na-pista-e-faz-melhor-tempo-no-segundo-treino-livre\/\",\"url\":\"https:\/\/www.notibras.com\/site\/hamilton-entra-na-pista-e-faz-melhor-tempo-no-segundo-treino-livre\/\",\"name\":\"Hamilton entra na pista e faz melhor tempo no segundo treino livre - Notibras\",\"isPartOf\":{\"@id\":\"https:\/\/www.notibras.com\/site\/#website\"},\"primaryImageOfPage\":{\"@id\":\"https:\/\/www.notibras.com\/site\/hamilton-entra-na-pista-e-faz-melhor-tempo-no-segundo-treino-livre\/#primaryimage\"},\"image\":{\"@id\":\"https:\/\/www.notibras.com\/site\/hamilton-entra-na-pista-e-faz-melhor-tempo-no-segundo-treino-livre\/#primaryimage\"},\"thumbnailUrl\":\"https:\/\/www.notibras.com\/site\/wp-content\/uploads\/2014\/03\/Ecclestone-talks-up-Lewis-Hamilton.jpg\",\"datePublished\":\"2014-03-14T03:17:11+00:00\",\"dateModified\":\"2014-03-15T07:17:54+00:00\",\"breadcrumb\":{\"@id\":\"https:\/\/www.notibras.com\/site\/hamilton-entra-na-pista-e-faz-melhor-tempo-no-segundo-treino-livre\/#breadcrumb\"},\"inLanguage\":\"pt-BR\",\"potentialAction\":[{\"@type\":\"ReadAction\",\"target\":[\"https:\/\/www.notibras.com\/site\/hamilton-entra-na-pista-e-faz-melhor-tempo-no-segundo-treino-livre\/\"]}]},{\"@type\":\"ImageObject\",\"inLanguage\":\"pt-BR\",\"@id\":\"https:\/\/www.notibras.com\/site\/hamilton-entra-na-pista-e-faz-melhor-tempo-no-segundo-treino-livre\/#primaryimage\",\"url\":\"https:\/\/www.notibras.com\/site\/wp-content\/uploads\/2014\/03\/Ecclestone-talks-up-Lewis-Hamilton.jpg\",\"contentUrl\":\"https:\/\/www.notibras.com\/site\/wp-content\/uploads\/2014\/03\/Ecclestone-talks-up-Lewis-Hamilton.jpg\",\"width\":900,\"height\":540},{\"@type\":\"BreadcrumbList\",\"@id\":\"https:\/\/www.notibras.com\/site\/hamilton-entra-na-pista-e-faz-melhor-tempo-no-segundo-treino-livre\/#breadcrumb\",\"itemListElement\":[{\"@type\":\"ListItem\",\"position\":1,\"name\":\"In\u00edcio\",\"item\":\"https:\/\/www.notibras.com\/site\/\"},{\"@type\":\"ListItem\",\"position\":2,\"name\":\"Hamilton entra na pista e faz melhor tempo no segundo treino livre\"}]},{\"@type\":\"WebSite\",\"@id\":\"https:\/\/www.notibras.com\/site\/#website\",\"url\":\"https:\/\/www.notibras.com\/site\/\",\"name\":\"Notibras\",\"description\":\"Not\u00edcias de Bras\u00edlia, do Brasil e do Mundo\",\"publisher\":{\"@id\":\"https:\/\/www.notibras.com\/site\/#organization\"},\"potentialAction\":[{\"@type\":\"SearchAction\",\"target\":{\"@type\":\"EntryPoint\",\"urlTemplate\":\"https:\/\/www.notibras.com\/site\/?s={search_term_string}\"},\"query-input\":{\"@type\":\"PropertyValueSpecification\",\"valueRequired\":true,\"valueName\":\"search_term_string\"}}],\"inLanguage\":\"pt-BR\"},{\"@type\":\"Organization\",\"@id\":\"https:\/\/www.notibras.com\/site\/#organization\",\"name\":\"Grupo Notibras de Comunica\u00e7\u00e3o\",\"url\":\"https:\/\/www.notibras.com\/site\/\",\"logo\":{\"@type\":\"ImageObject\",\"inLanguage\":\"pt-BR\",\"@id\":\"https:\/\/www.notibras.com\/site\/#\/schema\/logo\/image\/\",\"url\":\"https:\/\/www.notibras.com\/site\/wp-content\/uploads\/2023\/01\/notibras23.png\",\"contentUrl\":\"https:\/\/www.notibras.com\/site\/wp-content\/uploads\/2023\/01\/notibras23.png\",\"width\":350,\"height\":87,\"caption\":\"Grupo Notibras de Comunica\u00e7\u00e3o\"},\"image\":{\"@id\":\"https:\/\/www.notibras.com\/site\/#\/schema\/logo\/image\/\"},\"sameAs\":[\"https:\/\/www.facebook.com\/notibras\/\",\"https:\/\/x.com\/Notibras\",\"https:\/\/www.instagram.com\/notibras\/\"]},{\"@type\":\"Person\",\"@id\":\"https:\/\/www.notibras.com\/site\/#\/schema\/person\/36ab0979449956132d3e5b517ea76ac8\",\"name\":\"Reda\u00e7\u00e3o\",\"image\":{\"@type\":\"ImageObject\",\"inLanguage\":\"pt-BR\",\"@id\":\"https:\/\/secure.gravatar.com\/avatar\/e0a867bdedb85fd243eadf09663511f96fc81e0720a4a42581f334ad4303aa6b?s=96&d=mm&r=g\",\"url\":\"https:\/\/secure.gravatar.com\/avatar\/e0a867bdedb85fd243eadf09663511f96fc81e0720a4a42581f334ad4303aa6b?s=96&d=mm&r=g\",\"contentUrl\":\"https:\/\/secure.gravatar.com\/avatar\/e0a867bdedb85fd243eadf09663511f96fc81e0720a4a42581f334ad4303aa6b?s=96&d=mm&r=g\",\"caption\":\"Reda\u00e7\u00e3o\"}}]}<\/script>\n<!-- \/ Yoast SEO plugin. -->","yoast_head_json":{"title":"Hamilton entra na pista e faz melhor tempo no segundo treino livre - Notibras","robots":{"index":"index","follow":"follow","max-snippet":"max-snippet:-1","max-image-preview":"max-image-preview:large","max-video-preview":"max-video-preview:-1"},"canonical":"https:\/\/www.notibras.com\/site\/hamilton-entra-na-pista-e-faz-melhor-tempo-no-segundo-treino-livre\/","og_locale":"pt_BR","og_type":"article","og_title":"Hamilton entra na pista e faz melhor tempo no segundo treino livre - Notibras","og_description":"A segunda sess\u00e3o de treinos livres do GP da Austr\u00e1lia, prova de abertura da temporada 2014 da F\u00f3rmula 1, teve como melhor tempo o do ingl\u00eas Lewis Hamilton, que completou uma volta pelo circuito em 1min29s625. Ele n\u00e3o chegou a participar do primeiro treino. O brasileiro Felipe Massa, quarto na sess\u00e3o anterior, terminou em d\u00e9cimo [&hellip;]","og_url":"https:\/\/www.notibras.com\/site\/hamilton-entra-na-pista-e-faz-melhor-tempo-no-segundo-treino-livre\/","og_site_name":"Notibras","article_publisher":"https:\/\/www.facebook.com\/notibras\/","article_published_time":"2014-03-14T03:17:11+00:00","article_modified_time":"2014-03-15T07:17:54+00:00","og_image":[{"width":900,"height":540,"url":"https:\/\/www.notibras.com\/site\/wp-content\/uploads\/2014\/03\/Ecclestone-talks-up-Lewis-Hamilton.jpg","type":"image\/jpeg"}],"author":"Reda\u00e7\u00e3o","twitter_card":"summary_large_image","twitter_creator":"@Notibras","twitter_site":"@Notibras","twitter_misc":{"Escrito por":"Reda\u00e7\u00e3o","Est. tempo de leitura":"2 minutos"},"schema":{"@context":"https:\/\/schema.org","@graph":[{"@type":"Article","@id":"https:\/\/www.notibras.com\/site\/hamilton-entra-na-pista-e-faz-melhor-tempo-no-segundo-treino-livre\/#article","isPartOf":{"@id":"https:\/\/www.notibras.com\/site\/hamilton-entra-na-pista-e-faz-melhor-tempo-no-segundo-treino-livre\/"},"author":{"name":"Reda\u00e7\u00e3o","@id":"https:\/\/www.notibras.com\/site\/#\/schema\/person\/36ab0979449956132d3e5b517ea76ac8"},"headline":"Hamilton entra na pista e faz melhor tempo no segundo treino livre","datePublished":"2014-03-14T03:17:11+00:00","dateModified":"2014-03-15T07:17:54+00:00","mainEntityOfPage":{"@id":"https:\/\/www.notibras.com\/site\/hamilton-entra-na-pista-e-faz-melhor-tempo-no-segundo-treino-livre\/"},"wordCount":396,"commentCount":0,"publisher":{"@id":"https:\/\/www.notibras.com\/site\/#organization"},"image":{"@id":"https:\/\/www.notibras.com\/site\/hamilton-entra-na-pista-e-faz-melhor-tempo-no-segundo-treino-livre\/#primaryimage"},"thumbnailUrl":"https:\/\/www.notibras.com\/site\/wp-content\/uploads\/2014\/03\/Ecclestone-talks-up-Lewis-Hamilton.jpg","articleSection":["Esportes"],"inLanguage":"pt-BR","potentialAction":[{"@type":"CommentAction","name":"Comment","target":["https:\/\/www.notibras.com\/site\/hamilton-entra-na-pista-e-faz-melhor-tempo-no-segundo-treino-livre\/#respond"]}]},{"@type":"WebPage","@id":"https:\/\/www.notibras.com\/site\/hamilton-entra-na-pista-e-faz-melhor-tempo-no-segundo-treino-livre\/","url":"https:\/\/www.notibras.com\/site\/hamilton-entra-na-pista-e-faz-melhor-tempo-no-segundo-treino-livre\/","name":"Hamilton entra na pista e faz melhor tempo no segundo treino livre - Notibras","isPartOf":{"@id":"https:\/\/www.notibras.com\/site\/#website"},"primaryImageOfPage":{"@id":"https:\/\/www.notibras.com\/site\/hamilton-entra-na-pista-e-faz-melhor-tempo-no-segundo-treino-livre\/#primaryimage"},"image":{"@id":"https:\/\/www.notibras.com\/site\/hamilton-entra-na-pista-e-faz-melhor-tempo-no-segundo-treino-livre\/#primaryimage"},"thumbnailUrl":"https:\/\/www.notibras.com\/site\/wp-content\/uploads\/2014\/03\/Ecclestone-talks-up-Lewis-Hamilton.jpg","datePublished":"2014-03-14T03:17:11+00:00","dateModified":"2014-03-15T07:17:54+00:00","breadcrumb":{"@id":"https:\/\/www.notibras.com\/site\/hamilton-entra-na-pista-e-faz-melhor-tempo-no-segundo-treino-livre\/#breadcrumb"},"inLanguage":"pt-BR","potentialAction":[{"@type":"ReadAction","target":["https:\/\/www.notibras.com\/site\/hamilton-entra-na-pista-e-faz-melhor-tempo-no-segundo-treino-livre\/"]}]},{"@type":"ImageObject","inLanguage":"pt-BR","@id":"https:\/\/www.notibras.com\/site\/hamilton-entra-na-pista-e-faz-melhor-tempo-no-segundo-treino-livre\/#primaryimage","url":"https:\/\/www.notibras.com\/site\/wp-content\/uploads\/2014\/03\/Ecclestone-talks-up-Lewis-Hamilton.jpg","contentUrl":"https:\/\/www.notibras.com\/site\/wp-content\/uploads\/2014\/03\/Ecclestone-talks-up-Lewis-Hamilton.jpg","width":900,"height":540},{"@type":"BreadcrumbList","@id":"https:\/\/www.notibras.com\/site\/hamilton-entra-na-pista-e-faz-melhor-tempo-no-segundo-treino-livre\/#breadcrumb","itemListElement":[{"@type":"ListItem","position":1,"name":"In\u00edcio","item":"https:\/\/www.notibras.com\/site\/"},{"@type":"ListItem","position":2,"name":"Hamilton entra na pista e faz melhor tempo no segundo treino livre"}]},{"@type":"WebSite","@id":"https:\/\/www.notibras.com\/site\/#website","url":"https:\/\/www.notibras.com\/site\/","name":"Notibras","description":"Not\u00edcias de Bras\u00edlia, do Brasil e do Mundo","publisher":{"@id":"https:\/\/www.notibras.com\/site\/#organization"},"potentialAction":[{"@type":"SearchAction","target":{"@type":"EntryPoint","urlTemplate":"https:\/\/www.notibras.com\/site\/?s={search_term_string}"},"query-input":{"@type":"PropertyValueSpecification","valueRequired":true,"valueName":"search_term_string"}}],"inLanguage":"pt-BR"},{"@type":"Organization","@id":"https:\/\/www.notibras.com\/site\/#organization","name":"Grupo Notibras de Comunica\u00e7\u00e3o","url":"https:\/\/www.notibras.com\/site\/","logo":{"@type":"ImageObject","inLanguage":"pt-BR","@id":"https:\/\/www.notibras.com\/site\/#\/schema\/logo\/image\/","url":"https:\/\/www.notibras.com\/site\/wp-content\/uploads\/2023\/01\/notibras23.png","contentUrl":"https:\/\/www.notibras.com\/site\/wp-content\/uploads\/2023\/01\/notibras23.png","width":350,"height":87,"caption":"Grupo Notibras de Comunica\u00e7\u00e3o"},"image":{"@id":"https:\/\/www.notibras.com\/site\/#\/schema\/logo\/image\/"},"sameAs":["https:\/\/www.facebook.com\/notibras\/","https:\/\/x.com\/Notibras","https:\/\/www.instagram.com\/notibras\/"]},{"@type":"Person","@id":"https:\/\/www.notibras.com\/site\/#\/schema\/person\/36ab0979449956132d3e5b517ea76ac8","name":"Reda\u00e7\u00e3o","image":{"@type":"ImageObject","inLanguage":"pt-BR","@id":"https:\/\/secure.gravatar.com\/avatar\/e0a867bdedb85fd243eadf09663511f96fc81e0720a4a42581f334ad4303aa6b?s=96&d=mm&r=g","url":"https:\/\/secure.gravatar.com\/avatar\/e0a867bdedb85fd243eadf09663511f96fc81e0720a4a42581f334ad4303aa6b?s=96&d=mm&r=g","contentUrl":"https:\/\/secure.gravatar.com\/avatar\/e0a867bdedb85fd243eadf09663511f96fc81e0720a4a42581f334ad4303aa6b?s=96&d=mm&r=g","caption":"Reda\u00e7\u00e3o"}}]}},"amp_enabled":true,"_links":{"self":[{"href":"https:\/\/www.notibras.com\/site\/wp-json\/wp\/v2\/posts\/4375","targetHints":{"allow":["GET"]}}],"collection":[{"href":"https:\/\/www.notibras.com\/site\/wp-json\/wp\/v2\/posts"}],"about":[{"href":"https:\/\/www.notibras.com\/site\/wp-json\/wp\/v2\/types\/post"}],"author":[{"embeddable":true,"href":"https:\/\/www.notibras.com\/site\/wp-json\/wp\/v2\/users\/2"}],"replies":[{"embeddable":true,"href":"https:\/\/www.notibras.com\/site\/wp-json\/wp\/v2\/comments?post=4375"}],"version-history":[{"count":0,"href":"https:\/\/www.notibras.com\/site\/wp-json\/wp\/v2\/posts\/4375\/revisions"}],"wp:featuredmedia":[{"embeddable":true,"href":"https:\/\/www.notibras.com\/site\/wp-json\/wp\/v2\/media\/4376"}],"wp:attachment":[{"href":"https:\/\/www.notibras.com\/site\/wp-json\/wp\/v2\/media?parent=4375"}],"wp:term":[{"taxonomy":"category","embeddable":true,"href":"https:\/\/www.notibras.com\/site\/wp-json\/wp\/v2\/categories?post=4375"},{"taxonomy":"post_tag","embeddable":true,"href":"https:\/\/www.notibras.com\/site\/wp-json\/wp\/v2\/tags?post=4375"}],"curies":[{"name":"wp","href":"https:\/\/api.w.org\/{rel}","templated":true}]}}