{"id":43755,"date":"2015-04-13T11:07:27","date_gmt":"2015-04-13T14:07:27","guid":{"rendered":"http:\/\/www.notibras.com\/site\/?p=43755"},"modified":"2015-04-13T12:48:32","modified_gmt":"2015-04-13T15:48:32","slug":"acautelai-vos-brasileiros-pois-a-vitoria-de-pirro-teve-custo-muito-alto","status":"publish","type":"post","link":"https:\/\/www.notibras.com\/site\/acautelai-vos-brasileiros-pois-a-vitoria-de-pirro-teve-custo-muito-alto\/","title":{"rendered":"Acautelai-vos nas ruas, brasileiros. Vit\u00f3ria de Pirro teve custo bem elevado"},"content":{"rendered":"<div class=\"\">\n<p>Depois da exorta\u00e7\u00e3o do ex-chanceler Celso Amorim\u00a0para os intelectuais tomarem as ruas, editada por Notibras no \u00faltimo dia 9, vem agora o jornalista Mauro Santayana, do alto de\u00a0seus 83 anos, com a sa\u00fade muito abalada mas uma lucidez e um descortino pr\u00f3prios dos grandes patriotas, a apelar para a uni\u00e3o dos \u201cdemocratas e dos nacionalistas onde os houver\u201d, com o fim de \u201cevitar e se contrapor, de forma inteligente, coordenada, ao fortalecimento descontrolado, j\u00e1 quase inevit\u00e1vel, das for\u00e7as antidemocr\u00e1ticas e anti-nacionais\u201d.<\/p>\n<p>Santayana, uma das maiores penas do jornalismo brasileiro, tendo sido correspondente em Praga, Bonn, Madri, Roma e Buenos Aires e dirigente de nossas melhores reda\u00e7\u00f5es, entregou-se ultimamente a abrir os olhos para os riscos de estra\u00e7alhamento hoje vividos pelo Brasil.<\/p>\n<blockquote><p>\u201cO governo e a oposi\u00e7\u00e3o \u2013 ao menos a mais equilibrada -\u201c, conclama, \u00a0\u201cprecisam parar de cevar as aves de rapina, que, dentro, e fora do pa\u00eds, anseiam e j\u00e1 anteveem nossa destrui\u00e7\u00e3o, e o controle definitivo de nossa popula\u00e7\u00e3o e de nossas riquezas\u201d, diz Santayana em texto publicado pelo tamb\u00e9m jornalista Leite Filho em seu <a title=\"Este link externo ir\u00e1 abrir em nova janela\" href=\"http:\/\/cafenapolitica.com.br\" target=\"_blank\">cafenapolitica.com.br<\/a> .<\/p><\/blockquote>\n<p>Santayana entende que \u201ca desestrutura\u00e7\u00e3o da Petrobras, do BNDES, das grandes empresas de infraestrutura, de outros bancos p\u00fablicos\u201d, como vem sendo articulada por um setor protag\u00f4nico da oposi\u00e7\u00e3o, \u201ccriar\u00e1 um efeito cascata que prejudicar\u00e1 toda a na\u00e7\u00e3o, legando-lhe uma vit\u00f3ria de Pirro, caso venha a chegar ao poder em 2018\u2033.<\/p>\n<p>O jornalista tamb\u00e9m sustenta que \u201ca oposi\u00e7\u00e3o n\u00e3o compreende, que ao incentivar ou se omitir, oficialmente, com rela\u00e7\u00e3o a ataques \u00e0 Democracia e aos apelos ao golpismo por parte de alguns segmentos da popula\u00e7\u00e3o, est\u00e1 dando um tiro pela culatra, que s\u00f3 favorecer\u00e1 uma terceira for\u00e7a, com rela\u00e7\u00e3o \u00e0 qual comete terr\u00edvel engano, se acredita que tem a menor possibilidade de vir a controlar\u201d.<\/p>\n<p>Em seu texto, Mauro Santayana, que ainda fala da campanha \u201cdo \u00f3dio, da viol\u00eancia, do preconceito, da criminaliza\u00e7\u00e3o da pol\u00edtica, da infiltra\u00e7\u00e3o e do aparelhamento do estado, do divisionismo, da dissemina\u00e7\u00e3o terrorista da cal\u00fania, do boato e da desinforma\u00e7\u00e3o\u201d.<\/p>\n<\/div>\n","protected":false},"excerpt":{"rendered":"<p>Depois da exorta\u00e7\u00e3o do ex-chanceler Celso Amorim\u00a0para os intelectuais tomarem as ruas, editada por Notibras no \u00faltimo dia 9, vem agora o jornalista Mauro Santayana, do alto de\u00a0seus 83 anos, com a sa\u00fade muito abalada mas uma lucidez e um descortino pr\u00f3prios dos grandes patriotas, a apelar para a uni\u00e3o dos \u201cdemocratas e dos nacionalistas [&hellip;]<\/p>\n","protected":false},"author":2,"featured_media":43756,"comment_status":"open","ping_status":"closed","sticky":false,"template":"","format":"standard","meta":{"_acf_changed":false,"footnotes":""},"categories":[16],"tags":[],"class_list":["post-43755","post","type-post","status-publish","format-standard","has-post-thumbnail","hentry","category-brasil"],"acf":[],"_links":{"self":[{"href":"https:\/\/www.notibras.com\/site\/wp-json\/wp\/v2\/posts\/43755","targetHints":{"allow":["GET"]}}],"collection":[{"href":"https:\/\/www.notibras.com\/site\/wp-json\/wp\/v2\/posts"}],"about":[{"href":"https:\/\/www.notibras.com\/site\/wp-json\/wp\/v2\/types\/post"}],"author":[{"embeddable":true,"href":"https:\/\/www.notibras.com\/site\/wp-json\/wp\/v2\/users\/2"}],"replies":[{"embeddable":true,"href":"https:\/\/www.notibras.com\/site\/wp-json\/wp\/v2\/comments?post=43755"}],"version-history":[{"count":0,"href":"https:\/\/www.notibras.com\/site\/wp-json\/wp\/v2\/posts\/43755\/revisions"}],"wp:featuredmedia":[{"embeddable":true,"href":"https:\/\/www.notibras.com\/site\/wp-json\/wp\/v2\/media\/43756"}],"wp:attachment":[{"href":"https:\/\/www.notibras.com\/site\/wp-json\/wp\/v2\/media?parent=43755"}],"wp:term":[{"taxonomy":"category","embeddable":true,"href":"https:\/\/www.notibras.com\/site\/wp-json\/wp\/v2\/categories?post=43755"},{"taxonomy":"post_tag","embeddable":true,"href":"https:\/\/www.notibras.com\/site\/wp-json\/wp\/v2\/tags?post=43755"}],"curies":[{"name":"wp","href":"https:\/\/api.w.org\/{rel}","templated":true}]}}