{"id":43771,"date":"2015-04-13T11:30:41","date_gmt":"2015-04-13T14:30:41","guid":{"rendered":"http:\/\/www.notibras.com\/site\/?p=43771"},"modified":"2015-04-13T16:30:03","modified_gmt":"2015-04-13T19:30:03","slug":"inflacao-para-a-terceira-idade-fecha-o-trimestre-em-416","status":"publish","type":"post","link":"https:\/\/www.notibras.com\/site\/inflacao-para-a-terceira-idade-fecha-o-trimestre-em-416\/","title":{"rendered":"Infla\u00e7\u00e3o para a Terceira Idade fecha o trimestre em 4,16%"},"content":{"rendered":"<div class=\"content\">\n<p>O \u00cdndice de Pre\u00e7os ao Consumidor da Terceira Idade (IPC-3i), que mede a varia\u00e7\u00e3o de pre\u00e7os da cesta de compras de pessoas com mais de 60 anos de idade, registrou infla\u00e7\u00e3o de 4,16% no primeiro trimestre do ano. O dado foi divulgado pela Funda\u00e7\u00e3o Getulio Vargas (FGV).<\/p>\n<p>No quarto trimestre de 2014, a taxa variou 2,02%. A alta do \u00edndice foi influenciada pelo aumento dos custos de itens como os transportes (cuja taxa passou de 1,96% para 4,98%) e alimentos (que passaram de 2,92% para 4,31%).<\/p>\n<blockquote><p>A gasolina, com infla\u00e7\u00e3o de 9,85%, e as hortali\u00e7as e legumes, com taxa de 26,38%, est\u00e3o entre os produtos que mais puxaram a alta de pre\u00e7os no primeiro trimestre do ano. Outros grupos de despesas com alta na taxa foram despesas diversas (de 0,56% para 3,65%) e sa\u00fade e cuidados pessoais (de 1,47% para 1,59%).<\/p><\/blockquote>\n<p>Tr\u00eas classes de despesa tiveram queda na taxa: vestu\u00e1rio (de 2,16% para -0,64%), educa\u00e7\u00e3o, leitura e recrea\u00e7\u00e3o (de 2,94% para 2,10%) e comunica\u00e7\u00e3o (de 0,85% para 0,38%).<\/p>\n<p>Segundo a FGV, em 12 meses, o indicador acumula taxa de 8,56%, abaixo dos 8,59% registrados pelo \u00cdndice de Pre\u00e7os ao Consumidor-Brasil (IPC-BR), que mede a infla\u00e7\u00e3o para todas as faixas de renda.<\/p>\n<header>\n<div class=\"node-info\"><strong>Vitor Abdala, ABr<\/strong><strong><br \/>\n<\/strong><\/div>\n<\/header>\n<\/div>\n","protected":false},"excerpt":{"rendered":"<p>O \u00cdndice de Pre\u00e7os ao Consumidor da Terceira Idade (IPC-3i), que mede a varia\u00e7\u00e3o de pre\u00e7os da cesta de compras de pessoas com mais de 60 anos de idade, registrou infla\u00e7\u00e3o de 4,16% no primeiro trimestre do ano. O dado foi divulgado pela Funda\u00e7\u00e3o Getulio Vargas (FGV). No quarto trimestre de 2014, a taxa variou [&hellip;]<\/p>\n","protected":false},"author":2,"featured_media":43772,"comment_status":"open","ping_status":"closed","sticky":false,"template":"","format":"standard","meta":{"_acf_changed":false,"footnotes":""},"categories":[16],"tags":[],"class_list":["post-43771","post","type-post","status-publish","format-standard","has-post-thumbnail","hentry","category-brasil"],"acf":[],"_links":{"self":[{"href":"https:\/\/www.notibras.com\/site\/wp-json\/wp\/v2\/posts\/43771","targetHints":{"allow":["GET"]}}],"collection":[{"href":"https:\/\/www.notibras.com\/site\/wp-json\/wp\/v2\/posts"}],"about":[{"href":"https:\/\/www.notibras.com\/site\/wp-json\/wp\/v2\/types\/post"}],"author":[{"embeddable":true,"href":"https:\/\/www.notibras.com\/site\/wp-json\/wp\/v2\/users\/2"}],"replies":[{"embeddable":true,"href":"https:\/\/www.notibras.com\/site\/wp-json\/wp\/v2\/comments?post=43771"}],"version-history":[{"count":0,"href":"https:\/\/www.notibras.com\/site\/wp-json\/wp\/v2\/posts\/43771\/revisions"}],"wp:featuredmedia":[{"embeddable":true,"href":"https:\/\/www.notibras.com\/site\/wp-json\/wp\/v2\/media\/43772"}],"wp:attachment":[{"href":"https:\/\/www.notibras.com\/site\/wp-json\/wp\/v2\/media?parent=43771"}],"wp:term":[{"taxonomy":"category","embeddable":true,"href":"https:\/\/www.notibras.com\/site\/wp-json\/wp\/v2\/categories?post=43771"},{"taxonomy":"post_tag","embeddable":true,"href":"https:\/\/www.notibras.com\/site\/wp-json\/wp\/v2\/tags?post=43771"}],"curies":[{"name":"wp","href":"https:\/\/api.w.org\/{rel}","templated":true}]}}