{"id":43812,"date":"2015-04-13T12:57:38","date_gmt":"2015-04-13T15:57:38","guid":{"rendered":"http:\/\/www.notibras.com\/site\/?p=43812"},"modified":"2015-04-13T13:01:10","modified_gmt":"2015-04-13T16:01:10","slug":"pt-ate-tenta-resistir-mas-nao-governo-bom-com-economia-mal","status":"publish","type":"post","link":"https:\/\/www.notibras.com\/site\/pt-ate-tenta-resistir-mas-nao-governo-bom-com-economia-mal\/","title":{"rendered":"PT at\u00e9 tenta resistir, mas n\u00e3o h\u00e1 governo bom com economia mal"},"content":{"rendered":"<p>Observando o que acontece com o PT fica-se a pensar na possibilidade desse partido n\u00e3o ter constru\u00eddo sozinho suas estrat\u00e9gias para alcan\u00e7ar o poder e l\u00e1 permanecer. Afinal, parece n\u00e3o haver mentes brilhantes na grei petista.<\/p>\n<p>Tampouco Lula da Silva \u00e9 um g\u00eanio do jogo pol\u00edtico ou um estadista como exageram alguns. Sem d\u00favida, foi escolhido pela c\u00fapula petista e algo acima por sua ret\u00f3rica verborr\u00e1gica que faz dele um enganador bem-sucedido. Al\u00e9m disso, Lula se ajustou hipoteticamente \u00e0 ideologia marxista como uma esp\u00e9cie de prolet\u00e1rio. Ajudou sua origem simples e o fato de ter passado rapidamente pelas lides metal\u00fargicas. Construiu-se, ent\u00e3o, a imagem do homem comum t\u00e3o bem aceita pela massa por transmitir aquela agrad\u00e1vel sensa\u00e7\u00e3o de identidade: ele \u00e9 um de n\u00f3s que chegou l\u00e1.<\/p>\n<p>Habilmente a propaganda consumou o culto da personalidade que ampliou o poder de engana\u00e7\u00e3o do \u201cpobre oper\u00e1rio\u201d, contra o qual toda cr\u00edtica foi tomada como preconceito e heresia. Lula da Silva consagrou o detest\u00e1vel politicamente correto que inibiu os que poderiam arranhar seu santo nome.<\/p>\n<blockquote><p>Com medo de sua popularidade qualquer oposi\u00e7\u00e3o, partid\u00e1ria ou institucional, calou-se diante de seus desmandos, de suas gafes, de seu linguajar chulo e insultante \u00e0 l\u00edngua portuguesa. E essa aceita\u00e7\u00e3o incondicional, mais a propaganda de fazer inveja a Goebells deram aos \u201cmandarins\u201d petistas e a Lula da Silva a for\u00e7a que parecia os tornar inviol\u00e1veis.<\/p><\/blockquote>\n<p>No entanto, se Lula foi h\u00e1bil como orador de porta de f\u00e1brica, perito como politiqueiro, nunca administrou o pa\u00eds. Seu negocio foi jogar futebol, comer churrasco e fazer viagens dignas de um emir. Em suma, Lula \u00e9 um fals\u00e1rio e uma fraude constru\u00edda n\u00e3o s\u00f3 pelo PT, mas por uma organiza\u00e7\u00e3o internacional, o Foro de S\u00e3o Paulo, fundado por Lula, Fidel Castro e outros do figurino esquerdista. O objetivo do Foro \u00e9 promover a integra\u00e7\u00e3o da Am\u00e9rica Latina e formar a P\u00e1tria Grande Comunista atrav\u00e9s de partidos, entidades de classe, ONGs, movimentos sociais.<\/p>\n<p>Na quarta tentativa o PT chegou ao poder mais alto da Rep\u00fablica. N\u00e3o foi preciso dar um tiro sequer. Lula vestiu Prada, mudou o discurso, deslumbrou a hoje achincalhada classe m\u00e9dia composta por intelectuais, estudantes, professores, artistas, religiosos, profissionais liberais, jornalistas, funcion\u00e1rios p\u00fablicos, que fizeram de sua ideologia uma religi\u00e3o, do PT uma seita e sentiram-se guerreiros imortais da luta de classes. Lula prometeu tirar os pobres da pobreza. Aos ricos garantiu mais lucros.<\/p>\n<p>Ao tomar posse a nova classe dirigente deu continuidade a politica macroecon\u00f4mica do governo anterior, antes criticado de modo estridente, inclusive, aos berros de fora FHC. N\u00e3o foi dado calote no FMI nem se rompeu com os Estados Unidos. Ao mesmo tempo, utilizou-se a pol\u00edtica econ\u00f4mica antes xingada de entreguista e neoliberal.<\/p>\n<p>Por outro lado, avan\u00e7ou a centraliza\u00e7\u00e3o do PT que dominou o Legislativo, o Judici\u00e1rio e significativa parcela dos meios de comunica\u00e7\u00e3o. Na mesma linha intervencionista e autorit\u00e1ria houve v\u00e1rias tentativas de censurar a imprensa, como as Comiss\u00f5es de Reda\u00e7\u00e3o, a cria\u00e7\u00e3o da ANCINAV (Ag\u00eancia Nacional de Cinema e \u00c1udio Visual) e a institui\u00e7\u00e3o do CFJ (Conselho Federal de Jornalismo). Agora o governo petista fala em regula\u00e7\u00e3o da m\u00eddia e Rousseff apontou a necessidade de punir os \u201ccrimes\u201d cometidos na Internet.<\/p>\n<p>Mas se o Foro de S\u00e3o Paulo \u00e9 comunista, como poderia dar certo se esse sistema fracassou em todo mundo? Quer melhor exemplo de fracasso econ\u00f4mico e social do que o da Venezuela, Bol\u00edvia, Argentina? Quanto a Lula da Silva, se surfou por 12 anos na demagogia encontrou o fim de todo malandro: foi engolido por sua esperteza. Isso se deu quando ele elegeu o \u201cposte\u201d Rousseff. Nos quatro anos em que continuou como presidente de fato, ele e sua criatura que n\u00e3o consegue juntar uma frase com outra, detonaram a economia Brasileira, enquanto a corrup\u00e7\u00e3o desenfreada atingia seu auge com o esc\u00e2ndalo do petrol\u00e3o.<\/p>\n<p>O PT tenta resistir, fala em hegemonia do partido, prop\u00f5e tirar verbas da imprensa n\u00e3o domesticada, proclama-se inocente. Entretanto, n\u00e3o h\u00e1 governo que resista quando a economia vai mal. Em p\u00e2nico, os dirigentes petistas percebem que at\u00e9 Lula da Silva n\u00e3o \u00e9 mais o mesmo. Rousseff, a incompetente, totalmente desacreditada \u00e9 descart\u00e1vel e j\u00e1 foi substitu\u00edda por seu vice Michel Temer (PMDB), mas sem Lula o PT acaba, pois quem poder\u00e1 substitu\u00ed-lo em 2018? Mercadante? Haddad? Marco Aur\u00e9lio Garcia? Rui Falc\u00e3o? Imposs\u00edvel.<\/p>\n<p>Ent\u00e3o, quem sabe se por inspira\u00e7\u00e3o do Foro de S\u00e3o Paulo, Lula da Silva j\u00e1 sonha com a cria\u00e7\u00e3o de uma Frente Ampla, que esconderia o PT desmoralizado e englobaria partidos de esquerda, ONGs, ditos movimentos sociais, enfim, tudo que comp\u00f5e a tranqueira esquerdista do Brasil. Os candidatos n\u00e3o sairiam pelo PT, mas da Frente Ampla do Atraso. Uma ideia engenhosa. Resta saber se vai dar certo.<\/p>\n<p><strong>Maria Lucia Victor Barbosa<\/strong><\/p>\n","protected":false},"excerpt":{"rendered":"<p>Observando o que acontece com o PT fica-se a pensar na possibilidade desse partido n\u00e3o ter constru\u00eddo sozinho suas estrat\u00e9gias para alcan\u00e7ar o poder e l\u00e1 permanecer. Afinal, parece n\u00e3o haver mentes brilhantes na grei petista. Tampouco Lula da Silva \u00e9 um g\u00eanio do jogo pol\u00edtico ou um estadista como exageram alguns. Sem d\u00favida, foi [&hellip;]<\/p>\n","protected":false},"author":2,"featured_media":43813,"comment_status":"open","ping_status":"closed","sticky":false,"template":"","format":"standard","meta":{"_acf_changed":false,"footnotes":""},"categories":[25],"tags":[],"class_list":["post-43812","post","type-post","status-publish","format-standard","has-post-thumbnail","hentry","category-opina-ai"],"acf":[],"yoast_head":"<!-- This site is optimized with the Yoast SEO plugin v27.5 - https:\/\/yoast.com\/product\/yoast-seo-wordpress\/ -->\n<title>PT at\u00e9 tenta resistir, mas n\u00e3o h\u00e1 governo bom com economia mal - Notibras<\/title>\n<meta name=\"robots\" content=\"index, follow, max-snippet:-1, max-image-preview:large, max-video-preview:-1\" \/>\n<link rel=\"canonical\" href=\"https:\/\/www.notibras.com\/site\/pt-ate-tenta-resistir-mas-nao-governo-bom-com-economia-mal\/\" \/>\n<meta property=\"og:locale\" content=\"pt_BR\" \/>\n<meta property=\"og:type\" content=\"article\" \/>\n<meta property=\"og:title\" content=\"PT at\u00e9 tenta resistir, mas n\u00e3o h\u00e1 governo bom com economia mal - Notibras\" \/>\n<meta property=\"og:description\" content=\"Observando o que acontece com o PT fica-se a pensar na possibilidade desse partido n\u00e3o ter constru\u00eddo sozinho suas estrat\u00e9gias para alcan\u00e7ar o poder e l\u00e1 permanecer. Afinal, parece n\u00e3o haver mentes brilhantes na grei petista. Tampouco Lula da Silva \u00e9 um g\u00eanio do jogo pol\u00edtico ou um estadista como exageram alguns. Sem d\u00favida, foi [&hellip;]\" \/>\n<meta property=\"og:url\" content=\"https:\/\/www.notibras.com\/site\/pt-ate-tenta-resistir-mas-nao-governo-bom-com-economia-mal\/\" \/>\n<meta property=\"og:site_name\" content=\"Notibras\" \/>\n<meta property=\"article:publisher\" content=\"https:\/\/www.facebook.com\/notibras\/\" \/>\n<meta property=\"article:published_time\" content=\"2015-04-13T15:57:38+00:00\" \/>\n<meta property=\"article:modified_time\" content=\"2015-04-13T16:01:10+00:00\" \/>\n<meta property=\"og:image\" content=\"https:\/\/www.notibras.com\/site\/wp-content\/uploads\/2015\/04\/frente..jpeg\" \/>\n\t<meta property=\"og:image:width\" content=\"619\" \/>\n\t<meta property=\"og:image:height\" content=\"413\" \/>\n\t<meta property=\"og:image:type\" content=\"image\/jpeg\" \/>\n<meta name=\"author\" content=\"Reda\u00e7\u00e3o\" \/>\n<meta name=\"twitter:card\" content=\"summary_large_image\" \/>\n<meta name=\"twitter:creator\" content=\"@Notibras\" \/>\n<meta name=\"twitter:site\" content=\"@Notibras\" \/>\n<meta name=\"twitter:label1\" content=\"Escrito por\" \/>\n\t<meta name=\"twitter:data1\" content=\"Reda\u00e7\u00e3o\" \/>\n\t<meta name=\"twitter:label2\" content=\"Est. tempo de leitura\" \/>\n\t<meta name=\"twitter:data2\" content=\"4 minutos\" \/>\n<script type=\"application\/ld+json\" class=\"yoast-schema-graph\">{\"@context\":\"https:\\\/\\\/schema.org\",\"@graph\":[{\"@type\":\"Article\",\"@id\":\"https:\\\/\\\/www.notibras.com\\\/site\\\/pt-ate-tenta-resistir-mas-nao-governo-bom-com-economia-mal\\\/#article\",\"isPartOf\":{\"@id\":\"https:\\\/\\\/www.notibras.com\\\/site\\\/pt-ate-tenta-resistir-mas-nao-governo-bom-com-economia-mal\\\/\"},\"author\":{\"name\":\"Reda\u00e7\u00e3o\",\"@id\":\"https:\\\/\\\/www.notibras.com\\\/site\\\/#\\\/schema\\\/person\\\/36ab0979449956132d3e5b517ea76ac8\"},\"headline\":\"PT at\u00e9 tenta resistir, mas n\u00e3o h\u00e1 governo bom com economia mal\",\"datePublished\":\"2015-04-13T15:57:38+00:00\",\"dateModified\":\"2015-04-13T16:01:10+00:00\",\"mainEntityOfPage\":{\"@id\":\"https:\\\/\\\/www.notibras.com\\\/site\\\/pt-ate-tenta-resistir-mas-nao-governo-bom-com-economia-mal\\\/\"},\"wordCount\":875,\"commentCount\":0,\"publisher\":{\"@id\":\"https:\\\/\\\/www.notibras.com\\\/site\\\/#organization\"},\"image\":{\"@id\":\"https:\\\/\\\/www.notibras.com\\\/site\\\/pt-ate-tenta-resistir-mas-nao-governo-bom-com-economia-mal\\\/#primaryimage\"},\"thumbnailUrl\":\"https:\\\/\\\/www.notibras.com\\\/site\\\/wp-content\\\/uploads\\\/2015\\\/04\\\/frente..jpeg\",\"articleSection\":[\"Opina a\u00ed\"],\"inLanguage\":\"pt-BR\",\"potentialAction\":[{\"@type\":\"CommentAction\",\"name\":\"Comment\",\"target\":[\"https:\\\/\\\/www.notibras.com\\\/site\\\/pt-ate-tenta-resistir-mas-nao-governo-bom-com-economia-mal\\\/#respond\"]}]},{\"@type\":\"WebPage\",\"@id\":\"https:\\\/\\\/www.notibras.com\\\/site\\\/pt-ate-tenta-resistir-mas-nao-governo-bom-com-economia-mal\\\/\",\"url\":\"https:\\\/\\\/www.notibras.com\\\/site\\\/pt-ate-tenta-resistir-mas-nao-governo-bom-com-economia-mal\\\/\",\"name\":\"PT at\u00e9 tenta resistir, mas n\u00e3o h\u00e1 governo bom com economia mal - Notibras\",\"isPartOf\":{\"@id\":\"https:\\\/\\\/www.notibras.com\\\/site\\\/#website\"},\"primaryImageOfPage\":{\"@id\":\"https:\\\/\\\/www.notibras.com\\\/site\\\/pt-ate-tenta-resistir-mas-nao-governo-bom-com-economia-mal\\\/#primaryimage\"},\"image\":{\"@id\":\"https:\\\/\\\/www.notibras.com\\\/site\\\/pt-ate-tenta-resistir-mas-nao-governo-bom-com-economia-mal\\\/#primaryimage\"},\"thumbnailUrl\":\"https:\\\/\\\/www.notibras.com\\\/site\\\/wp-content\\\/uploads\\\/2015\\\/04\\\/frente..jpeg\",\"datePublished\":\"2015-04-13T15:57:38+00:00\",\"dateModified\":\"2015-04-13T16:01:10+00:00\",\"breadcrumb\":{\"@id\":\"https:\\\/\\\/www.notibras.com\\\/site\\\/pt-ate-tenta-resistir-mas-nao-governo-bom-com-economia-mal\\\/#breadcrumb\"},\"inLanguage\":\"pt-BR\",\"potentialAction\":[{\"@type\":\"ReadAction\",\"target\":[\"https:\\\/\\\/www.notibras.com\\\/site\\\/pt-ate-tenta-resistir-mas-nao-governo-bom-com-economia-mal\\\/\"]}]},{\"@type\":\"ImageObject\",\"inLanguage\":\"pt-BR\",\"@id\":\"https:\\\/\\\/www.notibras.com\\\/site\\\/pt-ate-tenta-resistir-mas-nao-governo-bom-com-economia-mal\\\/#primaryimage\",\"url\":\"https:\\\/\\\/www.notibras.com\\\/site\\\/wp-content\\\/uploads\\\/2015\\\/04\\\/frente..jpeg\",\"contentUrl\":\"https:\\\/\\\/www.notibras.com\\\/site\\\/wp-content\\\/uploads\\\/2015\\\/04\\\/frente..jpeg\",\"width\":619,\"height\":413},{\"@type\":\"BreadcrumbList\",\"@id\":\"https:\\\/\\\/www.notibras.com\\\/site\\\/pt-ate-tenta-resistir-mas-nao-governo-bom-com-economia-mal\\\/#breadcrumb\",\"itemListElement\":[{\"@type\":\"ListItem\",\"position\":1,\"name\":\"In\u00edcio\",\"item\":\"https:\\\/\\\/www.notibras.com\\\/site\\\/\"},{\"@type\":\"ListItem\",\"position\":2,\"name\":\"PT at\u00e9 tenta resistir, mas n\u00e3o h\u00e1 governo bom com economia mal\"}]},{\"@type\":\"WebSite\",\"@id\":\"https:\\\/\\\/www.notibras.com\\\/site\\\/#website\",\"url\":\"https:\\\/\\\/www.notibras.com\\\/site\\\/\",\"name\":\"Notibras\",\"description\":\"Not\u00edcias de Bras\u00edlia, do Brasil e do Mundo\",\"publisher\":{\"@id\":\"https:\\\/\\\/www.notibras.com\\\/site\\\/#organization\"},\"potentialAction\":[{\"@type\":\"SearchAction\",\"target\":{\"@type\":\"EntryPoint\",\"urlTemplate\":\"https:\\\/\\\/www.notibras.com\\\/site\\\/?s={search_term_string}\"},\"query-input\":{\"@type\":\"PropertyValueSpecification\",\"valueRequired\":true,\"valueName\":\"search_term_string\"}}],\"inLanguage\":\"pt-BR\"},{\"@type\":\"Organization\",\"@id\":\"https:\\\/\\\/www.notibras.com\\\/site\\\/#organization\",\"name\":\"Grupo Notibras de Comunica\u00e7\u00e3o\",\"url\":\"https:\\\/\\\/www.notibras.com\\\/site\\\/\",\"logo\":{\"@type\":\"ImageObject\",\"inLanguage\":\"pt-BR\",\"@id\":\"https:\\\/\\\/www.notibras.com\\\/site\\\/#\\\/schema\\\/logo\\\/image\\\/\",\"url\":\"https:\\\/\\\/www.notibras.com\\\/site\\\/wp-content\\\/uploads\\\/2023\\\/01\\\/notibras23.png\",\"contentUrl\":\"https:\\\/\\\/www.notibras.com\\\/site\\\/wp-content\\\/uploads\\\/2023\\\/01\\\/notibras23.png\",\"width\":350,\"height\":87,\"caption\":\"Grupo Notibras de Comunica\u00e7\u00e3o\"},\"image\":{\"@id\":\"https:\\\/\\\/www.notibras.com\\\/site\\\/#\\\/schema\\\/logo\\\/image\\\/\"},\"sameAs\":[\"https:\\\/\\\/www.facebook.com\\\/notibras\\\/\",\"https:\\\/\\\/x.com\\\/Notibras\",\"https:\\\/\\\/www.instagram.com\\\/notibras\\\/\"]},{\"@type\":\"Person\",\"@id\":\"https:\\\/\\\/www.notibras.com\\\/site\\\/#\\\/schema\\\/person\\\/36ab0979449956132d3e5b517ea76ac8\",\"name\":\"Reda\u00e7\u00e3o\",\"image\":{\"@type\":\"ImageObject\",\"inLanguage\":\"pt-BR\",\"@id\":\"https:\\\/\\\/secure.gravatar.com\\\/avatar\\\/e0a867bdedb85fd243eadf09663511f96fc81e0720a4a42581f334ad4303aa6b?s=96&d=mm&r=g\",\"url\":\"https:\\\/\\\/secure.gravatar.com\\\/avatar\\\/e0a867bdedb85fd243eadf09663511f96fc81e0720a4a42581f334ad4303aa6b?s=96&d=mm&r=g\",\"contentUrl\":\"https:\\\/\\\/secure.gravatar.com\\\/avatar\\\/e0a867bdedb85fd243eadf09663511f96fc81e0720a4a42581f334ad4303aa6b?s=96&d=mm&r=g\",\"caption\":\"Reda\u00e7\u00e3o\"}}]}<\/script>\n<!-- \/ Yoast SEO plugin. -->","yoast_head_json":{"title":"PT at\u00e9 tenta resistir, mas n\u00e3o h\u00e1 governo bom com economia mal - Notibras","robots":{"index":"index","follow":"follow","max-snippet":"max-snippet:-1","max-image-preview":"max-image-preview:large","max-video-preview":"max-video-preview:-1"},"canonical":"https:\/\/www.notibras.com\/site\/pt-ate-tenta-resistir-mas-nao-governo-bom-com-economia-mal\/","og_locale":"pt_BR","og_type":"article","og_title":"PT at\u00e9 tenta resistir, mas n\u00e3o h\u00e1 governo bom com economia mal - Notibras","og_description":"Observando o que acontece com o PT fica-se a pensar na possibilidade desse partido n\u00e3o ter constru\u00eddo sozinho suas estrat\u00e9gias para alcan\u00e7ar o poder e l\u00e1 permanecer. Afinal, parece n\u00e3o haver mentes brilhantes na grei petista. Tampouco Lula da Silva \u00e9 um g\u00eanio do jogo pol\u00edtico ou um estadista como exageram alguns. Sem d\u00favida, foi [&hellip;]","og_url":"https:\/\/www.notibras.com\/site\/pt-ate-tenta-resistir-mas-nao-governo-bom-com-economia-mal\/","og_site_name":"Notibras","article_publisher":"https:\/\/www.facebook.com\/notibras\/","article_published_time":"2015-04-13T15:57:38+00:00","article_modified_time":"2015-04-13T16:01:10+00:00","og_image":[{"width":619,"height":413,"url":"https:\/\/www.notibras.com\/site\/wp-content\/uploads\/2015\/04\/frente..jpeg","type":"image\/jpeg"}],"author":"Reda\u00e7\u00e3o","twitter_card":"summary_large_image","twitter_creator":"@Notibras","twitter_site":"@Notibras","twitter_misc":{"Escrito por":"Reda\u00e7\u00e3o","Est. tempo de leitura":"4 minutos"},"schema":{"@context":"https:\/\/schema.org","@graph":[{"@type":"Article","@id":"https:\/\/www.notibras.com\/site\/pt-ate-tenta-resistir-mas-nao-governo-bom-com-economia-mal\/#article","isPartOf":{"@id":"https:\/\/www.notibras.com\/site\/pt-ate-tenta-resistir-mas-nao-governo-bom-com-economia-mal\/"},"author":{"name":"Reda\u00e7\u00e3o","@id":"https:\/\/www.notibras.com\/site\/#\/schema\/person\/36ab0979449956132d3e5b517ea76ac8"},"headline":"PT at\u00e9 tenta resistir, mas n\u00e3o h\u00e1 governo bom com economia mal","datePublished":"2015-04-13T15:57:38+00:00","dateModified":"2015-04-13T16:01:10+00:00","mainEntityOfPage":{"@id":"https:\/\/www.notibras.com\/site\/pt-ate-tenta-resistir-mas-nao-governo-bom-com-economia-mal\/"},"wordCount":875,"commentCount":0,"publisher":{"@id":"https:\/\/www.notibras.com\/site\/#organization"},"image":{"@id":"https:\/\/www.notibras.com\/site\/pt-ate-tenta-resistir-mas-nao-governo-bom-com-economia-mal\/#primaryimage"},"thumbnailUrl":"https:\/\/www.notibras.com\/site\/wp-content\/uploads\/2015\/04\/frente..jpeg","articleSection":["Opina a\u00ed"],"inLanguage":"pt-BR","potentialAction":[{"@type":"CommentAction","name":"Comment","target":["https:\/\/www.notibras.com\/site\/pt-ate-tenta-resistir-mas-nao-governo-bom-com-economia-mal\/#respond"]}]},{"@type":"WebPage","@id":"https:\/\/www.notibras.com\/site\/pt-ate-tenta-resistir-mas-nao-governo-bom-com-economia-mal\/","url":"https:\/\/www.notibras.com\/site\/pt-ate-tenta-resistir-mas-nao-governo-bom-com-economia-mal\/","name":"PT at\u00e9 tenta resistir, mas n\u00e3o h\u00e1 governo bom com economia mal - Notibras","isPartOf":{"@id":"https:\/\/www.notibras.com\/site\/#website"},"primaryImageOfPage":{"@id":"https:\/\/www.notibras.com\/site\/pt-ate-tenta-resistir-mas-nao-governo-bom-com-economia-mal\/#primaryimage"},"image":{"@id":"https:\/\/www.notibras.com\/site\/pt-ate-tenta-resistir-mas-nao-governo-bom-com-economia-mal\/#primaryimage"},"thumbnailUrl":"https:\/\/www.notibras.com\/site\/wp-content\/uploads\/2015\/04\/frente..jpeg","datePublished":"2015-04-13T15:57:38+00:00","dateModified":"2015-04-13T16:01:10+00:00","breadcrumb":{"@id":"https:\/\/www.notibras.com\/site\/pt-ate-tenta-resistir-mas-nao-governo-bom-com-economia-mal\/#breadcrumb"},"inLanguage":"pt-BR","potentialAction":[{"@type":"ReadAction","target":["https:\/\/www.notibras.com\/site\/pt-ate-tenta-resistir-mas-nao-governo-bom-com-economia-mal\/"]}]},{"@type":"ImageObject","inLanguage":"pt-BR","@id":"https:\/\/www.notibras.com\/site\/pt-ate-tenta-resistir-mas-nao-governo-bom-com-economia-mal\/#primaryimage","url":"https:\/\/www.notibras.com\/site\/wp-content\/uploads\/2015\/04\/frente..jpeg","contentUrl":"https:\/\/www.notibras.com\/site\/wp-content\/uploads\/2015\/04\/frente..jpeg","width":619,"height":413},{"@type":"BreadcrumbList","@id":"https:\/\/www.notibras.com\/site\/pt-ate-tenta-resistir-mas-nao-governo-bom-com-economia-mal\/#breadcrumb","itemListElement":[{"@type":"ListItem","position":1,"name":"In\u00edcio","item":"https:\/\/www.notibras.com\/site\/"},{"@type":"ListItem","position":2,"name":"PT at\u00e9 tenta resistir, mas n\u00e3o h\u00e1 governo bom com economia mal"}]},{"@type":"WebSite","@id":"https:\/\/www.notibras.com\/site\/#website","url":"https:\/\/www.notibras.com\/site\/","name":"Notibras","description":"Not\u00edcias de Bras\u00edlia, do Brasil e do Mundo","publisher":{"@id":"https:\/\/www.notibras.com\/site\/#organization"},"potentialAction":[{"@type":"SearchAction","target":{"@type":"EntryPoint","urlTemplate":"https:\/\/www.notibras.com\/site\/?s={search_term_string}"},"query-input":{"@type":"PropertyValueSpecification","valueRequired":true,"valueName":"search_term_string"}}],"inLanguage":"pt-BR"},{"@type":"Organization","@id":"https:\/\/www.notibras.com\/site\/#organization","name":"Grupo Notibras de Comunica\u00e7\u00e3o","url":"https:\/\/www.notibras.com\/site\/","logo":{"@type":"ImageObject","inLanguage":"pt-BR","@id":"https:\/\/www.notibras.com\/site\/#\/schema\/logo\/image\/","url":"https:\/\/www.notibras.com\/site\/wp-content\/uploads\/2023\/01\/notibras23.png","contentUrl":"https:\/\/www.notibras.com\/site\/wp-content\/uploads\/2023\/01\/notibras23.png","width":350,"height":87,"caption":"Grupo Notibras de Comunica\u00e7\u00e3o"},"image":{"@id":"https:\/\/www.notibras.com\/site\/#\/schema\/logo\/image\/"},"sameAs":["https:\/\/www.facebook.com\/notibras\/","https:\/\/x.com\/Notibras","https:\/\/www.instagram.com\/notibras\/"]},{"@type":"Person","@id":"https:\/\/www.notibras.com\/site\/#\/schema\/person\/36ab0979449956132d3e5b517ea76ac8","name":"Reda\u00e7\u00e3o","image":{"@type":"ImageObject","inLanguage":"pt-BR","@id":"https:\/\/secure.gravatar.com\/avatar\/e0a867bdedb85fd243eadf09663511f96fc81e0720a4a42581f334ad4303aa6b?s=96&d=mm&r=g","url":"https:\/\/secure.gravatar.com\/avatar\/e0a867bdedb85fd243eadf09663511f96fc81e0720a4a42581f334ad4303aa6b?s=96&d=mm&r=g","contentUrl":"https:\/\/secure.gravatar.com\/avatar\/e0a867bdedb85fd243eadf09663511f96fc81e0720a4a42581f334ad4303aa6b?s=96&d=mm&r=g","caption":"Reda\u00e7\u00e3o"}}]}},"amp_enabled":true,"_links":{"self":[{"href":"https:\/\/www.notibras.com\/site\/wp-json\/wp\/v2\/posts\/43812","targetHints":{"allow":["GET"]}}],"collection":[{"href":"https:\/\/www.notibras.com\/site\/wp-json\/wp\/v2\/posts"}],"about":[{"href":"https:\/\/www.notibras.com\/site\/wp-json\/wp\/v2\/types\/post"}],"author":[{"embeddable":true,"href":"https:\/\/www.notibras.com\/site\/wp-json\/wp\/v2\/users\/2"}],"replies":[{"embeddable":true,"href":"https:\/\/www.notibras.com\/site\/wp-json\/wp\/v2\/comments?post=43812"}],"version-history":[{"count":0,"href":"https:\/\/www.notibras.com\/site\/wp-json\/wp\/v2\/posts\/43812\/revisions"}],"wp:featuredmedia":[{"embeddable":true,"href":"https:\/\/www.notibras.com\/site\/wp-json\/wp\/v2\/media\/43813"}],"wp:attachment":[{"href":"https:\/\/www.notibras.com\/site\/wp-json\/wp\/v2\/media?parent=43812"}],"wp:term":[{"taxonomy":"category","embeddable":true,"href":"https:\/\/www.notibras.com\/site\/wp-json\/wp\/v2\/categories?post=43812"},{"taxonomy":"post_tag","embeddable":true,"href":"https:\/\/www.notibras.com\/site\/wp-json\/wp\/v2\/tags?post=43812"}],"curies":[{"name":"wp","href":"https:\/\/api.w.org\/{rel}","templated":true}]}}