{"id":43872,"date":"2015-04-13T20:18:23","date_gmt":"2015-04-13T23:18:23","guid":{"rendered":"http:\/\/www.notibras.com\/site\/?p=43872"},"modified":"2015-04-14T08:58:00","modified_gmt":"2015-04-14T11:58:00","slug":"edinho-quer-aproximar-governo-da-sociedade-para-reduzir-tensoes","status":"publish","type":"post","link":"https:\/\/www.notibras.com\/site\/edinho-quer-aproximar-governo-da-sociedade-para-reduzir-tensoes\/","title":{"rendered":"Edinho quer aproximar o governo da sociedade para reduzir tens\u00f5es das ruas"},"content":{"rendered":"<div class=\"content\">\n<p>O ministro-chefe da Secretaria de Comunica\u00e7\u00e3o Social, Edinho Silva, disse nesta segunda 13 que o governo considera os protestos ocorridos no domingo (12) uma \u201cmanifesta\u00e7\u00e3o democr\u00e1tica\u201d e que est\u00e1 atento \u00e0s reivindica\u00e7\u00f5es apresentadas pelos cidad\u00e3os que foram \u00e0s ruas.<\/p>\n<p>Pela segunda vez em menos de um m\u00eas, milhares de pessoas protestaram em cidades de todas as regi\u00f5es do pa\u00eds contra o governo da presidenta Dilma Rousseff e pelo fim da corrup\u00e7\u00e3o, entre outras causas. Segundo c\u00e1lculos dos organizadores e das pol\u00edcias militares estaduais, as manifesta\u00e7\u00f5es de ontem foram <a href=\"http:\/\/agenciabrasil.ebc.com.br\/geral\/noticia\/2015-04\/com-menos-participantes-protestos-contra-o-governo-se-espalharam-pelo-pais\" target=\"_blank\">menores<\/a> que as do dia 15 de mar\u00e7o.<\/p>\n<p>\u201cO governo est\u00e1 atento \u00e0 pauta das mobiliza\u00e7\u00f5es. O governo continua governando, mas considerando as manifesta\u00e7\u00f5es como uma manifesta\u00e7\u00e3o democr\u00e1tica do nosso pa\u00eds. O governo, como j\u00e1 disse, respeita uma manifesta\u00e7\u00e3o dessa dimens\u00e3o. \u00c9 uma express\u00e3o importante da democracia brasileira\u201d, disse o ministro, ap\u00f3s se reunir com assessores de comunica\u00e7\u00e3o do governo.<\/p>\n<p>Perguntado sobre os resultados da pesquisa Datafolha, divulgada no fim de semana, segundo a qual 63% dos brasileiros querem o <em>impeachment<\/em> da presidenta Dilma, Edinho Silva disse que o descontentamento em rela\u00e7\u00e3o aos pol\u00edticos atinge todas as esferas do poder, expressado desde as manifesta\u00e7\u00f5es de junho de 2013.<\/p>\n<p>\u201cTodos os poderes institu\u00eddos do Estado brasileiro certamente est\u00e3o sendo questionados, a imensa maioria das prefeituras, dos governos de estados, dos legislativos. \u00c9 claro que temos a responsabilidade, por sermos o governo central, mas o mais importante \u00e9 que possamos entender o sentimento das ruas e trabalhar para aprimorar cada vez mais o Estado da sociedade civil\u201d, ponderou.<\/p>\n<blockquote><p>Respons\u00e1vel pela comunica\u00e7\u00e3o do governo, Silva disse que a estrat\u00e9gia para melhorar os \u00edndices de aprova\u00e7\u00e3o da gest\u00e3o Dilma ser\u00e1 a aproxima\u00e7\u00e3o com a sociedade para ouvir mais as demandas da popula\u00e7\u00e3o. \u201cA sociedade civil quer participar mais da vida pol\u00edtica no nosso pa\u00eds, a sociedade quer mais instrumentos de fiscaliza\u00e7\u00e3o\u201d, ressaltou.<\/p><\/blockquote>\n<p>O ministro reuniu os assessores de comunica\u00e7\u00e3o do governo federal para discutir estrat\u00e9gias conjuntas para todas as pastas. \u201cFoi uma reuni\u00e3o para que possamos unificar a forma de trabalho de toda a comunica\u00e7\u00e3o do governo. Preciso conhecer a estrutura de cada minist\u00e9rio, quero saber o que cada minist\u00e9rio est\u00e1 organizando para fazer a informa\u00e7\u00e3o chegar de forma mais eficiente ao cidad\u00e3o\u201d, disse Silva, que est\u00e1 no governo desde o fim de mar\u00e7o.<\/p>\n<p>Segundo Edinho Silva, \u201cinformar os feitos do governo n\u00e3o \u00e9 nenhuma benesse, \u00e9 uma obriga\u00e7\u00e3o&#8221;, porque o que o governo faz \u00e9 com dinheiro p\u00fablico, e &#8220;o cidad\u00e3o tem que saber aquilo que acontece com o seu dinheiro\u201d.<\/p>\n<header>\n<div class=\"node-info\"><strong>Luana Louren\u00e7o e Paulo Victor Chagas, ABr<\/strong><strong><br \/>\n<\/strong><\/div>\n<\/header>\n<\/div>\n","protected":false},"excerpt":{"rendered":"<p>O ministro-chefe da Secretaria de Comunica\u00e7\u00e3o Social, Edinho Silva, disse nesta segunda 13 que o governo considera os protestos ocorridos no domingo (12) uma \u201cmanifesta\u00e7\u00e3o democr\u00e1tica\u201d e que est\u00e1 atento \u00e0s reivindica\u00e7\u00f5es apresentadas pelos cidad\u00e3os que foram \u00e0s ruas. Pela segunda vez em menos de um m\u00eas, milhares de pessoas protestaram em cidades de todas [&hellip;]<\/p>\n","protected":false},"author":2,"featured_media":43873,"comment_status":"open","ping_status":"closed","sticky":false,"template":"","format":"standard","meta":{"_acf_changed":false,"footnotes":""},"categories":[16],"tags":[],"class_list":["post-43872","post","type-post","status-publish","format-standard","has-post-thumbnail","hentry","category-brasil"],"acf":[],"_links":{"self":[{"href":"https:\/\/www.notibras.com\/site\/wp-json\/wp\/v2\/posts\/43872","targetHints":{"allow":["GET"]}}],"collection":[{"href":"https:\/\/www.notibras.com\/site\/wp-json\/wp\/v2\/posts"}],"about":[{"href":"https:\/\/www.notibras.com\/site\/wp-json\/wp\/v2\/types\/post"}],"author":[{"embeddable":true,"href":"https:\/\/www.notibras.com\/site\/wp-json\/wp\/v2\/users\/2"}],"replies":[{"embeddable":true,"href":"https:\/\/www.notibras.com\/site\/wp-json\/wp\/v2\/comments?post=43872"}],"version-history":[{"count":0,"href":"https:\/\/www.notibras.com\/site\/wp-json\/wp\/v2\/posts\/43872\/revisions"}],"wp:featuredmedia":[{"embeddable":true,"href":"https:\/\/www.notibras.com\/site\/wp-json\/wp\/v2\/media\/43873"}],"wp:attachment":[{"href":"https:\/\/www.notibras.com\/site\/wp-json\/wp\/v2\/media?parent=43872"}],"wp:term":[{"taxonomy":"category","embeddable":true,"href":"https:\/\/www.notibras.com\/site\/wp-json\/wp\/v2\/categories?post=43872"},{"taxonomy":"post_tag","embeddable":true,"href":"https:\/\/www.notibras.com\/site\/wp-json\/wp\/v2\/tags?post=43872"}],"curies":[{"name":"wp","href":"https:\/\/api.w.org\/{rel}","templated":true}]}}