{"id":43914,"date":"2015-04-14T08:47:05","date_gmt":"2015-04-14T11:47:05","guid":{"rendered":"http:\/\/www.notibras.com\/site\/?p=43914"},"modified":"2015-04-14T14:10:04","modified_gmt":"2015-04-14T17:10:04","slug":"cut-quer-parar-brasil-na-4a-15-contra-terceirizacao-da-mao-deobra","status":"publish","type":"post","link":"https:\/\/www.notibras.com\/site\/cut-quer-parar-brasil-na-4a-15-contra-terceirizacao-da-mao-deobra\/","title":{"rendered":"CUT quer parar Brasil na 4\u00aa, contra a lei da terceiriza\u00e7\u00e3o"},"content":{"rendered":"<p>Os sindicatos ligados \u00e0 Central \u00danica dos Trabalhadores pretender parar o Pa\u00eds nesta quarta-feira 15, em protesto contra o PL 4330 que regulamenta os contratos de terceiriza\u00e7\u00e3o. \u00c9 o que anuncia o presidente da CUT, Vagner Freitas.<\/p>\n<p>&#8220;Todas as nossas entidades t\u00eam de convocar, realizar algum ato. \u00c9 nossa responsabilidade, porque estamos diante de um forte ataque do Congresso Nacional aos direitos dos trabalhadores e trabalhadoras&#8221;, emendou o dirigente sindical.<\/p>\n<p>Na avalia\u00e7\u00e3o de Vagner, como terceirizar \u00e9 mais barato, os empres\u00e1rios e patr\u00f5es v\u00e3o poder terceirizar todas as suas atividades, em todos os seus departamentos e se\u00e7\u00f5es e haver\u00e1 demiss\u00f5es. &#8220;Ou seja, se o PL 4330 passar (ele j\u00e1 foi aprovado na C\u00e2mara dos Deputados e segue agora para aprecia\u00e7\u00e3o no Senado Federal) e virar realidade, voc\u00ea ser\u00e1 demitido&#8221;, alerta.<\/p>\n<blockquote><p>O dirigente classista exemplifica: &#8220;Por que um banco vai manter um caixa em sua ag\u00eancia se ele pode gastar bem menos com um correspondente banc\u00e1rio, contratando os servi\u00e7os de uma lot\u00e9rica ou ag\u00eancia de correio? Al\u00e9m disso, uma grande montadora vai demitir grupos de metal\u00fargicos e contratar uma pequena firma, uma ret\u00edfica qualquer, para fazer determinados servi\u00e7os.&#8221;<\/p><\/blockquote>\n<p>Outra cr\u00edtica do l\u00edder sindical diz que, ao contr\u00e1rio do que dizem os empres\u00e1rios, o PL 4330 n\u00e3o vai proteger quem j\u00e1 \u00e9 terceirizado.<\/p>\n<p>&#8220;O projeto vai \u00e9 tornar todo mundo terceirizado&#8221;, disse, destacando que os terceirizados trabalham cerca de tr\u00eas horas a mais por semana e ganham, em m\u00e9dia, 24% menos e, geralmente, n\u00e3o recebem equipamento ou uniformes adequados. &#8220;Portanto, rapidamente, os brasileiros e brasileiras v\u00e3o come\u00e7ar a perder os seus direitos. A CLT (Consolida\u00e7\u00e3o das Leis do Trabalho) vai desaparecer. Ent\u00e3o, adeus 13\u00ba, f\u00e9rias remuneradas, vale-refei\u00e7\u00e3o, vale-transporte, descanso semanal remunerado. A CLT vai ser rasgada e jogada no lixo&#8221;, afirmou.<\/p>\n","protected":false},"excerpt":{"rendered":"<p>Os sindicatos ligados \u00e0 Central \u00danica dos Trabalhadores pretender parar o Pa\u00eds nesta quarta-feira 15, em protesto contra o PL 4330 que regulamenta os contratos de terceiriza\u00e7\u00e3o. \u00c9 o que anuncia o presidente da CUT, Vagner Freitas. &#8220;Todas as nossas entidades t\u00eam de convocar, realizar algum ato. \u00c9 nossa responsabilidade, porque estamos diante de um [&hellip;]<\/p>\n","protected":false},"author":2,"featured_media":43915,"comment_status":"open","ping_status":"closed","sticky":false,"template":"","format":"standard","meta":{"_acf_changed":false,"footnotes":""},"categories":[16],"tags":[],"class_list":["post-43914","post","type-post","status-publish","format-standard","has-post-thumbnail","hentry","category-brasil"],"acf":[],"_links":{"self":[{"href":"https:\/\/www.notibras.com\/site\/wp-json\/wp\/v2\/posts\/43914","targetHints":{"allow":["GET"]}}],"collection":[{"href":"https:\/\/www.notibras.com\/site\/wp-json\/wp\/v2\/posts"}],"about":[{"href":"https:\/\/www.notibras.com\/site\/wp-json\/wp\/v2\/types\/post"}],"author":[{"embeddable":true,"href":"https:\/\/www.notibras.com\/site\/wp-json\/wp\/v2\/users\/2"}],"replies":[{"embeddable":true,"href":"https:\/\/www.notibras.com\/site\/wp-json\/wp\/v2\/comments?post=43914"}],"version-history":[{"count":0,"href":"https:\/\/www.notibras.com\/site\/wp-json\/wp\/v2\/posts\/43914\/revisions"}],"wp:featuredmedia":[{"embeddable":true,"href":"https:\/\/www.notibras.com\/site\/wp-json\/wp\/v2\/media\/43915"}],"wp:attachment":[{"href":"https:\/\/www.notibras.com\/site\/wp-json\/wp\/v2\/media?parent=43914"}],"wp:term":[{"taxonomy":"category","embeddable":true,"href":"https:\/\/www.notibras.com\/site\/wp-json\/wp\/v2\/categories?post=43914"},{"taxonomy":"post_tag","embeddable":true,"href":"https:\/\/www.notibras.com\/site\/wp-json\/wp\/v2\/tags?post=43914"}],"curies":[{"name":"wp","href":"https:\/\/api.w.org\/{rel}","templated":true}]}}