{"id":43920,"date":"2015-04-14T08:55:52","date_gmt":"2015-04-14T11:55:52","guid":{"rendered":"http:\/\/www.notibras.com\/site\/?p=43920"},"modified":"2015-04-14T14:17:42","modified_gmt":"2015-04-14T17:17:42","slug":"caiado-promete-usar-manada-para-atropelar-fusao-dem-ptb","status":"publish","type":"post","link":"https:\/\/www.notibras.com\/site\/caiado-promete-usar-manada-para-atropelar-fusao-dem-ptb\/","title":{"rendered":"Caiado promete usar manada para atropelar ideia de fus\u00e3o do seu Democratas com o PTB"},"content":{"rendered":"<p>O senador Ronaldo Caiado (DEM\/GO) afirmou na noite desta segunda-feira (13) que ir\u00e1 at\u00e9 as &#8220;\u00faltimas consequ\u00eancias&#8221; para evitar a fus\u00e3o do Democratas com o PTB. &#8220;O PTB tem suas ra\u00edzes, n\u00f3s temos as nossas&#8221;, disse durante participa\u00e7\u00e3o no F\u00f3rum da Liberdade, em Porto Alegre (RS).<\/p>\n<p>Recentemente, a Executiva do DEM deu carta branca \u00e0 continuidade da negocia\u00e7\u00e3o para a jun\u00e7\u00e3o das legendas, que ocorreria no in\u00edcio de maio, mas a decis\u00e3o acabou adiada depois que, na semana passada &#8211; ap\u00f3s uma reuni\u00e3o de quatro horas -, a bancada do PTB colocou um p\u00e9 no freio no processo, preferindo consultar melhor as bases antes de seguir adiante.<\/p>\n<p>Cada vez mais isolado no Democratas ao rejeitar um poss\u00edvel acordo com o PTB, Caiado repetiu na capital ga\u00facha que uma sigla que fez oposi\u00e7\u00e3o ao PT nos \u00faltimos 12 anos n\u00e3o poder\u00e1 amanh\u00e3 ser confundida com um partido da base do governo, informa a Ag\u00eancia Estado..<\/p>\n<blockquote><p>Caiado explicou que, ao dizer que vai at\u00e9 as \u00faltimas consequ\u00eancias, ele se referia \u00e0 tentativa de levar o assunto para discuss\u00e3o em duas inst\u00e2ncias posteriores \u00e0 decis\u00e3o da Executiva do DEM: a reuni\u00e3o do conselho pol\u00edtico do partido e, depois, a conven\u00e7\u00e3o nacional. Nenhum dos dois eventos t\u00eam data marcada. &#8220;Quanto mais prorrogarmos melhor&#8221;, falou.<\/p><\/blockquote>\n<p>&#8220;O que estamos fazendo \u00e9 convocando todos os filiados, todos os delgados do partido, para que n\u00e3o deixem acontecer o que seria um desastre ao Democratas. Temos uma linha doutrin\u00e1ria que n\u00e3o pode ser alterada para aumentar o tempo no r\u00e1dio e na televis\u00e3o.&#8221;<\/p>\n<p>Sobre a tentativa frustrada de instaurar uma CPI para investigar o BNDES, Caiado afirmou que est\u00e1 cada vez mais dif\u00edcil &#8220;por causa da atua\u00e7\u00e3o do governo federal. Na \u00faltima semana, a oposi\u00e7\u00e3o chegou a apresentar o pedido de abertura no Senado, mas a retirada da assinatura de seis senadores governistas em cima da hora motivou um recuo. Caiado \u00e9 desde fevereiro o respons\u00e1vel por colher as assinaturas. S\u00e3o necess\u00e1rios 27 nomes. &#8220;Vou continuar buscando as assinaturas para recompor o n\u00famero m\u00ednimo e apresent\u00e1-las \u00e0 mesa&#8221;, disse.<\/p>\n","protected":false},"excerpt":{"rendered":"<p>O senador Ronaldo Caiado (DEM\/GO) afirmou na noite desta segunda-feira (13) que ir\u00e1 at\u00e9 as &#8220;\u00faltimas consequ\u00eancias&#8221; para evitar a fus\u00e3o do Democratas com o PTB. &#8220;O PTB tem suas ra\u00edzes, n\u00f3s temos as nossas&#8221;, disse durante participa\u00e7\u00e3o no F\u00f3rum da Liberdade, em Porto Alegre (RS). Recentemente, a Executiva do DEM deu carta branca \u00e0 [&hellip;]<\/p>\n","protected":false},"author":2,"featured_media":43921,"comment_status":"open","ping_status":"closed","sticky":false,"template":"","format":"standard","meta":{"_acf_changed":false,"footnotes":""},"categories":[16],"tags":[],"class_list":["post-43920","post","type-post","status-publish","format-standard","has-post-thumbnail","hentry","category-brasil"],"acf":[],"_links":{"self":[{"href":"https:\/\/www.notibras.com\/site\/wp-json\/wp\/v2\/posts\/43920","targetHints":{"allow":["GET"]}}],"collection":[{"href":"https:\/\/www.notibras.com\/site\/wp-json\/wp\/v2\/posts"}],"about":[{"href":"https:\/\/www.notibras.com\/site\/wp-json\/wp\/v2\/types\/post"}],"author":[{"embeddable":true,"href":"https:\/\/www.notibras.com\/site\/wp-json\/wp\/v2\/users\/2"}],"replies":[{"embeddable":true,"href":"https:\/\/www.notibras.com\/site\/wp-json\/wp\/v2\/comments?post=43920"}],"version-history":[{"count":0,"href":"https:\/\/www.notibras.com\/site\/wp-json\/wp\/v2\/posts\/43920\/revisions"}],"wp:featuredmedia":[{"embeddable":true,"href":"https:\/\/www.notibras.com\/site\/wp-json\/wp\/v2\/media\/43921"}],"wp:attachment":[{"href":"https:\/\/www.notibras.com\/site\/wp-json\/wp\/v2\/media?parent=43920"}],"wp:term":[{"taxonomy":"category","embeddable":true,"href":"https:\/\/www.notibras.com\/site\/wp-json\/wp\/v2\/categories?post=43920"},{"taxonomy":"post_tag","embeddable":true,"href":"https:\/\/www.notibras.com\/site\/wp-json\/wp\/v2\/tags?post=43920"}],"curies":[{"name":"wp","href":"https:\/\/api.w.org\/{rel}","templated":true}]}}