{"id":44003,"date":"2015-04-14T16:38:02","date_gmt":"2015-04-14T19:38:02","guid":{"rendered":"http:\/\/www.notibras.com\/site\/?p=44003"},"modified":"2015-04-14T16:38:02","modified_gmt":"2015-04-14T19:38:02","slug":"maioridade-penal-deve-vigorar-desde-o-registro-de-nascimento","status":"publish","type":"post","link":"https:\/\/www.notibras.com\/site\/maioridade-penal-deve-vigorar-desde-o-registro-de-nascimento\/","title":{"rendered":"Maioridade penal deve vigorar desde o registro de nascimento"},"content":{"rendered":"<p>A escalada da criminalidade juvenil recrudesce no pa\u00eds e n\u00e3o pode ser mais tratada apenas como caso pontual ou isolado. O fato requer postura firme de nossas autoridades, independente dos recalcitrantes defensores hip\u00f3critas dos Direitos Humanos.<\/p>\n<p>A responsabilidade penal deveria come\u00e7ar a partir do nascimento do indiv\u00edduo para que os pais se preocupassem mais com a educa\u00e7\u00e3o de seus filhos. \u00a0A rejei\u00e7\u00e3o \u00e0 diminui\u00e7\u00e3o da imputabilidade penal s\u00f3 interessa aos defensores dos Direitos Humanos dos delinquentes.<\/p>\n<p>Eu gostaria de saber &#8211; caso os infratores menores de idade come\u00e7assem a violentar magistrados, pol\u00edticos, governantes e seus familiares &#8211; se os farisaicos defensores desses delinquentes juvenis teriam o mesmo discurso de vir defender a irredutibilidade da idade penal.<\/p>\n<blockquote><p>Jogar a culpa para os problemas sociais \u00e9 pretexto esfarrapado. O jovem delinquente, independente de sua condi\u00e7\u00e3o social, est\u00e1 praticando mais crimes, inclusive contra a vida, porque sabe que a seu favor impera uma legisla\u00e7\u00e3o penal de 1940, leniente e obsoleta.<\/p><\/blockquote>\n<p>A redu\u00e7\u00e3o da idade penal, diante de uma sociedade de jovens mais antenados, mais espertos do que os seus antecessores, \u00e9 uma necessidade para chamar \u00e0 responsabilidade os menores que est\u00e3o, conscientemente, praticando crimes b\u00e1rbaros.<\/p>\n<p>Na Inglaterra, pa\u00eds de Primeiro Mundo, com educa\u00e7\u00e3o avan\u00e7ada, o infante de 10 anos tem idade de responsabilidade penal, e assim em muitos outros pa\u00edses. Por que no Brasil \u00e9 diferente?<\/p>\n<p>O deputado federal Chico Alencar (PSOL-RJ) &#8211;\u00a0contr\u00e1rio \u00e0 redu\u00e7\u00e3o penal porque, certamente, a pimenta ainda n\u00e3o ardeu em seu olho &#8211;\u00a0prega solu\u00e7\u00e3o simpl\u00f3ria e te\u00f3rica apoiada em mais educa\u00e7\u00e3o e menos cadeia. E divaga que hoje o Brasil tem quase 700 mil presos e a viol\u00eancia n\u00e3o diminuiu.<\/p>\n<blockquote><p>\u00c9 \u00f3bvio que a educa\u00e7\u00e3o \u00e9 a base do crescimento do indiv\u00edduo. Mas enquanto a educa\u00e7\u00e3o n\u00e3o for prioridade dos governos e pol\u00edticos, os menores e maiores infratores n\u00e3o podem sair por a\u00ed cometendo crimes sob o guarda-chuva de pol\u00edticos como Chico Alencar, Maria do Ros\u00e1rio etc.<\/p><\/blockquote>\n<p>N\u00e3o acredito que o deputado prefira ver bandido solto e incomodando a sociedade a ficar trancafiado nas pris\u00f5es (f\u00e9tidas) brasileiras, abandonadas pelo desinteresse dos governos e pol\u00edticos em construir unidades carcer\u00e1rias de dignidade humana.<\/p>\n<p>Por que a arrecada\u00e7\u00e3o de impostos n\u00e3o socorre a educa\u00e7\u00e3o dos menores desfavorecidos? Chico Alencar e Maria do Ros\u00e1rio poderiam responder que grande parte vai bancar as mordomias e altos sal\u00e1rios do inchado e inoperante Congresso Nacional.<\/p>\n<p>Assim, o que fizeram at\u00e9 agora Chico Alencar e demais parlamentares para reduzir a despesa do Congresso e alocar essa sobra de recursos\u00a0na educa\u00e7\u00e3o redentora dos futuros pivetes?<\/p>\n<p><strong>J\u00falio C\u00e9sar Cardoso<\/strong><\/p>\n","protected":false},"excerpt":{"rendered":"<p>A escalada da criminalidade juvenil recrudesce no pa\u00eds e n\u00e3o pode ser mais tratada apenas como caso pontual ou isolado. O fato requer postura firme de nossas autoridades, independente dos recalcitrantes defensores hip\u00f3critas dos Direitos Humanos. A responsabilidade penal deveria come\u00e7ar a partir do nascimento do indiv\u00edduo para que os pais se preocupassem mais com [&hellip;]<\/p>\n","protected":false},"author":2,"featured_media":44004,"comment_status":"open","ping_status":"closed","sticky":false,"template":"","format":"standard","meta":{"_acf_changed":false,"footnotes":""},"categories":[25],"tags":[],"class_list":["post-44003","post","type-post","status-publish","format-standard","has-post-thumbnail","hentry","category-opina-ai"],"acf":[],"yoast_head":"<!-- This site is optimized with the Yoast SEO plugin v27.5 - https:\/\/yoast.com\/product\/yoast-seo-wordpress\/ -->\n<title>Maioridade penal deve vigorar desde o registro de nascimento - Notibras<\/title>\n<meta name=\"robots\" content=\"index, follow, max-snippet:-1, max-image-preview:large, max-video-preview:-1\" \/>\n<link rel=\"canonical\" href=\"https:\/\/www.notibras.com\/site\/maioridade-penal-deve-vigorar-desde-o-registro-de-nascimento\/\" \/>\n<meta property=\"og:locale\" content=\"pt_BR\" \/>\n<meta property=\"og:type\" content=\"article\" \/>\n<meta property=\"og:title\" content=\"Maioridade penal deve vigorar desde o registro de nascimento - Notibras\" \/>\n<meta property=\"og:description\" content=\"A escalada da criminalidade juvenil recrudesce no pa\u00eds e n\u00e3o pode ser mais tratada apenas como caso pontual ou isolado. O fato requer postura firme de nossas autoridades, independente dos recalcitrantes defensores hip\u00f3critas dos Direitos Humanos. A responsabilidade penal deveria come\u00e7ar a partir do nascimento do indiv\u00edduo para que os pais se preocupassem mais com [&hellip;]\" \/>\n<meta property=\"og:url\" content=\"https:\/\/www.notibras.com\/site\/maioridade-penal-deve-vigorar-desde-o-registro-de-nascimento\/\" \/>\n<meta property=\"og:site_name\" content=\"Notibras\" \/>\n<meta property=\"article:publisher\" content=\"https:\/\/www.facebook.com\/notibras\/\" \/>\n<meta property=\"article:published_time\" content=\"2015-04-14T19:38:02+00:00\" \/>\n<meta property=\"og:image\" content=\"https:\/\/www.notibras.com\/site\/wp-content\/uploads\/2015\/04\/mai.14.jpg\" \/>\n\t<meta property=\"og:image:width\" content=\"550\" \/>\n\t<meta property=\"og:image:height\" content=\"330\" \/>\n\t<meta property=\"og:image:type\" content=\"image\/jpeg\" \/>\n<meta name=\"author\" content=\"Reda\u00e7\u00e3o\" \/>\n<meta name=\"twitter:card\" content=\"summary_large_image\" \/>\n<meta name=\"twitter:creator\" content=\"@Notibras\" \/>\n<meta name=\"twitter:site\" content=\"@Notibras\" \/>\n<meta name=\"twitter:label1\" content=\"Escrito por\" \/>\n\t<meta name=\"twitter:data1\" content=\"Reda\u00e7\u00e3o\" \/>\n\t<meta name=\"twitter:label2\" content=\"Est. tempo de leitura\" \/>\n\t<meta name=\"twitter:data2\" content=\"2 minutos\" \/>\n<script type=\"application\/ld+json\" class=\"yoast-schema-graph\">{\"@context\":\"https:\\\/\\\/schema.org\",\"@graph\":[{\"@type\":\"Article\",\"@id\":\"https:\\\/\\\/www.notibras.com\\\/site\\\/maioridade-penal-deve-vigorar-desde-o-registro-de-nascimento\\\/#article\",\"isPartOf\":{\"@id\":\"https:\\\/\\\/www.notibras.com\\\/site\\\/maioridade-penal-deve-vigorar-desde-o-registro-de-nascimento\\\/\"},\"author\":{\"name\":\"Reda\u00e7\u00e3o\",\"@id\":\"https:\\\/\\\/www.notibras.com\\\/site\\\/#\\\/schema\\\/person\\\/36ab0979449956132d3e5b517ea76ac8\"},\"headline\":\"Maioridade penal deve vigorar desde o registro de nascimento\",\"datePublished\":\"2015-04-14T19:38:02+00:00\",\"mainEntityOfPage\":{\"@id\":\"https:\\\/\\\/www.notibras.com\\\/site\\\/maioridade-penal-deve-vigorar-desde-o-registro-de-nascimento\\\/\"},\"wordCount\":470,\"commentCount\":0,\"publisher\":{\"@id\":\"https:\\\/\\\/www.notibras.com\\\/site\\\/#organization\"},\"image\":{\"@id\":\"https:\\\/\\\/www.notibras.com\\\/site\\\/maioridade-penal-deve-vigorar-desde-o-registro-de-nascimento\\\/#primaryimage\"},\"thumbnailUrl\":\"https:\\\/\\\/www.notibras.com\\\/site\\\/wp-content\\\/uploads\\\/2015\\\/04\\\/mai.14.jpg\",\"articleSection\":[\"Opina a\u00ed\"],\"inLanguage\":\"pt-BR\",\"potentialAction\":[{\"@type\":\"CommentAction\",\"name\":\"Comment\",\"target\":[\"https:\\\/\\\/www.notibras.com\\\/site\\\/maioridade-penal-deve-vigorar-desde-o-registro-de-nascimento\\\/#respond\"]}]},{\"@type\":\"WebPage\",\"@id\":\"https:\\\/\\\/www.notibras.com\\\/site\\\/maioridade-penal-deve-vigorar-desde-o-registro-de-nascimento\\\/\",\"url\":\"https:\\\/\\\/www.notibras.com\\\/site\\\/maioridade-penal-deve-vigorar-desde-o-registro-de-nascimento\\\/\",\"name\":\"Maioridade penal deve vigorar desde o registro de nascimento - Notibras\",\"isPartOf\":{\"@id\":\"https:\\\/\\\/www.notibras.com\\\/site\\\/#website\"},\"primaryImageOfPage\":{\"@id\":\"https:\\\/\\\/www.notibras.com\\\/site\\\/maioridade-penal-deve-vigorar-desde-o-registro-de-nascimento\\\/#primaryimage\"},\"image\":{\"@id\":\"https:\\\/\\\/www.notibras.com\\\/site\\\/maioridade-penal-deve-vigorar-desde-o-registro-de-nascimento\\\/#primaryimage\"},\"thumbnailUrl\":\"https:\\\/\\\/www.notibras.com\\\/site\\\/wp-content\\\/uploads\\\/2015\\\/04\\\/mai.14.jpg\",\"datePublished\":\"2015-04-14T19:38:02+00:00\",\"breadcrumb\":{\"@id\":\"https:\\\/\\\/www.notibras.com\\\/site\\\/maioridade-penal-deve-vigorar-desde-o-registro-de-nascimento\\\/#breadcrumb\"},\"inLanguage\":\"pt-BR\",\"potentialAction\":[{\"@type\":\"ReadAction\",\"target\":[\"https:\\\/\\\/www.notibras.com\\\/site\\\/maioridade-penal-deve-vigorar-desde-o-registro-de-nascimento\\\/\"]}]},{\"@type\":\"ImageObject\",\"inLanguage\":\"pt-BR\",\"@id\":\"https:\\\/\\\/www.notibras.com\\\/site\\\/maioridade-penal-deve-vigorar-desde-o-registro-de-nascimento\\\/#primaryimage\",\"url\":\"https:\\\/\\\/www.notibras.com\\\/site\\\/wp-content\\\/uploads\\\/2015\\\/04\\\/mai.14.jpg\",\"contentUrl\":\"https:\\\/\\\/www.notibras.com\\\/site\\\/wp-content\\\/uploads\\\/2015\\\/04\\\/mai.14.jpg\",\"width\":550,\"height\":330},{\"@type\":\"BreadcrumbList\",\"@id\":\"https:\\\/\\\/www.notibras.com\\\/site\\\/maioridade-penal-deve-vigorar-desde-o-registro-de-nascimento\\\/#breadcrumb\",\"itemListElement\":[{\"@type\":\"ListItem\",\"position\":1,\"name\":\"In\u00edcio\",\"item\":\"https:\\\/\\\/www.notibras.com\\\/site\\\/\"},{\"@type\":\"ListItem\",\"position\":2,\"name\":\"Maioridade penal deve vigorar desde o registro de nascimento\"}]},{\"@type\":\"WebSite\",\"@id\":\"https:\\\/\\\/www.notibras.com\\\/site\\\/#website\",\"url\":\"https:\\\/\\\/www.notibras.com\\\/site\\\/\",\"name\":\"Notibras\",\"description\":\"Not\u00edcias de Bras\u00edlia, do Brasil e do Mundo\",\"publisher\":{\"@id\":\"https:\\\/\\\/www.notibras.com\\\/site\\\/#organization\"},\"potentialAction\":[{\"@type\":\"SearchAction\",\"target\":{\"@type\":\"EntryPoint\",\"urlTemplate\":\"https:\\\/\\\/www.notibras.com\\\/site\\\/?s={search_term_string}\"},\"query-input\":{\"@type\":\"PropertyValueSpecification\",\"valueRequired\":true,\"valueName\":\"search_term_string\"}}],\"inLanguage\":\"pt-BR\"},{\"@type\":\"Organization\",\"@id\":\"https:\\\/\\\/www.notibras.com\\\/site\\\/#organization\",\"name\":\"Grupo Notibras de Comunica\u00e7\u00e3o\",\"url\":\"https:\\\/\\\/www.notibras.com\\\/site\\\/\",\"logo\":{\"@type\":\"ImageObject\",\"inLanguage\":\"pt-BR\",\"@id\":\"https:\\\/\\\/www.notibras.com\\\/site\\\/#\\\/schema\\\/logo\\\/image\\\/\",\"url\":\"https:\\\/\\\/www.notibras.com\\\/site\\\/wp-content\\\/uploads\\\/2023\\\/01\\\/notibras23.png\",\"contentUrl\":\"https:\\\/\\\/www.notibras.com\\\/site\\\/wp-content\\\/uploads\\\/2023\\\/01\\\/notibras23.png\",\"width\":350,\"height\":87,\"caption\":\"Grupo Notibras de Comunica\u00e7\u00e3o\"},\"image\":{\"@id\":\"https:\\\/\\\/www.notibras.com\\\/site\\\/#\\\/schema\\\/logo\\\/image\\\/\"},\"sameAs\":[\"https:\\\/\\\/www.facebook.com\\\/notibras\\\/\",\"https:\\\/\\\/x.com\\\/Notibras\",\"https:\\\/\\\/www.instagram.com\\\/notibras\\\/\"]},{\"@type\":\"Person\",\"@id\":\"https:\\\/\\\/www.notibras.com\\\/site\\\/#\\\/schema\\\/person\\\/36ab0979449956132d3e5b517ea76ac8\",\"name\":\"Reda\u00e7\u00e3o\",\"image\":{\"@type\":\"ImageObject\",\"inLanguage\":\"pt-BR\",\"@id\":\"https:\\\/\\\/secure.gravatar.com\\\/avatar\\\/e0a867bdedb85fd243eadf09663511f96fc81e0720a4a42581f334ad4303aa6b?s=96&d=mm&r=g\",\"url\":\"https:\\\/\\\/secure.gravatar.com\\\/avatar\\\/e0a867bdedb85fd243eadf09663511f96fc81e0720a4a42581f334ad4303aa6b?s=96&d=mm&r=g\",\"contentUrl\":\"https:\\\/\\\/secure.gravatar.com\\\/avatar\\\/e0a867bdedb85fd243eadf09663511f96fc81e0720a4a42581f334ad4303aa6b?s=96&d=mm&r=g\",\"caption\":\"Reda\u00e7\u00e3o\"}}]}<\/script>\n<!-- \/ Yoast SEO plugin. -->","yoast_head_json":{"title":"Maioridade penal deve vigorar desde o registro de nascimento - Notibras","robots":{"index":"index","follow":"follow","max-snippet":"max-snippet:-1","max-image-preview":"max-image-preview:large","max-video-preview":"max-video-preview:-1"},"canonical":"https:\/\/www.notibras.com\/site\/maioridade-penal-deve-vigorar-desde-o-registro-de-nascimento\/","og_locale":"pt_BR","og_type":"article","og_title":"Maioridade penal deve vigorar desde o registro de nascimento - Notibras","og_description":"A escalada da criminalidade juvenil recrudesce no pa\u00eds e n\u00e3o pode ser mais tratada apenas como caso pontual ou isolado. O fato requer postura firme de nossas autoridades, independente dos recalcitrantes defensores hip\u00f3critas dos Direitos Humanos. A responsabilidade penal deveria come\u00e7ar a partir do nascimento do indiv\u00edduo para que os pais se preocupassem mais com [&hellip;]","og_url":"https:\/\/www.notibras.com\/site\/maioridade-penal-deve-vigorar-desde-o-registro-de-nascimento\/","og_site_name":"Notibras","article_publisher":"https:\/\/www.facebook.com\/notibras\/","article_published_time":"2015-04-14T19:38:02+00:00","og_image":[{"width":550,"height":330,"url":"https:\/\/www.notibras.com\/site\/wp-content\/uploads\/2015\/04\/mai.14.jpg","type":"image\/jpeg"}],"author":"Reda\u00e7\u00e3o","twitter_card":"summary_large_image","twitter_creator":"@Notibras","twitter_site":"@Notibras","twitter_misc":{"Escrito por":"Reda\u00e7\u00e3o","Est. tempo de leitura":"2 minutos"},"schema":{"@context":"https:\/\/schema.org","@graph":[{"@type":"Article","@id":"https:\/\/www.notibras.com\/site\/maioridade-penal-deve-vigorar-desde-o-registro-de-nascimento\/#article","isPartOf":{"@id":"https:\/\/www.notibras.com\/site\/maioridade-penal-deve-vigorar-desde-o-registro-de-nascimento\/"},"author":{"name":"Reda\u00e7\u00e3o","@id":"https:\/\/www.notibras.com\/site\/#\/schema\/person\/36ab0979449956132d3e5b517ea76ac8"},"headline":"Maioridade penal deve vigorar desde o registro de nascimento","datePublished":"2015-04-14T19:38:02+00:00","mainEntityOfPage":{"@id":"https:\/\/www.notibras.com\/site\/maioridade-penal-deve-vigorar-desde-o-registro-de-nascimento\/"},"wordCount":470,"commentCount":0,"publisher":{"@id":"https:\/\/www.notibras.com\/site\/#organization"},"image":{"@id":"https:\/\/www.notibras.com\/site\/maioridade-penal-deve-vigorar-desde-o-registro-de-nascimento\/#primaryimage"},"thumbnailUrl":"https:\/\/www.notibras.com\/site\/wp-content\/uploads\/2015\/04\/mai.14.jpg","articleSection":["Opina a\u00ed"],"inLanguage":"pt-BR","potentialAction":[{"@type":"CommentAction","name":"Comment","target":["https:\/\/www.notibras.com\/site\/maioridade-penal-deve-vigorar-desde-o-registro-de-nascimento\/#respond"]}]},{"@type":"WebPage","@id":"https:\/\/www.notibras.com\/site\/maioridade-penal-deve-vigorar-desde-o-registro-de-nascimento\/","url":"https:\/\/www.notibras.com\/site\/maioridade-penal-deve-vigorar-desde-o-registro-de-nascimento\/","name":"Maioridade penal deve vigorar desde o registro de nascimento - Notibras","isPartOf":{"@id":"https:\/\/www.notibras.com\/site\/#website"},"primaryImageOfPage":{"@id":"https:\/\/www.notibras.com\/site\/maioridade-penal-deve-vigorar-desde-o-registro-de-nascimento\/#primaryimage"},"image":{"@id":"https:\/\/www.notibras.com\/site\/maioridade-penal-deve-vigorar-desde-o-registro-de-nascimento\/#primaryimage"},"thumbnailUrl":"https:\/\/www.notibras.com\/site\/wp-content\/uploads\/2015\/04\/mai.14.jpg","datePublished":"2015-04-14T19:38:02+00:00","breadcrumb":{"@id":"https:\/\/www.notibras.com\/site\/maioridade-penal-deve-vigorar-desde-o-registro-de-nascimento\/#breadcrumb"},"inLanguage":"pt-BR","potentialAction":[{"@type":"ReadAction","target":["https:\/\/www.notibras.com\/site\/maioridade-penal-deve-vigorar-desde-o-registro-de-nascimento\/"]}]},{"@type":"ImageObject","inLanguage":"pt-BR","@id":"https:\/\/www.notibras.com\/site\/maioridade-penal-deve-vigorar-desde-o-registro-de-nascimento\/#primaryimage","url":"https:\/\/www.notibras.com\/site\/wp-content\/uploads\/2015\/04\/mai.14.jpg","contentUrl":"https:\/\/www.notibras.com\/site\/wp-content\/uploads\/2015\/04\/mai.14.jpg","width":550,"height":330},{"@type":"BreadcrumbList","@id":"https:\/\/www.notibras.com\/site\/maioridade-penal-deve-vigorar-desde-o-registro-de-nascimento\/#breadcrumb","itemListElement":[{"@type":"ListItem","position":1,"name":"In\u00edcio","item":"https:\/\/www.notibras.com\/site\/"},{"@type":"ListItem","position":2,"name":"Maioridade penal deve vigorar desde o registro de nascimento"}]},{"@type":"WebSite","@id":"https:\/\/www.notibras.com\/site\/#website","url":"https:\/\/www.notibras.com\/site\/","name":"Notibras","description":"Not\u00edcias de Bras\u00edlia, do Brasil e do Mundo","publisher":{"@id":"https:\/\/www.notibras.com\/site\/#organization"},"potentialAction":[{"@type":"SearchAction","target":{"@type":"EntryPoint","urlTemplate":"https:\/\/www.notibras.com\/site\/?s={search_term_string}"},"query-input":{"@type":"PropertyValueSpecification","valueRequired":true,"valueName":"search_term_string"}}],"inLanguage":"pt-BR"},{"@type":"Organization","@id":"https:\/\/www.notibras.com\/site\/#organization","name":"Grupo Notibras de Comunica\u00e7\u00e3o","url":"https:\/\/www.notibras.com\/site\/","logo":{"@type":"ImageObject","inLanguage":"pt-BR","@id":"https:\/\/www.notibras.com\/site\/#\/schema\/logo\/image\/","url":"https:\/\/www.notibras.com\/site\/wp-content\/uploads\/2023\/01\/notibras23.png","contentUrl":"https:\/\/www.notibras.com\/site\/wp-content\/uploads\/2023\/01\/notibras23.png","width":350,"height":87,"caption":"Grupo Notibras de Comunica\u00e7\u00e3o"},"image":{"@id":"https:\/\/www.notibras.com\/site\/#\/schema\/logo\/image\/"},"sameAs":["https:\/\/www.facebook.com\/notibras\/","https:\/\/x.com\/Notibras","https:\/\/www.instagram.com\/notibras\/"]},{"@type":"Person","@id":"https:\/\/www.notibras.com\/site\/#\/schema\/person\/36ab0979449956132d3e5b517ea76ac8","name":"Reda\u00e7\u00e3o","image":{"@type":"ImageObject","inLanguage":"pt-BR","@id":"https:\/\/secure.gravatar.com\/avatar\/e0a867bdedb85fd243eadf09663511f96fc81e0720a4a42581f334ad4303aa6b?s=96&d=mm&r=g","url":"https:\/\/secure.gravatar.com\/avatar\/e0a867bdedb85fd243eadf09663511f96fc81e0720a4a42581f334ad4303aa6b?s=96&d=mm&r=g","contentUrl":"https:\/\/secure.gravatar.com\/avatar\/e0a867bdedb85fd243eadf09663511f96fc81e0720a4a42581f334ad4303aa6b?s=96&d=mm&r=g","caption":"Reda\u00e7\u00e3o"}}]}},"amp_enabled":true,"_links":{"self":[{"href":"https:\/\/www.notibras.com\/site\/wp-json\/wp\/v2\/posts\/44003","targetHints":{"allow":["GET"]}}],"collection":[{"href":"https:\/\/www.notibras.com\/site\/wp-json\/wp\/v2\/posts"}],"about":[{"href":"https:\/\/www.notibras.com\/site\/wp-json\/wp\/v2\/types\/post"}],"author":[{"embeddable":true,"href":"https:\/\/www.notibras.com\/site\/wp-json\/wp\/v2\/users\/2"}],"replies":[{"embeddable":true,"href":"https:\/\/www.notibras.com\/site\/wp-json\/wp\/v2\/comments?post=44003"}],"version-history":[{"count":0,"href":"https:\/\/www.notibras.com\/site\/wp-json\/wp\/v2\/posts\/44003\/revisions"}],"wp:featuredmedia":[{"embeddable":true,"href":"https:\/\/www.notibras.com\/site\/wp-json\/wp\/v2\/media\/44004"}],"wp:attachment":[{"href":"https:\/\/www.notibras.com\/site\/wp-json\/wp\/v2\/media?parent=44003"}],"wp:term":[{"taxonomy":"category","embeddable":true,"href":"https:\/\/www.notibras.com\/site\/wp-json\/wp\/v2\/categories?post=44003"},{"taxonomy":"post_tag","embeddable":true,"href":"https:\/\/www.notibras.com\/site\/wp-json\/wp\/v2\/tags?post=44003"}],"curies":[{"name":"wp","href":"https:\/\/api.w.org\/{rel}","templated":true}]}}