{"id":44103,"date":"2015-04-15T08:00:40","date_gmt":"2015-04-15T11:00:40","guid":{"rendered":"http:\/\/www.notibras.com\/site\/?p=44103"},"modified":"2015-04-15T08:01:27","modified_gmt":"2015-04-15T11:01:27","slug":"vaccari-tesoureiro-do-pt-preso-na-nova-fase-da-lava-jato","status":"publish","type":"post","link":"https:\/\/www.notibras.com\/site\/vaccari-tesoureiro-do-pt-preso-na-nova-fase-da-lava-jato\/","title":{"rendered":"Vaccari, tesoureiro do PT, \u00e9 preso em SP na nova fase da Lava Jato"},"content":{"rendered":"<p>O tesoureiro do PT, Jo\u00e3o Vaccari Neto, foi preso nesta quarta-feira (15) na 12\u00aa etapa da Opera\u00e7\u00e3o Lava Jato, de acordo com informa\u00e7\u00f5es da Pol\u00edcia Federal, que realizou a pris\u00e3o.<\/p>\n<p>Desde o in\u00edcio da manh\u00e3 desta quarta, a PF cumpre um mandado de busca e apreens\u00e3o, um mandado de pris\u00e3o preventiva, um mandado de pris\u00e3o tempor\u00e1ria e um mandado de condu\u00e7\u00e3o coercitiva (quando a pessoa \u00e9 levada a prestar depoimento e depois \u00e9 liberada), todos na cidade de S\u00e3o Paulo.<\/p>\n","protected":false},"excerpt":{"rendered":"<p>O tesoureiro do PT, Jo\u00e3o Vaccari Neto, foi preso nesta quarta-feira (15) na 12\u00aa etapa da Opera\u00e7\u00e3o Lava Jato, de acordo com informa\u00e7\u00f5es da Pol\u00edcia Federal, que realizou a pris\u00e3o. Desde o in\u00edcio da manh\u00e3 desta quarta, a PF cumpre um mandado de busca e apreens\u00e3o, um mandado de pris\u00e3o preventiva, um mandado de pris\u00e3o [&hellip;]<\/p>\n","protected":false},"author":2,"featured_media":44104,"comment_status":"open","ping_status":"closed","sticky":false,"template":"","format":"standard","meta":{"_acf_changed":false,"footnotes":""},"categories":[16],"tags":[],"class_list":["post-44103","post","type-post","status-publish","format-standard","has-post-thumbnail","hentry","category-brasil"],"acf":[],"_links":{"self":[{"href":"https:\/\/www.notibras.com\/site\/wp-json\/wp\/v2\/posts\/44103","targetHints":{"allow":["GET"]}}],"collection":[{"href":"https:\/\/www.notibras.com\/site\/wp-json\/wp\/v2\/posts"}],"about":[{"href":"https:\/\/www.notibras.com\/site\/wp-json\/wp\/v2\/types\/post"}],"author":[{"embeddable":true,"href":"https:\/\/www.notibras.com\/site\/wp-json\/wp\/v2\/users\/2"}],"replies":[{"embeddable":true,"href":"https:\/\/www.notibras.com\/site\/wp-json\/wp\/v2\/comments?post=44103"}],"version-history":[{"count":0,"href":"https:\/\/www.notibras.com\/site\/wp-json\/wp\/v2\/posts\/44103\/revisions"}],"wp:featuredmedia":[{"embeddable":true,"href":"https:\/\/www.notibras.com\/site\/wp-json\/wp\/v2\/media\/44104"}],"wp:attachment":[{"href":"https:\/\/www.notibras.com\/site\/wp-json\/wp\/v2\/media?parent=44103"}],"wp:term":[{"taxonomy":"category","embeddable":true,"href":"https:\/\/www.notibras.com\/site\/wp-json\/wp\/v2\/categories?post=44103"},{"taxonomy":"post_tag","embeddable":true,"href":"https:\/\/www.notibras.com\/site\/wp-json\/wp\/v2\/tags?post=44103"}],"curies":[{"name":"wp","href":"https:\/\/api.w.org\/{rel}","templated":true}]}}