{"id":44135,"date":"2015-04-15T09:45:04","date_gmt":"2015-04-15T12:45:04","guid":{"rendered":"http:\/\/www.notibras.com\/site\/?p=44135"},"modified":"2015-04-15T22:07:13","modified_gmt":"2015-04-16T01:07:13","slug":"vaccari-lava-dinheiro-para-o-pt-desde-o-primeiro-governo-lula","status":"publish","type":"post","link":"https:\/\/www.notibras.com\/site\/vaccari-lava-dinheiro-para-o-pt-desde-o-primeiro-governo-lula\/","title":{"rendered":"Vaccari, o tesoureiro, lavava dinheiro para PT desde primeiro governo Lula"},"content":{"rendered":"<p>A lavagem de dinheiro no PT com supostas propinas vindas do Petrol\u00e3o come\u00e7aram no final do primeiro governo Lula. O respons\u00e1vekl por toda a opera\u00e7\u00e3o era o tesoureiro do partido, Jo\u00e3o Vaccari Neto, preso nesta quarta-feira pela Pol\u00edcia Federal. As informa\u00e7\u00f5es s\u00e3o da pr\u00f3pria Pol\u00edcia Federal.<\/p>\n<p>&#8220;J\u00e1 sab\u00edamos que doa\u00e7\u00f5es oficiais na verdade escondiam opera\u00e7\u00f5es de lavagem de dinheiro. N\u00f3s verificamos que Vaccari tem uma trajet\u00f3ria desse tipo de opera\u00e7\u00e3o desde 2004&#8221;, afirmou o procurador de Justi\u00e7a Carlos Fernandes Santos Lima, em entrevista coletiva em Curitiba.<\/p>\n<p>&#8220;Essa situa\u00e7\u00e3o reiterada de veicula\u00e7\u00e3o a partido pol\u00edtico em suas opera\u00e7\u00f5es financeiras foi que nos levou a acreditar na necessidade de sua pris\u00e3o&#8221;, explicou o delegado da PF Igor Rom\u00e1rio de Paula.<\/p>\n<p>Segundo o delegado, Vaccari foi preso por volta das 6h, quando sa\u00eda de casa para caminhar. Ele est\u00e1 sendo levado de S\u00e3o Paulo para Curitiba, aonde deve chegar ainda na manh\u00e3 de hoje. Ele ser\u00e1 conduzido para a carceragem da PF. Ainda n\u00e3o h\u00e1 previs\u00e3o de quando ele deve prestar depoimento, informou o delegado.<\/p>\n<blockquote><p>A nova etapa da opera\u00e7\u00e3o Lava Jato tamb\u00e9m cumpriu mandado de condu\u00e7\u00e3o coercitiva de Giselda Rose de Lima, mulher do tesoureiro. Segundo o delegado da PF, ela prestou depoimento em sua casa. &#8220;A informa\u00e7\u00e3o que tenho \u00e9 que n\u00e3o foi proveitoso para a investiga\u00e7\u00e3o&#8221;, revelou o delegado.<\/p><\/blockquote>\n<p>A PF tamb\u00e9m cumpriu mandado de pris\u00e3o tempor\u00e1ria contra Marice Correia de Lima, cunhada de Vaccari, que n\u00e3o havia sido localizada at\u00e9 o final da manh\u00e3. A pol\u00edcia e o MP querem a pris\u00e3o dela por &#8220;operar junto com Vaccari opera\u00e7\u00f5es de doa\u00e7\u00f5es partid\u00e1rias ilegais e opera\u00e7\u00f5es financeiras relativas \u00e0 Petrobras&#8221;, explicou o delegado.<\/p>\n","protected":false},"excerpt":{"rendered":"<p>A lavagem de dinheiro no PT com supostas propinas vindas do Petrol\u00e3o come\u00e7aram no final do primeiro governo Lula. O respons\u00e1vekl por toda a opera\u00e7\u00e3o era o tesoureiro do partido, Jo\u00e3o Vaccari Neto, preso nesta quarta-feira pela Pol\u00edcia Federal. As informa\u00e7\u00f5es s\u00e3o da pr\u00f3pria Pol\u00edcia Federal. &#8220;J\u00e1 sab\u00edamos que doa\u00e7\u00f5es oficiais na verdade escondiam opera\u00e7\u00f5es [&hellip;]<\/p>\n","protected":false},"author":2,"featured_media":44136,"comment_status":"open","ping_status":"closed","sticky":false,"template":"","format":"standard","meta":{"_acf_changed":false,"footnotes":""},"categories":[16],"tags":[],"class_list":["post-44135","post","type-post","status-publish","format-standard","has-post-thumbnail","hentry","category-brasil"],"acf":[],"_links":{"self":[{"href":"https:\/\/www.notibras.com\/site\/wp-json\/wp\/v2\/posts\/44135","targetHints":{"allow":["GET"]}}],"collection":[{"href":"https:\/\/www.notibras.com\/site\/wp-json\/wp\/v2\/posts"}],"about":[{"href":"https:\/\/www.notibras.com\/site\/wp-json\/wp\/v2\/types\/post"}],"author":[{"embeddable":true,"href":"https:\/\/www.notibras.com\/site\/wp-json\/wp\/v2\/users\/2"}],"replies":[{"embeddable":true,"href":"https:\/\/www.notibras.com\/site\/wp-json\/wp\/v2\/comments?post=44135"}],"version-history":[{"count":0,"href":"https:\/\/www.notibras.com\/site\/wp-json\/wp\/v2\/posts\/44135\/revisions"}],"wp:featuredmedia":[{"embeddable":true,"href":"https:\/\/www.notibras.com\/site\/wp-json\/wp\/v2\/media\/44136"}],"wp:attachment":[{"href":"https:\/\/www.notibras.com\/site\/wp-json\/wp\/v2\/media?parent=44135"}],"wp:term":[{"taxonomy":"category","embeddable":true,"href":"https:\/\/www.notibras.com\/site\/wp-json\/wp\/v2\/categories?post=44135"},{"taxonomy":"post_tag","embeddable":true,"href":"https:\/\/www.notibras.com\/site\/wp-json\/wp\/v2\/tags?post=44135"}],"curies":[{"name":"wp","href":"https:\/\/api.w.org\/{rel}","templated":true}]}}