{"id":44141,"date":"2015-04-15T09:53:43","date_gmt":"2015-04-15T12:53:43","guid":{"rendered":"http:\/\/www.notibras.com\/site\/?p=44141"},"modified":"2015-04-15T12:06:22","modified_gmt":"2015-04-15T15:06:22","slug":"numero-e-pifio-036-mas-economia-do-brasil-volta-a-crescer","status":"publish","type":"post","link":"https:\/\/www.notibras.com\/site\/numero-e-pifio-036-mas-economia-do-brasil-volta-a-crescer\/","title":{"rendered":"N\u00famero \u00e9 p\u00edfio (0,36%) mas economia come\u00e7a a crescer"},"content":{"rendered":"<div class=\"content\">\n<p>A atividade econ\u00f4mica\u00a0brasileira registrou expans\u00e3o de 0,36% em fevereiro em rela\u00e7\u00e3o a janeiro, quando apresentou queda de 0,11% na compara\u00e7\u00e3o com o m\u00eas anterior. Segundo o levantamento, o \u00cdndice de Atividade econ\u00f4mica do Banco Central (IBC-Br) subiu de 145,50 pontos, em janeiro, para 146,03 pontos, em fevereiro.<\/p>\n<p>Os dados est\u00e3o dessazonalizados, o que significa que foram descontados os impactos de diversos fatores sobre a economia em determinadas \u00e9pocas do ano.<\/p>\n<blockquote><p>O IBC-Br \u00e9 uma forma de avaliar a evolu\u00e7\u00e3o da atividade econ\u00f4mica brasileira. O \u00edndice incorpora informa\u00e7\u00f5es sobre o n\u00edvel de atividade dos tr\u00eas setores da economia: ind\u00fastria, com\u00e9rcio e servi\u00e7os e agropecu\u00e1ria.<\/p><\/blockquote>\n<p>Os n\u00fameros do \u00edndice s\u00e3o uma an\u00e1lise do BC sobre o crescimento. No entanto, no Brasil, os dados oficiais do Produto Interno bruto (PIB, a soma de todos os bens e riquezas do pa\u00eds) s\u00e3o divulgados pelo Instituto Brasileiro de Geografia e Estat\u00edstica (IBGE).<\/p>\n<header>\n<div class=\"node-info\"><strong>Daniel Lima, ABr<\/strong><strong><br \/>\n<\/strong><\/div>\n<\/header>\n<\/div>\n","protected":false},"excerpt":{"rendered":"<p>A atividade econ\u00f4mica\u00a0brasileira registrou expans\u00e3o de 0,36% em fevereiro em rela\u00e7\u00e3o a janeiro, quando apresentou queda de 0,11% na compara\u00e7\u00e3o com o m\u00eas anterior. Segundo o levantamento, o \u00cdndice de Atividade econ\u00f4mica do Banco Central (IBC-Br) subiu de 145,50 pontos, em janeiro, para 146,03 pontos, em fevereiro. Os dados est\u00e3o dessazonalizados, o que significa que [&hellip;]<\/p>\n","protected":false},"author":2,"featured_media":44142,"comment_status":"open","ping_status":"closed","sticky":false,"template":"","format":"standard","meta":{"_acf_changed":false,"footnotes":""},"categories":[16],"tags":[],"class_list":["post-44141","post","type-post","status-publish","format-standard","has-post-thumbnail","hentry","category-brasil"],"acf":[],"_links":{"self":[{"href":"https:\/\/www.notibras.com\/site\/wp-json\/wp\/v2\/posts\/44141","targetHints":{"allow":["GET"]}}],"collection":[{"href":"https:\/\/www.notibras.com\/site\/wp-json\/wp\/v2\/posts"}],"about":[{"href":"https:\/\/www.notibras.com\/site\/wp-json\/wp\/v2\/types\/post"}],"author":[{"embeddable":true,"href":"https:\/\/www.notibras.com\/site\/wp-json\/wp\/v2\/users\/2"}],"replies":[{"embeddable":true,"href":"https:\/\/www.notibras.com\/site\/wp-json\/wp\/v2\/comments?post=44141"}],"version-history":[{"count":0,"href":"https:\/\/www.notibras.com\/site\/wp-json\/wp\/v2\/posts\/44141\/revisions"}],"wp:featuredmedia":[{"embeddable":true,"href":"https:\/\/www.notibras.com\/site\/wp-json\/wp\/v2\/media\/44142"}],"wp:attachment":[{"href":"https:\/\/www.notibras.com\/site\/wp-json\/wp\/v2\/media?parent=44141"}],"wp:term":[{"taxonomy":"category","embeddable":true,"href":"https:\/\/www.notibras.com\/site\/wp-json\/wp\/v2\/categories?post=44141"},{"taxonomy":"post_tag","embeddable":true,"href":"https:\/\/www.notibras.com\/site\/wp-json\/wp\/v2\/tags?post=44141"}],"curies":[{"name":"wp","href":"https:\/\/api.w.org\/{rel}","templated":true}]}}