{"id":44157,"date":"2015-04-15T14:12:50","date_gmt":"2015-04-15T17:12:50","guid":{"rendered":"http:\/\/www.notibras.com\/site\/?p=44157"},"modified":"2015-04-15T14:46:22","modified_gmt":"2015-04-15T17:46:22","slug":"brasileiro-sente-arrocho-e-calote-cresce-15-em-tres-meses","status":"publish","type":"post","link":"https:\/\/www.notibras.com\/site\/brasileiro-sente-arrocho-e-calote-cresce-15-em-tres-meses\/","title":{"rendered":"Povo sente arrocho e calote cresce 15% no 1\u00ba trimestre"},"content":{"rendered":"<div class=\"content\">\n<p>O n\u00famero de pessoas que n\u00e3o conseguem honrar os compromissos financeiros aumentou 15,8% no primeiro trimestre em rela\u00e7\u00e3o ao mesmo per\u00edodo do ano passado. Na passagem de fevereiro para mar\u00e7o, houve alta de 0,2%. Na compara\u00e7\u00e3o de mar\u00e7o deste ano com o mesmo m\u00eas de 2014, o aumento chega a 13,4%. Os dados s\u00e3o do Indicador Serasa Experian de Inadimpl\u00eancia do Consumidor.<\/p>\n<p>Segundo os economistas da Serasa, embora o consumidor esteja mais cauteloso em assumir novas d\u00edvidas, a alta das taxas de juros, da infla\u00e7\u00e3o e do desemprego levou ao aumento dos n\u00edveis de inadimpl\u00eancia no primeiro trimestre de 2015.<\/p>\n<blockquote><p>Os dados mostram que os cheques sem fundos apresentaram eleva\u00e7\u00e3o de 25,1% em mar\u00e7o sobre o resultado de fevereiro. Os t\u00edtulos protestados tiveram crescimento de 25%. J\u00e1 as d\u00edvidas n\u00e3o banc\u00e1rias (cart\u00f5es de cr\u00e9dito, financeiras, lojas em geral e prestadoras de servi\u00e7os como telefonia e fornecimento de energia el\u00e9trica, \u00e1gua etc.) tiveram queda de 2,3% e com os bancos, de 1,5%.<\/p><\/blockquote>\n<p>O valor m\u00e9dio das d\u00edvidas n\u00e3o banc\u00e1rias cresceu 35% no primeiro trimestre do ano, na compara\u00e7\u00e3o com o mesmo per\u00edodo de 2014. O valor m\u00e9dio dos t\u00edtulos protestados, dos cheques sem fundos e das d\u00edvidas com os bancos tamb\u00e9m teve alta, de 3,4%, 9,8% e 0,4%, respectivamente.<\/p>\n<header>\n<div class=\"node-info\"><strong>Fl\u00e1via Albuquerque, ABr<\/strong><strong><br \/>\n<\/strong><\/div>\n<\/header>\n<\/div>\n","protected":false},"excerpt":{"rendered":"<p>O n\u00famero de pessoas que n\u00e3o conseguem honrar os compromissos financeiros aumentou 15,8% no primeiro trimestre em rela\u00e7\u00e3o ao mesmo per\u00edodo do ano passado. Na passagem de fevereiro para mar\u00e7o, houve alta de 0,2%. Na compara\u00e7\u00e3o de mar\u00e7o deste ano com o mesmo m\u00eas de 2014, o aumento chega a 13,4%. Os dados s\u00e3o do [&hellip;]<\/p>\n","protected":false},"author":2,"featured_media":44159,"comment_status":"open","ping_status":"closed","sticky":false,"template":"","format":"standard","meta":{"_acf_changed":false,"footnotes":""},"categories":[16],"tags":[],"class_list":["post-44157","post","type-post","status-publish","format-standard","has-post-thumbnail","hentry","category-brasil"],"acf":[],"_links":{"self":[{"href":"https:\/\/www.notibras.com\/site\/wp-json\/wp\/v2\/posts\/44157","targetHints":{"allow":["GET"]}}],"collection":[{"href":"https:\/\/www.notibras.com\/site\/wp-json\/wp\/v2\/posts"}],"about":[{"href":"https:\/\/www.notibras.com\/site\/wp-json\/wp\/v2\/types\/post"}],"author":[{"embeddable":true,"href":"https:\/\/www.notibras.com\/site\/wp-json\/wp\/v2\/users\/2"}],"replies":[{"embeddable":true,"href":"https:\/\/www.notibras.com\/site\/wp-json\/wp\/v2\/comments?post=44157"}],"version-history":[{"count":0,"href":"https:\/\/www.notibras.com\/site\/wp-json\/wp\/v2\/posts\/44157\/revisions"}],"wp:featuredmedia":[{"embeddable":true,"href":"https:\/\/www.notibras.com\/site\/wp-json\/wp\/v2\/media\/44159"}],"wp:attachment":[{"href":"https:\/\/www.notibras.com\/site\/wp-json\/wp\/v2\/media?parent=44157"}],"wp:term":[{"taxonomy":"category","embeddable":true,"href":"https:\/\/www.notibras.com\/site\/wp-json\/wp\/v2\/categories?post=44157"},{"taxonomy":"post_tag","embeddable":true,"href":"https:\/\/www.notibras.com\/site\/wp-json\/wp\/v2\/tags?post=44157"}],"curies":[{"name":"wp","href":"https:\/\/api.w.org\/{rel}","templated":true}]}}