{"id":44172,"date":"2015-04-15T14:44:21","date_gmt":"2015-04-15T17:44:21","guid":{"rendered":"http:\/\/www.notibras.com\/site\/?p=44172"},"modified":"2015-04-15T14:47:16","modified_gmt":"2015-04-15T17:47:16","slug":"brasil-tem-mais-da-metade-da-populacao-acima-do-peso","status":"publish","type":"post","link":"https:\/\/www.notibras.com\/site\/brasil-tem-mais-da-metade-da-populacao-acima-do-peso\/","title":{"rendered":"Brasil tem mais da metade da popula\u00e7\u00e3o bem acima do peso"},"content":{"rendered":"<div class=\"content\">\n<p>O \u00edndice de obesidade no pa\u00eds se manteve est\u00e1vel, mas o n\u00famero de brasileiros acima do peso \u00e9 cada vez maior. O resultado faz parte da pesquisa Vigil\u00e2ncia de Fatores de Risco e Prote\u00e7\u00e3o para Doen\u00e7as Cr\u00f4nicas por Inqu\u00e9rito Telef\u00f4nico (Vigitel) 2014, divulgada hoje (15) pelo Minist\u00e9rio da Sa\u00fade.<\/p>\n<p>Os n\u00fameros mostram que o excesso de peso j\u00e1 atinge 52% da popula\u00e7\u00e3o adulta. H\u00e1 nove anos, a taxa era 43%, o que representa um aumento de 23% no per\u00edodo. A propor\u00e7\u00e3o de pessoas com mais de 18 anos com obesidade &#8211; taxa que chega a 17,9% &#8211; tamb\u00e9m preocupa o governo, embora esse \u00edndice n\u00e3o tenha sofrido altera\u00e7\u00e3o nos \u00faltimos anos<\/p>\n<p>O sobrepeso ocorre quando o \u00cdndice de Massa Corp\u00f3rea (IMC), rela\u00e7\u00e3o entre peso e altura, vai de 25 at\u00e9 29,9. A partir de 30 de IMC, a pessoa \u00e9 considerada obesa.<\/p>\n<p>De acordo com os dados, os homens registram os maiores percentuais &#8211; o \u00edndice de excesso de peso na popula\u00e7\u00e3o masculina chega a 56,5% contra 49,1% entre as mulheres. N\u00e3o h\u00e1 diferen\u00e7a significativa entre os n\u00fameros relativos a obesidade.<\/p>\n<p>Em rela\u00e7\u00e3o \u00e0 idade, os jovens respondem pelas melhores taxas, com 38% acima do peso ideal, enquanto pessoas com idade entre 45 e 64 anos ultrapassam os 61%.<\/p>\n<blockquote><p>A pesquisa demonstra ainda que pessoas com menor taxa de escolaridade (zero a oito anos de estudo) registram o maior \u00edndice de sobrepeso: 58,9%. Do grupo que estudou 12 anos ou mais, 45% est\u00e3o acima do peso. Na obesidade, o \u00edndice tamb\u00e9m \u00e9 maior entre os que estudaram at\u00e9 oito anos (22,7%) e menor entre os que estudaram 12 anos ou mais (12,3%).<\/p><\/blockquote>\n<p>O ministro da Sa\u00fade, Arthur Chioro, avaliou que o aumento do sobrepeso n\u00e3o pode ser desconsiderado, mas destacou a tend\u00eancia de estabiliza\u00e7\u00e3o da propor\u00e7\u00e3o de pessoas com obesidade nos \u00faltimos tr\u00eas anos. A estrat\u00e9gia da pasta, segundo ele, inclui tamb\u00e9m passar dos atuais 17% de obesidade na popula\u00e7\u00e3o adulta para os 15% recomendados pela Organiza\u00e7\u00e3o Mundial da Sa\u00fade (OMS).<\/p>\n<p>Al\u00e9m do avan\u00e7o do excesso de peso, os indicadores apontam para o maior risco de doen\u00e7as cr\u00f4nicas entre os brasileiros. Do total de entrevistados, 20% disseram ter diagn\u00f3stico m\u00e9dico de colesterol alto. As mulheres registram percentual de 22,2% e os homens, 17,6%. Entre os que t\u00eam 55 anos ou mais, o \u00edndice ultrapassa 35%.<\/p>\n<p>O estudo entrevistou, por inqu\u00e9rito telef\u00f4nico, 40.853 pessoas com mais de 18 anos que vivem nas capitais de todos os estados e no Distrito Federal entre os meses de fevereiro e dezembro de 2014.<\/p>\n<p><strong>Paula Laboissi\u00e8re &#8211; ABr<\/strong><\/p>\n<\/div>\n","protected":false},"excerpt":{"rendered":"<p>O \u00edndice de obesidade no pa\u00eds se manteve est\u00e1vel, mas o n\u00famero de brasileiros acima do peso \u00e9 cada vez maior. O resultado faz parte da pesquisa Vigil\u00e2ncia de Fatores de Risco e Prote\u00e7\u00e3o para Doen\u00e7as Cr\u00f4nicas por Inqu\u00e9rito Telef\u00f4nico (Vigitel) 2014, divulgada hoje (15) pelo Minist\u00e9rio da Sa\u00fade. Os n\u00fameros mostram que o excesso [&hellip;]<\/p>\n","protected":false},"author":2,"featured_media":44174,"comment_status":"open","ping_status":"closed","sticky":false,"template":"","format":"standard","meta":{"_acf_changed":false,"footnotes":""},"categories":[16],"tags":[],"class_list":["post-44172","post","type-post","status-publish","format-standard","has-post-thumbnail","hentry","category-brasil"],"acf":[],"_links":{"self":[{"href":"https:\/\/www.notibras.com\/site\/wp-json\/wp\/v2\/posts\/44172","targetHints":{"allow":["GET"]}}],"collection":[{"href":"https:\/\/www.notibras.com\/site\/wp-json\/wp\/v2\/posts"}],"about":[{"href":"https:\/\/www.notibras.com\/site\/wp-json\/wp\/v2\/types\/post"}],"author":[{"embeddable":true,"href":"https:\/\/www.notibras.com\/site\/wp-json\/wp\/v2\/users\/2"}],"replies":[{"embeddable":true,"href":"https:\/\/www.notibras.com\/site\/wp-json\/wp\/v2\/comments?post=44172"}],"version-history":[{"count":0,"href":"https:\/\/www.notibras.com\/site\/wp-json\/wp\/v2\/posts\/44172\/revisions"}],"wp:featuredmedia":[{"embeddable":true,"href":"https:\/\/www.notibras.com\/site\/wp-json\/wp\/v2\/media\/44174"}],"wp:attachment":[{"href":"https:\/\/www.notibras.com\/site\/wp-json\/wp\/v2\/media?parent=44172"}],"wp:term":[{"taxonomy":"category","embeddable":true,"href":"https:\/\/www.notibras.com\/site\/wp-json\/wp\/v2\/categories?post=44172"},{"taxonomy":"post_tag","embeddable":true,"href":"https:\/\/www.notibras.com\/site\/wp-json\/wp\/v2\/tags?post=44172"}],"curies":[{"name":"wp","href":"https:\/\/api.w.org\/{rel}","templated":true}]}}