{"id":44221,"date":"2015-04-15T22:05:34","date_gmt":"2015-04-16T01:05:34","guid":{"rendered":"http:\/\/www.notibras.com\/site\/?p=44221"},"modified":"2015-04-30T12:07:30","modified_gmt":"2015-04-30T15:07:30","slug":"botafogo-faz-festa-dupla-no-maracana-taca-do-titulo-e-vaga-na-copa-do-brasil","status":"publish","type":"post","link":"https:\/\/www.notibras.com\/site\/botafogo-faz-festa-dupla-no-maracana-taca-do-titulo-e-vaga-na-copa-do-brasil\/","title":{"rendered":"Botafogo faz festa dupla. Ta\u00e7a e vaga na Copa do Brasil"},"content":{"rendered":"<p>O Botafogo venceu o Botafogo-PB por 4 a 2 e se classificou para a segunda fase da Copa do Brasil. A quarta-feira, no entanto, que parecia ser de festa para a torcida, que viu a equipe levantar o trof\u00e9u de campe\u00e3o da Ta\u00e7a Guanabara antes de a bola rolar, foi de apreens\u00e3o. O Alvinegro ficou a um gol da elimina\u00e7\u00e3o em boa parte do duelo e foi pressionado pelo rival, que n\u00e3o conseguiu o gol da classifica\u00e7\u00e3o. Bill, Tomas, Willian Ar\u00e3o e Sass\u00e1 marcaram apara os donos da casa, enquanto Gustavo e Airton descontaram.<\/p>\n<p>Na pr\u00f3xima fase, o Botafogo medir\u00e1 for\u00e7as com o Capivariano, pela segunda rodada da Copa do Brasil. O Alvinegro volta a campo neste s\u00e1bado, quando decidir\u00e1 vaga na semifinal do Carioca contra o Fluminense, no Engenh\u00e3o.<\/p>\n<p>Apesar dos buracos deixado pelo sistema defensivo, o Botafogo se mostrou superior ao advers\u00e1rio desde o primeiro minuto. Com in\u00fameras chances criadas, o gol parecia quest\u00e3o de tempo. E foi justamente o que aconteceu. Com 15min, o Alvinegro aproveitou jogada ensaiada para balan\u00e7ar as redes. Jobson desviou no primeiro pau e Bill aparece livre no segundo para completar sem maiores dificuldades: 1 a 0.<\/p>\n<p>Com grande atua\u00e7\u00e3o de Elvis, o Botafogo dominava as a\u00e7\u00f5es, mas sofria com os contra-ataques. Com muita velocidade, os visitantes incomodavam a defesa do Alvinegro, mas sem criar grandes oportunidades de gol. Ao contr\u00e1rio dos donos da casa, que ampliaram aos 33min, com Tomas. O apoiador aproveitou jogada de Willian Ar\u00e3o ap\u00f3s jogada do camisa 10.<\/p>\n<blockquote><p>Com a vantagem bem estabelecida, o Botafogo tirou o p\u00e9 do acelerador. Foi o suficiente para o rival crescer. Tanto que o xar\u00e1 paraibano descontou no \u00faltimo lance do primeiro tempo, deixando os cariocas com o alerta ligado. Ap\u00f3s o belo gol de Gustavo, os visitantes precisavam de mais um gol para levar a decis\u00e3o da vaga para os p\u00eanaltis. &#8220;Preocupante. Acho que a gente tem que entrar mais ligado no segundo tempo. Se eles fizerem o segundo, o resultado complica a gente&#8221;, resumiu Bill.<\/p><\/blockquote>\n<p>Insatisfeito com o desempenho da equipe, o t\u00e9cnico Ren\u00e9 Sim\u00f5es decidiu trocar Jobson por Rodrigo Pimp\u00e3o. Mas era \u00c9lvis quem mandava no jogo. Em menos de dez minutos ele criou tr\u00eas grandes oportunidades, desperdi\u00e7adas por Tomas, Bill e pr\u00f3prio Pimp\u00e3o. Mas ap\u00f3s o in\u00edcio de segundo tempo promissor, foram os paraibanos quem dominaram o jogo.<\/p>\n<p>O sufoco foi tanto, que a torcida do Botafogo passou a vaiar a equipe, demonstrando apreens\u00e3o com os lances de ataque dos visitantes. Caso levasse mais um gol, a classifica\u00e7\u00e3o seria definida nos p\u00eanaltis. A situa\u00e7\u00e3o s\u00f3 se tranquilizou aos 26min, quando Rodrigo Pimp\u00e3o rolou na medida para Willian Ar\u00e3o chutar com for\u00e7a no canto direito Genivaldo: 3 a 1.<\/p>\n<p>E novamente o Botafogo achou que a classifica\u00e7\u00e3o estava garantida e diminuiu o ritmo. Melhor para o Botafogo-PB, que foi para o ataque e conseguiu fazer o segundo, pressionando novamente os donos da casa. Carleto cortou a bola errada e Gustavo cruzou na medida para Airton finalizar para o fundo das redes: 3 a 2, aos 34min do segundo tempo.<\/p>\n<p>E quando o jogo se encaminhava para um final desesperador, o Botafogo chegou ao seu quarto gol. Sass\u00e1 aproveitou bobeada da zaga paraibana, deixou sua marca e p\u00f4s fim ao confronto entre xar\u00e1s. Melhor para os cariocas, apesar do susto.<\/p>\n","protected":false},"excerpt":{"rendered":"<p>O Botafogo venceu o Botafogo-PB por 4 a 2 e se classificou para a segunda fase da Copa do Brasil. A quarta-feira, no entanto, que parecia ser de festa para a torcida, que viu a equipe levantar o trof\u00e9u de campe\u00e3o da Ta\u00e7a Guanabara antes de a bola rolar, foi de apreens\u00e3o. O Alvinegro ficou [&hellip;]<\/p>\n","protected":false},"author":2,"featured_media":44222,"comment_status":"open","ping_status":"closed","sticky":false,"template":"","format":"standard","meta":{"_acf_changed":false,"footnotes":""},"categories":[19,29],"tags":[],"class_list":["post-44221","post","type-post","status-publish","format-standard","has-post-thumbnail","hentry","category-esportes","category-futebol"],"acf":[],"yoast_head":"<!-- This site is optimized with the Yoast SEO plugin v27.2 - https:\/\/yoast.com\/product\/yoast-seo-wordpress\/ -->\n<title>Botafogo faz festa dupla. Ta\u00e7a e vaga na Copa do Brasil - Notibras<\/title>\n<meta name=\"robots\" content=\"index, follow, max-snippet:-1, max-image-preview:large, max-video-preview:-1\" \/>\n<link rel=\"canonical\" href=\"https:\/\/www.notibras.com\/site\/botafogo-faz-festa-dupla-no-maracana-taca-do-titulo-e-vaga-na-copa-do-brasil\/\" \/>\n<meta property=\"og:locale\" content=\"pt_BR\" \/>\n<meta property=\"og:type\" content=\"article\" \/>\n<meta property=\"og:title\" content=\"Botafogo faz festa dupla. Ta\u00e7a e vaga na Copa do Brasil - Notibras\" \/>\n<meta property=\"og:description\" content=\"O Botafogo venceu o Botafogo-PB por 4 a 2 e se classificou para a segunda fase da Copa do Brasil. A quarta-feira, no entanto, que parecia ser de festa para a torcida, que viu a equipe levantar o trof\u00e9u de campe\u00e3o da Ta\u00e7a Guanabara antes de a bola rolar, foi de apreens\u00e3o. O Alvinegro ficou [&hellip;]\" \/>\n<meta property=\"og:url\" content=\"https:\/\/www.notibras.com\/site\/botafogo-faz-festa-dupla-no-maracana-taca-do-titulo-e-vaga-na-copa-do-brasil\/\" \/>\n<meta property=\"og:site_name\" content=\"Notibras\" \/>\n<meta property=\"article:publisher\" content=\"https:\/\/www.facebook.com\/notibras\/\" \/>\n<meta property=\"article:published_time\" content=\"2015-04-16T01:05:34+00:00\" \/>\n<meta property=\"article:modified_time\" content=\"2015-04-30T15:07:30+00:00\" \/>\n<meta property=\"og:image\" content=\"https:\/\/www.notibras.com\/site\/wp-content\/uploads\/2015\/04\/titulo.jpg\" \/>\n\t<meta property=\"og:image:width\" content=\"460\" \/>\n\t<meta property=\"og:image:height\" content=\"307\" \/>\n\t<meta property=\"og:image:type\" content=\"image\/jpeg\" \/>\n<meta name=\"author\" content=\"Reda\u00e7\u00e3o\" \/>\n<meta name=\"twitter:card\" content=\"summary_large_image\" \/>\n<meta name=\"twitter:creator\" content=\"@Notibras\" \/>\n<meta name=\"twitter:site\" content=\"@Notibras\" \/>\n<meta name=\"twitter:label1\" content=\"Escrito por\" \/>\n\t<meta name=\"twitter:data1\" content=\"Reda\u00e7\u00e3o\" \/>\n\t<meta name=\"twitter:label2\" content=\"Est. tempo de leitura\" \/>\n\t<meta name=\"twitter:data2\" content=\"3 minutos\" \/>\n<script type=\"application\/ld+json\" class=\"yoast-schema-graph\">{\"@context\":\"https:\/\/schema.org\",\"@graph\":[{\"@type\":\"Article\",\"@id\":\"https:\/\/www.notibras.com\/site\/botafogo-faz-festa-dupla-no-maracana-taca-do-titulo-e-vaga-na-copa-do-brasil\/#article\",\"isPartOf\":{\"@id\":\"https:\/\/www.notibras.com\/site\/botafogo-faz-festa-dupla-no-maracana-taca-do-titulo-e-vaga-na-copa-do-brasil\/\"},\"author\":{\"name\":\"Reda\u00e7\u00e3o\",\"@id\":\"https:\/\/www.notibras.com\/site\/#\/schema\/person\/36ab0979449956132d3e5b517ea76ac8\"},\"headline\":\"Botafogo faz festa dupla. Ta\u00e7a e vaga na Copa do Brasil\",\"datePublished\":\"2015-04-16T01:05:34+00:00\",\"dateModified\":\"2015-04-30T15:07:30+00:00\",\"mainEntityOfPage\":{\"@id\":\"https:\/\/www.notibras.com\/site\/botafogo-faz-festa-dupla-no-maracana-taca-do-titulo-e-vaga-na-copa-do-brasil\/\"},\"wordCount\":596,\"commentCount\":0,\"publisher\":{\"@id\":\"https:\/\/www.notibras.com\/site\/#organization\"},\"image\":{\"@id\":\"https:\/\/www.notibras.com\/site\/botafogo-faz-festa-dupla-no-maracana-taca-do-titulo-e-vaga-na-copa-do-brasil\/#primaryimage\"},\"thumbnailUrl\":\"https:\/\/www.notibras.com\/site\/wp-content\/uploads\/2015\/04\/titulo.jpg\",\"articleSection\":[\"Esportes\",\"Futebol\"],\"inLanguage\":\"pt-BR\",\"potentialAction\":[{\"@type\":\"CommentAction\",\"name\":\"Comment\",\"target\":[\"https:\/\/www.notibras.com\/site\/botafogo-faz-festa-dupla-no-maracana-taca-do-titulo-e-vaga-na-copa-do-brasil\/#respond\"]}]},{\"@type\":\"WebPage\",\"@id\":\"https:\/\/www.notibras.com\/site\/botafogo-faz-festa-dupla-no-maracana-taca-do-titulo-e-vaga-na-copa-do-brasil\/\",\"url\":\"https:\/\/www.notibras.com\/site\/botafogo-faz-festa-dupla-no-maracana-taca-do-titulo-e-vaga-na-copa-do-brasil\/\",\"name\":\"Botafogo faz festa dupla. Ta\u00e7a e vaga na Copa do Brasil - Notibras\",\"isPartOf\":{\"@id\":\"https:\/\/www.notibras.com\/site\/#website\"},\"primaryImageOfPage\":{\"@id\":\"https:\/\/www.notibras.com\/site\/botafogo-faz-festa-dupla-no-maracana-taca-do-titulo-e-vaga-na-copa-do-brasil\/#primaryimage\"},\"image\":{\"@id\":\"https:\/\/www.notibras.com\/site\/botafogo-faz-festa-dupla-no-maracana-taca-do-titulo-e-vaga-na-copa-do-brasil\/#primaryimage\"},\"thumbnailUrl\":\"https:\/\/www.notibras.com\/site\/wp-content\/uploads\/2015\/04\/titulo.jpg\",\"datePublished\":\"2015-04-16T01:05:34+00:00\",\"dateModified\":\"2015-04-30T15:07:30+00:00\",\"breadcrumb\":{\"@id\":\"https:\/\/www.notibras.com\/site\/botafogo-faz-festa-dupla-no-maracana-taca-do-titulo-e-vaga-na-copa-do-brasil\/#breadcrumb\"},\"inLanguage\":\"pt-BR\",\"potentialAction\":[{\"@type\":\"ReadAction\",\"target\":[\"https:\/\/www.notibras.com\/site\/botafogo-faz-festa-dupla-no-maracana-taca-do-titulo-e-vaga-na-copa-do-brasil\/\"]}]},{\"@type\":\"ImageObject\",\"inLanguage\":\"pt-BR\",\"@id\":\"https:\/\/www.notibras.com\/site\/botafogo-faz-festa-dupla-no-maracana-taca-do-titulo-e-vaga-na-copa-do-brasil\/#primaryimage\",\"url\":\"https:\/\/www.notibras.com\/site\/wp-content\/uploads\/2015\/04\/titulo.jpg\",\"contentUrl\":\"https:\/\/www.notibras.com\/site\/wp-content\/uploads\/2015\/04\/titulo.jpg\",\"width\":460,\"height\":307},{\"@type\":\"BreadcrumbList\",\"@id\":\"https:\/\/www.notibras.com\/site\/botafogo-faz-festa-dupla-no-maracana-taca-do-titulo-e-vaga-na-copa-do-brasil\/#breadcrumb\",\"itemListElement\":[{\"@type\":\"ListItem\",\"position\":1,\"name\":\"In\u00edcio\",\"item\":\"https:\/\/www.notibras.com\/site\/\"},{\"@type\":\"ListItem\",\"position\":2,\"name\":\"Botafogo faz festa dupla. Ta\u00e7a e vaga na Copa do Brasil\"}]},{\"@type\":\"WebSite\",\"@id\":\"https:\/\/www.notibras.com\/site\/#website\",\"url\":\"https:\/\/www.notibras.com\/site\/\",\"name\":\"Notibras\",\"description\":\"Not\u00edcias de Bras\u00edlia, do Brasil e do Mundo\",\"publisher\":{\"@id\":\"https:\/\/www.notibras.com\/site\/#organization\"},\"potentialAction\":[{\"@type\":\"SearchAction\",\"target\":{\"@type\":\"EntryPoint\",\"urlTemplate\":\"https:\/\/www.notibras.com\/site\/?s={search_term_string}\"},\"query-input\":{\"@type\":\"PropertyValueSpecification\",\"valueRequired\":true,\"valueName\":\"search_term_string\"}}],\"inLanguage\":\"pt-BR\"},{\"@type\":\"Organization\",\"@id\":\"https:\/\/www.notibras.com\/site\/#organization\",\"name\":\"Grupo Notibras de Comunica\u00e7\u00e3o\",\"url\":\"https:\/\/www.notibras.com\/site\/\",\"logo\":{\"@type\":\"ImageObject\",\"inLanguage\":\"pt-BR\",\"@id\":\"https:\/\/www.notibras.com\/site\/#\/schema\/logo\/image\/\",\"url\":\"https:\/\/www.notibras.com\/site\/wp-content\/uploads\/2023\/01\/notibras23.png\",\"contentUrl\":\"https:\/\/www.notibras.com\/site\/wp-content\/uploads\/2023\/01\/notibras23.png\",\"width\":350,\"height\":87,\"caption\":\"Grupo Notibras de Comunica\u00e7\u00e3o\"},\"image\":{\"@id\":\"https:\/\/www.notibras.com\/site\/#\/schema\/logo\/image\/\"},\"sameAs\":[\"https:\/\/www.facebook.com\/notibras\/\",\"https:\/\/x.com\/Notibras\",\"https:\/\/www.instagram.com\/notibras\/\"]},{\"@type\":\"Person\",\"@id\":\"https:\/\/www.notibras.com\/site\/#\/schema\/person\/36ab0979449956132d3e5b517ea76ac8\",\"name\":\"Reda\u00e7\u00e3o\",\"image\":{\"@type\":\"ImageObject\",\"inLanguage\":\"pt-BR\",\"@id\":\"https:\/\/secure.gravatar.com\/avatar\/e0a867bdedb85fd243eadf09663511f96fc81e0720a4a42581f334ad4303aa6b?s=96&d=mm&r=g\",\"url\":\"https:\/\/secure.gravatar.com\/avatar\/e0a867bdedb85fd243eadf09663511f96fc81e0720a4a42581f334ad4303aa6b?s=96&d=mm&r=g\",\"contentUrl\":\"https:\/\/secure.gravatar.com\/avatar\/e0a867bdedb85fd243eadf09663511f96fc81e0720a4a42581f334ad4303aa6b?s=96&d=mm&r=g\",\"caption\":\"Reda\u00e7\u00e3o\"}}]}<\/script>\n<!-- \/ Yoast SEO plugin. -->","yoast_head_json":{"title":"Botafogo faz festa dupla. Ta\u00e7a e vaga na Copa do Brasil - Notibras","robots":{"index":"index","follow":"follow","max-snippet":"max-snippet:-1","max-image-preview":"max-image-preview:large","max-video-preview":"max-video-preview:-1"},"canonical":"https:\/\/www.notibras.com\/site\/botafogo-faz-festa-dupla-no-maracana-taca-do-titulo-e-vaga-na-copa-do-brasil\/","og_locale":"pt_BR","og_type":"article","og_title":"Botafogo faz festa dupla. Ta\u00e7a e vaga na Copa do Brasil - Notibras","og_description":"O Botafogo venceu o Botafogo-PB por 4 a 2 e se classificou para a segunda fase da Copa do Brasil. A quarta-feira, no entanto, que parecia ser de festa para a torcida, que viu a equipe levantar o trof\u00e9u de campe\u00e3o da Ta\u00e7a Guanabara antes de a bola rolar, foi de apreens\u00e3o. O Alvinegro ficou [&hellip;]","og_url":"https:\/\/www.notibras.com\/site\/botafogo-faz-festa-dupla-no-maracana-taca-do-titulo-e-vaga-na-copa-do-brasil\/","og_site_name":"Notibras","article_publisher":"https:\/\/www.facebook.com\/notibras\/","article_published_time":"2015-04-16T01:05:34+00:00","article_modified_time":"2015-04-30T15:07:30+00:00","og_image":[{"width":460,"height":307,"url":"https:\/\/www.notibras.com\/site\/wp-content\/uploads\/2015\/04\/titulo.jpg","type":"image\/jpeg"}],"author":"Reda\u00e7\u00e3o","twitter_card":"summary_large_image","twitter_creator":"@Notibras","twitter_site":"@Notibras","twitter_misc":{"Escrito por":"Reda\u00e7\u00e3o","Est. tempo de leitura":"3 minutos"},"schema":{"@context":"https:\/\/schema.org","@graph":[{"@type":"Article","@id":"https:\/\/www.notibras.com\/site\/botafogo-faz-festa-dupla-no-maracana-taca-do-titulo-e-vaga-na-copa-do-brasil\/#article","isPartOf":{"@id":"https:\/\/www.notibras.com\/site\/botafogo-faz-festa-dupla-no-maracana-taca-do-titulo-e-vaga-na-copa-do-brasil\/"},"author":{"name":"Reda\u00e7\u00e3o","@id":"https:\/\/www.notibras.com\/site\/#\/schema\/person\/36ab0979449956132d3e5b517ea76ac8"},"headline":"Botafogo faz festa dupla. Ta\u00e7a e vaga na Copa do Brasil","datePublished":"2015-04-16T01:05:34+00:00","dateModified":"2015-04-30T15:07:30+00:00","mainEntityOfPage":{"@id":"https:\/\/www.notibras.com\/site\/botafogo-faz-festa-dupla-no-maracana-taca-do-titulo-e-vaga-na-copa-do-brasil\/"},"wordCount":596,"commentCount":0,"publisher":{"@id":"https:\/\/www.notibras.com\/site\/#organization"},"image":{"@id":"https:\/\/www.notibras.com\/site\/botafogo-faz-festa-dupla-no-maracana-taca-do-titulo-e-vaga-na-copa-do-brasil\/#primaryimage"},"thumbnailUrl":"https:\/\/www.notibras.com\/site\/wp-content\/uploads\/2015\/04\/titulo.jpg","articleSection":["Esportes","Futebol"],"inLanguage":"pt-BR","potentialAction":[{"@type":"CommentAction","name":"Comment","target":["https:\/\/www.notibras.com\/site\/botafogo-faz-festa-dupla-no-maracana-taca-do-titulo-e-vaga-na-copa-do-brasil\/#respond"]}]},{"@type":"WebPage","@id":"https:\/\/www.notibras.com\/site\/botafogo-faz-festa-dupla-no-maracana-taca-do-titulo-e-vaga-na-copa-do-brasil\/","url":"https:\/\/www.notibras.com\/site\/botafogo-faz-festa-dupla-no-maracana-taca-do-titulo-e-vaga-na-copa-do-brasil\/","name":"Botafogo faz festa dupla. Ta\u00e7a e vaga na Copa do Brasil - Notibras","isPartOf":{"@id":"https:\/\/www.notibras.com\/site\/#website"},"primaryImageOfPage":{"@id":"https:\/\/www.notibras.com\/site\/botafogo-faz-festa-dupla-no-maracana-taca-do-titulo-e-vaga-na-copa-do-brasil\/#primaryimage"},"image":{"@id":"https:\/\/www.notibras.com\/site\/botafogo-faz-festa-dupla-no-maracana-taca-do-titulo-e-vaga-na-copa-do-brasil\/#primaryimage"},"thumbnailUrl":"https:\/\/www.notibras.com\/site\/wp-content\/uploads\/2015\/04\/titulo.jpg","datePublished":"2015-04-16T01:05:34+00:00","dateModified":"2015-04-30T15:07:30+00:00","breadcrumb":{"@id":"https:\/\/www.notibras.com\/site\/botafogo-faz-festa-dupla-no-maracana-taca-do-titulo-e-vaga-na-copa-do-brasil\/#breadcrumb"},"inLanguage":"pt-BR","potentialAction":[{"@type":"ReadAction","target":["https:\/\/www.notibras.com\/site\/botafogo-faz-festa-dupla-no-maracana-taca-do-titulo-e-vaga-na-copa-do-brasil\/"]}]},{"@type":"ImageObject","inLanguage":"pt-BR","@id":"https:\/\/www.notibras.com\/site\/botafogo-faz-festa-dupla-no-maracana-taca-do-titulo-e-vaga-na-copa-do-brasil\/#primaryimage","url":"https:\/\/www.notibras.com\/site\/wp-content\/uploads\/2015\/04\/titulo.jpg","contentUrl":"https:\/\/www.notibras.com\/site\/wp-content\/uploads\/2015\/04\/titulo.jpg","width":460,"height":307},{"@type":"BreadcrumbList","@id":"https:\/\/www.notibras.com\/site\/botafogo-faz-festa-dupla-no-maracana-taca-do-titulo-e-vaga-na-copa-do-brasil\/#breadcrumb","itemListElement":[{"@type":"ListItem","position":1,"name":"In\u00edcio","item":"https:\/\/www.notibras.com\/site\/"},{"@type":"ListItem","position":2,"name":"Botafogo faz festa dupla. Ta\u00e7a e vaga na Copa do Brasil"}]},{"@type":"WebSite","@id":"https:\/\/www.notibras.com\/site\/#website","url":"https:\/\/www.notibras.com\/site\/","name":"Notibras","description":"Not\u00edcias de Bras\u00edlia, do Brasil e do Mundo","publisher":{"@id":"https:\/\/www.notibras.com\/site\/#organization"},"potentialAction":[{"@type":"SearchAction","target":{"@type":"EntryPoint","urlTemplate":"https:\/\/www.notibras.com\/site\/?s={search_term_string}"},"query-input":{"@type":"PropertyValueSpecification","valueRequired":true,"valueName":"search_term_string"}}],"inLanguage":"pt-BR"},{"@type":"Organization","@id":"https:\/\/www.notibras.com\/site\/#organization","name":"Grupo Notibras de Comunica\u00e7\u00e3o","url":"https:\/\/www.notibras.com\/site\/","logo":{"@type":"ImageObject","inLanguage":"pt-BR","@id":"https:\/\/www.notibras.com\/site\/#\/schema\/logo\/image\/","url":"https:\/\/www.notibras.com\/site\/wp-content\/uploads\/2023\/01\/notibras23.png","contentUrl":"https:\/\/www.notibras.com\/site\/wp-content\/uploads\/2023\/01\/notibras23.png","width":350,"height":87,"caption":"Grupo Notibras de Comunica\u00e7\u00e3o"},"image":{"@id":"https:\/\/www.notibras.com\/site\/#\/schema\/logo\/image\/"},"sameAs":["https:\/\/www.facebook.com\/notibras\/","https:\/\/x.com\/Notibras","https:\/\/www.instagram.com\/notibras\/"]},{"@type":"Person","@id":"https:\/\/www.notibras.com\/site\/#\/schema\/person\/36ab0979449956132d3e5b517ea76ac8","name":"Reda\u00e7\u00e3o","image":{"@type":"ImageObject","inLanguage":"pt-BR","@id":"https:\/\/secure.gravatar.com\/avatar\/e0a867bdedb85fd243eadf09663511f96fc81e0720a4a42581f334ad4303aa6b?s=96&d=mm&r=g","url":"https:\/\/secure.gravatar.com\/avatar\/e0a867bdedb85fd243eadf09663511f96fc81e0720a4a42581f334ad4303aa6b?s=96&d=mm&r=g","contentUrl":"https:\/\/secure.gravatar.com\/avatar\/e0a867bdedb85fd243eadf09663511f96fc81e0720a4a42581f334ad4303aa6b?s=96&d=mm&r=g","caption":"Reda\u00e7\u00e3o"}}]}},"amp_enabled":true,"_links":{"self":[{"href":"https:\/\/www.notibras.com\/site\/wp-json\/wp\/v2\/posts\/44221","targetHints":{"allow":["GET"]}}],"collection":[{"href":"https:\/\/www.notibras.com\/site\/wp-json\/wp\/v2\/posts"}],"about":[{"href":"https:\/\/www.notibras.com\/site\/wp-json\/wp\/v2\/types\/post"}],"author":[{"embeddable":true,"href":"https:\/\/www.notibras.com\/site\/wp-json\/wp\/v2\/users\/2"}],"replies":[{"embeddable":true,"href":"https:\/\/www.notibras.com\/site\/wp-json\/wp\/v2\/comments?post=44221"}],"version-history":[{"count":0,"href":"https:\/\/www.notibras.com\/site\/wp-json\/wp\/v2\/posts\/44221\/revisions"}],"wp:featuredmedia":[{"embeddable":true,"href":"https:\/\/www.notibras.com\/site\/wp-json\/wp\/v2\/media\/44222"}],"wp:attachment":[{"href":"https:\/\/www.notibras.com\/site\/wp-json\/wp\/v2\/media?parent=44221"}],"wp:term":[{"taxonomy":"category","embeddable":true,"href":"https:\/\/www.notibras.com\/site\/wp-json\/wp\/v2\/categories?post=44221"},{"taxonomy":"post_tag","embeddable":true,"href":"https:\/\/www.notibras.com\/site\/wp-json\/wp\/v2\/tags?post=44221"}],"curies":[{"name":"wp","href":"https:\/\/api.w.org\/{rel}","templated":true}]}}