{"id":44245,"date":"2015-04-16T01:03:15","date_gmt":"2015-04-16T04:03:15","guid":{"rendered":"http:\/\/www.notibras.com\/site\/?p=44245"},"modified":"2015-04-16T01:03:15","modified_gmt":"2015-04-16T04:03:15","slug":"decodificando-a-metalinguagem-das-desordens-sociais-brasileiras","status":"publish","type":"post","link":"https:\/\/www.notibras.com\/site\/decodificando-a-metalinguagem-das-desordens-sociais-brasileiras\/","title":{"rendered":"Decodificando a metalinguagem das desordens sociais brasileiras"},"content":{"rendered":"<p><em>&#8230;\u201dN\u00e3o posso fazer tudo, mas posso fazer alguma coisa. E por n\u00e3o poder fazer tudo, n\u00e3o me recusarei a fazer o pouco que posso\u201d. (Edward Everett Hale, Cl\u00e9rico e Escritor norte-americano, 1823-1909).<\/em><br \/>\n<em>&#8230;&#8221;Certos homens odeiam a verdade, por amor daquilo que eles tomaram por verdadeiro!&#8221;. (Santo Agostinho, Confiss\u00f5es, Livro X, Cap. XXIII).<\/em><\/p>\n<p>Decodificar o discurso significa trabalhar em benef\u00edcio de todos, tentando fazer compreender os discursos competentes de autoridades nacionais, internacionais e da m\u00eddia &#8211; na melhor das hip\u00f3teses &#8211; desinformada. Decodificar o discurso significa tentar esclarecer em linguagem did\u00e1tica e fornecer argumentos para que, devidamente esclarecida, a popula\u00e7\u00e3o brasileira, possa mudar o curso das pol\u00edticas que os \u201cdiscursantes\u201d pretendem para o Brasil: o contribuinte de fato e de direito de todos os \u00f4nus dos\u00a0 investimentos.<\/p>\n<p>Onde existir a aus\u00eancia de saber por falta de informa\u00e7\u00e3o, os juristas se obrigam a decodificar, assumindo a responsabilidade de mostrar o invis\u00edvel no discurso.<\/p>\n<p>A\u00a0metalinguagem,\u00a0diz respeito aos discursos grandiosos, bem fundamentados, os quais colaboram para fazer a popula\u00e7\u00e3o aceitar o inaceit\u00e1vel,\u00a0repetindo como seus, conceitos, posturas etc., contr\u00e1rios aos seus pr\u00f3prios interesses.<\/p>\n<p>A metalinguagem persevera em convencer as popula\u00e7\u00f5es dos territ\u00f3rios que pretendem dominar, a aceitar o inaceit\u00e1vel &#8211; com nomenclatura variada, expressa no discurso metaling\u00fc\u00edstico.<\/p>\n<p>Em pleno s\u00e9culo XXI, os interessados em se apossar de territ\u00f3rios alheios continuam a utilizar os mesmos m\u00e9todos de S\u00e9culos atr\u00e1s: combate \u00e0s drogas, \u00e0s guerrilhas religiosas, ao racismo \u2013e \u00e0 desordem p\u00fablica.<\/p>\n<p>Na Idade M\u00e9dia, para disfar\u00e7ar o verdadeiro objetivo de se apossar de territ\u00f3rios alheios, discursos grandiosos &#8211; sob aparente fundamenta\u00e7\u00e3o crist\u00e3 &#8211; motivavam as popula\u00e7\u00f5es a mandarem cidad\u00e3os como soldados para lutar e morrer nas grandes guerras (Cruzadas e outras \u201cguerras santas\u201d).<\/p>\n<p>Remonta \u00e0 Idade M\u00e9dia, a utiliza\u00e7\u00e3o do pretexto das drogas (\u00f3pio) como instrumento de domina\u00e7\u00e3o econ\u00f4mica.<\/p>\n<blockquote><p>A metalinguagem serviu-se do combate \u00e0s drogas, como argumento de fato e de direito para que pol\u00edcias federais de Estados desenvolvidos expandissem suas atividades al\u00e9m de suas fronteiras,\u00a0o objetivo maior metaling\u00fc\u00edstico.<\/p><\/blockquote>\n<p>A China e a \u00cdndia foram obrigadas a se fecharem por mais de cinq\u00fcenta anos, para acabar com a espolia\u00e7\u00e3o\u00a0e o ass\u00e9dio \u00e0s suas riquezas naturais,\u00a0sob o pretexto do combate \u00e0s drogas.<\/p>\n<p>Na Am\u00e9rica do Sul, a metalinguagem possibilitou aos militares desses Estados, criarem for\u00e7as mistas de militares e policiais encarregados da repress\u00e3o ao tr\u00e1fico na Am\u00e9rica do Sul, propiciando a introdu\u00e7\u00e3o de importantes modifica\u00e7\u00f5es na legisla\u00e7\u00e3o dos pa\u00edses.<\/p>\n<p>Para atingir o seu verdadeiro objetivo, o\u00a0discurso metaling\u00fc\u00edstico tem que ser aceito.<\/p>\n<p>E para ser aceito, forjam um \u201cinimigo p\u00fablico\u201d, com a coniv\u00eancia dos Poderes do Estado no qual t\u00eam interesse (Legislativo, Judici\u00e1rio, Executivo).<\/p>\n<p>De se observar, as perseverantes press\u00f5es sobre os Poderes, no Brasil, objetivando a coniv\u00eancia deles, de modo\u00a0a transformar o Brasil, em um grande pa\u00eds de manifesta\u00e7\u00f5es p\u00fablicas incontrol\u00e1veis \u2013 pac\u00edficas e, ou, violentas.<\/p>\n<p>Nesses movimentos existe a\u00a0for\u00e7a do discurso, no qual se percebe a\u00a0metalinguagem.<\/p>\n<p>Importante \u00e9 estar\u00a0atento \u00e0 metalinguagem da domina\u00e7\u00e3o,\u00a0atrav\u00e9s da desordem social nas principais capitais brasileiras. Nesses movimentos existe a for\u00e7a do discurso, no qual se percebe a\u00a0metalinguagem.<\/p>\n<p>Observa-se no Brasil que a aus\u00eancia de pol\u00edticas p\u00fablicas e de recursos para desenvolver pol\u00edticas p\u00fablicas eficazes\u00a0n\u00e3o\u00a0\u00e9 o mais forte obst\u00e1culo \u00e0 efic\u00e1cia do combate \u00e0 desordem p\u00fablica e \u00e1 viol\u00eancia.<\/p>\n<blockquote><p>No Brasil, o argumento justificador, tamb\u00e9m, n\u00e3o \u00e9 a aus\u00eancia de democracia, nem a aus\u00eancia de prote\u00e7\u00e3o ao meio-ambiente, nem do combate ao tr\u00e1fico de entorpecentes, nem a prote\u00e7\u00e3o dos direitos humanos e nem do combate \u00e0s armas nucleares etc., etc. \u2013 grandemente utilizados ao redor do mundo, para justificar as invas\u00f5es e posse de territ\u00f3rios alheios.<\/p><\/blockquote>\n<p>Estranh\u00edssimo o que vem ocorrendo no Brasil \u2013 em termos de movimentos reivindicat\u00f3rios.<\/p>\n<p>Importante \u00e9 estar atento \u00e0 metalinguagem da domina\u00e7\u00e3o,\u00a0atrav\u00e9s da desordem social nas principais capitais brasileiras.<\/p>\n<p>A\u00a0metalinguagem do discurso no Brasil tem tentado motivar e convencer \u00e0 popula\u00e7\u00e3o, a justificar e a aceitar as paralisa\u00e7\u00f5es e as passeatas estranh\u00edssimas, assim como, as badernas p\u00fablicas.<\/p>\n<p>S\u00e3o todas ausentes de motiva\u00e7\u00e3o de fato e de direito, motivadas por interesses dos prepostos e mandat\u00e1rios dos desumanos\u00a0discursantes metaling\u00fc\u00edsticos,\u00a0vez que a maioria de tais reivindica\u00e7\u00f5es j\u00e1 foi atendida.<\/p>\n<p>Na realidade, s\u00e3o vers\u00f5es atualizadas e\u00a0adaptadas ao Brasil, de um mesmo metadiscurso, refletindo a disposi\u00e7\u00e3o de interven\u00e7\u00e3o nos assuntos internos brasileiros, segundo l\u00f3gica centen\u00e1ria, utilizada em Na\u00e7\u00f5es alheias.<\/p>\n<p>Importante \u00e9 estar atento \u00e0 metalinguagem da domina\u00e7\u00e3o,\u00a0atrav\u00e9s da desordem social nas principais capitais brasileiras. E abort\u00e1-las, em atua\u00e7\u00e3o id\u00eantica a dos agentes processando corruptos e corruptores no Brasil. At\u00e9, porque, O Brasil merece respeito!<\/p>\n<p><strong>Guilhermina Coimbra.<\/strong><\/p>\n<p>&nbsp;<\/p>\n","protected":false},"excerpt":{"rendered":"<p>&#8230;\u201dN\u00e3o posso fazer tudo, mas posso fazer alguma coisa. E por n\u00e3o poder fazer tudo, n\u00e3o me recusarei a fazer o pouco que posso\u201d. (Edward Everett Hale, Cl\u00e9rico e Escritor norte-americano, 1823-1909). &#8230;&#8221;Certos homens odeiam a verdade, por amor daquilo que eles tomaram por verdadeiro!&#8221;. (Santo Agostinho, Confiss\u00f5es, Livro X, Cap. XXIII). Decodificar o discurso [&hellip;]<\/p>\n","protected":false},"author":2,"featured_media":44246,"comment_status":"open","ping_status":"closed","sticky":false,"template":"","format":"standard","meta":{"_acf_changed":false,"footnotes":""},"categories":[25],"tags":[],"class_list":["post-44245","post","type-post","status-publish","format-standard","has-post-thumbnail","hentry","category-opina-ai"],"acf":[],"yoast_head":"<!-- This site is optimized with the Yoast SEO plugin v27.5 - https:\/\/yoast.com\/product\/yoast-seo-wordpress\/ -->\n<title>Decodificando a metalinguagem das desordens sociais brasileiras - Notibras<\/title>\n<meta name=\"robots\" content=\"index, follow, max-snippet:-1, max-image-preview:large, max-video-preview:-1\" \/>\n<link rel=\"canonical\" href=\"https:\/\/www.notibras.com\/site\/decodificando-a-metalinguagem-das-desordens-sociais-brasileiras\/\" \/>\n<meta property=\"og:locale\" content=\"pt_BR\" \/>\n<meta property=\"og:type\" content=\"article\" \/>\n<meta property=\"og:title\" content=\"Decodificando a metalinguagem das desordens sociais brasileiras - Notibras\" \/>\n<meta property=\"og:description\" content=\"&#8230;\u201dN\u00e3o posso fazer tudo, mas posso fazer alguma coisa. E por n\u00e3o poder fazer tudo, n\u00e3o me recusarei a fazer o pouco que posso\u201d. (Edward Everett Hale, Cl\u00e9rico e Escritor norte-americano, 1823-1909). &#8230;&#8221;Certos homens odeiam a verdade, por amor daquilo que eles tomaram por verdadeiro!&#8221;. (Santo Agostinho, Confiss\u00f5es, Livro X, Cap. XXIII). Decodificar o discurso [&hellip;]\" \/>\n<meta property=\"og:url\" content=\"https:\/\/www.notibras.com\/site\/decodificando-a-metalinguagem-das-desordens-sociais-brasileiras\/\" \/>\n<meta property=\"og:site_name\" content=\"Notibras\" \/>\n<meta property=\"article:publisher\" content=\"https:\/\/www.facebook.com\/notibras\/\" \/>\n<meta property=\"article:published_time\" content=\"2015-04-16T04:03:15+00:00\" \/>\n<meta property=\"og:image\" content=\"https:\/\/www.notibras.com\/site\/wp-content\/uploads\/2015\/04\/peri16.jpg\" \/>\n\t<meta property=\"og:image:width\" content=\"480\" \/>\n\t<meta property=\"og:image:height\" content=\"360\" \/>\n\t<meta property=\"og:image:type\" content=\"image\/jpeg\" \/>\n<meta name=\"author\" content=\"Reda\u00e7\u00e3o\" \/>\n<meta name=\"twitter:card\" content=\"summary_large_image\" \/>\n<meta name=\"twitter:creator\" content=\"@Notibras\" \/>\n<meta name=\"twitter:site\" content=\"@Notibras\" \/>\n<meta name=\"twitter:label1\" content=\"Escrito por\" \/>\n\t<meta name=\"twitter:data1\" content=\"Reda\u00e7\u00e3o\" \/>\n\t<meta name=\"twitter:label2\" content=\"Est. tempo de leitura\" \/>\n\t<meta name=\"twitter:data2\" content=\"4 minutos\" \/>\n<script type=\"application\/ld+json\" class=\"yoast-schema-graph\">{\"@context\":\"https:\\\/\\\/schema.org\",\"@graph\":[{\"@type\":\"Article\",\"@id\":\"https:\\\/\\\/www.notibras.com\\\/site\\\/decodificando-a-metalinguagem-das-desordens-sociais-brasileiras\\\/#article\",\"isPartOf\":{\"@id\":\"https:\\\/\\\/www.notibras.com\\\/site\\\/decodificando-a-metalinguagem-das-desordens-sociais-brasileiras\\\/\"},\"author\":{\"name\":\"Reda\u00e7\u00e3o\",\"@id\":\"https:\\\/\\\/www.notibras.com\\\/site\\\/#\\\/schema\\\/person\\\/36ab0979449956132d3e5b517ea76ac8\"},\"headline\":\"Decodificando a metalinguagem das desordens sociais brasileiras\",\"datePublished\":\"2015-04-16T04:03:15+00:00\",\"mainEntityOfPage\":{\"@id\":\"https:\\\/\\\/www.notibras.com\\\/site\\\/decodificando-a-metalinguagem-das-desordens-sociais-brasileiras\\\/\"},\"wordCount\":860,\"commentCount\":0,\"publisher\":{\"@id\":\"https:\\\/\\\/www.notibras.com\\\/site\\\/#organization\"},\"image\":{\"@id\":\"https:\\\/\\\/www.notibras.com\\\/site\\\/decodificando-a-metalinguagem-das-desordens-sociais-brasileiras\\\/#primaryimage\"},\"thumbnailUrl\":\"https:\\\/\\\/www.notibras.com\\\/site\\\/wp-content\\\/uploads\\\/2015\\\/04\\\/peri16.jpg\",\"articleSection\":[\"Opina a\u00ed\"],\"inLanguage\":\"pt-BR\",\"potentialAction\":[{\"@type\":\"CommentAction\",\"name\":\"Comment\",\"target\":[\"https:\\\/\\\/www.notibras.com\\\/site\\\/decodificando-a-metalinguagem-das-desordens-sociais-brasileiras\\\/#respond\"]}]},{\"@type\":\"WebPage\",\"@id\":\"https:\\\/\\\/www.notibras.com\\\/site\\\/decodificando-a-metalinguagem-das-desordens-sociais-brasileiras\\\/\",\"url\":\"https:\\\/\\\/www.notibras.com\\\/site\\\/decodificando-a-metalinguagem-das-desordens-sociais-brasileiras\\\/\",\"name\":\"Decodificando a metalinguagem das desordens sociais brasileiras - Notibras\",\"isPartOf\":{\"@id\":\"https:\\\/\\\/www.notibras.com\\\/site\\\/#website\"},\"primaryImageOfPage\":{\"@id\":\"https:\\\/\\\/www.notibras.com\\\/site\\\/decodificando-a-metalinguagem-das-desordens-sociais-brasileiras\\\/#primaryimage\"},\"image\":{\"@id\":\"https:\\\/\\\/www.notibras.com\\\/site\\\/decodificando-a-metalinguagem-das-desordens-sociais-brasileiras\\\/#primaryimage\"},\"thumbnailUrl\":\"https:\\\/\\\/www.notibras.com\\\/site\\\/wp-content\\\/uploads\\\/2015\\\/04\\\/peri16.jpg\",\"datePublished\":\"2015-04-16T04:03:15+00:00\",\"breadcrumb\":{\"@id\":\"https:\\\/\\\/www.notibras.com\\\/site\\\/decodificando-a-metalinguagem-das-desordens-sociais-brasileiras\\\/#breadcrumb\"},\"inLanguage\":\"pt-BR\",\"potentialAction\":[{\"@type\":\"ReadAction\",\"target\":[\"https:\\\/\\\/www.notibras.com\\\/site\\\/decodificando-a-metalinguagem-das-desordens-sociais-brasileiras\\\/\"]}]},{\"@type\":\"ImageObject\",\"inLanguage\":\"pt-BR\",\"@id\":\"https:\\\/\\\/www.notibras.com\\\/site\\\/decodificando-a-metalinguagem-das-desordens-sociais-brasileiras\\\/#primaryimage\",\"url\":\"https:\\\/\\\/www.notibras.com\\\/site\\\/wp-content\\\/uploads\\\/2015\\\/04\\\/peri16.jpg\",\"contentUrl\":\"https:\\\/\\\/www.notibras.com\\\/site\\\/wp-content\\\/uploads\\\/2015\\\/04\\\/peri16.jpg\",\"width\":480,\"height\":360},{\"@type\":\"BreadcrumbList\",\"@id\":\"https:\\\/\\\/www.notibras.com\\\/site\\\/decodificando-a-metalinguagem-das-desordens-sociais-brasileiras\\\/#breadcrumb\",\"itemListElement\":[{\"@type\":\"ListItem\",\"position\":1,\"name\":\"In\u00edcio\",\"item\":\"https:\\\/\\\/www.notibras.com\\\/site\\\/\"},{\"@type\":\"ListItem\",\"position\":2,\"name\":\"Decodificando a metalinguagem das desordens sociais brasileiras\"}]},{\"@type\":\"WebSite\",\"@id\":\"https:\\\/\\\/www.notibras.com\\\/site\\\/#website\",\"url\":\"https:\\\/\\\/www.notibras.com\\\/site\\\/\",\"name\":\"Notibras\",\"description\":\"Not\u00edcias de Bras\u00edlia, do Brasil e do Mundo\",\"publisher\":{\"@id\":\"https:\\\/\\\/www.notibras.com\\\/site\\\/#organization\"},\"potentialAction\":[{\"@type\":\"SearchAction\",\"target\":{\"@type\":\"EntryPoint\",\"urlTemplate\":\"https:\\\/\\\/www.notibras.com\\\/site\\\/?s={search_term_string}\"},\"query-input\":{\"@type\":\"PropertyValueSpecification\",\"valueRequired\":true,\"valueName\":\"search_term_string\"}}],\"inLanguage\":\"pt-BR\"},{\"@type\":\"Organization\",\"@id\":\"https:\\\/\\\/www.notibras.com\\\/site\\\/#organization\",\"name\":\"Grupo Notibras de Comunica\u00e7\u00e3o\",\"url\":\"https:\\\/\\\/www.notibras.com\\\/site\\\/\",\"logo\":{\"@type\":\"ImageObject\",\"inLanguage\":\"pt-BR\",\"@id\":\"https:\\\/\\\/www.notibras.com\\\/site\\\/#\\\/schema\\\/logo\\\/image\\\/\",\"url\":\"https:\\\/\\\/www.notibras.com\\\/site\\\/wp-content\\\/uploads\\\/2023\\\/01\\\/notibras23.png\",\"contentUrl\":\"https:\\\/\\\/www.notibras.com\\\/site\\\/wp-content\\\/uploads\\\/2023\\\/01\\\/notibras23.png\",\"width\":350,\"height\":87,\"caption\":\"Grupo Notibras de Comunica\u00e7\u00e3o\"},\"image\":{\"@id\":\"https:\\\/\\\/www.notibras.com\\\/site\\\/#\\\/schema\\\/logo\\\/image\\\/\"},\"sameAs\":[\"https:\\\/\\\/www.facebook.com\\\/notibras\\\/\",\"https:\\\/\\\/x.com\\\/Notibras\",\"https:\\\/\\\/www.instagram.com\\\/notibras\\\/\"]},{\"@type\":\"Person\",\"@id\":\"https:\\\/\\\/www.notibras.com\\\/site\\\/#\\\/schema\\\/person\\\/36ab0979449956132d3e5b517ea76ac8\",\"name\":\"Reda\u00e7\u00e3o\",\"image\":{\"@type\":\"ImageObject\",\"inLanguage\":\"pt-BR\",\"@id\":\"https:\\\/\\\/secure.gravatar.com\\\/avatar\\\/e0a867bdedb85fd243eadf09663511f96fc81e0720a4a42581f334ad4303aa6b?s=96&d=mm&r=g\",\"url\":\"https:\\\/\\\/secure.gravatar.com\\\/avatar\\\/e0a867bdedb85fd243eadf09663511f96fc81e0720a4a42581f334ad4303aa6b?s=96&d=mm&r=g\",\"contentUrl\":\"https:\\\/\\\/secure.gravatar.com\\\/avatar\\\/e0a867bdedb85fd243eadf09663511f96fc81e0720a4a42581f334ad4303aa6b?s=96&d=mm&r=g\",\"caption\":\"Reda\u00e7\u00e3o\"}}]}<\/script>\n<!-- \/ Yoast SEO plugin. -->","yoast_head_json":{"title":"Decodificando a metalinguagem das desordens sociais brasileiras - Notibras","robots":{"index":"index","follow":"follow","max-snippet":"max-snippet:-1","max-image-preview":"max-image-preview:large","max-video-preview":"max-video-preview:-1"},"canonical":"https:\/\/www.notibras.com\/site\/decodificando-a-metalinguagem-das-desordens-sociais-brasileiras\/","og_locale":"pt_BR","og_type":"article","og_title":"Decodificando a metalinguagem das desordens sociais brasileiras - Notibras","og_description":"&#8230;\u201dN\u00e3o posso fazer tudo, mas posso fazer alguma coisa. E por n\u00e3o poder fazer tudo, n\u00e3o me recusarei a fazer o pouco que posso\u201d. (Edward Everett Hale, Cl\u00e9rico e Escritor norte-americano, 1823-1909). &#8230;&#8221;Certos homens odeiam a verdade, por amor daquilo que eles tomaram por verdadeiro!&#8221;. (Santo Agostinho, Confiss\u00f5es, Livro X, Cap. XXIII). Decodificar o discurso [&hellip;]","og_url":"https:\/\/www.notibras.com\/site\/decodificando-a-metalinguagem-das-desordens-sociais-brasileiras\/","og_site_name":"Notibras","article_publisher":"https:\/\/www.facebook.com\/notibras\/","article_published_time":"2015-04-16T04:03:15+00:00","og_image":[{"width":480,"height":360,"url":"https:\/\/www.notibras.com\/site\/wp-content\/uploads\/2015\/04\/peri16.jpg","type":"image\/jpeg"}],"author":"Reda\u00e7\u00e3o","twitter_card":"summary_large_image","twitter_creator":"@Notibras","twitter_site":"@Notibras","twitter_misc":{"Escrito por":"Reda\u00e7\u00e3o","Est. tempo de leitura":"4 minutos"},"schema":{"@context":"https:\/\/schema.org","@graph":[{"@type":"Article","@id":"https:\/\/www.notibras.com\/site\/decodificando-a-metalinguagem-das-desordens-sociais-brasileiras\/#article","isPartOf":{"@id":"https:\/\/www.notibras.com\/site\/decodificando-a-metalinguagem-das-desordens-sociais-brasileiras\/"},"author":{"name":"Reda\u00e7\u00e3o","@id":"https:\/\/www.notibras.com\/site\/#\/schema\/person\/36ab0979449956132d3e5b517ea76ac8"},"headline":"Decodificando a metalinguagem das desordens sociais brasileiras","datePublished":"2015-04-16T04:03:15+00:00","mainEntityOfPage":{"@id":"https:\/\/www.notibras.com\/site\/decodificando-a-metalinguagem-das-desordens-sociais-brasileiras\/"},"wordCount":860,"commentCount":0,"publisher":{"@id":"https:\/\/www.notibras.com\/site\/#organization"},"image":{"@id":"https:\/\/www.notibras.com\/site\/decodificando-a-metalinguagem-das-desordens-sociais-brasileiras\/#primaryimage"},"thumbnailUrl":"https:\/\/www.notibras.com\/site\/wp-content\/uploads\/2015\/04\/peri16.jpg","articleSection":["Opina a\u00ed"],"inLanguage":"pt-BR","potentialAction":[{"@type":"CommentAction","name":"Comment","target":["https:\/\/www.notibras.com\/site\/decodificando-a-metalinguagem-das-desordens-sociais-brasileiras\/#respond"]}]},{"@type":"WebPage","@id":"https:\/\/www.notibras.com\/site\/decodificando-a-metalinguagem-das-desordens-sociais-brasileiras\/","url":"https:\/\/www.notibras.com\/site\/decodificando-a-metalinguagem-das-desordens-sociais-brasileiras\/","name":"Decodificando a metalinguagem das desordens sociais brasileiras - Notibras","isPartOf":{"@id":"https:\/\/www.notibras.com\/site\/#website"},"primaryImageOfPage":{"@id":"https:\/\/www.notibras.com\/site\/decodificando-a-metalinguagem-das-desordens-sociais-brasileiras\/#primaryimage"},"image":{"@id":"https:\/\/www.notibras.com\/site\/decodificando-a-metalinguagem-das-desordens-sociais-brasileiras\/#primaryimage"},"thumbnailUrl":"https:\/\/www.notibras.com\/site\/wp-content\/uploads\/2015\/04\/peri16.jpg","datePublished":"2015-04-16T04:03:15+00:00","breadcrumb":{"@id":"https:\/\/www.notibras.com\/site\/decodificando-a-metalinguagem-das-desordens-sociais-brasileiras\/#breadcrumb"},"inLanguage":"pt-BR","potentialAction":[{"@type":"ReadAction","target":["https:\/\/www.notibras.com\/site\/decodificando-a-metalinguagem-das-desordens-sociais-brasileiras\/"]}]},{"@type":"ImageObject","inLanguage":"pt-BR","@id":"https:\/\/www.notibras.com\/site\/decodificando-a-metalinguagem-das-desordens-sociais-brasileiras\/#primaryimage","url":"https:\/\/www.notibras.com\/site\/wp-content\/uploads\/2015\/04\/peri16.jpg","contentUrl":"https:\/\/www.notibras.com\/site\/wp-content\/uploads\/2015\/04\/peri16.jpg","width":480,"height":360},{"@type":"BreadcrumbList","@id":"https:\/\/www.notibras.com\/site\/decodificando-a-metalinguagem-das-desordens-sociais-brasileiras\/#breadcrumb","itemListElement":[{"@type":"ListItem","position":1,"name":"In\u00edcio","item":"https:\/\/www.notibras.com\/site\/"},{"@type":"ListItem","position":2,"name":"Decodificando a metalinguagem das desordens sociais brasileiras"}]},{"@type":"WebSite","@id":"https:\/\/www.notibras.com\/site\/#website","url":"https:\/\/www.notibras.com\/site\/","name":"Notibras","description":"Not\u00edcias de Bras\u00edlia, do Brasil e do Mundo","publisher":{"@id":"https:\/\/www.notibras.com\/site\/#organization"},"potentialAction":[{"@type":"SearchAction","target":{"@type":"EntryPoint","urlTemplate":"https:\/\/www.notibras.com\/site\/?s={search_term_string}"},"query-input":{"@type":"PropertyValueSpecification","valueRequired":true,"valueName":"search_term_string"}}],"inLanguage":"pt-BR"},{"@type":"Organization","@id":"https:\/\/www.notibras.com\/site\/#organization","name":"Grupo Notibras de Comunica\u00e7\u00e3o","url":"https:\/\/www.notibras.com\/site\/","logo":{"@type":"ImageObject","inLanguage":"pt-BR","@id":"https:\/\/www.notibras.com\/site\/#\/schema\/logo\/image\/","url":"https:\/\/www.notibras.com\/site\/wp-content\/uploads\/2023\/01\/notibras23.png","contentUrl":"https:\/\/www.notibras.com\/site\/wp-content\/uploads\/2023\/01\/notibras23.png","width":350,"height":87,"caption":"Grupo Notibras de Comunica\u00e7\u00e3o"},"image":{"@id":"https:\/\/www.notibras.com\/site\/#\/schema\/logo\/image\/"},"sameAs":["https:\/\/www.facebook.com\/notibras\/","https:\/\/x.com\/Notibras","https:\/\/www.instagram.com\/notibras\/"]},{"@type":"Person","@id":"https:\/\/www.notibras.com\/site\/#\/schema\/person\/36ab0979449956132d3e5b517ea76ac8","name":"Reda\u00e7\u00e3o","image":{"@type":"ImageObject","inLanguage":"pt-BR","@id":"https:\/\/secure.gravatar.com\/avatar\/e0a867bdedb85fd243eadf09663511f96fc81e0720a4a42581f334ad4303aa6b?s=96&d=mm&r=g","url":"https:\/\/secure.gravatar.com\/avatar\/e0a867bdedb85fd243eadf09663511f96fc81e0720a4a42581f334ad4303aa6b?s=96&d=mm&r=g","contentUrl":"https:\/\/secure.gravatar.com\/avatar\/e0a867bdedb85fd243eadf09663511f96fc81e0720a4a42581f334ad4303aa6b?s=96&d=mm&r=g","caption":"Reda\u00e7\u00e3o"}}]}},"amp_enabled":true,"_links":{"self":[{"href":"https:\/\/www.notibras.com\/site\/wp-json\/wp\/v2\/posts\/44245","targetHints":{"allow":["GET"]}}],"collection":[{"href":"https:\/\/www.notibras.com\/site\/wp-json\/wp\/v2\/posts"}],"about":[{"href":"https:\/\/www.notibras.com\/site\/wp-json\/wp\/v2\/types\/post"}],"author":[{"embeddable":true,"href":"https:\/\/www.notibras.com\/site\/wp-json\/wp\/v2\/users\/2"}],"replies":[{"embeddable":true,"href":"https:\/\/www.notibras.com\/site\/wp-json\/wp\/v2\/comments?post=44245"}],"version-history":[{"count":0,"href":"https:\/\/www.notibras.com\/site\/wp-json\/wp\/v2\/posts\/44245\/revisions"}],"wp:featuredmedia":[{"embeddable":true,"href":"https:\/\/www.notibras.com\/site\/wp-json\/wp\/v2\/media\/44246"}],"wp:attachment":[{"href":"https:\/\/www.notibras.com\/site\/wp-json\/wp\/v2\/media?parent=44245"}],"wp:term":[{"taxonomy":"category","embeddable":true,"href":"https:\/\/www.notibras.com\/site\/wp-json\/wp\/v2\/categories?post=44245"},{"taxonomy":"post_tag","embeddable":true,"href":"https:\/\/www.notibras.com\/site\/wp-json\/wp\/v2\/tags?post=44245"}],"curies":[{"name":"wp","href":"https:\/\/api.w.org\/{rel}","templated":true}]}}