{"id":44248,"date":"2015-04-16T01:11:15","date_gmt":"2015-04-16T04:11:15","guid":{"rendered":"http:\/\/www.notibras.com\/site\/?p=44248"},"modified":"2015-04-16T01:11:15","modified_gmt":"2015-04-16T04:11:15","slug":"sao-paulo-sai-atras-vira-para-2-a-1-e-respira-na-libertadores","status":"publish","type":"post","link":"https:\/\/www.notibras.com\/site\/sao-paulo-sai-atras-vira-para-2-a-1-e-respira-na-libertadores\/","title":{"rendered":"S\u00e3o Paulo sai atr\u00e1s, vira para 2 a 1 e respira na Libertadores"},"content":{"rendered":"<p>O S\u00e3o Paulo esteve longe de encantar diante do Danubio, saco de pancadas do grupo 2 da Ta\u00e7a Libertadores, mas arrancou uma vit\u00f3ria por 2 a 1 em Montevid\u00e9u nesta quarta-feira e continua dependendo apenas das pr\u00f3prias for\u00e7as para avan\u00e7ar no torneio continental.<\/p>\n<p>Todos os gols da partida disputada no est\u00e1dio Luis Franzini sa\u00edram no segundo tempo. Os donos da casa fizeram 1 a 0 logo no come\u00e7o, com Sosa, mas Alexandre Pato empatou e, aos 46 minutos, Centur\u00edon garantiu o importante triunfo do Tricolor.<\/p>\n<p>A vit\u00f3ria levou o tricampe\u00e3o sul-americano ao segundo lugar isolado da chave, com nove pontos, atr\u00e1s do Corinthians, que tem 12, e com tr\u00eas a mais que o San Lorenzo.<\/p>\n<p>Tim\u00e3o e &#8216;Cicl\u00f3n&#8217; se enfrentar\u00e3o nesta quinta, em Itaquera, e o resultado desse duelo ter\u00e1 influ\u00eancia na vida do S\u00e3o Paulo. Se o Corinthians vencer, a equipe de Milton Cruz precisar\u00e1 de um empate justamente contra o rival na semana que vem, no Morumbi. Em caso de igualdade ou derrota do time anfitri\u00e3o, o Tricolor ter\u00e1 que obter os tr\u00eas pontos no cl\u00e1ssico.<\/p>\n<p>O Danubio, que vem dividindo as aten\u00e7\u00f5es entre a Libertadores e o Clausura uruguaio, em que \u00e9 l\u00edder, teve tr\u00eas mudan\u00e7as em rela\u00e7\u00e3o \u00e0 goleada sofrida para o Corinthians, no \u00faltimo dia 2. Pereyra entrou na zaga e Ign\u00e1cio Gonz\u00e1lez e Grav\u00ed ganharam vagas no meio-campo.<\/p>\n<p>No S\u00e3o Paulo, recuperado de uma contratura muscular na coxa direita, Luis Fabiano ficou no banco em Montevid\u00e9u. Alan Kardec, fora de todo o torneio continental devido a uma grave les\u00e3o no joelho, e o volante Denilson, tamb\u00e9m machucado, foram os desfalques do t\u00e9cnico Milton Cruz.<\/p>\n<p>A partida come\u00e7ou morna, com as duas equipes errando bastante e produzindo pouco. Como se poderia diante dessas circunst\u00e2ncias, a primeira jogada de perigo teve origem em uma falha defensiva. Aos dez minutos, Rog\u00e9rio Ceni deu um presente para o Danubio, Fornaroli, ex-Figueirense, aproveitou, entrou na \u00e1rea pela esquerda e chutou por baixo. O goleiro se recuperou e defendeu.<\/p>\n<p>O Tricolor demorou a se acertar no ataque, mas esteve perto de abrir o placar aos 22, com uma grande ajuda da zaga dos donos da casa. Michel Bastos cruzou, Pereira desviou contra o pr\u00f3prio gol e ia acertando o \u00e2ngulo, mas foi salvo por Torgnascioli.<\/p>\n<p>O goleiro do Danubio brilhou novamente aos 30, desta vez em uma finaliza\u00e7\u00e3o de um jogador s\u00e3o-paulino. Michel Bastos descolou \u00f3timo passe para Pato, mas o centroavante chutou em cima do camisa 1.<\/p>\n<p>Aos poucos, a equipe paulista foi assumindo o controle das a\u00e7\u00f5es, mas n\u00e3o conseguia concluir em gol. Aos 41 minutos, Michel Bastos deixou dois marcadores na saudade, mas quando ia entrando na \u00e1rea foi bloqueado pelo terceiro.<\/p>\n<blockquote><p>O primeiro tempo do Tricolor n\u00e3o foi dos melhores, e o segundo come\u00e7ou da pior maneira poss\u00edvel. Logo aos tr\u00eas minutos, Hudson fez o corte depois da falta, mas Sosa pegou a sobra e chutou de muito longe. Apesar de ter ido no \u00e2ngulo, a finaliza\u00e7\u00e3o era defens\u00e1vel, mas Ceni aceitou.<\/p><\/blockquote>\n<p>Atr\u00e1s no placar, Milton Cruz mandou Luis Fabiano a campo no lugar de Rodrigo Caio, deixando a equipe mais ofensiva. O problema era o espa\u00e7o deixado para o contra-ataque, como aos 14 minutos, quando Fornaroli saiu na cara de Rog\u00e9rio Ceni. Paulo Miranda travou providencialmente.<\/p>\n<p>Mesmo mais ofensivo, o S\u00e3o Paulo demorou a se acertar na frente, mas quando foi um pouco mais organizado, empatou. Aos 15, Reinaldo tocou na esquerda para Michel Bastos, que cruzou para Pato escorar de cabe\u00e7a na segunda trave e deixar tudo igual.<\/p>\n<p>O Danubio tentou dar a resposta quase imediata, mas parou no experiente arqueiro s\u00e3o-paulino. Castro foi acionado na esquerda, deixou Paulo Miranda na saudade e bateu para defesa firme de Ceni, aos 18 minutos.<\/p>\n<p>Ciente de que, embora jogasse fora de casa, o empate representava um trope\u00e7o, o tricampe\u00e3o da Am\u00e9rica foi para cima. Aos 27, Michel Bastos levantou mais uma e Alexandre Pato cabeceou mais uma vez, mas nesta Torgnascioli conseguiu evitar o gol.<\/p>\n<p>Milton Cruz ent\u00e3o foi para o tudo ou nada e trocou Paulo Miranda por Centuri\u00f3n. Num primeiro momento, quando se esperava um sufoco do Tricolor, quem teve tudo para vencer foi o campe\u00e3o uruguaio. Aos 40, Fornaroli partiu sozinho no ataque, mas, de frente para o goleiro, chutou para muito longe.<\/p>\n<p>Mas a mudan\u00e7a acabou sendo acertada, e o argentino salvou o S\u00e3o Paulo nos acr\u00e9scimos. Aos 46 minutos, Michel Bastos &#8211; sempre ele &#8211; cruzou, Centuri\u00f3n cabeceou no canto direito e deixou a equipe paulista em boas condi\u00e7\u00f5es na Libertadores.<\/p>\n","protected":false},"excerpt":{"rendered":"<p>O S\u00e3o Paulo esteve longe de encantar diante do Danubio, saco de pancadas do grupo 2 da Ta\u00e7a Libertadores, mas arrancou uma vit\u00f3ria por 2 a 1 em Montevid\u00e9u nesta quarta-feira e continua dependendo apenas das pr\u00f3prias for\u00e7as para avan\u00e7ar no torneio continental. Todos os gols da partida disputada no est\u00e1dio Luis Franzini sa\u00edram no [&hellip;]<\/p>\n","protected":false},"author":2,"featured_media":44249,"comment_status":"open","ping_status":"closed","sticky":false,"template":"","format":"standard","meta":{"_acf_changed":false,"footnotes":""},"categories":[19,29],"tags":[],"class_list":["post-44248","post","type-post","status-publish","format-standard","has-post-thumbnail","hentry","category-esportes","category-futebol"],"acf":[],"yoast_head":"<!-- This site is optimized with the Yoast SEO plugin v27.2 - https:\/\/yoast.com\/product\/yoast-seo-wordpress\/ -->\n<title>S\u00e3o Paulo sai atr\u00e1s, vira para 2 a 1 e respira na Libertadores - Notibras<\/title>\n<meta name=\"robots\" content=\"index, follow, max-snippet:-1, max-image-preview:large, max-video-preview:-1\" \/>\n<link rel=\"canonical\" href=\"https:\/\/www.notibras.com\/site\/sao-paulo-sai-atras-vira-para-2-a-1-e-respira-na-libertadores\/\" \/>\n<meta property=\"og:locale\" content=\"pt_BR\" \/>\n<meta property=\"og:type\" content=\"article\" \/>\n<meta property=\"og:title\" content=\"S\u00e3o Paulo sai atr\u00e1s, vira para 2 a 1 e respira na Libertadores - Notibras\" \/>\n<meta property=\"og:description\" content=\"O S\u00e3o Paulo esteve longe de encantar diante do Danubio, saco de pancadas do grupo 2 da Ta\u00e7a Libertadores, mas arrancou uma vit\u00f3ria por 2 a 1 em Montevid\u00e9u nesta quarta-feira e continua dependendo apenas das pr\u00f3prias for\u00e7as para avan\u00e7ar no torneio continental. Todos os gols da partida disputada no est\u00e1dio Luis Franzini sa\u00edram no [&hellip;]\" \/>\n<meta property=\"og:url\" content=\"https:\/\/www.notibras.com\/site\/sao-paulo-sai-atras-vira-para-2-a-1-e-respira-na-libertadores\/\" \/>\n<meta property=\"og:site_name\" content=\"Notibras\" \/>\n<meta property=\"article:publisher\" content=\"https:\/\/www.facebook.com\/notibras\/\" \/>\n<meta property=\"article:published_time\" content=\"2015-04-16T04:11:15+00:00\" \/>\n<meta property=\"og:image\" content=\"https:\/\/www.notibras.com\/site\/wp-content\/uploads\/2015\/04\/centuri.jpg\" \/>\n\t<meta property=\"og:image:width\" content=\"460\" \/>\n\t<meta property=\"og:image:height\" content=\"286\" \/>\n\t<meta property=\"og:image:type\" content=\"image\/jpeg\" \/>\n<meta name=\"author\" content=\"Reda\u00e7\u00e3o\" \/>\n<meta name=\"twitter:card\" content=\"summary_large_image\" \/>\n<meta name=\"twitter:creator\" content=\"@Notibras\" \/>\n<meta name=\"twitter:site\" content=\"@Notibras\" \/>\n<meta name=\"twitter:label1\" content=\"Escrito por\" \/>\n\t<meta name=\"twitter:data1\" content=\"Reda\u00e7\u00e3o\" \/>\n\t<meta name=\"twitter:label2\" content=\"Est. tempo de leitura\" \/>\n\t<meta name=\"twitter:data2\" content=\"4 minutos\" \/>\n<script type=\"application\/ld+json\" class=\"yoast-schema-graph\">{\"@context\":\"https:\/\/schema.org\",\"@graph\":[{\"@type\":\"Article\",\"@id\":\"https:\/\/www.notibras.com\/site\/sao-paulo-sai-atras-vira-para-2-a-1-e-respira-na-libertadores\/#article\",\"isPartOf\":{\"@id\":\"https:\/\/www.notibras.com\/site\/sao-paulo-sai-atras-vira-para-2-a-1-e-respira-na-libertadores\/\"},\"author\":{\"name\":\"Reda\u00e7\u00e3o\",\"@id\":\"https:\/\/www.notibras.com\/site\/#\/schema\/person\/36ab0979449956132d3e5b517ea76ac8\"},\"headline\":\"S\u00e3o Paulo sai atr\u00e1s, vira para 2 a 1 e respira na Libertadores\",\"datePublished\":\"2015-04-16T04:11:15+00:00\",\"mainEntityOfPage\":{\"@id\":\"https:\/\/www.notibras.com\/site\/sao-paulo-sai-atras-vira-para-2-a-1-e-respira-na-libertadores\/\"},\"wordCount\":809,\"commentCount\":0,\"publisher\":{\"@id\":\"https:\/\/www.notibras.com\/site\/#organization\"},\"image\":{\"@id\":\"https:\/\/www.notibras.com\/site\/sao-paulo-sai-atras-vira-para-2-a-1-e-respira-na-libertadores\/#primaryimage\"},\"thumbnailUrl\":\"https:\/\/www.notibras.com\/site\/wp-content\/uploads\/2015\/04\/centuri.jpg\",\"articleSection\":[\"Esportes\",\"Futebol\"],\"inLanguage\":\"pt-BR\",\"potentialAction\":[{\"@type\":\"CommentAction\",\"name\":\"Comment\",\"target\":[\"https:\/\/www.notibras.com\/site\/sao-paulo-sai-atras-vira-para-2-a-1-e-respira-na-libertadores\/#respond\"]}]},{\"@type\":\"WebPage\",\"@id\":\"https:\/\/www.notibras.com\/site\/sao-paulo-sai-atras-vira-para-2-a-1-e-respira-na-libertadores\/\",\"url\":\"https:\/\/www.notibras.com\/site\/sao-paulo-sai-atras-vira-para-2-a-1-e-respira-na-libertadores\/\",\"name\":\"S\u00e3o Paulo sai atr\u00e1s, vira para 2 a 1 e respira na Libertadores - Notibras\",\"isPartOf\":{\"@id\":\"https:\/\/www.notibras.com\/site\/#website\"},\"primaryImageOfPage\":{\"@id\":\"https:\/\/www.notibras.com\/site\/sao-paulo-sai-atras-vira-para-2-a-1-e-respira-na-libertadores\/#primaryimage\"},\"image\":{\"@id\":\"https:\/\/www.notibras.com\/site\/sao-paulo-sai-atras-vira-para-2-a-1-e-respira-na-libertadores\/#primaryimage\"},\"thumbnailUrl\":\"https:\/\/www.notibras.com\/site\/wp-content\/uploads\/2015\/04\/centuri.jpg\",\"datePublished\":\"2015-04-16T04:11:15+00:00\",\"breadcrumb\":{\"@id\":\"https:\/\/www.notibras.com\/site\/sao-paulo-sai-atras-vira-para-2-a-1-e-respira-na-libertadores\/#breadcrumb\"},\"inLanguage\":\"pt-BR\",\"potentialAction\":[{\"@type\":\"ReadAction\",\"target\":[\"https:\/\/www.notibras.com\/site\/sao-paulo-sai-atras-vira-para-2-a-1-e-respira-na-libertadores\/\"]}]},{\"@type\":\"ImageObject\",\"inLanguage\":\"pt-BR\",\"@id\":\"https:\/\/www.notibras.com\/site\/sao-paulo-sai-atras-vira-para-2-a-1-e-respira-na-libertadores\/#primaryimage\",\"url\":\"https:\/\/www.notibras.com\/site\/wp-content\/uploads\/2015\/04\/centuri.jpg\",\"contentUrl\":\"https:\/\/www.notibras.com\/site\/wp-content\/uploads\/2015\/04\/centuri.jpg\",\"width\":460,\"height\":286},{\"@type\":\"BreadcrumbList\",\"@id\":\"https:\/\/www.notibras.com\/site\/sao-paulo-sai-atras-vira-para-2-a-1-e-respira-na-libertadores\/#breadcrumb\",\"itemListElement\":[{\"@type\":\"ListItem\",\"position\":1,\"name\":\"In\u00edcio\",\"item\":\"https:\/\/www.notibras.com\/site\/\"},{\"@type\":\"ListItem\",\"position\":2,\"name\":\"S\u00e3o Paulo sai atr\u00e1s, vira para 2 a 1 e respira na Libertadores\"}]},{\"@type\":\"WebSite\",\"@id\":\"https:\/\/www.notibras.com\/site\/#website\",\"url\":\"https:\/\/www.notibras.com\/site\/\",\"name\":\"Notibras\",\"description\":\"Not\u00edcias de Bras\u00edlia, do Brasil e do Mundo\",\"publisher\":{\"@id\":\"https:\/\/www.notibras.com\/site\/#organization\"},\"potentialAction\":[{\"@type\":\"SearchAction\",\"target\":{\"@type\":\"EntryPoint\",\"urlTemplate\":\"https:\/\/www.notibras.com\/site\/?s={search_term_string}\"},\"query-input\":{\"@type\":\"PropertyValueSpecification\",\"valueRequired\":true,\"valueName\":\"search_term_string\"}}],\"inLanguage\":\"pt-BR\"},{\"@type\":\"Organization\",\"@id\":\"https:\/\/www.notibras.com\/site\/#organization\",\"name\":\"Grupo Notibras de Comunica\u00e7\u00e3o\",\"url\":\"https:\/\/www.notibras.com\/site\/\",\"logo\":{\"@type\":\"ImageObject\",\"inLanguage\":\"pt-BR\",\"@id\":\"https:\/\/www.notibras.com\/site\/#\/schema\/logo\/image\/\",\"url\":\"https:\/\/www.notibras.com\/site\/wp-content\/uploads\/2023\/01\/notibras23.png\",\"contentUrl\":\"https:\/\/www.notibras.com\/site\/wp-content\/uploads\/2023\/01\/notibras23.png\",\"width\":350,\"height\":87,\"caption\":\"Grupo Notibras de Comunica\u00e7\u00e3o\"},\"image\":{\"@id\":\"https:\/\/www.notibras.com\/site\/#\/schema\/logo\/image\/\"},\"sameAs\":[\"https:\/\/www.facebook.com\/notibras\/\",\"https:\/\/x.com\/Notibras\",\"https:\/\/www.instagram.com\/notibras\/\"]},{\"@type\":\"Person\",\"@id\":\"https:\/\/www.notibras.com\/site\/#\/schema\/person\/36ab0979449956132d3e5b517ea76ac8\",\"name\":\"Reda\u00e7\u00e3o\",\"image\":{\"@type\":\"ImageObject\",\"inLanguage\":\"pt-BR\",\"@id\":\"https:\/\/secure.gravatar.com\/avatar\/e0a867bdedb85fd243eadf09663511f96fc81e0720a4a42581f334ad4303aa6b?s=96&d=mm&r=g\",\"url\":\"https:\/\/secure.gravatar.com\/avatar\/e0a867bdedb85fd243eadf09663511f96fc81e0720a4a42581f334ad4303aa6b?s=96&d=mm&r=g\",\"contentUrl\":\"https:\/\/secure.gravatar.com\/avatar\/e0a867bdedb85fd243eadf09663511f96fc81e0720a4a42581f334ad4303aa6b?s=96&d=mm&r=g\",\"caption\":\"Reda\u00e7\u00e3o\"}}]}<\/script>\n<!-- \/ Yoast SEO plugin. -->","yoast_head_json":{"title":"S\u00e3o Paulo sai atr\u00e1s, vira para 2 a 1 e respira na Libertadores - Notibras","robots":{"index":"index","follow":"follow","max-snippet":"max-snippet:-1","max-image-preview":"max-image-preview:large","max-video-preview":"max-video-preview:-1"},"canonical":"https:\/\/www.notibras.com\/site\/sao-paulo-sai-atras-vira-para-2-a-1-e-respira-na-libertadores\/","og_locale":"pt_BR","og_type":"article","og_title":"S\u00e3o Paulo sai atr\u00e1s, vira para 2 a 1 e respira na Libertadores - Notibras","og_description":"O S\u00e3o Paulo esteve longe de encantar diante do Danubio, saco de pancadas do grupo 2 da Ta\u00e7a Libertadores, mas arrancou uma vit\u00f3ria por 2 a 1 em Montevid\u00e9u nesta quarta-feira e continua dependendo apenas das pr\u00f3prias for\u00e7as para avan\u00e7ar no torneio continental. Todos os gols da partida disputada no est\u00e1dio Luis Franzini sa\u00edram no [&hellip;]","og_url":"https:\/\/www.notibras.com\/site\/sao-paulo-sai-atras-vira-para-2-a-1-e-respira-na-libertadores\/","og_site_name":"Notibras","article_publisher":"https:\/\/www.facebook.com\/notibras\/","article_published_time":"2015-04-16T04:11:15+00:00","og_image":[{"width":460,"height":286,"url":"https:\/\/www.notibras.com\/site\/wp-content\/uploads\/2015\/04\/centuri.jpg","type":"image\/jpeg"}],"author":"Reda\u00e7\u00e3o","twitter_card":"summary_large_image","twitter_creator":"@Notibras","twitter_site":"@Notibras","twitter_misc":{"Escrito por":"Reda\u00e7\u00e3o","Est. tempo de leitura":"4 minutos"},"schema":{"@context":"https:\/\/schema.org","@graph":[{"@type":"Article","@id":"https:\/\/www.notibras.com\/site\/sao-paulo-sai-atras-vira-para-2-a-1-e-respira-na-libertadores\/#article","isPartOf":{"@id":"https:\/\/www.notibras.com\/site\/sao-paulo-sai-atras-vira-para-2-a-1-e-respira-na-libertadores\/"},"author":{"name":"Reda\u00e7\u00e3o","@id":"https:\/\/www.notibras.com\/site\/#\/schema\/person\/36ab0979449956132d3e5b517ea76ac8"},"headline":"S\u00e3o Paulo sai atr\u00e1s, vira para 2 a 1 e respira na Libertadores","datePublished":"2015-04-16T04:11:15+00:00","mainEntityOfPage":{"@id":"https:\/\/www.notibras.com\/site\/sao-paulo-sai-atras-vira-para-2-a-1-e-respira-na-libertadores\/"},"wordCount":809,"commentCount":0,"publisher":{"@id":"https:\/\/www.notibras.com\/site\/#organization"},"image":{"@id":"https:\/\/www.notibras.com\/site\/sao-paulo-sai-atras-vira-para-2-a-1-e-respira-na-libertadores\/#primaryimage"},"thumbnailUrl":"https:\/\/www.notibras.com\/site\/wp-content\/uploads\/2015\/04\/centuri.jpg","articleSection":["Esportes","Futebol"],"inLanguage":"pt-BR","potentialAction":[{"@type":"CommentAction","name":"Comment","target":["https:\/\/www.notibras.com\/site\/sao-paulo-sai-atras-vira-para-2-a-1-e-respira-na-libertadores\/#respond"]}]},{"@type":"WebPage","@id":"https:\/\/www.notibras.com\/site\/sao-paulo-sai-atras-vira-para-2-a-1-e-respira-na-libertadores\/","url":"https:\/\/www.notibras.com\/site\/sao-paulo-sai-atras-vira-para-2-a-1-e-respira-na-libertadores\/","name":"S\u00e3o Paulo sai atr\u00e1s, vira para 2 a 1 e respira na Libertadores - Notibras","isPartOf":{"@id":"https:\/\/www.notibras.com\/site\/#website"},"primaryImageOfPage":{"@id":"https:\/\/www.notibras.com\/site\/sao-paulo-sai-atras-vira-para-2-a-1-e-respira-na-libertadores\/#primaryimage"},"image":{"@id":"https:\/\/www.notibras.com\/site\/sao-paulo-sai-atras-vira-para-2-a-1-e-respira-na-libertadores\/#primaryimage"},"thumbnailUrl":"https:\/\/www.notibras.com\/site\/wp-content\/uploads\/2015\/04\/centuri.jpg","datePublished":"2015-04-16T04:11:15+00:00","breadcrumb":{"@id":"https:\/\/www.notibras.com\/site\/sao-paulo-sai-atras-vira-para-2-a-1-e-respira-na-libertadores\/#breadcrumb"},"inLanguage":"pt-BR","potentialAction":[{"@type":"ReadAction","target":["https:\/\/www.notibras.com\/site\/sao-paulo-sai-atras-vira-para-2-a-1-e-respira-na-libertadores\/"]}]},{"@type":"ImageObject","inLanguage":"pt-BR","@id":"https:\/\/www.notibras.com\/site\/sao-paulo-sai-atras-vira-para-2-a-1-e-respira-na-libertadores\/#primaryimage","url":"https:\/\/www.notibras.com\/site\/wp-content\/uploads\/2015\/04\/centuri.jpg","contentUrl":"https:\/\/www.notibras.com\/site\/wp-content\/uploads\/2015\/04\/centuri.jpg","width":460,"height":286},{"@type":"BreadcrumbList","@id":"https:\/\/www.notibras.com\/site\/sao-paulo-sai-atras-vira-para-2-a-1-e-respira-na-libertadores\/#breadcrumb","itemListElement":[{"@type":"ListItem","position":1,"name":"In\u00edcio","item":"https:\/\/www.notibras.com\/site\/"},{"@type":"ListItem","position":2,"name":"S\u00e3o Paulo sai atr\u00e1s, vira para 2 a 1 e respira na Libertadores"}]},{"@type":"WebSite","@id":"https:\/\/www.notibras.com\/site\/#website","url":"https:\/\/www.notibras.com\/site\/","name":"Notibras","description":"Not\u00edcias de Bras\u00edlia, do Brasil e do Mundo","publisher":{"@id":"https:\/\/www.notibras.com\/site\/#organization"},"potentialAction":[{"@type":"SearchAction","target":{"@type":"EntryPoint","urlTemplate":"https:\/\/www.notibras.com\/site\/?s={search_term_string}"},"query-input":{"@type":"PropertyValueSpecification","valueRequired":true,"valueName":"search_term_string"}}],"inLanguage":"pt-BR"},{"@type":"Organization","@id":"https:\/\/www.notibras.com\/site\/#organization","name":"Grupo Notibras de Comunica\u00e7\u00e3o","url":"https:\/\/www.notibras.com\/site\/","logo":{"@type":"ImageObject","inLanguage":"pt-BR","@id":"https:\/\/www.notibras.com\/site\/#\/schema\/logo\/image\/","url":"https:\/\/www.notibras.com\/site\/wp-content\/uploads\/2023\/01\/notibras23.png","contentUrl":"https:\/\/www.notibras.com\/site\/wp-content\/uploads\/2023\/01\/notibras23.png","width":350,"height":87,"caption":"Grupo Notibras de Comunica\u00e7\u00e3o"},"image":{"@id":"https:\/\/www.notibras.com\/site\/#\/schema\/logo\/image\/"},"sameAs":["https:\/\/www.facebook.com\/notibras\/","https:\/\/x.com\/Notibras","https:\/\/www.instagram.com\/notibras\/"]},{"@type":"Person","@id":"https:\/\/www.notibras.com\/site\/#\/schema\/person\/36ab0979449956132d3e5b517ea76ac8","name":"Reda\u00e7\u00e3o","image":{"@type":"ImageObject","inLanguage":"pt-BR","@id":"https:\/\/secure.gravatar.com\/avatar\/e0a867bdedb85fd243eadf09663511f96fc81e0720a4a42581f334ad4303aa6b?s=96&d=mm&r=g","url":"https:\/\/secure.gravatar.com\/avatar\/e0a867bdedb85fd243eadf09663511f96fc81e0720a4a42581f334ad4303aa6b?s=96&d=mm&r=g","contentUrl":"https:\/\/secure.gravatar.com\/avatar\/e0a867bdedb85fd243eadf09663511f96fc81e0720a4a42581f334ad4303aa6b?s=96&d=mm&r=g","caption":"Reda\u00e7\u00e3o"}}]}},"amp_enabled":true,"_links":{"self":[{"href":"https:\/\/www.notibras.com\/site\/wp-json\/wp\/v2\/posts\/44248","targetHints":{"allow":["GET"]}}],"collection":[{"href":"https:\/\/www.notibras.com\/site\/wp-json\/wp\/v2\/posts"}],"about":[{"href":"https:\/\/www.notibras.com\/site\/wp-json\/wp\/v2\/types\/post"}],"author":[{"embeddable":true,"href":"https:\/\/www.notibras.com\/site\/wp-json\/wp\/v2\/users\/2"}],"replies":[{"embeddable":true,"href":"https:\/\/www.notibras.com\/site\/wp-json\/wp\/v2\/comments?post=44248"}],"version-history":[{"count":0,"href":"https:\/\/www.notibras.com\/site\/wp-json\/wp\/v2\/posts\/44248\/revisions"}],"wp:featuredmedia":[{"embeddable":true,"href":"https:\/\/www.notibras.com\/site\/wp-json\/wp\/v2\/media\/44249"}],"wp:attachment":[{"href":"https:\/\/www.notibras.com\/site\/wp-json\/wp\/v2\/media?parent=44248"}],"wp:term":[{"taxonomy":"category","embeddable":true,"href":"https:\/\/www.notibras.com\/site\/wp-json\/wp\/v2\/categories?post=44248"},{"taxonomy":"post_tag","embeddable":true,"href":"https:\/\/www.notibras.com\/site\/wp-json\/wp\/v2\/tags?post=44248"}],"curies":[{"name":"wp","href":"https:\/\/api.w.org\/{rel}","templated":true}]}}