{"id":44251,"date":"2015-04-16T01:16:17","date_gmt":"2015-04-16T04:16:17","guid":{"rendered":"http:\/\/www.notibras.com\/site\/?p=44251"},"modified":"2015-04-16T01:16:17","modified_gmt":"2015-04-16T04:16:17","slug":"derrota-no-mexico-complica-situacao-do-atletico-mineiro","status":"publish","type":"post","link":"https:\/\/www.notibras.com\/site\/derrota-no-mexico-complica-situacao-do-atletico-mineiro\/","title":{"rendered":"Derrota no M\u00e9xico complica situa\u00e7\u00e3o do Atl\u00e9tico Mineiro"},"content":{"rendered":"<p>O Atl\u00e9tico Mineiro comprometeu suas chances de classifica\u00e7\u00e3o para as oitavas de final da Copa Libertadores ao perder por 1 a 0 no campo do Atlas, nesta quarta-feira, em Guadalajara, e precisa vencer o Colo Colo com dois gols de diferen\u00e7a na \u00faltima rodada para garantir a vaga.<\/p>\n<p>&#8216;S\u00e3o Victor&#8217; fez defesas milagrosas, mas o Atlas garantiu a vit\u00f3ria com um gol de Arturo Gonz\u00e1lez aos 38 minutos do primeiro tempo, repetindo o placar do primeiro jogo entre as duas equipes, tamb\u00e9m vencido pelo time mexicano, no Horto.<\/p>\n<p>No outro jogo da chave, o Santa Fe surpreendeu ao derrotar o Colo Colo por 3 a 0 em Santiago, um p\u00e9ssimo resultado para o Galo, j\u00e1 que desta forma o time chileno viajar\u00e1 a Belo Horizonte precisando pelo menos de um empate para conquistar a vaga, enquanto j\u00e1 estaria classificado em caso de vit\u00f3ria.<\/p>\n<p>Com os resultados da rodada, o Santa Fe lidera o grupo 1 com os mesmos nove pontos do Colo Colo, tr\u00eas de vantagem sobre Atl\u00e9tico e Atlas.<\/p>\n<p>O clube mexicano tamb\u00e9m continua vivo na competi\u00e7\u00e3o, mas precisa vencer os colombianos de goleada no dia 22 de abril, em Bogot\u00e1.<\/p>\n<p>No mesmo dia, a massa atleticana tentar\u00e1 empurrar o time na decis\u00e3o contra os chilenos, no Independ\u00eancia. A equipe mineira precisou sair de situa\u00e7\u00f5es complicadas quando foi campe\u00e3o da Libertadores em 2013, mas ter\u00e1 que jogar muito melhor do que nesta quarta-feira para se manter vivo nesta edi\u00e7\u00e3o.<\/p>\n<p>O campe\u00e3o da Copa do Brasil foi totalmente envolvido pelo modesto time mexicano, e s\u00f3 criou duas chances claras nos minutos finais, ambas desperdi\u00e7adas por Carlos.<\/p>\n<p>O t\u00e9cnico Levir Culpi n\u00e3o p\u00f4de contar com dois jogadores importantes do setor defensivo, o zagueiro Leonardo Silva e o lateral Marcos Rocha, que se machucaram no cl\u00e1ssico de domingo contra o Cruzeiro, no primeiro jogo da semifinal do estadual, e foram substitu\u00eddos por Edcarlos e Patric.<\/p>\n<p>Precisando da vit\u00f3ria para se manter vivo na competi\u00e7\u00e3o, o time mexicano partiu para cima e deu um grande susto no Galo logo aos oito minutos de jogo, quando Venegas cabeceou com perigo e s\u00f3 n\u00e3o abriu o placar porque Victor fez uma grande defesa.<\/p>\n<blockquote><p>O Atlas voltou a amea\u00e7ar dois minutos depois, com um cruzamento rasteiro de Medina que passou por todo mundo, expondo as falhas na marca\u00e7\u00e3o do Galo, que deixava muito espa\u00e7o nas laterais do campo.<\/p><\/blockquote>\n<p>Na aus\u00eancia de Marcos Rocha, que fez muita falta na direita, a primeira jogada de perigo do time mineiro veio da esquerda com Douglas Costa, que cruzou para a cabe\u00e7a de Lucas Pratto, e Carlos quase marcou na sobra.<\/p>\n<p>Fora essa jogada isolada, o dom\u00ednio era todo mexicano e &#8216;S\u00e3o Victor&#8217; precisou salvar o Galo com duas defesas espetaculares em tr\u00eas minutos, aos 22 e aos 25, frustrando duas tentativas de Barrag\u00e1n, a primeira com um chute \u00e0 queima-roupa e a segunda com uma cabe\u00e7ada que o goleiro tirou com a ponta dos dedos.<\/p>\n<p>Aos 38, por\u00e9m, n\u00e3o houve milagre. Castillo fez grande jogada pela direita e rolou para Arturo Gonz\u00e1lez, que invadiu a \u00e1rea e chutou no canto esquerdo do goleiro atleticano.<\/p>\n<p>O segundo tempo terminou como come\u00e7ou o primeiro, com o Atlas dominando e fazendo Victor trabalhar. Aos 11, o goleiro saiu muito bem para fechar o gol na frente de Gonz\u00e1lez.<\/p>\n<p>Sem inspira\u00e7\u00e3o, o Galo s\u00f3 amea\u00e7ou na bola parada, aos 13, quando Edcarlos cabeceou com perigo em cobran\u00e7a de escanteio de Luan.<\/p>\n<p>Levir Culpi tentou dar mais criatividade \u00e0 equipe aos 16, colocando C\u00e1rdenas e Guilherme no lugar de Pratto e Leandro Donizete, que levou seu terceiro amarelo na competi\u00e7\u00e3o e est\u00e1 fora do jogo decisivo contra o Colo Colo.<\/p>\n<p>O Galo at\u00e9 melhorou um pouco, mas levou mais um susto aos 32, quando Daniel Alvarez acertou a trave ao pegar a sobra de um chute de Keno.<\/p>\n<p>Aos 36, Luan deu \u00f3tima enfiada de bola para Carlos, que isolou na arquibancada. O jovem atacante de 19 anos desperdi\u00e7ou mais uma aos 40, ao chutar por cima do goleiro, depois de receber um cruzamento rasteiro de Guilherme, para al\u00edvio da torcida mexicana e o desespero dos atleticanos.<\/p>\n","protected":false},"excerpt":{"rendered":"<p>O Atl\u00e9tico Mineiro comprometeu suas chances de classifica\u00e7\u00e3o para as oitavas de final da Copa Libertadores ao perder por 1 a 0 no campo do Atlas, nesta quarta-feira, em Guadalajara, e precisa vencer o Colo Colo com dois gols de diferen\u00e7a na \u00faltima rodada para garantir a vaga. &#8216;S\u00e3o Victor&#8217; fez defesas milagrosas, mas o [&hellip;]<\/p>\n","protected":false},"author":2,"featured_media":44252,"comment_status":"open","ping_status":"closed","sticky":false,"template":"","format":"standard","meta":{"_acf_changed":false,"footnotes":""},"categories":[19,29],"tags":[],"class_list":["post-44251","post","type-post","status-publish","format-standard","has-post-thumbnail","hentry","category-esportes","category-futebol"],"acf":[],"yoast_head":"<!-- This site is optimized with the Yoast SEO plugin v27.2 - https:\/\/yoast.com\/product\/yoast-seo-wordpress\/ -->\n<title>Derrota no M\u00e9xico complica situa\u00e7\u00e3o do Atl\u00e9tico Mineiro - Notibras<\/title>\n<meta name=\"robots\" content=\"index, follow, max-snippet:-1, max-image-preview:large, max-video-preview:-1\" \/>\n<link rel=\"canonical\" href=\"https:\/\/www.notibras.com\/site\/derrota-no-mexico-complica-situacao-do-atletico-mineiro\/\" \/>\n<meta property=\"og:locale\" content=\"pt_BR\" \/>\n<meta property=\"og:type\" content=\"article\" \/>\n<meta property=\"og:title\" content=\"Derrota no M\u00e9xico complica situa\u00e7\u00e3o do Atl\u00e9tico Mineiro - Notibras\" \/>\n<meta property=\"og:description\" content=\"O Atl\u00e9tico Mineiro comprometeu suas chances de classifica\u00e7\u00e3o para as oitavas de final da Copa Libertadores ao perder por 1 a 0 no campo do Atlas, nesta quarta-feira, em Guadalajara, e precisa vencer o Colo Colo com dois gols de diferen\u00e7a na \u00faltima rodada para garantir a vaga. &#8216;S\u00e3o Victor&#8217; fez defesas milagrosas, mas o [&hellip;]\" \/>\n<meta property=\"og:url\" content=\"https:\/\/www.notibras.com\/site\/derrota-no-mexico-complica-situacao-do-atletico-mineiro\/\" \/>\n<meta property=\"og:site_name\" content=\"Notibras\" \/>\n<meta property=\"article:publisher\" content=\"https:\/\/www.facebook.com\/notibras\/\" \/>\n<meta property=\"article:published_time\" content=\"2015-04-16T04:16:17+00:00\" \/>\n<meta property=\"og:image\" content=\"https:\/\/www.notibras.com\/site\/wp-content\/uploads\/2015\/04\/galo16.jpg\" \/>\n\t<meta property=\"og:image:width\" content=\"460\" \/>\n\t<meta property=\"og:image:height\" content=\"333\" \/>\n\t<meta property=\"og:image:type\" content=\"image\/jpeg\" \/>\n<meta name=\"author\" content=\"Reda\u00e7\u00e3o\" \/>\n<meta name=\"twitter:card\" content=\"summary_large_image\" \/>\n<meta name=\"twitter:creator\" content=\"@Notibras\" \/>\n<meta name=\"twitter:site\" content=\"@Notibras\" \/>\n<meta name=\"twitter:label1\" content=\"Escrito por\" \/>\n\t<meta name=\"twitter:data1\" content=\"Reda\u00e7\u00e3o\" \/>\n\t<meta name=\"twitter:label2\" content=\"Est. tempo de leitura\" \/>\n\t<meta name=\"twitter:data2\" content=\"4 minutos\" \/>\n<script type=\"application\/ld+json\" class=\"yoast-schema-graph\">{\"@context\":\"https:\/\/schema.org\",\"@graph\":[{\"@type\":\"Article\",\"@id\":\"https:\/\/www.notibras.com\/site\/derrota-no-mexico-complica-situacao-do-atletico-mineiro\/#article\",\"isPartOf\":{\"@id\":\"https:\/\/www.notibras.com\/site\/derrota-no-mexico-complica-situacao-do-atletico-mineiro\/\"},\"author\":{\"name\":\"Reda\u00e7\u00e3o\",\"@id\":\"https:\/\/www.notibras.com\/site\/#\/schema\/person\/36ab0979449956132d3e5b517ea76ac8\"},\"headline\":\"Derrota no M\u00e9xico complica situa\u00e7\u00e3o do Atl\u00e9tico Mineiro\",\"datePublished\":\"2015-04-16T04:16:17+00:00\",\"mainEntityOfPage\":{\"@id\":\"https:\/\/www.notibras.com\/site\/derrota-no-mexico-complica-situacao-do-atletico-mineiro\/\"},\"wordCount\":724,\"commentCount\":0,\"publisher\":{\"@id\":\"https:\/\/www.notibras.com\/site\/#organization\"},\"image\":{\"@id\":\"https:\/\/www.notibras.com\/site\/derrota-no-mexico-complica-situacao-do-atletico-mineiro\/#primaryimage\"},\"thumbnailUrl\":\"https:\/\/www.notibras.com\/site\/wp-content\/uploads\/2015\/04\/galo16.jpg\",\"articleSection\":[\"Esportes\",\"Futebol\"],\"inLanguage\":\"pt-BR\",\"potentialAction\":[{\"@type\":\"CommentAction\",\"name\":\"Comment\",\"target\":[\"https:\/\/www.notibras.com\/site\/derrota-no-mexico-complica-situacao-do-atletico-mineiro\/#respond\"]}]},{\"@type\":\"WebPage\",\"@id\":\"https:\/\/www.notibras.com\/site\/derrota-no-mexico-complica-situacao-do-atletico-mineiro\/\",\"url\":\"https:\/\/www.notibras.com\/site\/derrota-no-mexico-complica-situacao-do-atletico-mineiro\/\",\"name\":\"Derrota no M\u00e9xico complica situa\u00e7\u00e3o do Atl\u00e9tico Mineiro - Notibras\",\"isPartOf\":{\"@id\":\"https:\/\/www.notibras.com\/site\/#website\"},\"primaryImageOfPage\":{\"@id\":\"https:\/\/www.notibras.com\/site\/derrota-no-mexico-complica-situacao-do-atletico-mineiro\/#primaryimage\"},\"image\":{\"@id\":\"https:\/\/www.notibras.com\/site\/derrota-no-mexico-complica-situacao-do-atletico-mineiro\/#primaryimage\"},\"thumbnailUrl\":\"https:\/\/www.notibras.com\/site\/wp-content\/uploads\/2015\/04\/galo16.jpg\",\"datePublished\":\"2015-04-16T04:16:17+00:00\",\"breadcrumb\":{\"@id\":\"https:\/\/www.notibras.com\/site\/derrota-no-mexico-complica-situacao-do-atletico-mineiro\/#breadcrumb\"},\"inLanguage\":\"pt-BR\",\"potentialAction\":[{\"@type\":\"ReadAction\",\"target\":[\"https:\/\/www.notibras.com\/site\/derrota-no-mexico-complica-situacao-do-atletico-mineiro\/\"]}]},{\"@type\":\"ImageObject\",\"inLanguage\":\"pt-BR\",\"@id\":\"https:\/\/www.notibras.com\/site\/derrota-no-mexico-complica-situacao-do-atletico-mineiro\/#primaryimage\",\"url\":\"https:\/\/www.notibras.com\/site\/wp-content\/uploads\/2015\/04\/galo16.jpg\",\"contentUrl\":\"https:\/\/www.notibras.com\/site\/wp-content\/uploads\/2015\/04\/galo16.jpg\",\"width\":460,\"height\":333},{\"@type\":\"BreadcrumbList\",\"@id\":\"https:\/\/www.notibras.com\/site\/derrota-no-mexico-complica-situacao-do-atletico-mineiro\/#breadcrumb\",\"itemListElement\":[{\"@type\":\"ListItem\",\"position\":1,\"name\":\"In\u00edcio\",\"item\":\"https:\/\/www.notibras.com\/site\/\"},{\"@type\":\"ListItem\",\"position\":2,\"name\":\"Derrota no M\u00e9xico complica situa\u00e7\u00e3o do Atl\u00e9tico Mineiro\"}]},{\"@type\":\"WebSite\",\"@id\":\"https:\/\/www.notibras.com\/site\/#website\",\"url\":\"https:\/\/www.notibras.com\/site\/\",\"name\":\"Notibras\",\"description\":\"Not\u00edcias de Bras\u00edlia, do Brasil e do Mundo\",\"publisher\":{\"@id\":\"https:\/\/www.notibras.com\/site\/#organization\"},\"potentialAction\":[{\"@type\":\"SearchAction\",\"target\":{\"@type\":\"EntryPoint\",\"urlTemplate\":\"https:\/\/www.notibras.com\/site\/?s={search_term_string}\"},\"query-input\":{\"@type\":\"PropertyValueSpecification\",\"valueRequired\":true,\"valueName\":\"search_term_string\"}}],\"inLanguage\":\"pt-BR\"},{\"@type\":\"Organization\",\"@id\":\"https:\/\/www.notibras.com\/site\/#organization\",\"name\":\"Grupo Notibras de Comunica\u00e7\u00e3o\",\"url\":\"https:\/\/www.notibras.com\/site\/\",\"logo\":{\"@type\":\"ImageObject\",\"inLanguage\":\"pt-BR\",\"@id\":\"https:\/\/www.notibras.com\/site\/#\/schema\/logo\/image\/\",\"url\":\"https:\/\/www.notibras.com\/site\/wp-content\/uploads\/2023\/01\/notibras23.png\",\"contentUrl\":\"https:\/\/www.notibras.com\/site\/wp-content\/uploads\/2023\/01\/notibras23.png\",\"width\":350,\"height\":87,\"caption\":\"Grupo Notibras de Comunica\u00e7\u00e3o\"},\"image\":{\"@id\":\"https:\/\/www.notibras.com\/site\/#\/schema\/logo\/image\/\"},\"sameAs\":[\"https:\/\/www.facebook.com\/notibras\/\",\"https:\/\/x.com\/Notibras\",\"https:\/\/www.instagram.com\/notibras\/\"]},{\"@type\":\"Person\",\"@id\":\"https:\/\/www.notibras.com\/site\/#\/schema\/person\/36ab0979449956132d3e5b517ea76ac8\",\"name\":\"Reda\u00e7\u00e3o\",\"image\":{\"@type\":\"ImageObject\",\"inLanguage\":\"pt-BR\",\"@id\":\"https:\/\/secure.gravatar.com\/avatar\/e0a867bdedb85fd243eadf09663511f96fc81e0720a4a42581f334ad4303aa6b?s=96&d=mm&r=g\",\"url\":\"https:\/\/secure.gravatar.com\/avatar\/e0a867bdedb85fd243eadf09663511f96fc81e0720a4a42581f334ad4303aa6b?s=96&d=mm&r=g\",\"contentUrl\":\"https:\/\/secure.gravatar.com\/avatar\/e0a867bdedb85fd243eadf09663511f96fc81e0720a4a42581f334ad4303aa6b?s=96&d=mm&r=g\",\"caption\":\"Reda\u00e7\u00e3o\"}}]}<\/script>\n<!-- \/ Yoast SEO plugin. -->","yoast_head_json":{"title":"Derrota no M\u00e9xico complica situa\u00e7\u00e3o do Atl\u00e9tico Mineiro - Notibras","robots":{"index":"index","follow":"follow","max-snippet":"max-snippet:-1","max-image-preview":"max-image-preview:large","max-video-preview":"max-video-preview:-1"},"canonical":"https:\/\/www.notibras.com\/site\/derrota-no-mexico-complica-situacao-do-atletico-mineiro\/","og_locale":"pt_BR","og_type":"article","og_title":"Derrota no M\u00e9xico complica situa\u00e7\u00e3o do Atl\u00e9tico Mineiro - Notibras","og_description":"O Atl\u00e9tico Mineiro comprometeu suas chances de classifica\u00e7\u00e3o para as oitavas de final da Copa Libertadores ao perder por 1 a 0 no campo do Atlas, nesta quarta-feira, em Guadalajara, e precisa vencer o Colo Colo com dois gols de diferen\u00e7a na \u00faltima rodada para garantir a vaga. &#8216;S\u00e3o Victor&#8217; fez defesas milagrosas, mas o [&hellip;]","og_url":"https:\/\/www.notibras.com\/site\/derrota-no-mexico-complica-situacao-do-atletico-mineiro\/","og_site_name":"Notibras","article_publisher":"https:\/\/www.facebook.com\/notibras\/","article_published_time":"2015-04-16T04:16:17+00:00","og_image":[{"width":460,"height":333,"url":"https:\/\/www.notibras.com\/site\/wp-content\/uploads\/2015\/04\/galo16.jpg","type":"image\/jpeg"}],"author":"Reda\u00e7\u00e3o","twitter_card":"summary_large_image","twitter_creator":"@Notibras","twitter_site":"@Notibras","twitter_misc":{"Escrito por":"Reda\u00e7\u00e3o","Est. tempo de leitura":"4 minutos"},"schema":{"@context":"https:\/\/schema.org","@graph":[{"@type":"Article","@id":"https:\/\/www.notibras.com\/site\/derrota-no-mexico-complica-situacao-do-atletico-mineiro\/#article","isPartOf":{"@id":"https:\/\/www.notibras.com\/site\/derrota-no-mexico-complica-situacao-do-atletico-mineiro\/"},"author":{"name":"Reda\u00e7\u00e3o","@id":"https:\/\/www.notibras.com\/site\/#\/schema\/person\/36ab0979449956132d3e5b517ea76ac8"},"headline":"Derrota no M\u00e9xico complica situa\u00e7\u00e3o do Atl\u00e9tico Mineiro","datePublished":"2015-04-16T04:16:17+00:00","mainEntityOfPage":{"@id":"https:\/\/www.notibras.com\/site\/derrota-no-mexico-complica-situacao-do-atletico-mineiro\/"},"wordCount":724,"commentCount":0,"publisher":{"@id":"https:\/\/www.notibras.com\/site\/#organization"},"image":{"@id":"https:\/\/www.notibras.com\/site\/derrota-no-mexico-complica-situacao-do-atletico-mineiro\/#primaryimage"},"thumbnailUrl":"https:\/\/www.notibras.com\/site\/wp-content\/uploads\/2015\/04\/galo16.jpg","articleSection":["Esportes","Futebol"],"inLanguage":"pt-BR","potentialAction":[{"@type":"CommentAction","name":"Comment","target":["https:\/\/www.notibras.com\/site\/derrota-no-mexico-complica-situacao-do-atletico-mineiro\/#respond"]}]},{"@type":"WebPage","@id":"https:\/\/www.notibras.com\/site\/derrota-no-mexico-complica-situacao-do-atletico-mineiro\/","url":"https:\/\/www.notibras.com\/site\/derrota-no-mexico-complica-situacao-do-atletico-mineiro\/","name":"Derrota no M\u00e9xico complica situa\u00e7\u00e3o do Atl\u00e9tico Mineiro - Notibras","isPartOf":{"@id":"https:\/\/www.notibras.com\/site\/#website"},"primaryImageOfPage":{"@id":"https:\/\/www.notibras.com\/site\/derrota-no-mexico-complica-situacao-do-atletico-mineiro\/#primaryimage"},"image":{"@id":"https:\/\/www.notibras.com\/site\/derrota-no-mexico-complica-situacao-do-atletico-mineiro\/#primaryimage"},"thumbnailUrl":"https:\/\/www.notibras.com\/site\/wp-content\/uploads\/2015\/04\/galo16.jpg","datePublished":"2015-04-16T04:16:17+00:00","breadcrumb":{"@id":"https:\/\/www.notibras.com\/site\/derrota-no-mexico-complica-situacao-do-atletico-mineiro\/#breadcrumb"},"inLanguage":"pt-BR","potentialAction":[{"@type":"ReadAction","target":["https:\/\/www.notibras.com\/site\/derrota-no-mexico-complica-situacao-do-atletico-mineiro\/"]}]},{"@type":"ImageObject","inLanguage":"pt-BR","@id":"https:\/\/www.notibras.com\/site\/derrota-no-mexico-complica-situacao-do-atletico-mineiro\/#primaryimage","url":"https:\/\/www.notibras.com\/site\/wp-content\/uploads\/2015\/04\/galo16.jpg","contentUrl":"https:\/\/www.notibras.com\/site\/wp-content\/uploads\/2015\/04\/galo16.jpg","width":460,"height":333},{"@type":"BreadcrumbList","@id":"https:\/\/www.notibras.com\/site\/derrota-no-mexico-complica-situacao-do-atletico-mineiro\/#breadcrumb","itemListElement":[{"@type":"ListItem","position":1,"name":"In\u00edcio","item":"https:\/\/www.notibras.com\/site\/"},{"@type":"ListItem","position":2,"name":"Derrota no M\u00e9xico complica situa\u00e7\u00e3o do Atl\u00e9tico Mineiro"}]},{"@type":"WebSite","@id":"https:\/\/www.notibras.com\/site\/#website","url":"https:\/\/www.notibras.com\/site\/","name":"Notibras","description":"Not\u00edcias de Bras\u00edlia, do Brasil e do Mundo","publisher":{"@id":"https:\/\/www.notibras.com\/site\/#organization"},"potentialAction":[{"@type":"SearchAction","target":{"@type":"EntryPoint","urlTemplate":"https:\/\/www.notibras.com\/site\/?s={search_term_string}"},"query-input":{"@type":"PropertyValueSpecification","valueRequired":true,"valueName":"search_term_string"}}],"inLanguage":"pt-BR"},{"@type":"Organization","@id":"https:\/\/www.notibras.com\/site\/#organization","name":"Grupo Notibras de Comunica\u00e7\u00e3o","url":"https:\/\/www.notibras.com\/site\/","logo":{"@type":"ImageObject","inLanguage":"pt-BR","@id":"https:\/\/www.notibras.com\/site\/#\/schema\/logo\/image\/","url":"https:\/\/www.notibras.com\/site\/wp-content\/uploads\/2023\/01\/notibras23.png","contentUrl":"https:\/\/www.notibras.com\/site\/wp-content\/uploads\/2023\/01\/notibras23.png","width":350,"height":87,"caption":"Grupo Notibras de Comunica\u00e7\u00e3o"},"image":{"@id":"https:\/\/www.notibras.com\/site\/#\/schema\/logo\/image\/"},"sameAs":["https:\/\/www.facebook.com\/notibras\/","https:\/\/x.com\/Notibras","https:\/\/www.instagram.com\/notibras\/"]},{"@type":"Person","@id":"https:\/\/www.notibras.com\/site\/#\/schema\/person\/36ab0979449956132d3e5b517ea76ac8","name":"Reda\u00e7\u00e3o","image":{"@type":"ImageObject","inLanguage":"pt-BR","@id":"https:\/\/secure.gravatar.com\/avatar\/e0a867bdedb85fd243eadf09663511f96fc81e0720a4a42581f334ad4303aa6b?s=96&d=mm&r=g","url":"https:\/\/secure.gravatar.com\/avatar\/e0a867bdedb85fd243eadf09663511f96fc81e0720a4a42581f334ad4303aa6b?s=96&d=mm&r=g","contentUrl":"https:\/\/secure.gravatar.com\/avatar\/e0a867bdedb85fd243eadf09663511f96fc81e0720a4a42581f334ad4303aa6b?s=96&d=mm&r=g","caption":"Reda\u00e7\u00e3o"}}]}},"amp_enabled":true,"_links":{"self":[{"href":"https:\/\/www.notibras.com\/site\/wp-json\/wp\/v2\/posts\/44251","targetHints":{"allow":["GET"]}}],"collection":[{"href":"https:\/\/www.notibras.com\/site\/wp-json\/wp\/v2\/posts"}],"about":[{"href":"https:\/\/www.notibras.com\/site\/wp-json\/wp\/v2\/types\/post"}],"author":[{"embeddable":true,"href":"https:\/\/www.notibras.com\/site\/wp-json\/wp\/v2\/users\/2"}],"replies":[{"embeddable":true,"href":"https:\/\/www.notibras.com\/site\/wp-json\/wp\/v2\/comments?post=44251"}],"version-history":[{"count":0,"href":"https:\/\/www.notibras.com\/site\/wp-json\/wp\/v2\/posts\/44251\/revisions"}],"wp:featuredmedia":[{"embeddable":true,"href":"https:\/\/www.notibras.com\/site\/wp-json\/wp\/v2\/media\/44252"}],"wp:attachment":[{"href":"https:\/\/www.notibras.com\/site\/wp-json\/wp\/v2\/media?parent=44251"}],"wp:term":[{"taxonomy":"category","embeddable":true,"href":"https:\/\/www.notibras.com\/site\/wp-json\/wp\/v2\/categories?post=44251"},{"taxonomy":"post_tag","embeddable":true,"href":"https:\/\/www.notibras.com\/site\/wp-json\/wp\/v2\/tags?post=44251"}],"curies":[{"name":"wp","href":"https:\/\/api.w.org\/{rel}","templated":true}]}}