{"id":44263,"date":"2015-04-16T07:35:13","date_gmt":"2015-04-16T10:35:13","guid":{"rendered":"http:\/\/www.notibras.com\/site\/?p=44263"},"modified":"2015-04-16T13:18:57","modified_gmt":"2015-04-16T16:18:57","slug":"grupos-petistas-rechacam-foradilma-e-prometem-cobrir-as-ruas-de-vermelho","status":"publish","type":"post","link":"https:\/\/www.notibras.com\/site\/grupos-petistas-rechacam-foradilma-e-prometem-cobrir-as-ruas-de-vermelho\/","title":{"rendered":"Grupos petistas recha\u00e7am #foradilma e prometem cobrir as ruas do pa\u00eds de vermelho"},"content":{"rendered":"<p>A guerra de palavras dos movimentos sociais promete esquentar. Se, de um lado, as manifesta\u00e7\u00f5es do #foradilma insistem em vestir o verde e o amarelo, os grupos ligados ao PT &#8211; partido da presidente da Rep\u00fablica &#8211; prometem cobrir as ruas de vermelho. E essa batalha foi sentida na quarta-feira 15 em S\u00e3o Paulo, no ato \u201cContra a Direita, por Mais Direitos\u201d, promovido por centrais sindicais.<\/p>\n<p>Os focos principal foram o presidente da C\u00e2mara dos Deputados, Eduardo Cunha (PMDB-RJ), e ao projeto de lei (PL) 4330, que regulamenta a terceiriza\u00e7\u00e3o e est\u00e1 em discuss\u00e3o na Casa. O ato tamb\u00e9m buscou fazer oposi\u00e7\u00e3o aos protestos contra o governo de Dilma Rousseff (PT), realizados nos dias 15 de mar\u00e7o e 12 de abril, sem deixar de fazer cr\u00edticas \u00e0 presidente.<\/p>\n<p class=\"text\">\u201cA Dilma foi eleita em outubro do ano passado n\u00e3o foi parar fazer ajuste fiscal\u201d, disse Guilherme Boulos, l\u00edder do Movimento dos Trabalhadores Sem Teto (MTST). \u201cE n\u00e3o foi para fazer pol\u00edtica antipopular, MP contra seguro-desemprego e contra as pens\u00f5es dos trabalhadores. N\u00f3s n\u00e3o vamos aceitar nenhum ataque aos direitos dos trabalhadores e dos mais pobres, venha de onde venha. Venha do Congresso, venha da elite, venha do governo federal ou dos governos estaduais. N\u00f3s estamos aqui para combater todos os ataques\u201d, continuou Boulos, que\u00a0tamb\u00e9m pediu o lan\u00e7amento do programa Minha Casa, Minha Vida 3.<\/p>\n<p class=\"text\">As declara\u00e7\u00f5es foram dadas pelo l\u00edder do MTST em discurso antes do in\u00edcio da marcha, que saiu do Largo da Batata, na zona oeste da capital, passou pela Rua Oscar Freire, no bairro nobre dos Jardins, e terminou na avenida Paulista, em frente \u00e0 Federa\u00e7\u00e3o das Ind\u00fastrias do Estado de S\u00e3o Paulo (Fiesp). De acordo com a organiza\u00e7\u00e3o, mais de 30 mil pessoas foram \u00e0s ruas; j\u00e1 a Pol\u00edcia Militar fala em 2.500.<\/p>\n<blockquote>\n<p class=\"text\">Ao anunciar que o ato passaria pela Oscar Freire, Boulos fez refer\u00eancia indireta a um caso de racismo ocorrido recentemente na loja da grife Animale , na mesma rua, e disse que a \u201celite de S\u00e3o Paulo\u201d \u00e9 \u201cconservadora, fascista e preconceituosa\u201d. O l\u00edder do MTST tamb\u00e9m aproveitou para criticar o \u00f3dio dos manifestantes contr\u00e1rios ao governo, que chegam a amea\u00e7ar pessoas vestidas de vermelho.<\/p>\n<\/blockquote>\n<p class=\"text\">\u201cN\u00f3s vamos passar pelo ninho deles l\u00e1 nos Jardins para dar o recado, e o nosso recado vai ser curto e grosso: a rua \u00e9 do povo. Ningu\u00e9m vai impedir nenhum de n\u00f3s de sair de vermelho e se manifestar de vermelho. Se eles expulsam quem est\u00e1 de vermelho dos atos deles, hoje v\u00e3o ter que ver das janelas, l\u00e1 nos Jardins, a marcha vermelha passando\u201d, afirmou.<\/p>\n<p class=\"text\">A passeata foi realizada debaixo de forte chuva do come\u00e7o ao fim. Na Oscar Freire, os lojistas baixaram as portas durante a passagem dos manifestantes, mas n\u00e3o foi registrado qualquer incidente no local.<\/p>\n<p class=\"text\">Para as organiza\u00e7\u00f5es de esquerda, as manifesta\u00e7\u00f5es contra Dilma s\u00e3o convocadas pela \u201cdireita\u201d e representam o retrocesso. \u201cN\u00e3o podemos deixar essa direita c\u00ednica crescer \u00e0s custas do descontentamento leg\u00edtimo do povo contra o governo. A direita cresce porque o governo n\u00e3o oferece respostas \u00e0 classe trabalhadora\u201d, disse Luciana Genro (PSOL), candidata derrotada \u00e0 presid\u00eancia nas elei\u00e7\u00f5es de 2014. Segundo ela, a esquerda precisa se unir para enfrentar o avan\u00e7o das pautas conservadoras. \u201cPrecisamos unificar as lutas, unificar os movimentos, construir um campo de esquerda para dizer n\u00e3o \u00e0 direita, por mais direitos\u201d, disse Luciana.<\/p>\n<p class=\"text\">O discurso mais duro contra o presidente da C\u00e2mara foi feito por Vagner Freitas, presidente\u00a0da Central \u00danica dos Trabalhadores (CUT).\u00a0\u201cEduardo Cunha, aprenda, voc\u00ea n\u00e3o manda no Brasil\u201d, disse Freitas no in\u00edcio do ato. \u201cO 4330 n\u00e3o \u00e9 para terceirizar, \u00e9 para demitir os trabalhadores, acabar com a CLT (consolida\u00e7\u00e3o das leis do trabalho), acabar com as f\u00e9rias, com o 13 sal\u00e1rio; E n\u00f3s vamos fazer uma greve nacional para impedir que se aprove o 4330\u201d, continuou Freitas.<\/p>\n<p class=\"text\">Guilherme Boulos, por sua vez, disse que Cunha promoveu \u201co maior ataque aos direitos trabalhistas\u201d ao colocar em pauta a vota\u00e7\u00e3o do PL 4330 e criticou o fato de que, nas manifesta\u00e7\u00f5es pelo impeachment de Dilma, ningu\u00e9m pe\u00e7a a sa\u00edda do presidente da C\u00e2mara de sua fun\u00e7\u00e3o.<\/p>\n<p class=\"text\">No final de seu discurso, Boulos resumiu a pauta da manifesta\u00e7\u00e3o e disse que a ideia era mandar tr\u00eas recados: o primeiro, para a \u201celite fascista\u201d; o segundo, para o governo federal e, o terceiro, para a ind\u00fastria. \u201cSe o PL 4330 for aprovado no Senado, a presidente Dilma tem o dever de vetar. E vai ter que vetar. Por fim, o nosso terceiro recado vai ser no ninho do empresariado de S\u00e3o Paulo (Fiesp), para que eles que n\u00e3o cantem vit\u00f3ria antes da hora. O PL 4330 n\u00e3o vai passar, n\u00e3o vai ficar barato e n\u00f3s vamos barrar esse ataque aos trabalhadores nem que seja na marra.\u201d, encerrou.<\/p>\n","protected":false},"excerpt":{"rendered":"<p>A guerra de palavras dos movimentos sociais promete esquentar. Se, de um lado, as manifesta\u00e7\u00f5es do #foradilma insistem em vestir o verde e o amarelo, os grupos ligados ao PT &#8211; partido da presidente da Rep\u00fablica &#8211; prometem cobrir as ruas de vermelho. E essa batalha foi sentida na quarta-feira 15 em S\u00e3o Paulo, no [&hellip;]<\/p>\n","protected":false},"author":2,"featured_media":44264,"comment_status":"open","ping_status":"closed","sticky":false,"template":"","format":"standard","meta":{"_acf_changed":false,"footnotes":""},"categories":[16],"tags":[],"class_list":["post-44263","post","type-post","status-publish","format-standard","has-post-thumbnail","hentry","category-brasil"],"acf":[],"_links":{"self":[{"href":"https:\/\/www.notibras.com\/site\/wp-json\/wp\/v2\/posts\/44263","targetHints":{"allow":["GET"]}}],"collection":[{"href":"https:\/\/www.notibras.com\/site\/wp-json\/wp\/v2\/posts"}],"about":[{"href":"https:\/\/www.notibras.com\/site\/wp-json\/wp\/v2\/types\/post"}],"author":[{"embeddable":true,"href":"https:\/\/www.notibras.com\/site\/wp-json\/wp\/v2\/users\/2"}],"replies":[{"embeddable":true,"href":"https:\/\/www.notibras.com\/site\/wp-json\/wp\/v2\/comments?post=44263"}],"version-history":[{"count":0,"href":"https:\/\/www.notibras.com\/site\/wp-json\/wp\/v2\/posts\/44263\/revisions"}],"wp:featuredmedia":[{"embeddable":true,"href":"https:\/\/www.notibras.com\/site\/wp-json\/wp\/v2\/media\/44264"}],"wp:attachment":[{"href":"https:\/\/www.notibras.com\/site\/wp-json\/wp\/v2\/media?parent=44263"}],"wp:term":[{"taxonomy":"category","embeddable":true,"href":"https:\/\/www.notibras.com\/site\/wp-json\/wp\/v2\/categories?post=44263"},{"taxonomy":"post_tag","embeddable":true,"href":"https:\/\/www.notibras.com\/site\/wp-json\/wp\/v2\/tags?post=44263"}],"curies":[{"name":"wp","href":"https:\/\/api.w.org\/{rel}","templated":true}]}}