{"id":44409,"date":"2015-04-17T11:33:24","date_gmt":"2015-04-17T14:33:24","guid":{"rendered":"http:\/\/www.notibras.com\/site\/?p=44409"},"modified":"2015-04-17T20:12:31","modified_gmt":"2015-04-17T23:12:31","slug":"operacao-lava-jato-comeca-a-bater-nas-portas-do-palacio-do-planalto","status":"publish","type":"post","link":"https:\/\/www.notibras.com\/site\/operacao-lava-jato-comeca-a-bater-nas-portas-do-palacio-do-planalto\/","title":{"rendered":"Opera\u00e7\u00e3o Lava Jato come\u00e7a a bater nas portas do Pal\u00e1cio do Planalto"},"content":{"rendered":"<p>Foi de alta temperatura o clima esta semana no Congresso Nacional. A oposi\u00e7\u00e3o (PSDB, DEM e PPS) anunciou ter encomendado estudos jur\u00eddicos para ver as possibilidades de se abrir processo de impeachment da presidente Dilma Rousseff. Essa disposi\u00e7\u00e3o ganhou for\u00e7a com a pris\u00e3o, pela Policia Federal, do tesoureiro do PT, Jo\u00e3o Vaccari Neto, r\u00e9u no processo da Opera\u00e7\u00e3o Lava- Jato pelos crimes de corrup\u00e7\u00e3o, lavagem e forma\u00e7\u00e3o de quadrilha.<\/p>\n<p>O Minist\u00e9rio P\u00fablico deixou transparecer, ao solicitar essa pris\u00e3o, j\u00e1 dispor de fatos que comprovariam que recursos milion\u00e1rios desviados da Petrobras foram utilizados na campanha da reelei\u00e7\u00e3o da presidente, no ano passado. \u201cO que estamos vendo \u00e9 o agravamento da crise pol\u00edtica e cada vez ela chegando mais pr\u00f3ximo do governo e da pr\u00f3pria presidente Dilma\u201d-disse o senador A\u00e9cio Neves, presidente Nacional do PSDB.<\/p>\n<p>Lideres de 23 movimentos sociais entregaram \u00e0 oposi\u00e7\u00e3o um documento com demandas que, segundo eles, v\u00eam das ruas. Al\u00e9m do impeachment de Dilma, eles cobram, entre outros itens, fortalecimento da Policia Federal e do Minist\u00e9rio P\u00fablico, e a redu\u00e7\u00e3o do n\u00famero de minist\u00e9rios. E para tornar o clima mais tenso ainda o Tribunal de Contas da Uni\u00e3o aprovou, por unanimidade, relat\u00f3rio que considera ilegais as manobras da equipe econ\u00f4mica do primeiro governo Dilma, as chamadas \u201cpedaladas fiscais\u201d de 2013 e 2014. O Tesouro atrasou repasses de recursos a bancos p\u00fablicos, infringindo a Lei de Responsabilidade Fiscal. A oposi\u00e7\u00e3o vai usar essa decis\u00e3o do TCU como uma das justificativas do pedido de impeachment.<\/p>\n<blockquote><p>A presidente Dilma, desde que terceirizou a pol\u00edtica para o vice-presidente Michel Temer e a economia ao ministro Joaquim Levy, se isolou no Pal\u00e1cio do Planalto. A pris\u00e3o de Vaccari Neto levou-a a beira de um ataque de nervos. Argumenta ela que a dire\u00e7\u00e3o do PT deveria t\u00ea-lo afastado da tesouraria assim que ele foi considerado r\u00e9u no processo da Opera\u00e7\u00e3o Lava Jato.<\/p><\/blockquote>\n<p>H\u00e1 um temor no partido de que Vaccari, pressionado pela fam\u00edlia, opte pela dela\u00e7\u00e3o premiada. Sua esposa foi ouvida pela Policia Federal na quarta-feira. Lideres do PT insistem em dizer que a legenda est\u00e1 sendo vitima de persegui\u00e7\u00e3o pol\u00edtica. O objetivo \u00e9 incrimina-la e criminalizar as doa\u00e7\u00f5es eleitorais que o partido recebeu legalmente das construtoras investigadas na Lava Jato.<\/p>\n<p>Na C\u00e2mara dos Deputados, o clima ficou mais tenso ainda por conta das manifesta\u00e7\u00f5es de ruas e das redes sociais, criticando o projeto de lei da terceiriza\u00e7\u00e3o. V\u00e1rios partidos recuaram de suas decis\u00f5es iniciais e passaram a exigir mais discuss\u00f5es sobre o tema. Essa mudan\u00e7a repentina de posi\u00e7\u00e3o provocou o adiantamento da vota\u00e7\u00e3o do projeto para pr\u00f3xima semana.<\/p>\n","protected":false},"excerpt":{"rendered":"<p>Foi de alta temperatura o clima esta semana no Congresso Nacional. A oposi\u00e7\u00e3o (PSDB, DEM e PPS) anunciou ter encomendado estudos jur\u00eddicos para ver as possibilidades de se abrir processo de impeachment da presidente Dilma Rousseff. Essa disposi\u00e7\u00e3o ganhou for\u00e7a com a pris\u00e3o, pela Policia Federal, do tesoureiro do PT, Jo\u00e3o Vaccari Neto, r\u00e9u no [&hellip;]<\/p>\n","protected":false},"author":2,"featured_media":44410,"comment_status":"open","ping_status":"closed","sticky":false,"template":"","format":"standard","meta":{"_acf_changed":false,"footnotes":""},"categories":[25],"tags":[],"class_list":["post-44409","post","type-post","status-publish","format-standard","has-post-thumbnail","hentry","category-opina-ai"],"acf":[],"yoast_head":"<!-- This site is optimized with the Yoast SEO plugin v27.5 - https:\/\/yoast.com\/product\/yoast-seo-wordpress\/ -->\n<title>Opera\u00e7\u00e3o Lava Jato come\u00e7a a bater nas portas do Pal\u00e1cio do Planalto - Notibras<\/title>\n<meta name=\"robots\" content=\"index, follow, max-snippet:-1, max-image-preview:large, max-video-preview:-1\" \/>\n<link rel=\"canonical\" href=\"https:\/\/www.notibras.com\/site\/operacao-lava-jato-comeca-a-bater-nas-portas-do-palacio-do-planalto\/\" \/>\n<meta property=\"og:locale\" content=\"pt_BR\" \/>\n<meta property=\"og:type\" content=\"article\" \/>\n<meta property=\"og:title\" content=\"Opera\u00e7\u00e3o Lava Jato come\u00e7a a bater nas portas do Pal\u00e1cio do Planalto - Notibras\" \/>\n<meta property=\"og:description\" content=\"Foi de alta temperatura o clima esta semana no Congresso Nacional. A oposi\u00e7\u00e3o (PSDB, DEM e PPS) anunciou ter encomendado estudos jur\u00eddicos para ver as possibilidades de se abrir processo de impeachment da presidente Dilma Rousseff. Essa disposi\u00e7\u00e3o ganhou for\u00e7a com a pris\u00e3o, pela Policia Federal, do tesoureiro do PT, Jo\u00e3o Vaccari Neto, r\u00e9u no [&hellip;]\" \/>\n<meta property=\"og:url\" content=\"https:\/\/www.notibras.com\/site\/operacao-lava-jato-comeca-a-bater-nas-portas-do-palacio-do-planalto\/\" \/>\n<meta property=\"og:site_name\" content=\"Notibras\" \/>\n<meta property=\"article:publisher\" content=\"https:\/\/www.facebook.com\/notibras\/\" \/>\n<meta property=\"article:published_time\" content=\"2015-04-17T14:33:24+00:00\" \/>\n<meta property=\"article:modified_time\" content=\"2015-04-17T23:12:31+00:00\" \/>\n<meta property=\"og:image\" content=\"https:\/\/www.notibras.com\/site\/wp-content\/uploads\/2015\/04\/image.17.jpg\" \/>\n\t<meta property=\"og:image:width\" content=\"1277\" \/>\n\t<meta property=\"og:image:height\" content=\"842\" \/>\n\t<meta property=\"og:image:type\" content=\"image\/jpeg\" \/>\n<meta name=\"author\" content=\"Reda\u00e7\u00e3o\" \/>\n<meta name=\"twitter:card\" content=\"summary_large_image\" \/>\n<meta name=\"twitter:creator\" content=\"@Notibras\" \/>\n<meta name=\"twitter:site\" content=\"@Notibras\" \/>\n<meta name=\"twitter:label1\" content=\"Escrito por\" \/>\n\t<meta name=\"twitter:data1\" content=\"Reda\u00e7\u00e3o\" \/>\n\t<meta name=\"twitter:label2\" content=\"Est. tempo de leitura\" \/>\n\t<meta name=\"twitter:data2\" content=\"2 minutos\" \/>\n<script type=\"application\/ld+json\" class=\"yoast-schema-graph\">{\"@context\":\"https:\\\/\\\/schema.org\",\"@graph\":[{\"@type\":\"Article\",\"@id\":\"https:\\\/\\\/www.notibras.com\\\/site\\\/operacao-lava-jato-comeca-a-bater-nas-portas-do-palacio-do-planalto\\\/#article\",\"isPartOf\":{\"@id\":\"https:\\\/\\\/www.notibras.com\\\/site\\\/operacao-lava-jato-comeca-a-bater-nas-portas-do-palacio-do-planalto\\\/\"},\"author\":{\"name\":\"Reda\u00e7\u00e3o\",\"@id\":\"https:\\\/\\\/www.notibras.com\\\/site\\\/#\\\/schema\\\/person\\\/36ab0979449956132d3e5b517ea76ac8\"},\"headline\":\"Opera\u00e7\u00e3o Lava Jato come\u00e7a a bater nas portas do Pal\u00e1cio do Planalto\",\"datePublished\":\"2015-04-17T14:33:24+00:00\",\"dateModified\":\"2015-04-17T23:12:31+00:00\",\"mainEntityOfPage\":{\"@id\":\"https:\\\/\\\/www.notibras.com\\\/site\\\/operacao-lava-jato-comeca-a-bater-nas-portas-do-palacio-do-planalto\\\/\"},\"wordCount\":490,\"commentCount\":0,\"publisher\":{\"@id\":\"https:\\\/\\\/www.notibras.com\\\/site\\\/#organization\"},\"image\":{\"@id\":\"https:\\\/\\\/www.notibras.com\\\/site\\\/operacao-lava-jato-comeca-a-bater-nas-portas-do-palacio-do-planalto\\\/#primaryimage\"},\"thumbnailUrl\":\"https:\\\/\\\/www.notibras.com\\\/site\\\/wp-content\\\/uploads\\\/2015\\\/04\\\/image.17.jpg\",\"articleSection\":[\"Opina a\u00ed\"],\"inLanguage\":\"pt-BR\",\"potentialAction\":[{\"@type\":\"CommentAction\",\"name\":\"Comment\",\"target\":[\"https:\\\/\\\/www.notibras.com\\\/site\\\/operacao-lava-jato-comeca-a-bater-nas-portas-do-palacio-do-planalto\\\/#respond\"]}]},{\"@type\":\"WebPage\",\"@id\":\"https:\\\/\\\/www.notibras.com\\\/site\\\/operacao-lava-jato-comeca-a-bater-nas-portas-do-palacio-do-planalto\\\/\",\"url\":\"https:\\\/\\\/www.notibras.com\\\/site\\\/operacao-lava-jato-comeca-a-bater-nas-portas-do-palacio-do-planalto\\\/\",\"name\":\"Opera\u00e7\u00e3o Lava Jato come\u00e7a a bater nas portas do Pal\u00e1cio do Planalto - Notibras\",\"isPartOf\":{\"@id\":\"https:\\\/\\\/www.notibras.com\\\/site\\\/#website\"},\"primaryImageOfPage\":{\"@id\":\"https:\\\/\\\/www.notibras.com\\\/site\\\/operacao-lava-jato-comeca-a-bater-nas-portas-do-palacio-do-planalto\\\/#primaryimage\"},\"image\":{\"@id\":\"https:\\\/\\\/www.notibras.com\\\/site\\\/operacao-lava-jato-comeca-a-bater-nas-portas-do-palacio-do-planalto\\\/#primaryimage\"},\"thumbnailUrl\":\"https:\\\/\\\/www.notibras.com\\\/site\\\/wp-content\\\/uploads\\\/2015\\\/04\\\/image.17.jpg\",\"datePublished\":\"2015-04-17T14:33:24+00:00\",\"dateModified\":\"2015-04-17T23:12:31+00:00\",\"breadcrumb\":{\"@id\":\"https:\\\/\\\/www.notibras.com\\\/site\\\/operacao-lava-jato-comeca-a-bater-nas-portas-do-palacio-do-planalto\\\/#breadcrumb\"},\"inLanguage\":\"pt-BR\",\"potentialAction\":[{\"@type\":\"ReadAction\",\"target\":[\"https:\\\/\\\/www.notibras.com\\\/site\\\/operacao-lava-jato-comeca-a-bater-nas-portas-do-palacio-do-planalto\\\/\"]}]},{\"@type\":\"ImageObject\",\"inLanguage\":\"pt-BR\",\"@id\":\"https:\\\/\\\/www.notibras.com\\\/site\\\/operacao-lava-jato-comeca-a-bater-nas-portas-do-palacio-do-planalto\\\/#primaryimage\",\"url\":\"https:\\\/\\\/www.notibras.com\\\/site\\\/wp-content\\\/uploads\\\/2015\\\/04\\\/image.17.jpg\",\"contentUrl\":\"https:\\\/\\\/www.notibras.com\\\/site\\\/wp-content\\\/uploads\\\/2015\\\/04\\\/image.17.jpg\",\"width\":1277,\"height\":842},{\"@type\":\"BreadcrumbList\",\"@id\":\"https:\\\/\\\/www.notibras.com\\\/site\\\/operacao-lava-jato-comeca-a-bater-nas-portas-do-palacio-do-planalto\\\/#breadcrumb\",\"itemListElement\":[{\"@type\":\"ListItem\",\"position\":1,\"name\":\"In\u00edcio\",\"item\":\"https:\\\/\\\/www.notibras.com\\\/site\\\/\"},{\"@type\":\"ListItem\",\"position\":2,\"name\":\"Opera\u00e7\u00e3o Lava Jato come\u00e7a a bater nas portas do Pal\u00e1cio do Planalto\"}]},{\"@type\":\"WebSite\",\"@id\":\"https:\\\/\\\/www.notibras.com\\\/site\\\/#website\",\"url\":\"https:\\\/\\\/www.notibras.com\\\/site\\\/\",\"name\":\"Notibras\",\"description\":\"Not\u00edcias de Bras\u00edlia, do Brasil e do Mundo\",\"publisher\":{\"@id\":\"https:\\\/\\\/www.notibras.com\\\/site\\\/#organization\"},\"potentialAction\":[{\"@type\":\"SearchAction\",\"target\":{\"@type\":\"EntryPoint\",\"urlTemplate\":\"https:\\\/\\\/www.notibras.com\\\/site\\\/?s={search_term_string}\"},\"query-input\":{\"@type\":\"PropertyValueSpecification\",\"valueRequired\":true,\"valueName\":\"search_term_string\"}}],\"inLanguage\":\"pt-BR\"},{\"@type\":\"Organization\",\"@id\":\"https:\\\/\\\/www.notibras.com\\\/site\\\/#organization\",\"name\":\"Grupo Notibras de Comunica\u00e7\u00e3o\",\"url\":\"https:\\\/\\\/www.notibras.com\\\/site\\\/\",\"logo\":{\"@type\":\"ImageObject\",\"inLanguage\":\"pt-BR\",\"@id\":\"https:\\\/\\\/www.notibras.com\\\/site\\\/#\\\/schema\\\/logo\\\/image\\\/\",\"url\":\"https:\\\/\\\/www.notibras.com\\\/site\\\/wp-content\\\/uploads\\\/2023\\\/01\\\/notibras23.png\",\"contentUrl\":\"https:\\\/\\\/www.notibras.com\\\/site\\\/wp-content\\\/uploads\\\/2023\\\/01\\\/notibras23.png\",\"width\":350,\"height\":87,\"caption\":\"Grupo Notibras de Comunica\u00e7\u00e3o\"},\"image\":{\"@id\":\"https:\\\/\\\/www.notibras.com\\\/site\\\/#\\\/schema\\\/logo\\\/image\\\/\"},\"sameAs\":[\"https:\\\/\\\/www.facebook.com\\\/notibras\\\/\",\"https:\\\/\\\/x.com\\\/Notibras\",\"https:\\\/\\\/www.instagram.com\\\/notibras\\\/\"]},{\"@type\":\"Person\",\"@id\":\"https:\\\/\\\/www.notibras.com\\\/site\\\/#\\\/schema\\\/person\\\/36ab0979449956132d3e5b517ea76ac8\",\"name\":\"Reda\u00e7\u00e3o\",\"image\":{\"@type\":\"ImageObject\",\"inLanguage\":\"pt-BR\",\"@id\":\"https:\\\/\\\/secure.gravatar.com\\\/avatar\\\/e0a867bdedb85fd243eadf09663511f96fc81e0720a4a42581f334ad4303aa6b?s=96&d=mm&r=g\",\"url\":\"https:\\\/\\\/secure.gravatar.com\\\/avatar\\\/e0a867bdedb85fd243eadf09663511f96fc81e0720a4a42581f334ad4303aa6b?s=96&d=mm&r=g\",\"contentUrl\":\"https:\\\/\\\/secure.gravatar.com\\\/avatar\\\/e0a867bdedb85fd243eadf09663511f96fc81e0720a4a42581f334ad4303aa6b?s=96&d=mm&r=g\",\"caption\":\"Reda\u00e7\u00e3o\"}}]}<\/script>\n<!-- \/ Yoast SEO plugin. -->","yoast_head_json":{"title":"Opera\u00e7\u00e3o Lava Jato come\u00e7a a bater nas portas do Pal\u00e1cio do Planalto - Notibras","robots":{"index":"index","follow":"follow","max-snippet":"max-snippet:-1","max-image-preview":"max-image-preview:large","max-video-preview":"max-video-preview:-1"},"canonical":"https:\/\/www.notibras.com\/site\/operacao-lava-jato-comeca-a-bater-nas-portas-do-palacio-do-planalto\/","og_locale":"pt_BR","og_type":"article","og_title":"Opera\u00e7\u00e3o Lava Jato come\u00e7a a bater nas portas do Pal\u00e1cio do Planalto - Notibras","og_description":"Foi de alta temperatura o clima esta semana no Congresso Nacional. A oposi\u00e7\u00e3o (PSDB, DEM e PPS) anunciou ter encomendado estudos jur\u00eddicos para ver as possibilidades de se abrir processo de impeachment da presidente Dilma Rousseff. Essa disposi\u00e7\u00e3o ganhou for\u00e7a com a pris\u00e3o, pela Policia Federal, do tesoureiro do PT, Jo\u00e3o Vaccari Neto, r\u00e9u no [&hellip;]","og_url":"https:\/\/www.notibras.com\/site\/operacao-lava-jato-comeca-a-bater-nas-portas-do-palacio-do-planalto\/","og_site_name":"Notibras","article_publisher":"https:\/\/www.facebook.com\/notibras\/","article_published_time":"2015-04-17T14:33:24+00:00","article_modified_time":"2015-04-17T23:12:31+00:00","og_image":[{"width":1277,"height":842,"url":"https:\/\/www.notibras.com\/site\/wp-content\/uploads\/2015\/04\/image.17.jpg","type":"image\/jpeg"}],"author":"Reda\u00e7\u00e3o","twitter_card":"summary_large_image","twitter_creator":"@Notibras","twitter_site":"@Notibras","twitter_misc":{"Escrito por":"Reda\u00e7\u00e3o","Est. tempo de leitura":"2 minutos"},"schema":{"@context":"https:\/\/schema.org","@graph":[{"@type":"Article","@id":"https:\/\/www.notibras.com\/site\/operacao-lava-jato-comeca-a-bater-nas-portas-do-palacio-do-planalto\/#article","isPartOf":{"@id":"https:\/\/www.notibras.com\/site\/operacao-lava-jato-comeca-a-bater-nas-portas-do-palacio-do-planalto\/"},"author":{"name":"Reda\u00e7\u00e3o","@id":"https:\/\/www.notibras.com\/site\/#\/schema\/person\/36ab0979449956132d3e5b517ea76ac8"},"headline":"Opera\u00e7\u00e3o Lava Jato come\u00e7a a bater nas portas do Pal\u00e1cio do Planalto","datePublished":"2015-04-17T14:33:24+00:00","dateModified":"2015-04-17T23:12:31+00:00","mainEntityOfPage":{"@id":"https:\/\/www.notibras.com\/site\/operacao-lava-jato-comeca-a-bater-nas-portas-do-palacio-do-planalto\/"},"wordCount":490,"commentCount":0,"publisher":{"@id":"https:\/\/www.notibras.com\/site\/#organization"},"image":{"@id":"https:\/\/www.notibras.com\/site\/operacao-lava-jato-comeca-a-bater-nas-portas-do-palacio-do-planalto\/#primaryimage"},"thumbnailUrl":"https:\/\/www.notibras.com\/site\/wp-content\/uploads\/2015\/04\/image.17.jpg","articleSection":["Opina a\u00ed"],"inLanguage":"pt-BR","potentialAction":[{"@type":"CommentAction","name":"Comment","target":["https:\/\/www.notibras.com\/site\/operacao-lava-jato-comeca-a-bater-nas-portas-do-palacio-do-planalto\/#respond"]}]},{"@type":"WebPage","@id":"https:\/\/www.notibras.com\/site\/operacao-lava-jato-comeca-a-bater-nas-portas-do-palacio-do-planalto\/","url":"https:\/\/www.notibras.com\/site\/operacao-lava-jato-comeca-a-bater-nas-portas-do-palacio-do-planalto\/","name":"Opera\u00e7\u00e3o Lava Jato come\u00e7a a bater nas portas do Pal\u00e1cio do Planalto - Notibras","isPartOf":{"@id":"https:\/\/www.notibras.com\/site\/#website"},"primaryImageOfPage":{"@id":"https:\/\/www.notibras.com\/site\/operacao-lava-jato-comeca-a-bater-nas-portas-do-palacio-do-planalto\/#primaryimage"},"image":{"@id":"https:\/\/www.notibras.com\/site\/operacao-lava-jato-comeca-a-bater-nas-portas-do-palacio-do-planalto\/#primaryimage"},"thumbnailUrl":"https:\/\/www.notibras.com\/site\/wp-content\/uploads\/2015\/04\/image.17.jpg","datePublished":"2015-04-17T14:33:24+00:00","dateModified":"2015-04-17T23:12:31+00:00","breadcrumb":{"@id":"https:\/\/www.notibras.com\/site\/operacao-lava-jato-comeca-a-bater-nas-portas-do-palacio-do-planalto\/#breadcrumb"},"inLanguage":"pt-BR","potentialAction":[{"@type":"ReadAction","target":["https:\/\/www.notibras.com\/site\/operacao-lava-jato-comeca-a-bater-nas-portas-do-palacio-do-planalto\/"]}]},{"@type":"ImageObject","inLanguage":"pt-BR","@id":"https:\/\/www.notibras.com\/site\/operacao-lava-jato-comeca-a-bater-nas-portas-do-palacio-do-planalto\/#primaryimage","url":"https:\/\/www.notibras.com\/site\/wp-content\/uploads\/2015\/04\/image.17.jpg","contentUrl":"https:\/\/www.notibras.com\/site\/wp-content\/uploads\/2015\/04\/image.17.jpg","width":1277,"height":842},{"@type":"BreadcrumbList","@id":"https:\/\/www.notibras.com\/site\/operacao-lava-jato-comeca-a-bater-nas-portas-do-palacio-do-planalto\/#breadcrumb","itemListElement":[{"@type":"ListItem","position":1,"name":"In\u00edcio","item":"https:\/\/www.notibras.com\/site\/"},{"@type":"ListItem","position":2,"name":"Opera\u00e7\u00e3o Lava Jato come\u00e7a a bater nas portas do Pal\u00e1cio do Planalto"}]},{"@type":"WebSite","@id":"https:\/\/www.notibras.com\/site\/#website","url":"https:\/\/www.notibras.com\/site\/","name":"Notibras","description":"Not\u00edcias de Bras\u00edlia, do Brasil e do Mundo","publisher":{"@id":"https:\/\/www.notibras.com\/site\/#organization"},"potentialAction":[{"@type":"SearchAction","target":{"@type":"EntryPoint","urlTemplate":"https:\/\/www.notibras.com\/site\/?s={search_term_string}"},"query-input":{"@type":"PropertyValueSpecification","valueRequired":true,"valueName":"search_term_string"}}],"inLanguage":"pt-BR"},{"@type":"Organization","@id":"https:\/\/www.notibras.com\/site\/#organization","name":"Grupo Notibras de Comunica\u00e7\u00e3o","url":"https:\/\/www.notibras.com\/site\/","logo":{"@type":"ImageObject","inLanguage":"pt-BR","@id":"https:\/\/www.notibras.com\/site\/#\/schema\/logo\/image\/","url":"https:\/\/www.notibras.com\/site\/wp-content\/uploads\/2023\/01\/notibras23.png","contentUrl":"https:\/\/www.notibras.com\/site\/wp-content\/uploads\/2023\/01\/notibras23.png","width":350,"height":87,"caption":"Grupo Notibras de Comunica\u00e7\u00e3o"},"image":{"@id":"https:\/\/www.notibras.com\/site\/#\/schema\/logo\/image\/"},"sameAs":["https:\/\/www.facebook.com\/notibras\/","https:\/\/x.com\/Notibras","https:\/\/www.instagram.com\/notibras\/"]},{"@type":"Person","@id":"https:\/\/www.notibras.com\/site\/#\/schema\/person\/36ab0979449956132d3e5b517ea76ac8","name":"Reda\u00e7\u00e3o","image":{"@type":"ImageObject","inLanguage":"pt-BR","@id":"https:\/\/secure.gravatar.com\/avatar\/e0a867bdedb85fd243eadf09663511f96fc81e0720a4a42581f334ad4303aa6b?s=96&d=mm&r=g","url":"https:\/\/secure.gravatar.com\/avatar\/e0a867bdedb85fd243eadf09663511f96fc81e0720a4a42581f334ad4303aa6b?s=96&d=mm&r=g","contentUrl":"https:\/\/secure.gravatar.com\/avatar\/e0a867bdedb85fd243eadf09663511f96fc81e0720a4a42581f334ad4303aa6b?s=96&d=mm&r=g","caption":"Reda\u00e7\u00e3o"}}]}},"amp_enabled":true,"_links":{"self":[{"href":"https:\/\/www.notibras.com\/site\/wp-json\/wp\/v2\/posts\/44409","targetHints":{"allow":["GET"]}}],"collection":[{"href":"https:\/\/www.notibras.com\/site\/wp-json\/wp\/v2\/posts"}],"about":[{"href":"https:\/\/www.notibras.com\/site\/wp-json\/wp\/v2\/types\/post"}],"author":[{"embeddable":true,"href":"https:\/\/www.notibras.com\/site\/wp-json\/wp\/v2\/users\/2"}],"replies":[{"embeddable":true,"href":"https:\/\/www.notibras.com\/site\/wp-json\/wp\/v2\/comments?post=44409"}],"version-history":[{"count":0,"href":"https:\/\/www.notibras.com\/site\/wp-json\/wp\/v2\/posts\/44409\/revisions"}],"wp:featuredmedia":[{"embeddable":true,"href":"https:\/\/www.notibras.com\/site\/wp-json\/wp\/v2\/media\/44410"}],"wp:attachment":[{"href":"https:\/\/www.notibras.com\/site\/wp-json\/wp\/v2\/media?parent=44409"}],"wp:term":[{"taxonomy":"category","embeddable":true,"href":"https:\/\/www.notibras.com\/site\/wp-json\/wp\/v2\/categories?post=44409"},{"taxonomy":"post_tag","embeddable":true,"href":"https:\/\/www.notibras.com\/site\/wp-json\/wp\/v2\/tags?post=44409"}],"curies":[{"name":"wp","href":"https:\/\/api.w.org\/{rel}","templated":true}]}}