{"id":4448,"date":"2014-03-15T04:16:07","date_gmt":"2014-03-15T07:16:07","guid":{"rendered":"http:\/\/www.notibras.com\/site\/?p=4448"},"modified":"2014-03-15T04:16:07","modified_gmt":"2014-03-15T07:16:07","slug":"hamilton-faz-a-pole-na-abertura-da-temporada-massa-larga-em-9o","status":"publish","type":"post","link":"https:\/\/www.notibras.com\/site\/hamilton-faz-a-pole-na-abertura-da-temporada-massa-larga-em-9o\/","title":{"rendered":"Hamilton faz a pole na abertura da temporada; Massa larga em 9\u00ba"},"content":{"rendered":"<p>O treino oficial deste s\u00e1bado na Austr\u00e1lia foi marcado por derrapadas e dom\u00ednio da Mercedes. Lewis Hamilton cravou o melhor tempo, com 1min44s231 e ser\u00e1 o pole no domingo. Felipe Massa novamente ficou fora do pelot\u00e3o de frente e registrou o 9\u00ba melhor tempo.<\/p>\n<p>Na sess\u00e3o anterior, o brasileiro da Williams havia obtido o 12\u00ba tempo. Os resultados apresentados por Massa chegam a ser frustrantes se levado em conta o fato de o piloto girar sempre entre os mais r\u00e1pidos na pr\u00e9-temporada. Massa fez duas vezes a melhor volta em testes no Espanha e no Bahrein, al\u00e9m de 2\u00ba e 3\u00ba lugares.<\/p>\n<p>A grande surpresa do dia foi o australiano Daniel Riccardo, que conseguiu o segundo melhor tempo, 1min44s548, para del\u00edrio da torcida local. Riccardo chegou a pensar que seria o pole, mas Hamilton retomou o topo nos segundos finais.<\/p>\n<p>A decep\u00e7\u00e3o neste s\u00e1bado foi Sebastian Vettel. O alem\u00e3o registrou apenas o 13\u00ba tempo. O tetracampe\u00e3o mundial j\u00e1 dizia antes da chegada \u00e0 Austr\u00e1lia que dificilmente brigaria por p\u00f3dio no GP de estreia. O carro da escuderia teve problemas de super aquecimento ao longo da pr\u00e9-temporada.<\/p>\n<p>A torcida australiana presente no Albert Park vibrou com a mau desempenho do alem\u00e3o, em claro apoio ao piloto da casa, Daniel Riccardo, tamb\u00e9m da Red Bull.<\/p>\n<p>J\u00e1 os carros de motores Mercedes comprovaram sua superioridade apresentada em testes anteriores. A equipe Mercedes girou mais r\u00e1pida nos treinos livres, tendo Hamilton e Rosberg liderando as sess\u00f5es.<\/p>\n<p>A chuva come\u00e7ou a cair com intensidade 10 minutos de treino oficial. A tempestade mudou a programa\u00e7\u00e3o das escuderias, que evitaram ir \u00e0 pista nos minutos finais do Q1 sem saber a escolha certa dos pneus.<\/p>\n<p>A chuva diminuiu durante a Q2, mas foi o suficiente para proporcionar v\u00e1rias derrapadas. Companheiro de Massa na Williams, Bottas foi um dos que n\u00e3o conseguiu controlar o carro, saindo do tra\u00e7ado. Kimi Raikkonen bateu sua Ferrari no muro.<\/p>\n<p>Na parte final do treino livre, Q3, novamente a \u00e1gua deixou os carros mais lentos. Nos tr\u00eas minutos finais, a chuva apertou, fazendo com que alguns pilotos, entre eles Fernando Alonso optarem por pneus para pista molhada.<\/p>\n<p>Bottas e Gutierrez perderam cinco posi\u00e7\u00f5es no grid porque trocaram a caixa de c\u00e2mbio.<\/p>\n","protected":false},"excerpt":{"rendered":"<p>O treino oficial deste s\u00e1bado na Austr\u00e1lia foi marcado por derrapadas e dom\u00ednio da Mercedes. Lewis Hamilton cravou o melhor tempo, com 1min44s231 e ser\u00e1 o pole no domingo. Felipe Massa novamente ficou fora do pelot\u00e3o de frente e registrou o 9\u00ba melhor tempo. Na sess\u00e3o anterior, o brasileiro da Williams havia obtido o 12\u00ba [&hellip;]<\/p>\n","protected":false},"author":2,"featured_media":4376,"comment_status":"open","ping_status":"closed","sticky":false,"template":"","format":"standard","meta":{"_acf_changed":false,"footnotes":""},"categories":[19],"tags":[],"class_list":["post-4448","post","type-post","status-publish","format-standard","has-post-thumbnail","hentry","category-esportes"],"acf":[],"yoast_head":"<!-- This site is optimized with the Yoast SEO plugin v27.2 - https:\/\/yoast.com\/product\/yoast-seo-wordpress\/ -->\n<title>Hamilton faz a pole na abertura da temporada; Massa larga em 9\u00ba - Notibras<\/title>\n<meta name=\"robots\" content=\"index, follow, max-snippet:-1, max-image-preview:large, max-video-preview:-1\" \/>\n<link rel=\"canonical\" href=\"https:\/\/www.notibras.com\/site\/hamilton-faz-a-pole-na-abertura-da-temporada-massa-larga-em-9o\/\" \/>\n<meta property=\"og:locale\" content=\"pt_BR\" \/>\n<meta property=\"og:type\" content=\"article\" \/>\n<meta property=\"og:title\" content=\"Hamilton faz a pole na abertura da temporada; Massa larga em 9\u00ba - Notibras\" \/>\n<meta property=\"og:description\" content=\"O treino oficial deste s\u00e1bado na Austr\u00e1lia foi marcado por derrapadas e dom\u00ednio da Mercedes. Lewis Hamilton cravou o melhor tempo, com 1min44s231 e ser\u00e1 o pole no domingo. Felipe Massa novamente ficou fora do pelot\u00e3o de frente e registrou o 9\u00ba melhor tempo. Na sess\u00e3o anterior, o brasileiro da Williams havia obtido o 12\u00ba [&hellip;]\" \/>\n<meta property=\"og:url\" content=\"https:\/\/www.notibras.com\/site\/hamilton-faz-a-pole-na-abertura-da-temporada-massa-larga-em-9o\/\" \/>\n<meta property=\"og:site_name\" content=\"Notibras\" \/>\n<meta property=\"article:publisher\" content=\"https:\/\/www.facebook.com\/notibras\/\" \/>\n<meta property=\"article:published_time\" content=\"2014-03-15T07:16:07+00:00\" \/>\n<meta property=\"og:image\" content=\"https:\/\/www.notibras.com\/site\/wp-content\/uploads\/2014\/03\/Ecclestone-talks-up-Lewis-Hamilton.jpg\" \/>\n\t<meta property=\"og:image:width\" content=\"900\" \/>\n\t<meta property=\"og:image:height\" content=\"540\" \/>\n\t<meta property=\"og:image:type\" content=\"image\/jpeg\" \/>\n<meta name=\"author\" content=\"Reda\u00e7\u00e3o\" \/>\n<meta name=\"twitter:card\" content=\"summary_large_image\" \/>\n<meta name=\"twitter:creator\" content=\"@Notibras\" \/>\n<meta name=\"twitter:site\" content=\"@Notibras\" \/>\n<meta name=\"twitter:label1\" content=\"Escrito por\" \/>\n\t<meta name=\"twitter:data1\" content=\"Reda\u00e7\u00e3o\" \/>\n\t<meta name=\"twitter:label2\" content=\"Est. tempo de leitura\" \/>\n\t<meta name=\"twitter:data2\" content=\"2 minutos\" \/>\n<script type=\"application\/ld+json\" class=\"yoast-schema-graph\">{\"@context\":\"https:\/\/schema.org\",\"@graph\":[{\"@type\":\"Article\",\"@id\":\"https:\/\/www.notibras.com\/site\/hamilton-faz-a-pole-na-abertura-da-temporada-massa-larga-em-9o\/#article\",\"isPartOf\":{\"@id\":\"https:\/\/www.notibras.com\/site\/hamilton-faz-a-pole-na-abertura-da-temporada-massa-larga-em-9o\/\"},\"author\":{\"name\":\"Reda\u00e7\u00e3o\",\"@id\":\"https:\/\/www.notibras.com\/site\/#\/schema\/person\/36ab0979449956132d3e5b517ea76ac8\"},\"headline\":\"Hamilton faz a pole na abertura da temporada; Massa larga em 9\u00ba\",\"datePublished\":\"2014-03-15T07:16:07+00:00\",\"mainEntityOfPage\":{\"@id\":\"https:\/\/www.notibras.com\/site\/hamilton-faz-a-pole-na-abertura-da-temporada-massa-larga-em-9o\/\"},\"wordCount\":401,\"commentCount\":0,\"publisher\":{\"@id\":\"https:\/\/www.notibras.com\/site\/#organization\"},\"image\":{\"@id\":\"https:\/\/www.notibras.com\/site\/hamilton-faz-a-pole-na-abertura-da-temporada-massa-larga-em-9o\/#primaryimage\"},\"thumbnailUrl\":\"https:\/\/www.notibras.com\/site\/wp-content\/uploads\/2014\/03\/Ecclestone-talks-up-Lewis-Hamilton.jpg\",\"articleSection\":[\"Esportes\"],\"inLanguage\":\"pt-BR\",\"potentialAction\":[{\"@type\":\"CommentAction\",\"name\":\"Comment\",\"target\":[\"https:\/\/www.notibras.com\/site\/hamilton-faz-a-pole-na-abertura-da-temporada-massa-larga-em-9o\/#respond\"]}]},{\"@type\":\"WebPage\",\"@id\":\"https:\/\/www.notibras.com\/site\/hamilton-faz-a-pole-na-abertura-da-temporada-massa-larga-em-9o\/\",\"url\":\"https:\/\/www.notibras.com\/site\/hamilton-faz-a-pole-na-abertura-da-temporada-massa-larga-em-9o\/\",\"name\":\"Hamilton faz a pole na abertura da temporada; Massa larga em 9\u00ba - Notibras\",\"isPartOf\":{\"@id\":\"https:\/\/www.notibras.com\/site\/#website\"},\"primaryImageOfPage\":{\"@id\":\"https:\/\/www.notibras.com\/site\/hamilton-faz-a-pole-na-abertura-da-temporada-massa-larga-em-9o\/#primaryimage\"},\"image\":{\"@id\":\"https:\/\/www.notibras.com\/site\/hamilton-faz-a-pole-na-abertura-da-temporada-massa-larga-em-9o\/#primaryimage\"},\"thumbnailUrl\":\"https:\/\/www.notibras.com\/site\/wp-content\/uploads\/2014\/03\/Ecclestone-talks-up-Lewis-Hamilton.jpg\",\"datePublished\":\"2014-03-15T07:16:07+00:00\",\"breadcrumb\":{\"@id\":\"https:\/\/www.notibras.com\/site\/hamilton-faz-a-pole-na-abertura-da-temporada-massa-larga-em-9o\/#breadcrumb\"},\"inLanguage\":\"pt-BR\",\"potentialAction\":[{\"@type\":\"ReadAction\",\"target\":[\"https:\/\/www.notibras.com\/site\/hamilton-faz-a-pole-na-abertura-da-temporada-massa-larga-em-9o\/\"]}]},{\"@type\":\"ImageObject\",\"inLanguage\":\"pt-BR\",\"@id\":\"https:\/\/www.notibras.com\/site\/hamilton-faz-a-pole-na-abertura-da-temporada-massa-larga-em-9o\/#primaryimage\",\"url\":\"https:\/\/www.notibras.com\/site\/wp-content\/uploads\/2014\/03\/Ecclestone-talks-up-Lewis-Hamilton.jpg\",\"contentUrl\":\"https:\/\/www.notibras.com\/site\/wp-content\/uploads\/2014\/03\/Ecclestone-talks-up-Lewis-Hamilton.jpg\",\"width\":900,\"height\":540},{\"@type\":\"BreadcrumbList\",\"@id\":\"https:\/\/www.notibras.com\/site\/hamilton-faz-a-pole-na-abertura-da-temporada-massa-larga-em-9o\/#breadcrumb\",\"itemListElement\":[{\"@type\":\"ListItem\",\"position\":1,\"name\":\"In\u00edcio\",\"item\":\"https:\/\/www.notibras.com\/site\/\"},{\"@type\":\"ListItem\",\"position\":2,\"name\":\"Hamilton faz a pole na abertura da temporada; Massa larga em 9\u00ba\"}]},{\"@type\":\"WebSite\",\"@id\":\"https:\/\/www.notibras.com\/site\/#website\",\"url\":\"https:\/\/www.notibras.com\/site\/\",\"name\":\"Notibras\",\"description\":\"Not\u00edcias de Bras\u00edlia, do Brasil e do Mundo\",\"publisher\":{\"@id\":\"https:\/\/www.notibras.com\/site\/#organization\"},\"potentialAction\":[{\"@type\":\"SearchAction\",\"target\":{\"@type\":\"EntryPoint\",\"urlTemplate\":\"https:\/\/www.notibras.com\/site\/?s={search_term_string}\"},\"query-input\":{\"@type\":\"PropertyValueSpecification\",\"valueRequired\":true,\"valueName\":\"search_term_string\"}}],\"inLanguage\":\"pt-BR\"},{\"@type\":\"Organization\",\"@id\":\"https:\/\/www.notibras.com\/site\/#organization\",\"name\":\"Grupo Notibras de Comunica\u00e7\u00e3o\",\"url\":\"https:\/\/www.notibras.com\/site\/\",\"logo\":{\"@type\":\"ImageObject\",\"inLanguage\":\"pt-BR\",\"@id\":\"https:\/\/www.notibras.com\/site\/#\/schema\/logo\/image\/\",\"url\":\"https:\/\/www.notibras.com\/site\/wp-content\/uploads\/2023\/01\/notibras23.png\",\"contentUrl\":\"https:\/\/www.notibras.com\/site\/wp-content\/uploads\/2023\/01\/notibras23.png\",\"width\":350,\"height\":87,\"caption\":\"Grupo Notibras de Comunica\u00e7\u00e3o\"},\"image\":{\"@id\":\"https:\/\/www.notibras.com\/site\/#\/schema\/logo\/image\/\"},\"sameAs\":[\"https:\/\/www.facebook.com\/notibras\/\",\"https:\/\/x.com\/Notibras\",\"https:\/\/www.instagram.com\/notibras\/\"]},{\"@type\":\"Person\",\"@id\":\"https:\/\/www.notibras.com\/site\/#\/schema\/person\/36ab0979449956132d3e5b517ea76ac8\",\"name\":\"Reda\u00e7\u00e3o\",\"image\":{\"@type\":\"ImageObject\",\"inLanguage\":\"pt-BR\",\"@id\":\"https:\/\/secure.gravatar.com\/avatar\/e0a867bdedb85fd243eadf09663511f96fc81e0720a4a42581f334ad4303aa6b?s=96&d=mm&r=g\",\"url\":\"https:\/\/secure.gravatar.com\/avatar\/e0a867bdedb85fd243eadf09663511f96fc81e0720a4a42581f334ad4303aa6b?s=96&d=mm&r=g\",\"contentUrl\":\"https:\/\/secure.gravatar.com\/avatar\/e0a867bdedb85fd243eadf09663511f96fc81e0720a4a42581f334ad4303aa6b?s=96&d=mm&r=g\",\"caption\":\"Reda\u00e7\u00e3o\"}}]}<\/script>\n<!-- \/ Yoast SEO plugin. -->","yoast_head_json":{"title":"Hamilton faz a pole na abertura da temporada; Massa larga em 9\u00ba - Notibras","robots":{"index":"index","follow":"follow","max-snippet":"max-snippet:-1","max-image-preview":"max-image-preview:large","max-video-preview":"max-video-preview:-1"},"canonical":"https:\/\/www.notibras.com\/site\/hamilton-faz-a-pole-na-abertura-da-temporada-massa-larga-em-9o\/","og_locale":"pt_BR","og_type":"article","og_title":"Hamilton faz a pole na abertura da temporada; Massa larga em 9\u00ba - Notibras","og_description":"O treino oficial deste s\u00e1bado na Austr\u00e1lia foi marcado por derrapadas e dom\u00ednio da Mercedes. Lewis Hamilton cravou o melhor tempo, com 1min44s231 e ser\u00e1 o pole no domingo. Felipe Massa novamente ficou fora do pelot\u00e3o de frente e registrou o 9\u00ba melhor tempo. Na sess\u00e3o anterior, o brasileiro da Williams havia obtido o 12\u00ba [&hellip;]","og_url":"https:\/\/www.notibras.com\/site\/hamilton-faz-a-pole-na-abertura-da-temporada-massa-larga-em-9o\/","og_site_name":"Notibras","article_publisher":"https:\/\/www.facebook.com\/notibras\/","article_published_time":"2014-03-15T07:16:07+00:00","og_image":[{"width":900,"height":540,"url":"https:\/\/www.notibras.com\/site\/wp-content\/uploads\/2014\/03\/Ecclestone-talks-up-Lewis-Hamilton.jpg","type":"image\/jpeg"}],"author":"Reda\u00e7\u00e3o","twitter_card":"summary_large_image","twitter_creator":"@Notibras","twitter_site":"@Notibras","twitter_misc":{"Escrito por":"Reda\u00e7\u00e3o","Est. tempo de leitura":"2 minutos"},"schema":{"@context":"https:\/\/schema.org","@graph":[{"@type":"Article","@id":"https:\/\/www.notibras.com\/site\/hamilton-faz-a-pole-na-abertura-da-temporada-massa-larga-em-9o\/#article","isPartOf":{"@id":"https:\/\/www.notibras.com\/site\/hamilton-faz-a-pole-na-abertura-da-temporada-massa-larga-em-9o\/"},"author":{"name":"Reda\u00e7\u00e3o","@id":"https:\/\/www.notibras.com\/site\/#\/schema\/person\/36ab0979449956132d3e5b517ea76ac8"},"headline":"Hamilton faz a pole na abertura da temporada; Massa larga em 9\u00ba","datePublished":"2014-03-15T07:16:07+00:00","mainEntityOfPage":{"@id":"https:\/\/www.notibras.com\/site\/hamilton-faz-a-pole-na-abertura-da-temporada-massa-larga-em-9o\/"},"wordCount":401,"commentCount":0,"publisher":{"@id":"https:\/\/www.notibras.com\/site\/#organization"},"image":{"@id":"https:\/\/www.notibras.com\/site\/hamilton-faz-a-pole-na-abertura-da-temporada-massa-larga-em-9o\/#primaryimage"},"thumbnailUrl":"https:\/\/www.notibras.com\/site\/wp-content\/uploads\/2014\/03\/Ecclestone-talks-up-Lewis-Hamilton.jpg","articleSection":["Esportes"],"inLanguage":"pt-BR","potentialAction":[{"@type":"CommentAction","name":"Comment","target":["https:\/\/www.notibras.com\/site\/hamilton-faz-a-pole-na-abertura-da-temporada-massa-larga-em-9o\/#respond"]}]},{"@type":"WebPage","@id":"https:\/\/www.notibras.com\/site\/hamilton-faz-a-pole-na-abertura-da-temporada-massa-larga-em-9o\/","url":"https:\/\/www.notibras.com\/site\/hamilton-faz-a-pole-na-abertura-da-temporada-massa-larga-em-9o\/","name":"Hamilton faz a pole na abertura da temporada; Massa larga em 9\u00ba - Notibras","isPartOf":{"@id":"https:\/\/www.notibras.com\/site\/#website"},"primaryImageOfPage":{"@id":"https:\/\/www.notibras.com\/site\/hamilton-faz-a-pole-na-abertura-da-temporada-massa-larga-em-9o\/#primaryimage"},"image":{"@id":"https:\/\/www.notibras.com\/site\/hamilton-faz-a-pole-na-abertura-da-temporada-massa-larga-em-9o\/#primaryimage"},"thumbnailUrl":"https:\/\/www.notibras.com\/site\/wp-content\/uploads\/2014\/03\/Ecclestone-talks-up-Lewis-Hamilton.jpg","datePublished":"2014-03-15T07:16:07+00:00","breadcrumb":{"@id":"https:\/\/www.notibras.com\/site\/hamilton-faz-a-pole-na-abertura-da-temporada-massa-larga-em-9o\/#breadcrumb"},"inLanguage":"pt-BR","potentialAction":[{"@type":"ReadAction","target":["https:\/\/www.notibras.com\/site\/hamilton-faz-a-pole-na-abertura-da-temporada-massa-larga-em-9o\/"]}]},{"@type":"ImageObject","inLanguage":"pt-BR","@id":"https:\/\/www.notibras.com\/site\/hamilton-faz-a-pole-na-abertura-da-temporada-massa-larga-em-9o\/#primaryimage","url":"https:\/\/www.notibras.com\/site\/wp-content\/uploads\/2014\/03\/Ecclestone-talks-up-Lewis-Hamilton.jpg","contentUrl":"https:\/\/www.notibras.com\/site\/wp-content\/uploads\/2014\/03\/Ecclestone-talks-up-Lewis-Hamilton.jpg","width":900,"height":540},{"@type":"BreadcrumbList","@id":"https:\/\/www.notibras.com\/site\/hamilton-faz-a-pole-na-abertura-da-temporada-massa-larga-em-9o\/#breadcrumb","itemListElement":[{"@type":"ListItem","position":1,"name":"In\u00edcio","item":"https:\/\/www.notibras.com\/site\/"},{"@type":"ListItem","position":2,"name":"Hamilton faz a pole na abertura da temporada; Massa larga em 9\u00ba"}]},{"@type":"WebSite","@id":"https:\/\/www.notibras.com\/site\/#website","url":"https:\/\/www.notibras.com\/site\/","name":"Notibras","description":"Not\u00edcias de Bras\u00edlia, do Brasil e do Mundo","publisher":{"@id":"https:\/\/www.notibras.com\/site\/#organization"},"potentialAction":[{"@type":"SearchAction","target":{"@type":"EntryPoint","urlTemplate":"https:\/\/www.notibras.com\/site\/?s={search_term_string}"},"query-input":{"@type":"PropertyValueSpecification","valueRequired":true,"valueName":"search_term_string"}}],"inLanguage":"pt-BR"},{"@type":"Organization","@id":"https:\/\/www.notibras.com\/site\/#organization","name":"Grupo Notibras de Comunica\u00e7\u00e3o","url":"https:\/\/www.notibras.com\/site\/","logo":{"@type":"ImageObject","inLanguage":"pt-BR","@id":"https:\/\/www.notibras.com\/site\/#\/schema\/logo\/image\/","url":"https:\/\/www.notibras.com\/site\/wp-content\/uploads\/2023\/01\/notibras23.png","contentUrl":"https:\/\/www.notibras.com\/site\/wp-content\/uploads\/2023\/01\/notibras23.png","width":350,"height":87,"caption":"Grupo Notibras de Comunica\u00e7\u00e3o"},"image":{"@id":"https:\/\/www.notibras.com\/site\/#\/schema\/logo\/image\/"},"sameAs":["https:\/\/www.facebook.com\/notibras\/","https:\/\/x.com\/Notibras","https:\/\/www.instagram.com\/notibras\/"]},{"@type":"Person","@id":"https:\/\/www.notibras.com\/site\/#\/schema\/person\/36ab0979449956132d3e5b517ea76ac8","name":"Reda\u00e7\u00e3o","image":{"@type":"ImageObject","inLanguage":"pt-BR","@id":"https:\/\/secure.gravatar.com\/avatar\/e0a867bdedb85fd243eadf09663511f96fc81e0720a4a42581f334ad4303aa6b?s=96&d=mm&r=g","url":"https:\/\/secure.gravatar.com\/avatar\/e0a867bdedb85fd243eadf09663511f96fc81e0720a4a42581f334ad4303aa6b?s=96&d=mm&r=g","contentUrl":"https:\/\/secure.gravatar.com\/avatar\/e0a867bdedb85fd243eadf09663511f96fc81e0720a4a42581f334ad4303aa6b?s=96&d=mm&r=g","caption":"Reda\u00e7\u00e3o"}}]}},"amp_enabled":true,"_links":{"self":[{"href":"https:\/\/www.notibras.com\/site\/wp-json\/wp\/v2\/posts\/4448","targetHints":{"allow":["GET"]}}],"collection":[{"href":"https:\/\/www.notibras.com\/site\/wp-json\/wp\/v2\/posts"}],"about":[{"href":"https:\/\/www.notibras.com\/site\/wp-json\/wp\/v2\/types\/post"}],"author":[{"embeddable":true,"href":"https:\/\/www.notibras.com\/site\/wp-json\/wp\/v2\/users\/2"}],"replies":[{"embeddable":true,"href":"https:\/\/www.notibras.com\/site\/wp-json\/wp\/v2\/comments?post=4448"}],"version-history":[{"count":0,"href":"https:\/\/www.notibras.com\/site\/wp-json\/wp\/v2\/posts\/4448\/revisions"}],"wp:featuredmedia":[{"embeddable":true,"href":"https:\/\/www.notibras.com\/site\/wp-json\/wp\/v2\/media\/4376"}],"wp:attachment":[{"href":"https:\/\/www.notibras.com\/site\/wp-json\/wp\/v2\/media?parent=4448"}],"wp:term":[{"taxonomy":"category","embeddable":true,"href":"https:\/\/www.notibras.com\/site\/wp-json\/wp\/v2\/categories?post=4448"},{"taxonomy":"post_tag","embeddable":true,"href":"https:\/\/www.notibras.com\/site\/wp-json\/wp\/v2\/tags?post=4448"}],"curies":[{"name":"wp","href":"https:\/\/api.w.org\/{rel}","templated":true}]}}