{"id":44531,"date":"2015-04-18T13:09:04","date_gmt":"2015-04-18T16:09:04","guid":{"rendered":"http:\/\/www.notibras.com\/site\/?p=44531"},"modified":"2015-04-18T21:12:36","modified_gmt":"2015-04-19T00:12:36","slug":"hamilton-e-pole-de-novo-mas-ferrari-de-vettel-quebra-a-dobradinha-da-mercedes","status":"publish","type":"post","link":"https:\/\/www.notibras.com\/site\/hamilton-e-pole-de-novo-mas-ferrari-de-vettel-quebra-a-dobradinha-da-mercedes\/","title":{"rendered":"Hamilton \u00e9 pole mas Vettel quebra dobradinha da Mercedes"},"content":{"rendered":"<p>Pela primeira vez na carreira, Lewis Hamilton vai largar na frente no GP do Bahrein. O ingl\u00eas marcou sua 42\u00aa pole position e sair\u00e1 da primeira fila pela 12\u00aa vez seguida depois de comandar o treino classificat\u00f3rio da quarta etapa da temporada da F\u00f3rmula 1. A quarta etapa do campeonato tem largada ao meio-dia deste domingo, hor\u00e1rio de Bras\u00edlia.<\/p>\n<p>Eliminado por menos de um d\u00e9cimo na segunda parte da classifica\u00e7\u00e3o, Felipe Nasr, da Sauber, vai largar em 12\u00ba, em sess\u00e3o que ficou marcada pela primeira vez que Fernando Alonso conseguiu colocar a McLaren no Q2. O espanhol larga em 15\u00ba.<\/p>\n<p>O treino n\u00e3o come\u00e7ou bem para Kimi Raikkonen, que fritou seu primeiro jogo de pneus m\u00e9dios e teve de voltar para os boxes, sentindo fortes vibra\u00e7\u00f5es no volante como consequ\u00eancia do erro. Mas o finland\u00eas pelo menos poderia voltar \u00e0 pista, ao contr\u00e1rio de Jenson Button, que estacionou sua McLaren logo depois de sair dos pits. O ingl\u00eas, que tivera problemas nas duas primeiras sess\u00f5es de treinos livres, vai largar em \u00faltimo.<\/p>\n<p>Seu companheiro, Fernando Alonso, foi um dos poucos pilotos que j\u00e1 foi \u00e0 pista diretamente com os pneus macios, a exemplo das Manor, Force India e Felipe Nasr. Mesmo com os pneus m\u00e9dios, Rosberg fez o melhor tempo. Ainda assim, isso n\u00e3o impediu que o alem\u00e3o e seu companheiro de Mercedes voltassem \u00e0 pit com os pneus macios para evitar qualquer amea\u00e7a de n\u00e3o passar para o Q2, mesma estrat\u00e9gia adotada pela dupla da Ferrari e da Williams.<\/p>\n<p>Com os pneus macios, Hamilton fez o primeiro tempo, \u00e0 frente de Bottas, Rosberg e Massa. As Williams superaram as Ferrari por menos de um d\u00e9cimo, com todos os tempos bastante pr\u00f3ximos. Como cron\u00f4metro zerado, Nasr colocou a Sauber em oitavo e foi superado por Alonso, que conseguiu colocar a McLaren no Q2 pela primeira vez no ano.<\/p>\n<p>Com isso, foram eliminados os dois pilotos de Manor, juntos de Button, sem tempo, Daniil Kvyat, da Red Bull, que perdeu grande parte do \u00faltimo treino livre antes da classifica\u00e7\u00e3o, e Pastor Maldonado, da Lotus, que teve problemas no motor.<\/p>\n<blockquote><p>A segunda parte da classifica\u00e7\u00e3o come\u00e7ou com todos na pista com os pneus macios. E Hamilton come\u00e7ou a mostrar suas garras: oito d\u00e9cimos mais r\u00e1pido que Rosberg. E, novamente, as Williams se colocaram entre as Mercedes, agora com Massa \u00e0 frente. Os pilotos da Ferrari demoraram para marcar tempo e Raikkonen se colocou em segundo, duas posi\u00e7\u00f5es \u00e0 frente de Vettel.<\/p><\/blockquote>\n<p>Com 2min30, Alonso foi para a pista para sua \u00fanica tentativa de colocar a McLaren no Q3, ao mesmo tempo em que sa\u00edam os pilotos da Sauber. Felipe Nasr conseguiu se colocou em nono, mas come\u00e7ou a correr perigo quando Nico Hulkenberg se colocou em nono. E o brasileiro ficou de fora do top 10 quando Sergio Perez roubou o seu lugar e Carlos Sainz colocou a Toro Rosso em d\u00e9cimo.<\/p>\n<p>Assim, Nasr foi eliminado por 96 mil\u00e9simos e vai largar em 12\u00ba, ao lado de Sergio Perez, da Force India. Alonso, por sua vez, conseguiu colocar a McLaren na s\u00e9tima fila, em 14\u00ba, uma posi\u00e7\u00e3o atr\u00e1s do companheiro de Nasr, Marcus Ericsson. A 15\u00aa coloca\u00e7\u00e3o ficou com Max Verstappen, da Toro Rosso, que reclamou de perda de pot\u00eancia ao longo do treino.<\/p>\n<p>Nas primeiras tentativas da decis\u00e3o da pole, Ricciardo surpreendeu e fez a segunda marca, a tr\u00eas d\u00e9cimos de Hamilton, que disse via r\u00e1dio para a equipe que n\u00e3o tinha gostado de sua volta. Rosberg ficou em terceiro, \u00e0 frente de Bottas, Vettel, Raikkonen e Massa.<\/p>\n<p>Mas foi na \u00faltima sa\u00edda \u00e0 pista que todos usaram suas melhores configura\u00e7\u00f5es. Vettel conseguiu fazer a pole provis\u00f3ria, mas Hamilton superou o alem\u00e3o para fazer a quarta pole consecutiva da temporada. Lewis Hamilton lidera o campeonato, com 68 pontos, contra 55 de Sebastian Vettel e 51 de Nico Rosberg. Entre os brasileiros, Felipe Massa \u00e9 o quarto, com 30 pontos e Felipe Nasr \u00e9 o s\u00e9timo, com 14.<\/p>\n<p>&nbsp;<\/p>\n","protected":false},"excerpt":{"rendered":"<p>Pela primeira vez na carreira, Lewis Hamilton vai largar na frente no GP do Bahrein. O ingl\u00eas marcou sua 42\u00aa pole position e sair\u00e1 da primeira fila pela 12\u00aa vez seguida depois de comandar o treino classificat\u00f3rio da quarta etapa da temporada da F\u00f3rmula 1. A quarta etapa do campeonato tem largada ao meio-dia deste [&hellip;]<\/p>\n","protected":false},"author":2,"featured_media":44532,"comment_status":"open","ping_status":"closed","sticky":false,"template":"","format":"standard","meta":{"_acf_changed":false,"footnotes":""},"categories":[27,19],"tags":[],"class_list":["post-44531","post","type-post","status-publish","format-standard","has-post-thumbnail","hentry","category-automobilismo","category-esportes"],"acf":[],"yoast_head":"<!-- This site is optimized with the Yoast SEO plugin v27.2 - https:\/\/yoast.com\/product\/yoast-seo-wordpress\/ -->\n<title>Hamilton \u00e9 pole mas Vettel quebra dobradinha da Mercedes - Notibras<\/title>\n<meta name=\"robots\" content=\"index, follow, max-snippet:-1, max-image-preview:large, max-video-preview:-1\" \/>\n<link rel=\"canonical\" href=\"https:\/\/www.notibras.com\/site\/hamilton-e-pole-de-novo-mas-ferrari-de-vettel-quebra-a-dobradinha-da-mercedes\/\" \/>\n<meta property=\"og:locale\" content=\"pt_BR\" \/>\n<meta property=\"og:type\" content=\"article\" \/>\n<meta property=\"og:title\" content=\"Hamilton \u00e9 pole mas Vettel quebra dobradinha da Mercedes - Notibras\" \/>\n<meta property=\"og:description\" content=\"Pela primeira vez na carreira, Lewis Hamilton vai largar na frente no GP do Bahrein. O ingl\u00eas marcou sua 42\u00aa pole position e sair\u00e1 da primeira fila pela 12\u00aa vez seguida depois de comandar o treino classificat\u00f3rio da quarta etapa da temporada da F\u00f3rmula 1. A quarta etapa do campeonato tem largada ao meio-dia deste [&hellip;]\" \/>\n<meta property=\"og:url\" content=\"https:\/\/www.notibras.com\/site\/hamilton-e-pole-de-novo-mas-ferrari-de-vettel-quebra-a-dobradinha-da-mercedes\/\" \/>\n<meta property=\"og:site_name\" content=\"Notibras\" \/>\n<meta property=\"article:publisher\" content=\"https:\/\/www.facebook.com\/notibras\/\" \/>\n<meta property=\"article:published_time\" content=\"2015-04-18T16:09:04+00:00\" \/>\n<meta property=\"article:modified_time\" content=\"2015-04-19T00:12:36+00:00\" \/>\n<meta property=\"og:image\" content=\"https:\/\/www.notibras.com\/site\/wp-content\/uploads\/2015\/04\/bar.18.jpg\" \/>\n\t<meta property=\"og:image:width\" content=\"460\" \/>\n\t<meta property=\"og:image:height\" content=\"307\" \/>\n\t<meta property=\"og:image:type\" content=\"image\/jpeg\" \/>\n<meta name=\"author\" content=\"Reda\u00e7\u00e3o\" \/>\n<meta name=\"twitter:card\" content=\"summary_large_image\" \/>\n<meta name=\"twitter:creator\" content=\"@Notibras\" \/>\n<meta name=\"twitter:site\" content=\"@Notibras\" \/>\n<meta name=\"twitter:label1\" content=\"Escrito por\" \/>\n\t<meta name=\"twitter:data1\" content=\"Reda\u00e7\u00e3o\" \/>\n\t<meta name=\"twitter:label2\" content=\"Est. tempo de leitura\" \/>\n\t<meta name=\"twitter:data2\" content=\"3 minutos\" \/>\n<script type=\"application\/ld+json\" class=\"yoast-schema-graph\">{\"@context\":\"https:\/\/schema.org\",\"@graph\":[{\"@type\":\"Article\",\"@id\":\"https:\/\/www.notibras.com\/site\/hamilton-e-pole-de-novo-mas-ferrari-de-vettel-quebra-a-dobradinha-da-mercedes\/#article\",\"isPartOf\":{\"@id\":\"https:\/\/www.notibras.com\/site\/hamilton-e-pole-de-novo-mas-ferrari-de-vettel-quebra-a-dobradinha-da-mercedes\/\"},\"author\":{\"name\":\"Reda\u00e7\u00e3o\",\"@id\":\"https:\/\/www.notibras.com\/site\/#\/schema\/person\/36ab0979449956132d3e5b517ea76ac8\"},\"headline\":\"Hamilton \u00e9 pole mas Vettel quebra dobradinha da Mercedes\",\"datePublished\":\"2015-04-18T16:09:04+00:00\",\"dateModified\":\"2015-04-19T00:12:36+00:00\",\"mainEntityOfPage\":{\"@id\":\"https:\/\/www.notibras.com\/site\/hamilton-e-pole-de-novo-mas-ferrari-de-vettel-quebra-a-dobradinha-da-mercedes\/\"},\"wordCount\":692,\"commentCount\":0,\"publisher\":{\"@id\":\"https:\/\/www.notibras.com\/site\/#organization\"},\"image\":{\"@id\":\"https:\/\/www.notibras.com\/site\/hamilton-e-pole-de-novo-mas-ferrari-de-vettel-quebra-a-dobradinha-da-mercedes\/#primaryimage\"},\"thumbnailUrl\":\"https:\/\/www.notibras.com\/site\/wp-content\/uploads\/2015\/04\/bar.18.jpg\",\"articleSection\":[\"Automobilismo\",\"Esportes\"],\"inLanguage\":\"pt-BR\",\"potentialAction\":[{\"@type\":\"CommentAction\",\"name\":\"Comment\",\"target\":[\"https:\/\/www.notibras.com\/site\/hamilton-e-pole-de-novo-mas-ferrari-de-vettel-quebra-a-dobradinha-da-mercedes\/#respond\"]}]},{\"@type\":\"WebPage\",\"@id\":\"https:\/\/www.notibras.com\/site\/hamilton-e-pole-de-novo-mas-ferrari-de-vettel-quebra-a-dobradinha-da-mercedes\/\",\"url\":\"https:\/\/www.notibras.com\/site\/hamilton-e-pole-de-novo-mas-ferrari-de-vettel-quebra-a-dobradinha-da-mercedes\/\",\"name\":\"Hamilton \u00e9 pole mas Vettel quebra dobradinha da Mercedes - Notibras\",\"isPartOf\":{\"@id\":\"https:\/\/www.notibras.com\/site\/#website\"},\"primaryImageOfPage\":{\"@id\":\"https:\/\/www.notibras.com\/site\/hamilton-e-pole-de-novo-mas-ferrari-de-vettel-quebra-a-dobradinha-da-mercedes\/#primaryimage\"},\"image\":{\"@id\":\"https:\/\/www.notibras.com\/site\/hamilton-e-pole-de-novo-mas-ferrari-de-vettel-quebra-a-dobradinha-da-mercedes\/#primaryimage\"},\"thumbnailUrl\":\"https:\/\/www.notibras.com\/site\/wp-content\/uploads\/2015\/04\/bar.18.jpg\",\"datePublished\":\"2015-04-18T16:09:04+00:00\",\"dateModified\":\"2015-04-19T00:12:36+00:00\",\"breadcrumb\":{\"@id\":\"https:\/\/www.notibras.com\/site\/hamilton-e-pole-de-novo-mas-ferrari-de-vettel-quebra-a-dobradinha-da-mercedes\/#breadcrumb\"},\"inLanguage\":\"pt-BR\",\"potentialAction\":[{\"@type\":\"ReadAction\",\"target\":[\"https:\/\/www.notibras.com\/site\/hamilton-e-pole-de-novo-mas-ferrari-de-vettel-quebra-a-dobradinha-da-mercedes\/\"]}]},{\"@type\":\"ImageObject\",\"inLanguage\":\"pt-BR\",\"@id\":\"https:\/\/www.notibras.com\/site\/hamilton-e-pole-de-novo-mas-ferrari-de-vettel-quebra-a-dobradinha-da-mercedes\/#primaryimage\",\"url\":\"https:\/\/www.notibras.com\/site\/wp-content\/uploads\/2015\/04\/bar.18.jpg\",\"contentUrl\":\"https:\/\/www.notibras.com\/site\/wp-content\/uploads\/2015\/04\/bar.18.jpg\",\"width\":460,\"height\":307},{\"@type\":\"BreadcrumbList\",\"@id\":\"https:\/\/www.notibras.com\/site\/hamilton-e-pole-de-novo-mas-ferrari-de-vettel-quebra-a-dobradinha-da-mercedes\/#breadcrumb\",\"itemListElement\":[{\"@type\":\"ListItem\",\"position\":1,\"name\":\"In\u00edcio\",\"item\":\"https:\/\/www.notibras.com\/site\/\"},{\"@type\":\"ListItem\",\"position\":2,\"name\":\"Hamilton \u00e9 pole mas Vettel quebra dobradinha da Mercedes\"}]},{\"@type\":\"WebSite\",\"@id\":\"https:\/\/www.notibras.com\/site\/#website\",\"url\":\"https:\/\/www.notibras.com\/site\/\",\"name\":\"Notibras\",\"description\":\"Not\u00edcias de Bras\u00edlia, do Brasil e do Mundo\",\"publisher\":{\"@id\":\"https:\/\/www.notibras.com\/site\/#organization\"},\"potentialAction\":[{\"@type\":\"SearchAction\",\"target\":{\"@type\":\"EntryPoint\",\"urlTemplate\":\"https:\/\/www.notibras.com\/site\/?s={search_term_string}\"},\"query-input\":{\"@type\":\"PropertyValueSpecification\",\"valueRequired\":true,\"valueName\":\"search_term_string\"}}],\"inLanguage\":\"pt-BR\"},{\"@type\":\"Organization\",\"@id\":\"https:\/\/www.notibras.com\/site\/#organization\",\"name\":\"Grupo Notibras de Comunica\u00e7\u00e3o\",\"url\":\"https:\/\/www.notibras.com\/site\/\",\"logo\":{\"@type\":\"ImageObject\",\"inLanguage\":\"pt-BR\",\"@id\":\"https:\/\/www.notibras.com\/site\/#\/schema\/logo\/image\/\",\"url\":\"https:\/\/www.notibras.com\/site\/wp-content\/uploads\/2023\/01\/notibras23.png\",\"contentUrl\":\"https:\/\/www.notibras.com\/site\/wp-content\/uploads\/2023\/01\/notibras23.png\",\"width\":350,\"height\":87,\"caption\":\"Grupo Notibras de Comunica\u00e7\u00e3o\"},\"image\":{\"@id\":\"https:\/\/www.notibras.com\/site\/#\/schema\/logo\/image\/\"},\"sameAs\":[\"https:\/\/www.facebook.com\/notibras\/\",\"https:\/\/x.com\/Notibras\",\"https:\/\/www.instagram.com\/notibras\/\"]},{\"@type\":\"Person\",\"@id\":\"https:\/\/www.notibras.com\/site\/#\/schema\/person\/36ab0979449956132d3e5b517ea76ac8\",\"name\":\"Reda\u00e7\u00e3o\",\"image\":{\"@type\":\"ImageObject\",\"inLanguage\":\"pt-BR\",\"@id\":\"https:\/\/secure.gravatar.com\/avatar\/e0a867bdedb85fd243eadf09663511f96fc81e0720a4a42581f334ad4303aa6b?s=96&d=mm&r=g\",\"url\":\"https:\/\/secure.gravatar.com\/avatar\/e0a867bdedb85fd243eadf09663511f96fc81e0720a4a42581f334ad4303aa6b?s=96&d=mm&r=g\",\"contentUrl\":\"https:\/\/secure.gravatar.com\/avatar\/e0a867bdedb85fd243eadf09663511f96fc81e0720a4a42581f334ad4303aa6b?s=96&d=mm&r=g\",\"caption\":\"Reda\u00e7\u00e3o\"}}]}<\/script>\n<!-- \/ Yoast SEO plugin. -->","yoast_head_json":{"title":"Hamilton \u00e9 pole mas Vettel quebra dobradinha da Mercedes - Notibras","robots":{"index":"index","follow":"follow","max-snippet":"max-snippet:-1","max-image-preview":"max-image-preview:large","max-video-preview":"max-video-preview:-1"},"canonical":"https:\/\/www.notibras.com\/site\/hamilton-e-pole-de-novo-mas-ferrari-de-vettel-quebra-a-dobradinha-da-mercedes\/","og_locale":"pt_BR","og_type":"article","og_title":"Hamilton \u00e9 pole mas Vettel quebra dobradinha da Mercedes - Notibras","og_description":"Pela primeira vez na carreira, Lewis Hamilton vai largar na frente no GP do Bahrein. O ingl\u00eas marcou sua 42\u00aa pole position e sair\u00e1 da primeira fila pela 12\u00aa vez seguida depois de comandar o treino classificat\u00f3rio da quarta etapa da temporada da F\u00f3rmula 1. A quarta etapa do campeonato tem largada ao meio-dia deste [&hellip;]","og_url":"https:\/\/www.notibras.com\/site\/hamilton-e-pole-de-novo-mas-ferrari-de-vettel-quebra-a-dobradinha-da-mercedes\/","og_site_name":"Notibras","article_publisher":"https:\/\/www.facebook.com\/notibras\/","article_published_time":"2015-04-18T16:09:04+00:00","article_modified_time":"2015-04-19T00:12:36+00:00","og_image":[{"width":460,"height":307,"url":"https:\/\/www.notibras.com\/site\/wp-content\/uploads\/2015\/04\/bar.18.jpg","type":"image\/jpeg"}],"author":"Reda\u00e7\u00e3o","twitter_card":"summary_large_image","twitter_creator":"@Notibras","twitter_site":"@Notibras","twitter_misc":{"Escrito por":"Reda\u00e7\u00e3o","Est. tempo de leitura":"3 minutos"},"schema":{"@context":"https:\/\/schema.org","@graph":[{"@type":"Article","@id":"https:\/\/www.notibras.com\/site\/hamilton-e-pole-de-novo-mas-ferrari-de-vettel-quebra-a-dobradinha-da-mercedes\/#article","isPartOf":{"@id":"https:\/\/www.notibras.com\/site\/hamilton-e-pole-de-novo-mas-ferrari-de-vettel-quebra-a-dobradinha-da-mercedes\/"},"author":{"name":"Reda\u00e7\u00e3o","@id":"https:\/\/www.notibras.com\/site\/#\/schema\/person\/36ab0979449956132d3e5b517ea76ac8"},"headline":"Hamilton \u00e9 pole mas Vettel quebra dobradinha da Mercedes","datePublished":"2015-04-18T16:09:04+00:00","dateModified":"2015-04-19T00:12:36+00:00","mainEntityOfPage":{"@id":"https:\/\/www.notibras.com\/site\/hamilton-e-pole-de-novo-mas-ferrari-de-vettel-quebra-a-dobradinha-da-mercedes\/"},"wordCount":692,"commentCount":0,"publisher":{"@id":"https:\/\/www.notibras.com\/site\/#organization"},"image":{"@id":"https:\/\/www.notibras.com\/site\/hamilton-e-pole-de-novo-mas-ferrari-de-vettel-quebra-a-dobradinha-da-mercedes\/#primaryimage"},"thumbnailUrl":"https:\/\/www.notibras.com\/site\/wp-content\/uploads\/2015\/04\/bar.18.jpg","articleSection":["Automobilismo","Esportes"],"inLanguage":"pt-BR","potentialAction":[{"@type":"CommentAction","name":"Comment","target":["https:\/\/www.notibras.com\/site\/hamilton-e-pole-de-novo-mas-ferrari-de-vettel-quebra-a-dobradinha-da-mercedes\/#respond"]}]},{"@type":"WebPage","@id":"https:\/\/www.notibras.com\/site\/hamilton-e-pole-de-novo-mas-ferrari-de-vettel-quebra-a-dobradinha-da-mercedes\/","url":"https:\/\/www.notibras.com\/site\/hamilton-e-pole-de-novo-mas-ferrari-de-vettel-quebra-a-dobradinha-da-mercedes\/","name":"Hamilton \u00e9 pole mas Vettel quebra dobradinha da Mercedes - Notibras","isPartOf":{"@id":"https:\/\/www.notibras.com\/site\/#website"},"primaryImageOfPage":{"@id":"https:\/\/www.notibras.com\/site\/hamilton-e-pole-de-novo-mas-ferrari-de-vettel-quebra-a-dobradinha-da-mercedes\/#primaryimage"},"image":{"@id":"https:\/\/www.notibras.com\/site\/hamilton-e-pole-de-novo-mas-ferrari-de-vettel-quebra-a-dobradinha-da-mercedes\/#primaryimage"},"thumbnailUrl":"https:\/\/www.notibras.com\/site\/wp-content\/uploads\/2015\/04\/bar.18.jpg","datePublished":"2015-04-18T16:09:04+00:00","dateModified":"2015-04-19T00:12:36+00:00","breadcrumb":{"@id":"https:\/\/www.notibras.com\/site\/hamilton-e-pole-de-novo-mas-ferrari-de-vettel-quebra-a-dobradinha-da-mercedes\/#breadcrumb"},"inLanguage":"pt-BR","potentialAction":[{"@type":"ReadAction","target":["https:\/\/www.notibras.com\/site\/hamilton-e-pole-de-novo-mas-ferrari-de-vettel-quebra-a-dobradinha-da-mercedes\/"]}]},{"@type":"ImageObject","inLanguage":"pt-BR","@id":"https:\/\/www.notibras.com\/site\/hamilton-e-pole-de-novo-mas-ferrari-de-vettel-quebra-a-dobradinha-da-mercedes\/#primaryimage","url":"https:\/\/www.notibras.com\/site\/wp-content\/uploads\/2015\/04\/bar.18.jpg","contentUrl":"https:\/\/www.notibras.com\/site\/wp-content\/uploads\/2015\/04\/bar.18.jpg","width":460,"height":307},{"@type":"BreadcrumbList","@id":"https:\/\/www.notibras.com\/site\/hamilton-e-pole-de-novo-mas-ferrari-de-vettel-quebra-a-dobradinha-da-mercedes\/#breadcrumb","itemListElement":[{"@type":"ListItem","position":1,"name":"In\u00edcio","item":"https:\/\/www.notibras.com\/site\/"},{"@type":"ListItem","position":2,"name":"Hamilton \u00e9 pole mas Vettel quebra dobradinha da Mercedes"}]},{"@type":"WebSite","@id":"https:\/\/www.notibras.com\/site\/#website","url":"https:\/\/www.notibras.com\/site\/","name":"Notibras","description":"Not\u00edcias de Bras\u00edlia, do Brasil e do Mundo","publisher":{"@id":"https:\/\/www.notibras.com\/site\/#organization"},"potentialAction":[{"@type":"SearchAction","target":{"@type":"EntryPoint","urlTemplate":"https:\/\/www.notibras.com\/site\/?s={search_term_string}"},"query-input":{"@type":"PropertyValueSpecification","valueRequired":true,"valueName":"search_term_string"}}],"inLanguage":"pt-BR"},{"@type":"Organization","@id":"https:\/\/www.notibras.com\/site\/#organization","name":"Grupo Notibras de Comunica\u00e7\u00e3o","url":"https:\/\/www.notibras.com\/site\/","logo":{"@type":"ImageObject","inLanguage":"pt-BR","@id":"https:\/\/www.notibras.com\/site\/#\/schema\/logo\/image\/","url":"https:\/\/www.notibras.com\/site\/wp-content\/uploads\/2023\/01\/notibras23.png","contentUrl":"https:\/\/www.notibras.com\/site\/wp-content\/uploads\/2023\/01\/notibras23.png","width":350,"height":87,"caption":"Grupo Notibras de Comunica\u00e7\u00e3o"},"image":{"@id":"https:\/\/www.notibras.com\/site\/#\/schema\/logo\/image\/"},"sameAs":["https:\/\/www.facebook.com\/notibras\/","https:\/\/x.com\/Notibras","https:\/\/www.instagram.com\/notibras\/"]},{"@type":"Person","@id":"https:\/\/www.notibras.com\/site\/#\/schema\/person\/36ab0979449956132d3e5b517ea76ac8","name":"Reda\u00e7\u00e3o","image":{"@type":"ImageObject","inLanguage":"pt-BR","@id":"https:\/\/secure.gravatar.com\/avatar\/e0a867bdedb85fd243eadf09663511f96fc81e0720a4a42581f334ad4303aa6b?s=96&d=mm&r=g","url":"https:\/\/secure.gravatar.com\/avatar\/e0a867bdedb85fd243eadf09663511f96fc81e0720a4a42581f334ad4303aa6b?s=96&d=mm&r=g","contentUrl":"https:\/\/secure.gravatar.com\/avatar\/e0a867bdedb85fd243eadf09663511f96fc81e0720a4a42581f334ad4303aa6b?s=96&d=mm&r=g","caption":"Reda\u00e7\u00e3o"}}]}},"amp_enabled":true,"_links":{"self":[{"href":"https:\/\/www.notibras.com\/site\/wp-json\/wp\/v2\/posts\/44531","targetHints":{"allow":["GET"]}}],"collection":[{"href":"https:\/\/www.notibras.com\/site\/wp-json\/wp\/v2\/posts"}],"about":[{"href":"https:\/\/www.notibras.com\/site\/wp-json\/wp\/v2\/types\/post"}],"author":[{"embeddable":true,"href":"https:\/\/www.notibras.com\/site\/wp-json\/wp\/v2\/users\/2"}],"replies":[{"embeddable":true,"href":"https:\/\/www.notibras.com\/site\/wp-json\/wp\/v2\/comments?post=44531"}],"version-history":[{"count":0,"href":"https:\/\/www.notibras.com\/site\/wp-json\/wp\/v2\/posts\/44531\/revisions"}],"wp:featuredmedia":[{"embeddable":true,"href":"https:\/\/www.notibras.com\/site\/wp-json\/wp\/v2\/media\/44532"}],"wp:attachment":[{"href":"https:\/\/www.notibras.com\/site\/wp-json\/wp\/v2\/media?parent=44531"}],"wp:term":[{"taxonomy":"category","embeddable":true,"href":"https:\/\/www.notibras.com\/site\/wp-json\/wp\/v2\/categories?post=44531"},{"taxonomy":"post_tag","embeddable":true,"href":"https:\/\/www.notibras.com\/site\/wp-json\/wp\/v2\/tags?post=44531"}],"curies":[{"name":"wp","href":"https:\/\/api.w.org\/{rel}","templated":true}]}}