{"id":44549,"date":"2015-04-19T18:01:44","date_gmt":"2015-04-19T21:01:44","guid":{"rendered":"http:\/\/www.notibras.com\/site\/?p=44549"},"modified":"2015-04-19T19:37:44","modified_gmt":"2015-04-19T22:37:44","slug":"confronto-de-cunha-com-pt-deixa-temer-em-saia-justa","status":"publish","type":"post","link":"https:\/\/www.notibras.com\/site\/confronto-de-cunha-com-pt-deixa-temer-em-saia-justa\/","title":{"rendered":"Confronto de Cunha com PT deixa Michel Temer em saia justa"},"content":{"rendered":"<p>Com carta branca concedida pela presidente Dilma Rousseff para agir na \u00e1rea pol\u00edtica, o vice-presidente Michel Temer, presidente nacional o PMDB, est\u00e1 sendo desafiado pela guerra declarada entre PT e o presidente da C\u00e2mara, seu correligion\u00e1rio deputado Eduardo Cunha.<\/p>\n<p>Se petistas e peemedebistas n\u00e3o se acertarem na C\u00e2mara, a miss\u00e3o de Temer, no sentido de pacificar a \u00e1rea governista no Congresso Nacional poder\u00e1 ir para o espa\u00e7o.\u00a0 Ele tamb\u00e9m cair\u00e1 no descr\u00e9dito total.<\/p>\n<blockquote><p>\u201cO PT, em todo o pa\u00eds, procura criar contencioso com o PMDB\u201d, declarou Eduardo Cunha em Jo\u00e3o Pessoa (PB), em cuja Assembleia Legislativa foi hostilizado por movimentos petistas. Debatia-se, na ocasi\u00e3o, a reforma pol\u00edtica e o pacto federativo.<\/p><\/blockquote>\n<p>No momento os principais conflitos do PT com o PMDB est\u00e3o relacionados a alguns pontos da reforma pol\u00edtica, como o financiamento p\u00fablico de campanha e o voto em lista pr\u00e9-ordenada, defendidos pelos petistas.<\/p>\n<p>O PMDB defende o voto \u201cdistrit\u00e3o\u201d- voto majorit\u00e1rio no Estado, onde os mais votados s\u00e3o os eleitos- e o financiamento privado com restri\u00e7\u00f5es. S\u00e3o posi\u00e7\u00f5es bem diferentes do PT.<\/p>\n<p>O presidente Eduardo Cunha j\u00e1 marcou a vota\u00e7\u00e3o da reforma pol\u00edtica no dia 26 de maio. Sua ideia \u00e9 que as mudan\u00e7as sejam aprovadas ate o fim de setembro, para que possam vigorar nas elei\u00e7\u00f5es municipais de outubro de 2016.<\/p>\n<p><strong>Cl\u00e1udio Coletti<\/strong><\/p>\n","protected":false},"excerpt":{"rendered":"<p>Com carta branca concedida pela presidente Dilma Rousseff para agir na \u00e1rea pol\u00edtica, o vice-presidente Michel Temer, presidente nacional o PMDB, est\u00e1 sendo desafiado pela guerra declarada entre PT e o presidente da C\u00e2mara, seu correligion\u00e1rio deputado Eduardo Cunha. Se petistas e peemedebistas n\u00e3o se acertarem na C\u00e2mara, a miss\u00e3o de Temer, no sentido de [&hellip;]<\/p>\n","protected":false},"author":2,"featured_media":44550,"comment_status":"open","ping_status":"closed","sticky":false,"template":"","format":"standard","meta":{"_acf_changed":false,"footnotes":""},"categories":[25],"tags":[],"class_list":["post-44549","post","type-post","status-publish","format-standard","has-post-thumbnail","hentry","category-opina-ai"],"acf":[],"yoast_head":"<!-- This site is optimized with the Yoast SEO plugin v27.5 - https:\/\/yoast.com\/product\/yoast-seo-wordpress\/ -->\n<title>Confronto de Cunha com PT deixa Michel Temer em saia justa - Notibras<\/title>\n<meta name=\"robots\" content=\"index, follow, max-snippet:-1, max-image-preview:large, max-video-preview:-1\" \/>\n<link rel=\"canonical\" href=\"https:\/\/www.notibras.com\/site\/confronto-de-cunha-com-pt-deixa-temer-em-saia-justa\/\" \/>\n<meta property=\"og:locale\" content=\"pt_BR\" \/>\n<meta property=\"og:type\" content=\"article\" \/>\n<meta property=\"og:title\" content=\"Confronto de Cunha com PT deixa Michel Temer em saia justa - Notibras\" \/>\n<meta property=\"og:description\" content=\"Com carta branca concedida pela presidente Dilma Rousseff para agir na \u00e1rea pol\u00edtica, o vice-presidente Michel Temer, presidente nacional o PMDB, est\u00e1 sendo desafiado pela guerra declarada entre PT e o presidente da C\u00e2mara, seu correligion\u00e1rio deputado Eduardo Cunha. Se petistas e peemedebistas n\u00e3o se acertarem na C\u00e2mara, a miss\u00e3o de Temer, no sentido de [&hellip;]\" \/>\n<meta property=\"og:url\" content=\"https:\/\/www.notibras.com\/site\/confronto-de-cunha-com-pt-deixa-temer-em-saia-justa\/\" \/>\n<meta property=\"og:site_name\" content=\"Notibras\" \/>\n<meta property=\"article:publisher\" content=\"https:\/\/www.facebook.com\/notibras\/\" \/>\n<meta property=\"article:published_time\" content=\"2015-04-19T21:01:44+00:00\" \/>\n<meta property=\"article:modified_time\" content=\"2015-04-19T22:37:44+00:00\" \/>\n<meta property=\"og:image\" content=\"https:\/\/www.notibras.com\/site\/wp-content\/uploads\/2015\/04\/cunhatemer.jpg\" \/>\n\t<meta property=\"og:image:width\" content=\"850\" \/>\n\t<meta property=\"og:image:height\" content=\"565\" \/>\n\t<meta property=\"og:image:type\" content=\"image\/jpeg\" \/>\n<meta name=\"author\" content=\"Reda\u00e7\u00e3o\" \/>\n<meta name=\"twitter:card\" content=\"summary_large_image\" \/>\n<meta name=\"twitter:creator\" content=\"@Notibras\" \/>\n<meta name=\"twitter:site\" content=\"@Notibras\" \/>\n<meta name=\"twitter:label1\" content=\"Escrito por\" \/>\n\t<meta name=\"twitter:data1\" content=\"Reda\u00e7\u00e3o\" \/>\n\t<meta name=\"twitter:label2\" content=\"Est. tempo de leitura\" \/>\n\t<meta name=\"twitter:data2\" content=\"1 minuto\" \/>\n<script type=\"application\/ld+json\" class=\"yoast-schema-graph\">{\"@context\":\"https:\\\/\\\/schema.org\",\"@graph\":[{\"@type\":\"Article\",\"@id\":\"https:\\\/\\\/www.notibras.com\\\/site\\\/confronto-de-cunha-com-pt-deixa-temer-em-saia-justa\\\/#article\",\"isPartOf\":{\"@id\":\"https:\\\/\\\/www.notibras.com\\\/site\\\/confronto-de-cunha-com-pt-deixa-temer-em-saia-justa\\\/\"},\"author\":{\"name\":\"Reda\u00e7\u00e3o\",\"@id\":\"https:\\\/\\\/www.notibras.com\\\/site\\\/#\\\/schema\\\/person\\\/36ab0979449956132d3e5b517ea76ac8\"},\"headline\":\"Confronto de Cunha com PT deixa Michel Temer em saia justa\",\"datePublished\":\"2015-04-19T21:01:44+00:00\",\"dateModified\":\"2015-04-19T22:37:44+00:00\",\"mainEntityOfPage\":{\"@id\":\"https:\\\/\\\/www.notibras.com\\\/site\\\/confronto-de-cunha-com-pt-deixa-temer-em-saia-justa\\\/\"},\"wordCount\":252,\"commentCount\":0,\"publisher\":{\"@id\":\"https:\\\/\\\/www.notibras.com\\\/site\\\/#organization\"},\"image\":{\"@id\":\"https:\\\/\\\/www.notibras.com\\\/site\\\/confronto-de-cunha-com-pt-deixa-temer-em-saia-justa\\\/#primaryimage\"},\"thumbnailUrl\":\"https:\\\/\\\/www.notibras.com\\\/site\\\/wp-content\\\/uploads\\\/2015\\\/04\\\/cunhatemer.jpg\",\"articleSection\":[\"Opina a\u00ed\"],\"inLanguage\":\"pt-BR\",\"potentialAction\":[{\"@type\":\"CommentAction\",\"name\":\"Comment\",\"target\":[\"https:\\\/\\\/www.notibras.com\\\/site\\\/confronto-de-cunha-com-pt-deixa-temer-em-saia-justa\\\/#respond\"]}]},{\"@type\":\"WebPage\",\"@id\":\"https:\\\/\\\/www.notibras.com\\\/site\\\/confronto-de-cunha-com-pt-deixa-temer-em-saia-justa\\\/\",\"url\":\"https:\\\/\\\/www.notibras.com\\\/site\\\/confronto-de-cunha-com-pt-deixa-temer-em-saia-justa\\\/\",\"name\":\"Confronto de Cunha com PT deixa Michel Temer em saia justa - Notibras\",\"isPartOf\":{\"@id\":\"https:\\\/\\\/www.notibras.com\\\/site\\\/#website\"},\"primaryImageOfPage\":{\"@id\":\"https:\\\/\\\/www.notibras.com\\\/site\\\/confronto-de-cunha-com-pt-deixa-temer-em-saia-justa\\\/#primaryimage\"},\"image\":{\"@id\":\"https:\\\/\\\/www.notibras.com\\\/site\\\/confronto-de-cunha-com-pt-deixa-temer-em-saia-justa\\\/#primaryimage\"},\"thumbnailUrl\":\"https:\\\/\\\/www.notibras.com\\\/site\\\/wp-content\\\/uploads\\\/2015\\\/04\\\/cunhatemer.jpg\",\"datePublished\":\"2015-04-19T21:01:44+00:00\",\"dateModified\":\"2015-04-19T22:37:44+00:00\",\"breadcrumb\":{\"@id\":\"https:\\\/\\\/www.notibras.com\\\/site\\\/confronto-de-cunha-com-pt-deixa-temer-em-saia-justa\\\/#breadcrumb\"},\"inLanguage\":\"pt-BR\",\"potentialAction\":[{\"@type\":\"ReadAction\",\"target\":[\"https:\\\/\\\/www.notibras.com\\\/site\\\/confronto-de-cunha-com-pt-deixa-temer-em-saia-justa\\\/\"]}]},{\"@type\":\"ImageObject\",\"inLanguage\":\"pt-BR\",\"@id\":\"https:\\\/\\\/www.notibras.com\\\/site\\\/confronto-de-cunha-com-pt-deixa-temer-em-saia-justa\\\/#primaryimage\",\"url\":\"https:\\\/\\\/www.notibras.com\\\/site\\\/wp-content\\\/uploads\\\/2015\\\/04\\\/cunhatemer.jpg\",\"contentUrl\":\"https:\\\/\\\/www.notibras.com\\\/site\\\/wp-content\\\/uploads\\\/2015\\\/04\\\/cunhatemer.jpg\",\"width\":850,\"height\":565},{\"@type\":\"BreadcrumbList\",\"@id\":\"https:\\\/\\\/www.notibras.com\\\/site\\\/confronto-de-cunha-com-pt-deixa-temer-em-saia-justa\\\/#breadcrumb\",\"itemListElement\":[{\"@type\":\"ListItem\",\"position\":1,\"name\":\"In\u00edcio\",\"item\":\"https:\\\/\\\/www.notibras.com\\\/site\\\/\"},{\"@type\":\"ListItem\",\"position\":2,\"name\":\"Confronto de Cunha com PT deixa Michel Temer em saia justa\"}]},{\"@type\":\"WebSite\",\"@id\":\"https:\\\/\\\/www.notibras.com\\\/site\\\/#website\",\"url\":\"https:\\\/\\\/www.notibras.com\\\/site\\\/\",\"name\":\"Notibras\",\"description\":\"Not\u00edcias de Bras\u00edlia, do Brasil e do Mundo\",\"publisher\":{\"@id\":\"https:\\\/\\\/www.notibras.com\\\/site\\\/#organization\"},\"potentialAction\":[{\"@type\":\"SearchAction\",\"target\":{\"@type\":\"EntryPoint\",\"urlTemplate\":\"https:\\\/\\\/www.notibras.com\\\/site\\\/?s={search_term_string}\"},\"query-input\":{\"@type\":\"PropertyValueSpecification\",\"valueRequired\":true,\"valueName\":\"search_term_string\"}}],\"inLanguage\":\"pt-BR\"},{\"@type\":\"Organization\",\"@id\":\"https:\\\/\\\/www.notibras.com\\\/site\\\/#organization\",\"name\":\"Grupo Notibras de Comunica\u00e7\u00e3o\",\"url\":\"https:\\\/\\\/www.notibras.com\\\/site\\\/\",\"logo\":{\"@type\":\"ImageObject\",\"inLanguage\":\"pt-BR\",\"@id\":\"https:\\\/\\\/www.notibras.com\\\/site\\\/#\\\/schema\\\/logo\\\/image\\\/\",\"url\":\"https:\\\/\\\/www.notibras.com\\\/site\\\/wp-content\\\/uploads\\\/2023\\\/01\\\/notibras23.png\",\"contentUrl\":\"https:\\\/\\\/www.notibras.com\\\/site\\\/wp-content\\\/uploads\\\/2023\\\/01\\\/notibras23.png\",\"width\":350,\"height\":87,\"caption\":\"Grupo Notibras de Comunica\u00e7\u00e3o\"},\"image\":{\"@id\":\"https:\\\/\\\/www.notibras.com\\\/site\\\/#\\\/schema\\\/logo\\\/image\\\/\"},\"sameAs\":[\"https:\\\/\\\/www.facebook.com\\\/notibras\\\/\",\"https:\\\/\\\/x.com\\\/Notibras\",\"https:\\\/\\\/www.instagram.com\\\/notibras\\\/\"]},{\"@type\":\"Person\",\"@id\":\"https:\\\/\\\/www.notibras.com\\\/site\\\/#\\\/schema\\\/person\\\/36ab0979449956132d3e5b517ea76ac8\",\"name\":\"Reda\u00e7\u00e3o\",\"image\":{\"@type\":\"ImageObject\",\"inLanguage\":\"pt-BR\",\"@id\":\"https:\\\/\\\/secure.gravatar.com\\\/avatar\\\/e0a867bdedb85fd243eadf09663511f96fc81e0720a4a42581f334ad4303aa6b?s=96&d=mm&r=g\",\"url\":\"https:\\\/\\\/secure.gravatar.com\\\/avatar\\\/e0a867bdedb85fd243eadf09663511f96fc81e0720a4a42581f334ad4303aa6b?s=96&d=mm&r=g\",\"contentUrl\":\"https:\\\/\\\/secure.gravatar.com\\\/avatar\\\/e0a867bdedb85fd243eadf09663511f96fc81e0720a4a42581f334ad4303aa6b?s=96&d=mm&r=g\",\"caption\":\"Reda\u00e7\u00e3o\"}}]}<\/script>\n<!-- \/ Yoast SEO plugin. -->","yoast_head_json":{"title":"Confronto de Cunha com PT deixa Michel Temer em saia justa - Notibras","robots":{"index":"index","follow":"follow","max-snippet":"max-snippet:-1","max-image-preview":"max-image-preview:large","max-video-preview":"max-video-preview:-1"},"canonical":"https:\/\/www.notibras.com\/site\/confronto-de-cunha-com-pt-deixa-temer-em-saia-justa\/","og_locale":"pt_BR","og_type":"article","og_title":"Confronto de Cunha com PT deixa Michel Temer em saia justa - Notibras","og_description":"Com carta branca concedida pela presidente Dilma Rousseff para agir na \u00e1rea pol\u00edtica, o vice-presidente Michel Temer, presidente nacional o PMDB, est\u00e1 sendo desafiado pela guerra declarada entre PT e o presidente da C\u00e2mara, seu correligion\u00e1rio deputado Eduardo Cunha. Se petistas e peemedebistas n\u00e3o se acertarem na C\u00e2mara, a miss\u00e3o de Temer, no sentido de [&hellip;]","og_url":"https:\/\/www.notibras.com\/site\/confronto-de-cunha-com-pt-deixa-temer-em-saia-justa\/","og_site_name":"Notibras","article_publisher":"https:\/\/www.facebook.com\/notibras\/","article_published_time":"2015-04-19T21:01:44+00:00","article_modified_time":"2015-04-19T22:37:44+00:00","og_image":[{"width":850,"height":565,"url":"https:\/\/www.notibras.com\/site\/wp-content\/uploads\/2015\/04\/cunhatemer.jpg","type":"image\/jpeg"}],"author":"Reda\u00e7\u00e3o","twitter_card":"summary_large_image","twitter_creator":"@Notibras","twitter_site":"@Notibras","twitter_misc":{"Escrito por":"Reda\u00e7\u00e3o","Est. tempo de leitura":"1 minuto"},"schema":{"@context":"https:\/\/schema.org","@graph":[{"@type":"Article","@id":"https:\/\/www.notibras.com\/site\/confronto-de-cunha-com-pt-deixa-temer-em-saia-justa\/#article","isPartOf":{"@id":"https:\/\/www.notibras.com\/site\/confronto-de-cunha-com-pt-deixa-temer-em-saia-justa\/"},"author":{"name":"Reda\u00e7\u00e3o","@id":"https:\/\/www.notibras.com\/site\/#\/schema\/person\/36ab0979449956132d3e5b517ea76ac8"},"headline":"Confronto de Cunha com PT deixa Michel Temer em saia justa","datePublished":"2015-04-19T21:01:44+00:00","dateModified":"2015-04-19T22:37:44+00:00","mainEntityOfPage":{"@id":"https:\/\/www.notibras.com\/site\/confronto-de-cunha-com-pt-deixa-temer-em-saia-justa\/"},"wordCount":252,"commentCount":0,"publisher":{"@id":"https:\/\/www.notibras.com\/site\/#organization"},"image":{"@id":"https:\/\/www.notibras.com\/site\/confronto-de-cunha-com-pt-deixa-temer-em-saia-justa\/#primaryimage"},"thumbnailUrl":"https:\/\/www.notibras.com\/site\/wp-content\/uploads\/2015\/04\/cunhatemer.jpg","articleSection":["Opina a\u00ed"],"inLanguage":"pt-BR","potentialAction":[{"@type":"CommentAction","name":"Comment","target":["https:\/\/www.notibras.com\/site\/confronto-de-cunha-com-pt-deixa-temer-em-saia-justa\/#respond"]}]},{"@type":"WebPage","@id":"https:\/\/www.notibras.com\/site\/confronto-de-cunha-com-pt-deixa-temer-em-saia-justa\/","url":"https:\/\/www.notibras.com\/site\/confronto-de-cunha-com-pt-deixa-temer-em-saia-justa\/","name":"Confronto de Cunha com PT deixa Michel Temer em saia justa - Notibras","isPartOf":{"@id":"https:\/\/www.notibras.com\/site\/#website"},"primaryImageOfPage":{"@id":"https:\/\/www.notibras.com\/site\/confronto-de-cunha-com-pt-deixa-temer-em-saia-justa\/#primaryimage"},"image":{"@id":"https:\/\/www.notibras.com\/site\/confronto-de-cunha-com-pt-deixa-temer-em-saia-justa\/#primaryimage"},"thumbnailUrl":"https:\/\/www.notibras.com\/site\/wp-content\/uploads\/2015\/04\/cunhatemer.jpg","datePublished":"2015-04-19T21:01:44+00:00","dateModified":"2015-04-19T22:37:44+00:00","breadcrumb":{"@id":"https:\/\/www.notibras.com\/site\/confronto-de-cunha-com-pt-deixa-temer-em-saia-justa\/#breadcrumb"},"inLanguage":"pt-BR","potentialAction":[{"@type":"ReadAction","target":["https:\/\/www.notibras.com\/site\/confronto-de-cunha-com-pt-deixa-temer-em-saia-justa\/"]}]},{"@type":"ImageObject","inLanguage":"pt-BR","@id":"https:\/\/www.notibras.com\/site\/confronto-de-cunha-com-pt-deixa-temer-em-saia-justa\/#primaryimage","url":"https:\/\/www.notibras.com\/site\/wp-content\/uploads\/2015\/04\/cunhatemer.jpg","contentUrl":"https:\/\/www.notibras.com\/site\/wp-content\/uploads\/2015\/04\/cunhatemer.jpg","width":850,"height":565},{"@type":"BreadcrumbList","@id":"https:\/\/www.notibras.com\/site\/confronto-de-cunha-com-pt-deixa-temer-em-saia-justa\/#breadcrumb","itemListElement":[{"@type":"ListItem","position":1,"name":"In\u00edcio","item":"https:\/\/www.notibras.com\/site\/"},{"@type":"ListItem","position":2,"name":"Confronto de Cunha com PT deixa Michel Temer em saia justa"}]},{"@type":"WebSite","@id":"https:\/\/www.notibras.com\/site\/#website","url":"https:\/\/www.notibras.com\/site\/","name":"Notibras","description":"Not\u00edcias de Bras\u00edlia, do Brasil e do Mundo","publisher":{"@id":"https:\/\/www.notibras.com\/site\/#organization"},"potentialAction":[{"@type":"SearchAction","target":{"@type":"EntryPoint","urlTemplate":"https:\/\/www.notibras.com\/site\/?s={search_term_string}"},"query-input":{"@type":"PropertyValueSpecification","valueRequired":true,"valueName":"search_term_string"}}],"inLanguage":"pt-BR"},{"@type":"Organization","@id":"https:\/\/www.notibras.com\/site\/#organization","name":"Grupo Notibras de Comunica\u00e7\u00e3o","url":"https:\/\/www.notibras.com\/site\/","logo":{"@type":"ImageObject","inLanguage":"pt-BR","@id":"https:\/\/www.notibras.com\/site\/#\/schema\/logo\/image\/","url":"https:\/\/www.notibras.com\/site\/wp-content\/uploads\/2023\/01\/notibras23.png","contentUrl":"https:\/\/www.notibras.com\/site\/wp-content\/uploads\/2023\/01\/notibras23.png","width":350,"height":87,"caption":"Grupo Notibras de Comunica\u00e7\u00e3o"},"image":{"@id":"https:\/\/www.notibras.com\/site\/#\/schema\/logo\/image\/"},"sameAs":["https:\/\/www.facebook.com\/notibras\/","https:\/\/x.com\/Notibras","https:\/\/www.instagram.com\/notibras\/"]},{"@type":"Person","@id":"https:\/\/www.notibras.com\/site\/#\/schema\/person\/36ab0979449956132d3e5b517ea76ac8","name":"Reda\u00e7\u00e3o","image":{"@type":"ImageObject","inLanguage":"pt-BR","@id":"https:\/\/secure.gravatar.com\/avatar\/e0a867bdedb85fd243eadf09663511f96fc81e0720a4a42581f334ad4303aa6b?s=96&d=mm&r=g","url":"https:\/\/secure.gravatar.com\/avatar\/e0a867bdedb85fd243eadf09663511f96fc81e0720a4a42581f334ad4303aa6b?s=96&d=mm&r=g","contentUrl":"https:\/\/secure.gravatar.com\/avatar\/e0a867bdedb85fd243eadf09663511f96fc81e0720a4a42581f334ad4303aa6b?s=96&d=mm&r=g","caption":"Reda\u00e7\u00e3o"}}]}},"amp_enabled":true,"_links":{"self":[{"href":"https:\/\/www.notibras.com\/site\/wp-json\/wp\/v2\/posts\/44549","targetHints":{"allow":["GET"]}}],"collection":[{"href":"https:\/\/www.notibras.com\/site\/wp-json\/wp\/v2\/posts"}],"about":[{"href":"https:\/\/www.notibras.com\/site\/wp-json\/wp\/v2\/types\/post"}],"author":[{"embeddable":true,"href":"https:\/\/www.notibras.com\/site\/wp-json\/wp\/v2\/users\/2"}],"replies":[{"embeddable":true,"href":"https:\/\/www.notibras.com\/site\/wp-json\/wp\/v2\/comments?post=44549"}],"version-history":[{"count":0,"href":"https:\/\/www.notibras.com\/site\/wp-json\/wp\/v2\/posts\/44549\/revisions"}],"wp:featuredmedia":[{"embeddable":true,"href":"https:\/\/www.notibras.com\/site\/wp-json\/wp\/v2\/media\/44550"}],"wp:attachment":[{"href":"https:\/\/www.notibras.com\/site\/wp-json\/wp\/v2\/media?parent=44549"}],"wp:term":[{"taxonomy":"category","embeddable":true,"href":"https:\/\/www.notibras.com\/site\/wp-json\/wp\/v2\/categories?post=44549"},{"taxonomy":"post_tag","embeddable":true,"href":"https:\/\/www.notibras.com\/site\/wp-json\/wp\/v2\/tags?post=44549"}],"curies":[{"name":"wp","href":"https:\/\/api.w.org\/{rel}","templated":true}]}}