{"id":44598,"date":"2015-04-19T11:38:14","date_gmt":"2015-04-19T14:38:14","guid":{"rendered":"http:\/\/www.notibras.com\/site\/?p=44598"},"modified":"2015-04-19T11:38:14","modified_gmt":"2015-04-19T14:38:14","slug":"sociedade-assiste-em-silencio-morte-dos-nossos-jovens-pobres","status":"publish","type":"post","link":"https:\/\/www.notibras.com\/site\/sociedade-assiste-em-silencio-morte-dos-nossos-jovens-pobres\/","title":{"rendered":"Sociedade assiste em sil\u00eancio morte dos nossos jovens pobres"},"content":{"rendered":"<p>Essa declara\u00e7\u00e3o n\u00e3o sai da minha cabe\u00e7a: &#8220;ele estava sentando no sof\u00e1 comigo. Foi quest\u00e3o de segundos. Ele saiu e sentou no batente da porta. Teve um estrondo e, quando olhei, parte do cr\u00e2nio do meu filho estava na sala e ele ca\u00eddo l\u00e1 embaixo morto&#8221;.<\/p>\n<p>Palavras da m\u00e3e do menino Eduardo, que foi v\u00edtima de bala perdida no come\u00e7o deste m\u00eas, no Complexo do Alem\u00e3o, zona norte do Rio. O que significar\u00e1 para ela viver at\u00e9 a morte com essa lembran\u00e7a?<\/p>\n<p>O que h\u00e1 em comum nas mortes que ocorrem na favela? Pobre est\u00e1 matando pobre. \u00c9 isso o que acontece quando traficante mata traficante, traficante mata policial, policial mata traficante, traficante e policial matam morador.<\/p>\n<p>N\u00e3o estou dizendo que seja da natureza do pobre matar. A maioria trabalha duro. N\u00e3o estou declarando que o pobre seja o problema. Tamb\u00e9m n\u00e3o estou eliminando a responsabilidade pessoal, mas afirmando-a. Falo sobre aquilo que desperta em um homem, e que n\u00e3o se manifestaria se n\u00e3o tivesse sido provocado.<\/p>\n<p>Algoz e v\u00edtima se confundem nessa hist\u00f3ria. O injustific\u00e1vel, a pr\u00e1tica criminosa, n\u00e3o \u00e9 sem causa. O problema central \u00e9 quem est\u00e1 acima do pobre: o Estado, que joga brasileiro contra brasileiro.<\/p>\n<p>Quem \u00e9 respons\u00e1vel pela n\u00e3o implementa\u00e7\u00e3o de pol\u00edticas p\u00fablicas nas favelas do Rio de Janeiro? Quem \u00e9 respons\u00e1vel pelo saque aos cofres p\u00fablicos, que impede o investimento do dinheiro de nossos impostos nas comunidades pobres do Brasil? Quem \u00e9 respons\u00e1vel pelo sistema prisional brasileiro funcionar como universidade do crime? Quem \u00e9 respons\u00e1vel pela lentid\u00e3o e pela inefic\u00e1cia do nosso sistema de justi\u00e7a criminal? Quem \u00e9 respons\u00e1vel pelo baix\u00edssimo \u00edndice de elucida\u00e7\u00e3o de autoria de homic\u00eddio doloso no Brasil?<\/p>\n<p>Quem \u00e9 respons\u00e1vel pelo fato de nossas crian\u00e7as n\u00e3o demonstrarem encanto pelas escolas p\u00fablicas? Quem \u00e9 respons\u00e1vel por enviar o policial para becos escuros, em comunidades nas quais reina a mis\u00e9ria, abandonadas pelo Estado, a fim de que ele preserve sozinho a ordem p\u00fablica? Quem \u00e9 respons\u00e1vel pelo pagamento de sal\u00e1rio que n\u00e3o condiz com os riscos que os policiais correm no exerc\u00edcio de uma das profiss\u00f5es mais dif\u00edceis de serem exercidas no Rio de Janeiro? Quem \u00e9 respons\u00e1vel pela falta de puni\u00e7\u00e3o dos crimes de abuso de poder cometidos por policiais? Quem \u00e9 respons\u00e1vel por termos a s\u00e9tima economia do mundo e ao mesmo tempo sermos o 79\u00ba pa\u00eds em \u00cdndice de Desenvolvimento Humano?<\/p>\n<p>Dever\u00edamos ter vergonha disso tudo. A classe m\u00e9dia brasileira, contudo, assiste passivamente ao massacre, que nos \u00faltimos 12 anos representou a morte por homic\u00eddio de 600 mil brasileiros, 80% dos quais moradores de comunidades pobres.<\/p>\n<blockquote><p>Temos um Estado corrupto e incompetente. Mas tamb\u00e9m temos milh\u00f5es de cidad\u00e3os brasileiros esclarecidos que ainda n\u00e3o aprenderam o significado de dar voz aos sem voz e visibilidade aos invis\u00edveis. H\u00e1 pessoas no Brasil que gritam e n\u00e3o s\u00e3o ouvidas, pelas quais passamos sem perceber sua exist\u00eancia.<\/p><\/blockquote>\n<p>S\u00e3o essas que, enquanto enterram seus filhos assassinados, limpam nossas casas, varrem nossas ruas, passam nossa roupa. Coadjuvantes da vida que voc\u00ea e eu vivemos. Como diz Chico Buarque, na can\u00e7\u00e3o &#8220;Brejo da cruz&#8221;, &#8220;&#8230; e ningu\u00e9m pergunta de onde essa gente vem&#8221;.<\/p>\n<p>Tony Judt, historiador ingl\u00eas, no seu livro &#8220;O mal ronda a terra&#8221;, faz declara\u00e7\u00e3o que deveria ser ouvida por todos n\u00f3s brasileiros, se \u00e9 que queremos dar fim \u00e0 cultura da banaliza\u00e7\u00e3o do mal no nosso pa\u00eds: &#8220;Sobram evid\u00eancias de que at\u00e9 as pessoas abastadas de uma sociedade desigual seriam mais felizes se a dist\u00e2ncia que as separa da maioria de seus concidad\u00e3os fosse significativamente reduzida. Sem d\u00favida elas se sentiriam mais seguras. Mas as vantagens v\u00e3o al\u00e9m do interesse pessoal: viver muito perto de pessoas cuja condi\u00e7\u00e3o constitui uma censura \u00e9tica manifesta \u00e9 fonte de desconforto at\u00e9 para os ricos. O ego\u00edsmo \u00e9 desconfort\u00e1vel at\u00e9 para os ego\u00edstas&#8221;.<\/p>\n<p>Acima do pobre enlutado e da classe m\u00e9dia perplexa e omissa est\u00e1 um modelo de sociedade. Uma forma de atua\u00e7\u00e3o das institui\u00e7\u00f5es democr\u00e1ticas. Um sistema. Uma cultura pol\u00edtica. Uma sociedade desigual, na qual os desiguais vivem lado a lado, com um Estado fraco. L\u00e1 na ponta, Eduardo, policiais e garotos pobres est\u00e3o morrendo.<\/p>\n<p><strong>Ant\u00f4nio Carlos Costa<\/strong><\/p>\n","protected":false},"excerpt":{"rendered":"<p>Essa declara\u00e7\u00e3o n\u00e3o sai da minha cabe\u00e7a: &#8220;ele estava sentando no sof\u00e1 comigo. Foi quest\u00e3o de segundos. Ele saiu e sentou no batente da porta. Teve um estrondo e, quando olhei, parte do cr\u00e2nio do meu filho estava na sala e ele ca\u00eddo l\u00e1 embaixo morto&#8221;. Palavras da m\u00e3e do menino Eduardo, que foi v\u00edtima [&hellip;]<\/p>\n","protected":false},"author":2,"featured_media":44599,"comment_status":"open","ping_status":"closed","sticky":false,"template":"","format":"standard","meta":{"_acf_changed":false,"footnotes":""},"categories":[25],"tags":[],"class_list":["post-44598","post","type-post","status-publish","format-standard","has-post-thumbnail","hentry","category-opina-ai"],"acf":[],"yoast_head":"<!-- This site is optimized with the Yoast SEO plugin v27.5 - https:\/\/yoast.com\/product\/yoast-seo-wordpress\/ -->\n<title>Sociedade assiste em sil\u00eancio morte dos nossos jovens pobres - Notibras<\/title>\n<meta name=\"robots\" content=\"index, follow, max-snippet:-1, max-image-preview:large, max-video-preview:-1\" \/>\n<link rel=\"canonical\" href=\"https:\/\/www.notibras.com\/site\/sociedade-assiste-em-silencio-morte-dos-nossos-jovens-pobres\/\" \/>\n<meta property=\"og:locale\" content=\"pt_BR\" \/>\n<meta property=\"og:type\" content=\"article\" \/>\n<meta property=\"og:title\" content=\"Sociedade assiste em sil\u00eancio morte dos nossos jovens pobres - Notibras\" \/>\n<meta property=\"og:description\" content=\"Essa declara\u00e7\u00e3o n\u00e3o sai da minha cabe\u00e7a: &#8220;ele estava sentando no sof\u00e1 comigo. Foi quest\u00e3o de segundos. Ele saiu e sentou no batente da porta. Teve um estrondo e, quando olhei, parte do cr\u00e2nio do meu filho estava na sala e ele ca\u00eddo l\u00e1 embaixo morto&#8221;. Palavras da m\u00e3e do menino Eduardo, que foi v\u00edtima [&hellip;]\" \/>\n<meta property=\"og:url\" content=\"https:\/\/www.notibras.com\/site\/sociedade-assiste-em-silencio-morte-dos-nossos-jovens-pobres\/\" \/>\n<meta property=\"og:site_name\" content=\"Notibras\" \/>\n<meta property=\"article:publisher\" content=\"https:\/\/www.facebook.com\/notibras\/\" \/>\n<meta property=\"article:published_time\" content=\"2015-04-19T14:38:14+00:00\" \/>\n<meta property=\"og:image\" content=\"https:\/\/www.notibras.com\/site\/wp-content\/uploads\/2015\/04\/desa.jpg\" \/>\n\t<meta property=\"og:image:width\" content=\"1000\" \/>\n\t<meta property=\"og:image:height\" content=\"640\" \/>\n\t<meta property=\"og:image:type\" content=\"image\/jpeg\" \/>\n<meta name=\"author\" content=\"Reda\u00e7\u00e3o\" \/>\n<meta name=\"twitter:card\" content=\"summary_large_image\" \/>\n<meta name=\"twitter:creator\" content=\"@Notibras\" \/>\n<meta name=\"twitter:site\" content=\"@Notibras\" \/>\n<meta name=\"twitter:label1\" content=\"Escrito por\" \/>\n\t<meta name=\"twitter:data1\" content=\"Reda\u00e7\u00e3o\" \/>\n\t<meta name=\"twitter:label2\" content=\"Est. tempo de leitura\" \/>\n\t<meta name=\"twitter:data2\" content=\"4 minutos\" \/>\n<script type=\"application\/ld+json\" class=\"yoast-schema-graph\">{\"@context\":\"https:\\\/\\\/schema.org\",\"@graph\":[{\"@type\":\"Article\",\"@id\":\"https:\\\/\\\/www.notibras.com\\\/site\\\/sociedade-assiste-em-silencio-morte-dos-nossos-jovens-pobres\\\/#article\",\"isPartOf\":{\"@id\":\"https:\\\/\\\/www.notibras.com\\\/site\\\/sociedade-assiste-em-silencio-morte-dos-nossos-jovens-pobres\\\/\"},\"author\":{\"name\":\"Reda\u00e7\u00e3o\",\"@id\":\"https:\\\/\\\/www.notibras.com\\\/site\\\/#\\\/schema\\\/person\\\/36ab0979449956132d3e5b517ea76ac8\"},\"headline\":\"Sociedade assiste em sil\u00eancio morte dos nossos jovens pobres\",\"datePublished\":\"2015-04-19T14:38:14+00:00\",\"mainEntityOfPage\":{\"@id\":\"https:\\\/\\\/www.notibras.com\\\/site\\\/sociedade-assiste-em-silencio-morte-dos-nossos-jovens-pobres\\\/\"},\"wordCount\":763,\"commentCount\":0,\"publisher\":{\"@id\":\"https:\\\/\\\/www.notibras.com\\\/site\\\/#organization\"},\"image\":{\"@id\":\"https:\\\/\\\/www.notibras.com\\\/site\\\/sociedade-assiste-em-silencio-morte-dos-nossos-jovens-pobres\\\/#primaryimage\"},\"thumbnailUrl\":\"https:\\\/\\\/www.notibras.com\\\/site\\\/wp-content\\\/uploads\\\/2015\\\/04\\\/desa.jpg\",\"articleSection\":[\"Opina a\u00ed\"],\"inLanguage\":\"pt-BR\",\"potentialAction\":[{\"@type\":\"CommentAction\",\"name\":\"Comment\",\"target\":[\"https:\\\/\\\/www.notibras.com\\\/site\\\/sociedade-assiste-em-silencio-morte-dos-nossos-jovens-pobres\\\/#respond\"]}]},{\"@type\":\"WebPage\",\"@id\":\"https:\\\/\\\/www.notibras.com\\\/site\\\/sociedade-assiste-em-silencio-morte-dos-nossos-jovens-pobres\\\/\",\"url\":\"https:\\\/\\\/www.notibras.com\\\/site\\\/sociedade-assiste-em-silencio-morte-dos-nossos-jovens-pobres\\\/\",\"name\":\"Sociedade assiste em sil\u00eancio morte dos nossos jovens pobres - Notibras\",\"isPartOf\":{\"@id\":\"https:\\\/\\\/www.notibras.com\\\/site\\\/#website\"},\"primaryImageOfPage\":{\"@id\":\"https:\\\/\\\/www.notibras.com\\\/site\\\/sociedade-assiste-em-silencio-morte-dos-nossos-jovens-pobres\\\/#primaryimage\"},\"image\":{\"@id\":\"https:\\\/\\\/www.notibras.com\\\/site\\\/sociedade-assiste-em-silencio-morte-dos-nossos-jovens-pobres\\\/#primaryimage\"},\"thumbnailUrl\":\"https:\\\/\\\/www.notibras.com\\\/site\\\/wp-content\\\/uploads\\\/2015\\\/04\\\/desa.jpg\",\"datePublished\":\"2015-04-19T14:38:14+00:00\",\"breadcrumb\":{\"@id\":\"https:\\\/\\\/www.notibras.com\\\/site\\\/sociedade-assiste-em-silencio-morte-dos-nossos-jovens-pobres\\\/#breadcrumb\"},\"inLanguage\":\"pt-BR\",\"potentialAction\":[{\"@type\":\"ReadAction\",\"target\":[\"https:\\\/\\\/www.notibras.com\\\/site\\\/sociedade-assiste-em-silencio-morte-dos-nossos-jovens-pobres\\\/\"]}]},{\"@type\":\"ImageObject\",\"inLanguage\":\"pt-BR\",\"@id\":\"https:\\\/\\\/www.notibras.com\\\/site\\\/sociedade-assiste-em-silencio-morte-dos-nossos-jovens-pobres\\\/#primaryimage\",\"url\":\"https:\\\/\\\/www.notibras.com\\\/site\\\/wp-content\\\/uploads\\\/2015\\\/04\\\/desa.jpg\",\"contentUrl\":\"https:\\\/\\\/www.notibras.com\\\/site\\\/wp-content\\\/uploads\\\/2015\\\/04\\\/desa.jpg\",\"width\":1000,\"height\":640},{\"@type\":\"BreadcrumbList\",\"@id\":\"https:\\\/\\\/www.notibras.com\\\/site\\\/sociedade-assiste-em-silencio-morte-dos-nossos-jovens-pobres\\\/#breadcrumb\",\"itemListElement\":[{\"@type\":\"ListItem\",\"position\":1,\"name\":\"In\u00edcio\",\"item\":\"https:\\\/\\\/www.notibras.com\\\/site\\\/\"},{\"@type\":\"ListItem\",\"position\":2,\"name\":\"Sociedade assiste em sil\u00eancio morte dos nossos jovens pobres\"}]},{\"@type\":\"WebSite\",\"@id\":\"https:\\\/\\\/www.notibras.com\\\/site\\\/#website\",\"url\":\"https:\\\/\\\/www.notibras.com\\\/site\\\/\",\"name\":\"Notibras\",\"description\":\"Not\u00edcias de Bras\u00edlia, do Brasil e do Mundo\",\"publisher\":{\"@id\":\"https:\\\/\\\/www.notibras.com\\\/site\\\/#organization\"},\"potentialAction\":[{\"@type\":\"SearchAction\",\"target\":{\"@type\":\"EntryPoint\",\"urlTemplate\":\"https:\\\/\\\/www.notibras.com\\\/site\\\/?s={search_term_string}\"},\"query-input\":{\"@type\":\"PropertyValueSpecification\",\"valueRequired\":true,\"valueName\":\"search_term_string\"}}],\"inLanguage\":\"pt-BR\"},{\"@type\":\"Organization\",\"@id\":\"https:\\\/\\\/www.notibras.com\\\/site\\\/#organization\",\"name\":\"Grupo Notibras de Comunica\u00e7\u00e3o\",\"url\":\"https:\\\/\\\/www.notibras.com\\\/site\\\/\",\"logo\":{\"@type\":\"ImageObject\",\"inLanguage\":\"pt-BR\",\"@id\":\"https:\\\/\\\/www.notibras.com\\\/site\\\/#\\\/schema\\\/logo\\\/image\\\/\",\"url\":\"https:\\\/\\\/www.notibras.com\\\/site\\\/wp-content\\\/uploads\\\/2023\\\/01\\\/notibras23.png\",\"contentUrl\":\"https:\\\/\\\/www.notibras.com\\\/site\\\/wp-content\\\/uploads\\\/2023\\\/01\\\/notibras23.png\",\"width\":350,\"height\":87,\"caption\":\"Grupo Notibras de Comunica\u00e7\u00e3o\"},\"image\":{\"@id\":\"https:\\\/\\\/www.notibras.com\\\/site\\\/#\\\/schema\\\/logo\\\/image\\\/\"},\"sameAs\":[\"https:\\\/\\\/www.facebook.com\\\/notibras\\\/\",\"https:\\\/\\\/x.com\\\/Notibras\",\"https:\\\/\\\/www.instagram.com\\\/notibras\\\/\"]},{\"@type\":\"Person\",\"@id\":\"https:\\\/\\\/www.notibras.com\\\/site\\\/#\\\/schema\\\/person\\\/36ab0979449956132d3e5b517ea76ac8\",\"name\":\"Reda\u00e7\u00e3o\",\"image\":{\"@type\":\"ImageObject\",\"inLanguage\":\"pt-BR\",\"@id\":\"https:\\\/\\\/secure.gravatar.com\\\/avatar\\\/e0a867bdedb85fd243eadf09663511f96fc81e0720a4a42581f334ad4303aa6b?s=96&d=mm&r=g\",\"url\":\"https:\\\/\\\/secure.gravatar.com\\\/avatar\\\/e0a867bdedb85fd243eadf09663511f96fc81e0720a4a42581f334ad4303aa6b?s=96&d=mm&r=g\",\"contentUrl\":\"https:\\\/\\\/secure.gravatar.com\\\/avatar\\\/e0a867bdedb85fd243eadf09663511f96fc81e0720a4a42581f334ad4303aa6b?s=96&d=mm&r=g\",\"caption\":\"Reda\u00e7\u00e3o\"}}]}<\/script>\n<!-- \/ Yoast SEO plugin. -->","yoast_head_json":{"title":"Sociedade assiste em sil\u00eancio morte dos nossos jovens pobres - Notibras","robots":{"index":"index","follow":"follow","max-snippet":"max-snippet:-1","max-image-preview":"max-image-preview:large","max-video-preview":"max-video-preview:-1"},"canonical":"https:\/\/www.notibras.com\/site\/sociedade-assiste-em-silencio-morte-dos-nossos-jovens-pobres\/","og_locale":"pt_BR","og_type":"article","og_title":"Sociedade assiste em sil\u00eancio morte dos nossos jovens pobres - Notibras","og_description":"Essa declara\u00e7\u00e3o n\u00e3o sai da minha cabe\u00e7a: &#8220;ele estava sentando no sof\u00e1 comigo. Foi quest\u00e3o de segundos. Ele saiu e sentou no batente da porta. Teve um estrondo e, quando olhei, parte do cr\u00e2nio do meu filho estava na sala e ele ca\u00eddo l\u00e1 embaixo morto&#8221;. Palavras da m\u00e3e do menino Eduardo, que foi v\u00edtima [&hellip;]","og_url":"https:\/\/www.notibras.com\/site\/sociedade-assiste-em-silencio-morte-dos-nossos-jovens-pobres\/","og_site_name":"Notibras","article_publisher":"https:\/\/www.facebook.com\/notibras\/","article_published_time":"2015-04-19T14:38:14+00:00","og_image":[{"width":1000,"height":640,"url":"https:\/\/www.notibras.com\/site\/wp-content\/uploads\/2015\/04\/desa.jpg","type":"image\/jpeg"}],"author":"Reda\u00e7\u00e3o","twitter_card":"summary_large_image","twitter_creator":"@Notibras","twitter_site":"@Notibras","twitter_misc":{"Escrito por":"Reda\u00e7\u00e3o","Est. tempo de leitura":"4 minutos"},"schema":{"@context":"https:\/\/schema.org","@graph":[{"@type":"Article","@id":"https:\/\/www.notibras.com\/site\/sociedade-assiste-em-silencio-morte-dos-nossos-jovens-pobres\/#article","isPartOf":{"@id":"https:\/\/www.notibras.com\/site\/sociedade-assiste-em-silencio-morte-dos-nossos-jovens-pobres\/"},"author":{"name":"Reda\u00e7\u00e3o","@id":"https:\/\/www.notibras.com\/site\/#\/schema\/person\/36ab0979449956132d3e5b517ea76ac8"},"headline":"Sociedade assiste em sil\u00eancio morte dos nossos jovens pobres","datePublished":"2015-04-19T14:38:14+00:00","mainEntityOfPage":{"@id":"https:\/\/www.notibras.com\/site\/sociedade-assiste-em-silencio-morte-dos-nossos-jovens-pobres\/"},"wordCount":763,"commentCount":0,"publisher":{"@id":"https:\/\/www.notibras.com\/site\/#organization"},"image":{"@id":"https:\/\/www.notibras.com\/site\/sociedade-assiste-em-silencio-morte-dos-nossos-jovens-pobres\/#primaryimage"},"thumbnailUrl":"https:\/\/www.notibras.com\/site\/wp-content\/uploads\/2015\/04\/desa.jpg","articleSection":["Opina a\u00ed"],"inLanguage":"pt-BR","potentialAction":[{"@type":"CommentAction","name":"Comment","target":["https:\/\/www.notibras.com\/site\/sociedade-assiste-em-silencio-morte-dos-nossos-jovens-pobres\/#respond"]}]},{"@type":"WebPage","@id":"https:\/\/www.notibras.com\/site\/sociedade-assiste-em-silencio-morte-dos-nossos-jovens-pobres\/","url":"https:\/\/www.notibras.com\/site\/sociedade-assiste-em-silencio-morte-dos-nossos-jovens-pobres\/","name":"Sociedade assiste em sil\u00eancio morte dos nossos jovens pobres - Notibras","isPartOf":{"@id":"https:\/\/www.notibras.com\/site\/#website"},"primaryImageOfPage":{"@id":"https:\/\/www.notibras.com\/site\/sociedade-assiste-em-silencio-morte-dos-nossos-jovens-pobres\/#primaryimage"},"image":{"@id":"https:\/\/www.notibras.com\/site\/sociedade-assiste-em-silencio-morte-dos-nossos-jovens-pobres\/#primaryimage"},"thumbnailUrl":"https:\/\/www.notibras.com\/site\/wp-content\/uploads\/2015\/04\/desa.jpg","datePublished":"2015-04-19T14:38:14+00:00","breadcrumb":{"@id":"https:\/\/www.notibras.com\/site\/sociedade-assiste-em-silencio-morte-dos-nossos-jovens-pobres\/#breadcrumb"},"inLanguage":"pt-BR","potentialAction":[{"@type":"ReadAction","target":["https:\/\/www.notibras.com\/site\/sociedade-assiste-em-silencio-morte-dos-nossos-jovens-pobres\/"]}]},{"@type":"ImageObject","inLanguage":"pt-BR","@id":"https:\/\/www.notibras.com\/site\/sociedade-assiste-em-silencio-morte-dos-nossos-jovens-pobres\/#primaryimage","url":"https:\/\/www.notibras.com\/site\/wp-content\/uploads\/2015\/04\/desa.jpg","contentUrl":"https:\/\/www.notibras.com\/site\/wp-content\/uploads\/2015\/04\/desa.jpg","width":1000,"height":640},{"@type":"BreadcrumbList","@id":"https:\/\/www.notibras.com\/site\/sociedade-assiste-em-silencio-morte-dos-nossos-jovens-pobres\/#breadcrumb","itemListElement":[{"@type":"ListItem","position":1,"name":"In\u00edcio","item":"https:\/\/www.notibras.com\/site\/"},{"@type":"ListItem","position":2,"name":"Sociedade assiste em sil\u00eancio morte dos nossos jovens pobres"}]},{"@type":"WebSite","@id":"https:\/\/www.notibras.com\/site\/#website","url":"https:\/\/www.notibras.com\/site\/","name":"Notibras","description":"Not\u00edcias de Bras\u00edlia, do Brasil e do Mundo","publisher":{"@id":"https:\/\/www.notibras.com\/site\/#organization"},"potentialAction":[{"@type":"SearchAction","target":{"@type":"EntryPoint","urlTemplate":"https:\/\/www.notibras.com\/site\/?s={search_term_string}"},"query-input":{"@type":"PropertyValueSpecification","valueRequired":true,"valueName":"search_term_string"}}],"inLanguage":"pt-BR"},{"@type":"Organization","@id":"https:\/\/www.notibras.com\/site\/#organization","name":"Grupo Notibras de Comunica\u00e7\u00e3o","url":"https:\/\/www.notibras.com\/site\/","logo":{"@type":"ImageObject","inLanguage":"pt-BR","@id":"https:\/\/www.notibras.com\/site\/#\/schema\/logo\/image\/","url":"https:\/\/www.notibras.com\/site\/wp-content\/uploads\/2023\/01\/notibras23.png","contentUrl":"https:\/\/www.notibras.com\/site\/wp-content\/uploads\/2023\/01\/notibras23.png","width":350,"height":87,"caption":"Grupo Notibras de Comunica\u00e7\u00e3o"},"image":{"@id":"https:\/\/www.notibras.com\/site\/#\/schema\/logo\/image\/"},"sameAs":["https:\/\/www.facebook.com\/notibras\/","https:\/\/x.com\/Notibras","https:\/\/www.instagram.com\/notibras\/"]},{"@type":"Person","@id":"https:\/\/www.notibras.com\/site\/#\/schema\/person\/36ab0979449956132d3e5b517ea76ac8","name":"Reda\u00e7\u00e3o","image":{"@type":"ImageObject","inLanguage":"pt-BR","@id":"https:\/\/secure.gravatar.com\/avatar\/e0a867bdedb85fd243eadf09663511f96fc81e0720a4a42581f334ad4303aa6b?s=96&d=mm&r=g","url":"https:\/\/secure.gravatar.com\/avatar\/e0a867bdedb85fd243eadf09663511f96fc81e0720a4a42581f334ad4303aa6b?s=96&d=mm&r=g","contentUrl":"https:\/\/secure.gravatar.com\/avatar\/e0a867bdedb85fd243eadf09663511f96fc81e0720a4a42581f334ad4303aa6b?s=96&d=mm&r=g","caption":"Reda\u00e7\u00e3o"}}]}},"amp_enabled":true,"_links":{"self":[{"href":"https:\/\/www.notibras.com\/site\/wp-json\/wp\/v2\/posts\/44598","targetHints":{"allow":["GET"]}}],"collection":[{"href":"https:\/\/www.notibras.com\/site\/wp-json\/wp\/v2\/posts"}],"about":[{"href":"https:\/\/www.notibras.com\/site\/wp-json\/wp\/v2\/types\/post"}],"author":[{"embeddable":true,"href":"https:\/\/www.notibras.com\/site\/wp-json\/wp\/v2\/users\/2"}],"replies":[{"embeddable":true,"href":"https:\/\/www.notibras.com\/site\/wp-json\/wp\/v2\/comments?post=44598"}],"version-history":[{"count":0,"href":"https:\/\/www.notibras.com\/site\/wp-json\/wp\/v2\/posts\/44598\/revisions"}],"wp:featuredmedia":[{"embeddable":true,"href":"https:\/\/www.notibras.com\/site\/wp-json\/wp\/v2\/media\/44599"}],"wp:attachment":[{"href":"https:\/\/www.notibras.com\/site\/wp-json\/wp\/v2\/media?parent=44598"}],"wp:term":[{"taxonomy":"category","embeddable":true,"href":"https:\/\/www.notibras.com\/site\/wp-json\/wp\/v2\/categories?post=44598"},{"taxonomy":"post_tag","embeddable":true,"href":"https:\/\/www.notibras.com\/site\/wp-json\/wp\/v2\/tags?post=44598"}],"curies":[{"name":"wp","href":"https:\/\/api.w.org\/{rel}","templated":true}]}}