{"id":44659,"date":"2015-04-19T18:26:48","date_gmt":"2015-04-19T21:26:48","guid":{"rendered":"http:\/\/www.notibras.com\/site\/?p=44659"},"modified":"2015-04-20T09:24:25","modified_gmt":"2015-04-20T12:24:25","slug":"um-dia-a-casa-cai-e-sao-prass-tira-corinthians-da-final-do-paulistao","status":"publish","type":"post","link":"https:\/\/www.notibras.com\/site\/um-dia-a-casa-cai-e-sao-prass-tira-corinthians-da-final-do-paulistao\/","title":{"rendered":"Um dia a casa cai. E S\u00e3o Prass tira Corinthians da final do Paulist\u00e3o"},"content":{"rendered":"<p>O Palmeiras est\u00e1 na final do Campeonato Paulista. Depois de sofrer a virada, o time de Oswaldo de Oliveira conseguiu o empate por 2 a 2 e avan\u00e7ou na competi\u00e7\u00e3o vencendo o Corinthians nos p\u00eanaltis, dentro da arena em Itaquera, na tarde deste domingo (19).<\/p>\n<p>Os p\u00eanaltis palmeirenses foram convertidos por Rafael Marques, Victor Ramos, Cleiton Xavier, Dudu, Kelvin e Jackson. Robinho isolou por cima de C\u00e1ssio. Enquanto isso, o Corinthians conseguiu passar por Fernando Prass nas batidas de F\u00e1bio Santos, Renato Augusto, Fagner, Ralf e Gil mas parou quando Elias e Petros bateram.<\/p>\n<p>Agora, o Palmeiras espera o resultado da partida entre Santos e S\u00e3o Paulo, que se enfrentam na Vila Belmiro, \u00e0s 18h30.<\/p>\n<p>O jogo come\u00e7ou equilibrado, com as duas equipes errando muito na arma\u00e7\u00e3o da jogada para concluir a jogada. O gol aos 13 minutos veio com Victor Ramos aproveitando bobeira da zaga ap\u00f3s batida de escanteio. A bola quicou na pequena \u00e1rea, e o zagueiro palmeirense encheu o p\u00e9 sem dar chances para C\u00e1ssio. A partir da\u00ed, o Palmeiras se mostrou completamente desorganizado em campo.<\/p>\n<blockquote><p>O esquema armado por Oswaldo, sem uma refer\u00eancia, deixava o time confuso. Dudu era a \u00fanica alternativa pela esquerda, tentando ganhar jogadas de Fagner. O Corinthians passou a tomar conta do jogo, mas tamb\u00e9m parando na hora do \u00faltimo toque. O empate veio em jogada semelhante, com cruzamento de Jadson e Danilo desviando de cabe\u00e7a. A virada veio pouco tempo depois, com Mendonza recebendo a bola na entrada da \u00e1rea. Ele teve tempo para pensar, medir o chute e acertar o canto esquerdo de Prass para concretizar a virada.<\/p><\/blockquote>\n<p>No segundo tempo, a tentativa de Oswaldo foi por colocar Cleiton Xavier no lugar de Lucas. Pendurado, o lateral deixou a sua posi\u00e7\u00e3o para Gabriel, que estava de volante. Robinho foi recuado para volante, e Cleiton fazia dupla com Valdivia na arma\u00e7\u00e3o. O Palmeiras voltou melhor e praticamente dominou as a\u00e7\u00f5es nos primeiros 15 minutos. Dudu chegou a enfiar bola na trave de C\u00e1ssio ap\u00f3s bel\u00edssima bola de Cleiton.<\/p>\n<p>O Corinthians respondeu s\u00f3 aos 20 minutos em outra bola a\u00e9rea. Vagner Love cabeceou no contrap\u00e9 de Prass e exigiu boa defesa do palmeirense. O Palmeiras, no entanto, estava melhor no jogo. Oswaldo ainda colocou sua equipe para frente, com Kelvin atuando como lateral e Gabriel Jesus no lugar de Valdivia. E deu certo. Dudu cruzou da esquerda no segundo pau, para Rafael Marques entrar de peixinho e empatar a partida. O jogo, ent\u00e3o, passou a ter os times com mais medo de sofrer o gol de elimina\u00e7\u00e3o do que vontade para buscar a classifica\u00e7\u00e3o. A vaga precisou ser decidida nos p\u00eanaltis.<\/p>\n","protected":false},"excerpt":{"rendered":"<p>O Palmeiras est\u00e1 na final do Campeonato Paulista. Depois de sofrer a virada, o time de Oswaldo de Oliveira conseguiu o empate por 2 a 2 e avan\u00e7ou na competi\u00e7\u00e3o vencendo o Corinthians nos p\u00eanaltis, dentro da arena em Itaquera, na tarde deste domingo (19). Os p\u00eanaltis palmeirenses foram convertidos por Rafael Marques, Victor Ramos, [&hellip;]<\/p>\n","protected":false},"author":2,"featured_media":44660,"comment_status":"open","ping_status":"closed","sticky":false,"template":"","format":"standard","meta":{"_acf_changed":false,"footnotes":""},"categories":[19,29],"tags":[],"class_list":["post-44659","post","type-post","status-publish","format-standard","has-post-thumbnail","hentry","category-esportes","category-futebol"],"acf":[],"yoast_head":"<!-- This site is optimized with the Yoast SEO plugin v27.2 - https:\/\/yoast.com\/product\/yoast-seo-wordpress\/ -->\n<title>Um dia a casa cai. E S\u00e3o Prass tira Corinthians da final do Paulist\u00e3o - Notibras<\/title>\n<meta name=\"robots\" content=\"index, follow, max-snippet:-1, max-image-preview:large, max-video-preview:-1\" \/>\n<link rel=\"canonical\" href=\"https:\/\/www.notibras.com\/site\/um-dia-a-casa-cai-e-sao-prass-tira-corinthians-da-final-do-paulistao\/\" \/>\n<meta property=\"og:locale\" content=\"pt_BR\" \/>\n<meta property=\"og:type\" content=\"article\" \/>\n<meta property=\"og:title\" content=\"Um dia a casa cai. E S\u00e3o Prass tira Corinthians da final do Paulist\u00e3o - Notibras\" \/>\n<meta property=\"og:description\" content=\"O Palmeiras est\u00e1 na final do Campeonato Paulista. Depois de sofrer a virada, o time de Oswaldo de Oliveira conseguiu o empate por 2 a 2 e avan\u00e7ou na competi\u00e7\u00e3o vencendo o Corinthians nos p\u00eanaltis, dentro da arena em Itaquera, na tarde deste domingo (19). Os p\u00eanaltis palmeirenses foram convertidos por Rafael Marques, Victor Ramos, [&hellip;]\" \/>\n<meta property=\"og:url\" content=\"https:\/\/www.notibras.com\/site\/um-dia-a-casa-cai-e-sao-prass-tira-corinthians-da-final-do-paulistao\/\" \/>\n<meta property=\"og:site_name\" content=\"Notibras\" \/>\n<meta property=\"article:publisher\" content=\"https:\/\/www.facebook.com\/notibras\/\" \/>\n<meta property=\"article:published_time\" content=\"2015-04-19T21:26:48+00:00\" \/>\n<meta property=\"article:modified_time\" content=\"2015-04-20T12:24:25+00:00\" \/>\n<meta property=\"og:image\" content=\"https:\/\/www.notibras.com\/site\/wp-content\/uploads\/2015\/04\/loveprassalanmoriciframe.jpg\" \/>\n\t<meta property=\"og:image:width\" content=\"600\" \/>\n\t<meta property=\"og:image:height\" content=\"400\" \/>\n\t<meta property=\"og:image:type\" content=\"image\/jpeg\" \/>\n<meta name=\"author\" content=\"Reda\u00e7\u00e3o\" \/>\n<meta name=\"twitter:card\" content=\"summary_large_image\" \/>\n<meta name=\"twitter:creator\" content=\"@Notibras\" \/>\n<meta name=\"twitter:site\" content=\"@Notibras\" \/>\n<meta name=\"twitter:label1\" content=\"Escrito por\" \/>\n\t<meta name=\"twitter:data1\" content=\"Reda\u00e7\u00e3o\" \/>\n\t<meta name=\"twitter:label2\" content=\"Est. tempo de leitura\" \/>\n\t<meta name=\"twitter:data2\" content=\"2 minutos\" \/>\n<script type=\"application\/ld+json\" class=\"yoast-schema-graph\">{\"@context\":\"https:\/\/schema.org\",\"@graph\":[{\"@type\":\"Article\",\"@id\":\"https:\/\/www.notibras.com\/site\/um-dia-a-casa-cai-e-sao-prass-tira-corinthians-da-final-do-paulistao\/#article\",\"isPartOf\":{\"@id\":\"https:\/\/www.notibras.com\/site\/um-dia-a-casa-cai-e-sao-prass-tira-corinthians-da-final-do-paulistao\/\"},\"author\":{\"name\":\"Reda\u00e7\u00e3o\",\"@id\":\"https:\/\/www.notibras.com\/site\/#\/schema\/person\/36ab0979449956132d3e5b517ea76ac8\"},\"headline\":\"Um dia a casa cai. E S\u00e3o Prass tira Corinthians da final do Paulist\u00e3o\",\"datePublished\":\"2015-04-19T21:26:48+00:00\",\"dateModified\":\"2015-04-20T12:24:25+00:00\",\"mainEntityOfPage\":{\"@id\":\"https:\/\/www.notibras.com\/site\/um-dia-a-casa-cai-e-sao-prass-tira-corinthians-da-final-do-paulistao\/\"},\"wordCount\":474,\"commentCount\":0,\"publisher\":{\"@id\":\"https:\/\/www.notibras.com\/site\/#organization\"},\"image\":{\"@id\":\"https:\/\/www.notibras.com\/site\/um-dia-a-casa-cai-e-sao-prass-tira-corinthians-da-final-do-paulistao\/#primaryimage\"},\"thumbnailUrl\":\"https:\/\/www.notibras.com\/site\/wp-content\/uploads\/2015\/04\/loveprassalanmoriciframe.jpg\",\"articleSection\":[\"Esportes\",\"Futebol\"],\"inLanguage\":\"pt-BR\",\"potentialAction\":[{\"@type\":\"CommentAction\",\"name\":\"Comment\",\"target\":[\"https:\/\/www.notibras.com\/site\/um-dia-a-casa-cai-e-sao-prass-tira-corinthians-da-final-do-paulistao\/#respond\"]}]},{\"@type\":\"WebPage\",\"@id\":\"https:\/\/www.notibras.com\/site\/um-dia-a-casa-cai-e-sao-prass-tira-corinthians-da-final-do-paulistao\/\",\"url\":\"https:\/\/www.notibras.com\/site\/um-dia-a-casa-cai-e-sao-prass-tira-corinthians-da-final-do-paulistao\/\",\"name\":\"Um dia a casa cai. E S\u00e3o Prass tira Corinthians da final do Paulist\u00e3o - Notibras\",\"isPartOf\":{\"@id\":\"https:\/\/www.notibras.com\/site\/#website\"},\"primaryImageOfPage\":{\"@id\":\"https:\/\/www.notibras.com\/site\/um-dia-a-casa-cai-e-sao-prass-tira-corinthians-da-final-do-paulistao\/#primaryimage\"},\"image\":{\"@id\":\"https:\/\/www.notibras.com\/site\/um-dia-a-casa-cai-e-sao-prass-tira-corinthians-da-final-do-paulistao\/#primaryimage\"},\"thumbnailUrl\":\"https:\/\/www.notibras.com\/site\/wp-content\/uploads\/2015\/04\/loveprassalanmoriciframe.jpg\",\"datePublished\":\"2015-04-19T21:26:48+00:00\",\"dateModified\":\"2015-04-20T12:24:25+00:00\",\"breadcrumb\":{\"@id\":\"https:\/\/www.notibras.com\/site\/um-dia-a-casa-cai-e-sao-prass-tira-corinthians-da-final-do-paulistao\/#breadcrumb\"},\"inLanguage\":\"pt-BR\",\"potentialAction\":[{\"@type\":\"ReadAction\",\"target\":[\"https:\/\/www.notibras.com\/site\/um-dia-a-casa-cai-e-sao-prass-tira-corinthians-da-final-do-paulistao\/\"]}]},{\"@type\":\"ImageObject\",\"inLanguage\":\"pt-BR\",\"@id\":\"https:\/\/www.notibras.com\/site\/um-dia-a-casa-cai-e-sao-prass-tira-corinthians-da-final-do-paulistao\/#primaryimage\",\"url\":\"https:\/\/www.notibras.com\/site\/wp-content\/uploads\/2015\/04\/loveprassalanmoriciframe.jpg\",\"contentUrl\":\"https:\/\/www.notibras.com\/site\/wp-content\/uploads\/2015\/04\/loveprassalanmoriciframe.jpg\",\"width\":600,\"height\":400},{\"@type\":\"BreadcrumbList\",\"@id\":\"https:\/\/www.notibras.com\/site\/um-dia-a-casa-cai-e-sao-prass-tira-corinthians-da-final-do-paulistao\/#breadcrumb\",\"itemListElement\":[{\"@type\":\"ListItem\",\"position\":1,\"name\":\"In\u00edcio\",\"item\":\"https:\/\/www.notibras.com\/site\/\"},{\"@type\":\"ListItem\",\"position\":2,\"name\":\"Um dia a casa cai. E S\u00e3o Prass tira Corinthians da final do Paulist\u00e3o\"}]},{\"@type\":\"WebSite\",\"@id\":\"https:\/\/www.notibras.com\/site\/#website\",\"url\":\"https:\/\/www.notibras.com\/site\/\",\"name\":\"Notibras\",\"description\":\"Not\u00edcias de Bras\u00edlia, do Brasil e do Mundo\",\"publisher\":{\"@id\":\"https:\/\/www.notibras.com\/site\/#organization\"},\"potentialAction\":[{\"@type\":\"SearchAction\",\"target\":{\"@type\":\"EntryPoint\",\"urlTemplate\":\"https:\/\/www.notibras.com\/site\/?s={search_term_string}\"},\"query-input\":{\"@type\":\"PropertyValueSpecification\",\"valueRequired\":true,\"valueName\":\"search_term_string\"}}],\"inLanguage\":\"pt-BR\"},{\"@type\":\"Organization\",\"@id\":\"https:\/\/www.notibras.com\/site\/#organization\",\"name\":\"Grupo Notibras de Comunica\u00e7\u00e3o\",\"url\":\"https:\/\/www.notibras.com\/site\/\",\"logo\":{\"@type\":\"ImageObject\",\"inLanguage\":\"pt-BR\",\"@id\":\"https:\/\/www.notibras.com\/site\/#\/schema\/logo\/image\/\",\"url\":\"https:\/\/www.notibras.com\/site\/wp-content\/uploads\/2023\/01\/notibras23.png\",\"contentUrl\":\"https:\/\/www.notibras.com\/site\/wp-content\/uploads\/2023\/01\/notibras23.png\",\"width\":350,\"height\":87,\"caption\":\"Grupo Notibras de Comunica\u00e7\u00e3o\"},\"image\":{\"@id\":\"https:\/\/www.notibras.com\/site\/#\/schema\/logo\/image\/\"},\"sameAs\":[\"https:\/\/www.facebook.com\/notibras\/\",\"https:\/\/x.com\/Notibras\",\"https:\/\/www.instagram.com\/notibras\/\"]},{\"@type\":\"Person\",\"@id\":\"https:\/\/www.notibras.com\/site\/#\/schema\/person\/36ab0979449956132d3e5b517ea76ac8\",\"name\":\"Reda\u00e7\u00e3o\",\"image\":{\"@type\":\"ImageObject\",\"inLanguage\":\"pt-BR\",\"@id\":\"https:\/\/secure.gravatar.com\/avatar\/e0a867bdedb85fd243eadf09663511f96fc81e0720a4a42581f334ad4303aa6b?s=96&d=mm&r=g\",\"url\":\"https:\/\/secure.gravatar.com\/avatar\/e0a867bdedb85fd243eadf09663511f96fc81e0720a4a42581f334ad4303aa6b?s=96&d=mm&r=g\",\"contentUrl\":\"https:\/\/secure.gravatar.com\/avatar\/e0a867bdedb85fd243eadf09663511f96fc81e0720a4a42581f334ad4303aa6b?s=96&d=mm&r=g\",\"caption\":\"Reda\u00e7\u00e3o\"}}]}<\/script>\n<!-- \/ Yoast SEO plugin. -->","yoast_head_json":{"title":"Um dia a casa cai. E S\u00e3o Prass tira Corinthians da final do Paulist\u00e3o - Notibras","robots":{"index":"index","follow":"follow","max-snippet":"max-snippet:-1","max-image-preview":"max-image-preview:large","max-video-preview":"max-video-preview:-1"},"canonical":"https:\/\/www.notibras.com\/site\/um-dia-a-casa-cai-e-sao-prass-tira-corinthians-da-final-do-paulistao\/","og_locale":"pt_BR","og_type":"article","og_title":"Um dia a casa cai. E S\u00e3o Prass tira Corinthians da final do Paulist\u00e3o - Notibras","og_description":"O Palmeiras est\u00e1 na final do Campeonato Paulista. Depois de sofrer a virada, o time de Oswaldo de Oliveira conseguiu o empate por 2 a 2 e avan\u00e7ou na competi\u00e7\u00e3o vencendo o Corinthians nos p\u00eanaltis, dentro da arena em Itaquera, na tarde deste domingo (19). Os p\u00eanaltis palmeirenses foram convertidos por Rafael Marques, Victor Ramos, [&hellip;]","og_url":"https:\/\/www.notibras.com\/site\/um-dia-a-casa-cai-e-sao-prass-tira-corinthians-da-final-do-paulistao\/","og_site_name":"Notibras","article_publisher":"https:\/\/www.facebook.com\/notibras\/","article_published_time":"2015-04-19T21:26:48+00:00","article_modified_time":"2015-04-20T12:24:25+00:00","og_image":[{"width":600,"height":400,"url":"https:\/\/www.notibras.com\/site\/wp-content\/uploads\/2015\/04\/loveprassalanmoriciframe.jpg","type":"image\/jpeg"}],"author":"Reda\u00e7\u00e3o","twitter_card":"summary_large_image","twitter_creator":"@Notibras","twitter_site":"@Notibras","twitter_misc":{"Escrito por":"Reda\u00e7\u00e3o","Est. tempo de leitura":"2 minutos"},"schema":{"@context":"https:\/\/schema.org","@graph":[{"@type":"Article","@id":"https:\/\/www.notibras.com\/site\/um-dia-a-casa-cai-e-sao-prass-tira-corinthians-da-final-do-paulistao\/#article","isPartOf":{"@id":"https:\/\/www.notibras.com\/site\/um-dia-a-casa-cai-e-sao-prass-tira-corinthians-da-final-do-paulistao\/"},"author":{"name":"Reda\u00e7\u00e3o","@id":"https:\/\/www.notibras.com\/site\/#\/schema\/person\/36ab0979449956132d3e5b517ea76ac8"},"headline":"Um dia a casa cai. E S\u00e3o Prass tira Corinthians da final do Paulist\u00e3o","datePublished":"2015-04-19T21:26:48+00:00","dateModified":"2015-04-20T12:24:25+00:00","mainEntityOfPage":{"@id":"https:\/\/www.notibras.com\/site\/um-dia-a-casa-cai-e-sao-prass-tira-corinthians-da-final-do-paulistao\/"},"wordCount":474,"commentCount":0,"publisher":{"@id":"https:\/\/www.notibras.com\/site\/#organization"},"image":{"@id":"https:\/\/www.notibras.com\/site\/um-dia-a-casa-cai-e-sao-prass-tira-corinthians-da-final-do-paulistao\/#primaryimage"},"thumbnailUrl":"https:\/\/www.notibras.com\/site\/wp-content\/uploads\/2015\/04\/loveprassalanmoriciframe.jpg","articleSection":["Esportes","Futebol"],"inLanguage":"pt-BR","potentialAction":[{"@type":"CommentAction","name":"Comment","target":["https:\/\/www.notibras.com\/site\/um-dia-a-casa-cai-e-sao-prass-tira-corinthians-da-final-do-paulistao\/#respond"]}]},{"@type":"WebPage","@id":"https:\/\/www.notibras.com\/site\/um-dia-a-casa-cai-e-sao-prass-tira-corinthians-da-final-do-paulistao\/","url":"https:\/\/www.notibras.com\/site\/um-dia-a-casa-cai-e-sao-prass-tira-corinthians-da-final-do-paulistao\/","name":"Um dia a casa cai. E S\u00e3o Prass tira Corinthians da final do Paulist\u00e3o - Notibras","isPartOf":{"@id":"https:\/\/www.notibras.com\/site\/#website"},"primaryImageOfPage":{"@id":"https:\/\/www.notibras.com\/site\/um-dia-a-casa-cai-e-sao-prass-tira-corinthians-da-final-do-paulistao\/#primaryimage"},"image":{"@id":"https:\/\/www.notibras.com\/site\/um-dia-a-casa-cai-e-sao-prass-tira-corinthians-da-final-do-paulistao\/#primaryimage"},"thumbnailUrl":"https:\/\/www.notibras.com\/site\/wp-content\/uploads\/2015\/04\/loveprassalanmoriciframe.jpg","datePublished":"2015-04-19T21:26:48+00:00","dateModified":"2015-04-20T12:24:25+00:00","breadcrumb":{"@id":"https:\/\/www.notibras.com\/site\/um-dia-a-casa-cai-e-sao-prass-tira-corinthians-da-final-do-paulistao\/#breadcrumb"},"inLanguage":"pt-BR","potentialAction":[{"@type":"ReadAction","target":["https:\/\/www.notibras.com\/site\/um-dia-a-casa-cai-e-sao-prass-tira-corinthians-da-final-do-paulistao\/"]}]},{"@type":"ImageObject","inLanguage":"pt-BR","@id":"https:\/\/www.notibras.com\/site\/um-dia-a-casa-cai-e-sao-prass-tira-corinthians-da-final-do-paulistao\/#primaryimage","url":"https:\/\/www.notibras.com\/site\/wp-content\/uploads\/2015\/04\/loveprassalanmoriciframe.jpg","contentUrl":"https:\/\/www.notibras.com\/site\/wp-content\/uploads\/2015\/04\/loveprassalanmoriciframe.jpg","width":600,"height":400},{"@type":"BreadcrumbList","@id":"https:\/\/www.notibras.com\/site\/um-dia-a-casa-cai-e-sao-prass-tira-corinthians-da-final-do-paulistao\/#breadcrumb","itemListElement":[{"@type":"ListItem","position":1,"name":"In\u00edcio","item":"https:\/\/www.notibras.com\/site\/"},{"@type":"ListItem","position":2,"name":"Um dia a casa cai. E S\u00e3o Prass tira Corinthians da final do Paulist\u00e3o"}]},{"@type":"WebSite","@id":"https:\/\/www.notibras.com\/site\/#website","url":"https:\/\/www.notibras.com\/site\/","name":"Notibras","description":"Not\u00edcias de Bras\u00edlia, do Brasil e do Mundo","publisher":{"@id":"https:\/\/www.notibras.com\/site\/#organization"},"potentialAction":[{"@type":"SearchAction","target":{"@type":"EntryPoint","urlTemplate":"https:\/\/www.notibras.com\/site\/?s={search_term_string}"},"query-input":{"@type":"PropertyValueSpecification","valueRequired":true,"valueName":"search_term_string"}}],"inLanguage":"pt-BR"},{"@type":"Organization","@id":"https:\/\/www.notibras.com\/site\/#organization","name":"Grupo Notibras de Comunica\u00e7\u00e3o","url":"https:\/\/www.notibras.com\/site\/","logo":{"@type":"ImageObject","inLanguage":"pt-BR","@id":"https:\/\/www.notibras.com\/site\/#\/schema\/logo\/image\/","url":"https:\/\/www.notibras.com\/site\/wp-content\/uploads\/2023\/01\/notibras23.png","contentUrl":"https:\/\/www.notibras.com\/site\/wp-content\/uploads\/2023\/01\/notibras23.png","width":350,"height":87,"caption":"Grupo Notibras de Comunica\u00e7\u00e3o"},"image":{"@id":"https:\/\/www.notibras.com\/site\/#\/schema\/logo\/image\/"},"sameAs":["https:\/\/www.facebook.com\/notibras\/","https:\/\/x.com\/Notibras","https:\/\/www.instagram.com\/notibras\/"]},{"@type":"Person","@id":"https:\/\/www.notibras.com\/site\/#\/schema\/person\/36ab0979449956132d3e5b517ea76ac8","name":"Reda\u00e7\u00e3o","image":{"@type":"ImageObject","inLanguage":"pt-BR","@id":"https:\/\/secure.gravatar.com\/avatar\/e0a867bdedb85fd243eadf09663511f96fc81e0720a4a42581f334ad4303aa6b?s=96&d=mm&r=g","url":"https:\/\/secure.gravatar.com\/avatar\/e0a867bdedb85fd243eadf09663511f96fc81e0720a4a42581f334ad4303aa6b?s=96&d=mm&r=g","contentUrl":"https:\/\/secure.gravatar.com\/avatar\/e0a867bdedb85fd243eadf09663511f96fc81e0720a4a42581f334ad4303aa6b?s=96&d=mm&r=g","caption":"Reda\u00e7\u00e3o"}}]}},"amp_enabled":true,"_links":{"self":[{"href":"https:\/\/www.notibras.com\/site\/wp-json\/wp\/v2\/posts\/44659","targetHints":{"allow":["GET"]}}],"collection":[{"href":"https:\/\/www.notibras.com\/site\/wp-json\/wp\/v2\/posts"}],"about":[{"href":"https:\/\/www.notibras.com\/site\/wp-json\/wp\/v2\/types\/post"}],"author":[{"embeddable":true,"href":"https:\/\/www.notibras.com\/site\/wp-json\/wp\/v2\/users\/2"}],"replies":[{"embeddable":true,"href":"https:\/\/www.notibras.com\/site\/wp-json\/wp\/v2\/comments?post=44659"}],"version-history":[{"count":0,"href":"https:\/\/www.notibras.com\/site\/wp-json\/wp\/v2\/posts\/44659\/revisions"}],"wp:featuredmedia":[{"embeddable":true,"href":"https:\/\/www.notibras.com\/site\/wp-json\/wp\/v2\/media\/44660"}],"wp:attachment":[{"href":"https:\/\/www.notibras.com\/site\/wp-json\/wp\/v2\/media?parent=44659"}],"wp:term":[{"taxonomy":"category","embeddable":true,"href":"https:\/\/www.notibras.com\/site\/wp-json\/wp\/v2\/categories?post=44659"},{"taxonomy":"post_tag","embeddable":true,"href":"https:\/\/www.notibras.com\/site\/wp-json\/wp\/v2\/tags?post=44659"}],"curies":[{"name":"wp","href":"https:\/\/api.w.org\/{rel}","templated":true}]}}