{"id":44684,"date":"2015-04-19T20:39:58","date_gmt":"2015-04-19T23:39:58","guid":{"rendered":"http:\/\/www.notibras.com\/site\/?p=44684"},"modified":"2015-04-19T20:39:58","modified_gmt":"2015-04-19T23:39:58","slug":"santos-bate-sao-paulo-por-2-a-1-na-vila-e-vai-a-final-do-paulistao","status":"publish","type":"post","link":"https:\/\/www.notibras.com\/site\/santos-bate-sao-paulo-por-2-a-1-na-vila-e-vai-a-final-do-paulistao\/","title":{"rendered":"Santos bate S\u00e3o Paulo por 2 a 1 na Vila e vai \u00e0 final do Paulist\u00e3o"},"content":{"rendered":"<p>O Santos venceu o S\u00e3o Paulo por 2 a 1 neste domingo, na Vila Belmiro, e se classificou para enfrentar o Palmeiras, que eliminou o Corinthians, na final do Campeonato Paulista. A equipe santista venceu com facilidade, mas sofreu um susto nos cinco minutos finais da partida com um gol de Luis Fabiano.<\/p>\n<p>O primeiro jogo entre Santos e Palmeiras ocorrer\u00e1 no est\u00e1dio do time alviverde, j\u00e1 que a equipe santista tem melhor campanha que o rival na competi\u00e7\u00e3o.<\/p>\n<p>Os gols do Santos foram marcados por Geuv\u00e2nio, que fez um gola\u00e7o ap\u00f3s arrancar com a bola do seu campo de defesa e finalizar da entrada da \u00e1rea de Ceni, \u00a0e Ricardo Oliveira, que fechou o placar e marcou seu d\u00e9cimo gol no Paulist\u00e3o. O camisa 9 \u00e9 o artilheiro do Estadual.<\/p>\n<p>O Santos teve uma baixa no in\u00edcio da partida, mas sentiu a perda em campo. O volante Valencia foi substitu\u00eddo por Lucas Ot\u00e1vio devido a uma les\u00e3o no joelho direito. O colombiano sofreu uma pancada no joelho na partida contra o Londrina e foi poupado dos treinos com bola durante a semana. Ap\u00f3s teste de vesti\u00e1rio, o atleta foi confirmado para a partida, mas n\u00e3o aguentou tr\u00eas minutos em campo.<\/p>\n<p>O Santos n\u00e3o joga no meio de semana e s\u00f3 volta a campo contra o Palmeiras. O S\u00e3o Paulo, por sua vez, tem duelo decisivo na Copa Libertadores da Am\u00e9rica, diante do Corinthians, quarta-feira, no Morumbi.<\/p>\n<p>O Santos dominou a partida desde o in\u00edcio. No primeiro tempo, por exemplo, o goleiro Vladimir n\u00e3o fez uma defesa. O \u00fanico bom momento foi um chute fraco de Denilson de fora da \u00e1rea ap\u00f3s assist\u00eancia de Ganso.<\/p>\n<p>A equipe santista, por sua vez, imp\u00f4s muita velocidade na partida. A maioria das jogadas foi criada por Robinho e Lucas Lima. O camisa 7, inspirado com seus dribles, quase abriu o marcador ap\u00f3s pedalar para cima do marcador e chutar forte, cruzado, para boa defesa de Rog\u00e9rio Ceni.<\/p>\n<p>Mas o primeiro gol da partida foi de Geuv\u00e2nio. O camisa 45, aos 35 minutos, arrancou do campo do Santos, passou em velocidade por dois marcadores e chutou forte da entrada da \u00e1rea para abrir o placar na Vila. Um belo gol.<\/p>\n<p>No segundo tempo, o S\u00e3o Paulo voltou mais ofensivo com a entrada de Luis Fabiano no lugar de Paulo Miranda. Com isso, Hudson foi deslocado para a lateral direita. Logo inicio, Alexandre Pato desperdi\u00e7ou uma grande chance. Ap\u00f3s falha de Victor Ferraz, a bola sobrou para o atacante dentro da \u00e1rea, mas ele acertou a rede do lado de fora depois de finalizar de perna esquerda.<\/p>\n<p>O Santos respondeu com a ajuda do \u00e1rbitro Raphael Claus, que atrapalhou o volante Denilson e fez com que a bola sobrasse para Ricardo Oliveira. Livre dentro da \u00e1rea, o camisa 9 chutou cruzado, mas a bola passou perto da trave de Ceni.<\/p>\n<p>Robinho e Geuv\u00e2nio, os dois melhores do Santos no jogo, sa\u00edram por desgaste f\u00edsico no segundo tempo. Mesmo assim, a equipe santista continuou pressionando. Ricardo Oliveira acertou trave em uma jogada e marcou o segundo gol dois minutos depois. Chiquinho cruzou para o camisa 9, sem goleiro, ampliar o placar.<\/p>\n<p>O S\u00e3o Paulo ainda descontou com Luis Fabiano no finalzinho do jogo, mas n\u00e3o empatou e est\u00e1 eliminado.<\/p>\n","protected":false},"excerpt":{"rendered":"<p>O Santos venceu o S\u00e3o Paulo por 2 a 1 neste domingo, na Vila Belmiro, e se classificou para enfrentar o Palmeiras, que eliminou o Corinthians, na final do Campeonato Paulista. A equipe santista venceu com facilidade, mas sofreu um susto nos cinco minutos finais da partida com um gol de Luis Fabiano. O primeiro [&hellip;]<\/p>\n","protected":false},"author":2,"featured_media":44685,"comment_status":"open","ping_status":"closed","sticky":false,"template":"","format":"standard","meta":{"_acf_changed":false,"footnotes":""},"categories":[19,29],"tags":[],"class_list":["post-44684","post","type-post","status-publish","format-standard","has-post-thumbnail","hentry","category-esportes","category-futebol"],"acf":[],"yoast_head":"<!-- This site is optimized with the Yoast SEO plugin v27.2 - https:\/\/yoast.com\/product\/yoast-seo-wordpress\/ -->\n<title>Santos bate S\u00e3o Paulo por 2 a 1 na Vila e vai \u00e0 final do Paulist\u00e3o - Notibras<\/title>\n<meta name=\"robots\" content=\"index, follow, max-snippet:-1, max-image-preview:large, max-video-preview:-1\" \/>\n<link rel=\"canonical\" href=\"https:\/\/www.notibras.com\/site\/santos-bate-sao-paulo-por-2-a-1-na-vila-e-vai-a-final-do-paulistao\/\" \/>\n<meta property=\"og:locale\" content=\"pt_BR\" \/>\n<meta property=\"og:type\" content=\"article\" \/>\n<meta property=\"og:title\" content=\"Santos bate S\u00e3o Paulo por 2 a 1 na Vila e vai \u00e0 final do Paulist\u00e3o - Notibras\" \/>\n<meta property=\"og:description\" content=\"O Santos venceu o S\u00e3o Paulo por 2 a 1 neste domingo, na Vila Belmiro, e se classificou para enfrentar o Palmeiras, que eliminou o Corinthians, na final do Campeonato Paulista. A equipe santista venceu com facilidade, mas sofreu um susto nos cinco minutos finais da partida com um gol de Luis Fabiano. O primeiro [&hellip;]\" \/>\n<meta property=\"og:url\" content=\"https:\/\/www.notibras.com\/site\/santos-bate-sao-paulo-por-2-a-1-na-vila-e-vai-a-final-do-paulistao\/\" \/>\n<meta property=\"og:site_name\" content=\"Notibras\" \/>\n<meta property=\"article:publisher\" content=\"https:\/\/www.facebook.com\/notibras\/\" \/>\n<meta property=\"article:published_time\" content=\"2015-04-19T23:39:58+00:00\" \/>\n<meta property=\"og:image\" content=\"https:\/\/www.notibras.com\/site\/wp-content\/uploads\/2015\/04\/sansao.jpg\" \/>\n\t<meta property=\"og:image:width\" content=\"460\" \/>\n\t<meta property=\"og:image:height\" content=\"307\" \/>\n\t<meta property=\"og:image:type\" content=\"image\/jpeg\" \/>\n<meta name=\"author\" content=\"Reda\u00e7\u00e3o\" \/>\n<meta name=\"twitter:card\" content=\"summary_large_image\" \/>\n<meta name=\"twitter:creator\" content=\"@Notibras\" \/>\n<meta name=\"twitter:site\" content=\"@Notibras\" \/>\n<meta name=\"twitter:label1\" content=\"Escrito por\" \/>\n\t<meta name=\"twitter:data1\" content=\"Reda\u00e7\u00e3o\" \/>\n\t<meta name=\"twitter:label2\" content=\"Est. tempo de leitura\" \/>\n\t<meta name=\"twitter:data2\" content=\"3 minutos\" \/>\n<script type=\"application\/ld+json\" class=\"yoast-schema-graph\">{\"@context\":\"https:\/\/schema.org\",\"@graph\":[{\"@type\":\"Article\",\"@id\":\"https:\/\/www.notibras.com\/site\/santos-bate-sao-paulo-por-2-a-1-na-vila-e-vai-a-final-do-paulistao\/#article\",\"isPartOf\":{\"@id\":\"https:\/\/www.notibras.com\/site\/santos-bate-sao-paulo-por-2-a-1-na-vila-e-vai-a-final-do-paulistao\/\"},\"author\":{\"name\":\"Reda\u00e7\u00e3o\",\"@id\":\"https:\/\/www.notibras.com\/site\/#\/schema\/person\/36ab0979449956132d3e5b517ea76ac8\"},\"headline\":\"Santos bate S\u00e3o Paulo por 2 a 1 na Vila e vai \u00e0 final do Paulist\u00e3o\",\"datePublished\":\"2015-04-19T23:39:58+00:00\",\"mainEntityOfPage\":{\"@id\":\"https:\/\/www.notibras.com\/site\/santos-bate-sao-paulo-por-2-a-1-na-vila-e-vai-a-final-do-paulistao\/\"},\"wordCount\":584,\"commentCount\":0,\"publisher\":{\"@id\":\"https:\/\/www.notibras.com\/site\/#organization\"},\"image\":{\"@id\":\"https:\/\/www.notibras.com\/site\/santos-bate-sao-paulo-por-2-a-1-na-vila-e-vai-a-final-do-paulistao\/#primaryimage\"},\"thumbnailUrl\":\"https:\/\/www.notibras.com\/site\/wp-content\/uploads\/2015\/04\/sansao.jpg\",\"articleSection\":[\"Esportes\",\"Futebol\"],\"inLanguage\":\"pt-BR\",\"potentialAction\":[{\"@type\":\"CommentAction\",\"name\":\"Comment\",\"target\":[\"https:\/\/www.notibras.com\/site\/santos-bate-sao-paulo-por-2-a-1-na-vila-e-vai-a-final-do-paulistao\/#respond\"]}]},{\"@type\":\"WebPage\",\"@id\":\"https:\/\/www.notibras.com\/site\/santos-bate-sao-paulo-por-2-a-1-na-vila-e-vai-a-final-do-paulistao\/\",\"url\":\"https:\/\/www.notibras.com\/site\/santos-bate-sao-paulo-por-2-a-1-na-vila-e-vai-a-final-do-paulistao\/\",\"name\":\"Santos bate S\u00e3o Paulo por 2 a 1 na Vila e vai \u00e0 final do Paulist\u00e3o - Notibras\",\"isPartOf\":{\"@id\":\"https:\/\/www.notibras.com\/site\/#website\"},\"primaryImageOfPage\":{\"@id\":\"https:\/\/www.notibras.com\/site\/santos-bate-sao-paulo-por-2-a-1-na-vila-e-vai-a-final-do-paulistao\/#primaryimage\"},\"image\":{\"@id\":\"https:\/\/www.notibras.com\/site\/santos-bate-sao-paulo-por-2-a-1-na-vila-e-vai-a-final-do-paulistao\/#primaryimage\"},\"thumbnailUrl\":\"https:\/\/www.notibras.com\/site\/wp-content\/uploads\/2015\/04\/sansao.jpg\",\"datePublished\":\"2015-04-19T23:39:58+00:00\",\"breadcrumb\":{\"@id\":\"https:\/\/www.notibras.com\/site\/santos-bate-sao-paulo-por-2-a-1-na-vila-e-vai-a-final-do-paulistao\/#breadcrumb\"},\"inLanguage\":\"pt-BR\",\"potentialAction\":[{\"@type\":\"ReadAction\",\"target\":[\"https:\/\/www.notibras.com\/site\/santos-bate-sao-paulo-por-2-a-1-na-vila-e-vai-a-final-do-paulistao\/\"]}]},{\"@type\":\"ImageObject\",\"inLanguage\":\"pt-BR\",\"@id\":\"https:\/\/www.notibras.com\/site\/santos-bate-sao-paulo-por-2-a-1-na-vila-e-vai-a-final-do-paulistao\/#primaryimage\",\"url\":\"https:\/\/www.notibras.com\/site\/wp-content\/uploads\/2015\/04\/sansao.jpg\",\"contentUrl\":\"https:\/\/www.notibras.com\/site\/wp-content\/uploads\/2015\/04\/sansao.jpg\",\"width\":460,\"height\":307},{\"@type\":\"BreadcrumbList\",\"@id\":\"https:\/\/www.notibras.com\/site\/santos-bate-sao-paulo-por-2-a-1-na-vila-e-vai-a-final-do-paulistao\/#breadcrumb\",\"itemListElement\":[{\"@type\":\"ListItem\",\"position\":1,\"name\":\"In\u00edcio\",\"item\":\"https:\/\/www.notibras.com\/site\/\"},{\"@type\":\"ListItem\",\"position\":2,\"name\":\"Santos bate S\u00e3o Paulo por 2 a 1 na Vila e vai \u00e0 final do Paulist\u00e3o\"}]},{\"@type\":\"WebSite\",\"@id\":\"https:\/\/www.notibras.com\/site\/#website\",\"url\":\"https:\/\/www.notibras.com\/site\/\",\"name\":\"Notibras\",\"description\":\"Not\u00edcias de Bras\u00edlia, do Brasil e do Mundo\",\"publisher\":{\"@id\":\"https:\/\/www.notibras.com\/site\/#organization\"},\"potentialAction\":[{\"@type\":\"SearchAction\",\"target\":{\"@type\":\"EntryPoint\",\"urlTemplate\":\"https:\/\/www.notibras.com\/site\/?s={search_term_string}\"},\"query-input\":{\"@type\":\"PropertyValueSpecification\",\"valueRequired\":true,\"valueName\":\"search_term_string\"}}],\"inLanguage\":\"pt-BR\"},{\"@type\":\"Organization\",\"@id\":\"https:\/\/www.notibras.com\/site\/#organization\",\"name\":\"Grupo Notibras de Comunica\u00e7\u00e3o\",\"url\":\"https:\/\/www.notibras.com\/site\/\",\"logo\":{\"@type\":\"ImageObject\",\"inLanguage\":\"pt-BR\",\"@id\":\"https:\/\/www.notibras.com\/site\/#\/schema\/logo\/image\/\",\"url\":\"https:\/\/www.notibras.com\/site\/wp-content\/uploads\/2023\/01\/notibras23.png\",\"contentUrl\":\"https:\/\/www.notibras.com\/site\/wp-content\/uploads\/2023\/01\/notibras23.png\",\"width\":350,\"height\":87,\"caption\":\"Grupo Notibras de Comunica\u00e7\u00e3o\"},\"image\":{\"@id\":\"https:\/\/www.notibras.com\/site\/#\/schema\/logo\/image\/\"},\"sameAs\":[\"https:\/\/www.facebook.com\/notibras\/\",\"https:\/\/x.com\/Notibras\",\"https:\/\/www.instagram.com\/notibras\/\"]},{\"@type\":\"Person\",\"@id\":\"https:\/\/www.notibras.com\/site\/#\/schema\/person\/36ab0979449956132d3e5b517ea76ac8\",\"name\":\"Reda\u00e7\u00e3o\",\"image\":{\"@type\":\"ImageObject\",\"inLanguage\":\"pt-BR\",\"@id\":\"https:\/\/secure.gravatar.com\/avatar\/e0a867bdedb85fd243eadf09663511f96fc81e0720a4a42581f334ad4303aa6b?s=96&d=mm&r=g\",\"url\":\"https:\/\/secure.gravatar.com\/avatar\/e0a867bdedb85fd243eadf09663511f96fc81e0720a4a42581f334ad4303aa6b?s=96&d=mm&r=g\",\"contentUrl\":\"https:\/\/secure.gravatar.com\/avatar\/e0a867bdedb85fd243eadf09663511f96fc81e0720a4a42581f334ad4303aa6b?s=96&d=mm&r=g\",\"caption\":\"Reda\u00e7\u00e3o\"}}]}<\/script>\n<!-- \/ Yoast SEO plugin. -->","yoast_head_json":{"title":"Santos bate S\u00e3o Paulo por 2 a 1 na Vila e vai \u00e0 final do Paulist\u00e3o - Notibras","robots":{"index":"index","follow":"follow","max-snippet":"max-snippet:-1","max-image-preview":"max-image-preview:large","max-video-preview":"max-video-preview:-1"},"canonical":"https:\/\/www.notibras.com\/site\/santos-bate-sao-paulo-por-2-a-1-na-vila-e-vai-a-final-do-paulistao\/","og_locale":"pt_BR","og_type":"article","og_title":"Santos bate S\u00e3o Paulo por 2 a 1 na Vila e vai \u00e0 final do Paulist\u00e3o - Notibras","og_description":"O Santos venceu o S\u00e3o Paulo por 2 a 1 neste domingo, na Vila Belmiro, e se classificou para enfrentar o Palmeiras, que eliminou o Corinthians, na final do Campeonato Paulista. A equipe santista venceu com facilidade, mas sofreu um susto nos cinco minutos finais da partida com um gol de Luis Fabiano. O primeiro [&hellip;]","og_url":"https:\/\/www.notibras.com\/site\/santos-bate-sao-paulo-por-2-a-1-na-vila-e-vai-a-final-do-paulistao\/","og_site_name":"Notibras","article_publisher":"https:\/\/www.facebook.com\/notibras\/","article_published_time":"2015-04-19T23:39:58+00:00","og_image":[{"width":460,"height":307,"url":"https:\/\/www.notibras.com\/site\/wp-content\/uploads\/2015\/04\/sansao.jpg","type":"image\/jpeg"}],"author":"Reda\u00e7\u00e3o","twitter_card":"summary_large_image","twitter_creator":"@Notibras","twitter_site":"@Notibras","twitter_misc":{"Escrito por":"Reda\u00e7\u00e3o","Est. tempo de leitura":"3 minutos"},"schema":{"@context":"https:\/\/schema.org","@graph":[{"@type":"Article","@id":"https:\/\/www.notibras.com\/site\/santos-bate-sao-paulo-por-2-a-1-na-vila-e-vai-a-final-do-paulistao\/#article","isPartOf":{"@id":"https:\/\/www.notibras.com\/site\/santos-bate-sao-paulo-por-2-a-1-na-vila-e-vai-a-final-do-paulistao\/"},"author":{"name":"Reda\u00e7\u00e3o","@id":"https:\/\/www.notibras.com\/site\/#\/schema\/person\/36ab0979449956132d3e5b517ea76ac8"},"headline":"Santos bate S\u00e3o Paulo por 2 a 1 na Vila e vai \u00e0 final do Paulist\u00e3o","datePublished":"2015-04-19T23:39:58+00:00","mainEntityOfPage":{"@id":"https:\/\/www.notibras.com\/site\/santos-bate-sao-paulo-por-2-a-1-na-vila-e-vai-a-final-do-paulistao\/"},"wordCount":584,"commentCount":0,"publisher":{"@id":"https:\/\/www.notibras.com\/site\/#organization"},"image":{"@id":"https:\/\/www.notibras.com\/site\/santos-bate-sao-paulo-por-2-a-1-na-vila-e-vai-a-final-do-paulistao\/#primaryimage"},"thumbnailUrl":"https:\/\/www.notibras.com\/site\/wp-content\/uploads\/2015\/04\/sansao.jpg","articleSection":["Esportes","Futebol"],"inLanguage":"pt-BR","potentialAction":[{"@type":"CommentAction","name":"Comment","target":["https:\/\/www.notibras.com\/site\/santos-bate-sao-paulo-por-2-a-1-na-vila-e-vai-a-final-do-paulistao\/#respond"]}]},{"@type":"WebPage","@id":"https:\/\/www.notibras.com\/site\/santos-bate-sao-paulo-por-2-a-1-na-vila-e-vai-a-final-do-paulistao\/","url":"https:\/\/www.notibras.com\/site\/santos-bate-sao-paulo-por-2-a-1-na-vila-e-vai-a-final-do-paulistao\/","name":"Santos bate S\u00e3o Paulo por 2 a 1 na Vila e vai \u00e0 final do Paulist\u00e3o - Notibras","isPartOf":{"@id":"https:\/\/www.notibras.com\/site\/#website"},"primaryImageOfPage":{"@id":"https:\/\/www.notibras.com\/site\/santos-bate-sao-paulo-por-2-a-1-na-vila-e-vai-a-final-do-paulistao\/#primaryimage"},"image":{"@id":"https:\/\/www.notibras.com\/site\/santos-bate-sao-paulo-por-2-a-1-na-vila-e-vai-a-final-do-paulistao\/#primaryimage"},"thumbnailUrl":"https:\/\/www.notibras.com\/site\/wp-content\/uploads\/2015\/04\/sansao.jpg","datePublished":"2015-04-19T23:39:58+00:00","breadcrumb":{"@id":"https:\/\/www.notibras.com\/site\/santos-bate-sao-paulo-por-2-a-1-na-vila-e-vai-a-final-do-paulistao\/#breadcrumb"},"inLanguage":"pt-BR","potentialAction":[{"@type":"ReadAction","target":["https:\/\/www.notibras.com\/site\/santos-bate-sao-paulo-por-2-a-1-na-vila-e-vai-a-final-do-paulistao\/"]}]},{"@type":"ImageObject","inLanguage":"pt-BR","@id":"https:\/\/www.notibras.com\/site\/santos-bate-sao-paulo-por-2-a-1-na-vila-e-vai-a-final-do-paulistao\/#primaryimage","url":"https:\/\/www.notibras.com\/site\/wp-content\/uploads\/2015\/04\/sansao.jpg","contentUrl":"https:\/\/www.notibras.com\/site\/wp-content\/uploads\/2015\/04\/sansao.jpg","width":460,"height":307},{"@type":"BreadcrumbList","@id":"https:\/\/www.notibras.com\/site\/santos-bate-sao-paulo-por-2-a-1-na-vila-e-vai-a-final-do-paulistao\/#breadcrumb","itemListElement":[{"@type":"ListItem","position":1,"name":"In\u00edcio","item":"https:\/\/www.notibras.com\/site\/"},{"@type":"ListItem","position":2,"name":"Santos bate S\u00e3o Paulo por 2 a 1 na Vila e vai \u00e0 final do Paulist\u00e3o"}]},{"@type":"WebSite","@id":"https:\/\/www.notibras.com\/site\/#website","url":"https:\/\/www.notibras.com\/site\/","name":"Notibras","description":"Not\u00edcias de Bras\u00edlia, do Brasil e do Mundo","publisher":{"@id":"https:\/\/www.notibras.com\/site\/#organization"},"potentialAction":[{"@type":"SearchAction","target":{"@type":"EntryPoint","urlTemplate":"https:\/\/www.notibras.com\/site\/?s={search_term_string}"},"query-input":{"@type":"PropertyValueSpecification","valueRequired":true,"valueName":"search_term_string"}}],"inLanguage":"pt-BR"},{"@type":"Organization","@id":"https:\/\/www.notibras.com\/site\/#organization","name":"Grupo Notibras de Comunica\u00e7\u00e3o","url":"https:\/\/www.notibras.com\/site\/","logo":{"@type":"ImageObject","inLanguage":"pt-BR","@id":"https:\/\/www.notibras.com\/site\/#\/schema\/logo\/image\/","url":"https:\/\/www.notibras.com\/site\/wp-content\/uploads\/2023\/01\/notibras23.png","contentUrl":"https:\/\/www.notibras.com\/site\/wp-content\/uploads\/2023\/01\/notibras23.png","width":350,"height":87,"caption":"Grupo Notibras de Comunica\u00e7\u00e3o"},"image":{"@id":"https:\/\/www.notibras.com\/site\/#\/schema\/logo\/image\/"},"sameAs":["https:\/\/www.facebook.com\/notibras\/","https:\/\/x.com\/Notibras","https:\/\/www.instagram.com\/notibras\/"]},{"@type":"Person","@id":"https:\/\/www.notibras.com\/site\/#\/schema\/person\/36ab0979449956132d3e5b517ea76ac8","name":"Reda\u00e7\u00e3o","image":{"@type":"ImageObject","inLanguage":"pt-BR","@id":"https:\/\/secure.gravatar.com\/avatar\/e0a867bdedb85fd243eadf09663511f96fc81e0720a4a42581f334ad4303aa6b?s=96&d=mm&r=g","url":"https:\/\/secure.gravatar.com\/avatar\/e0a867bdedb85fd243eadf09663511f96fc81e0720a4a42581f334ad4303aa6b?s=96&d=mm&r=g","contentUrl":"https:\/\/secure.gravatar.com\/avatar\/e0a867bdedb85fd243eadf09663511f96fc81e0720a4a42581f334ad4303aa6b?s=96&d=mm&r=g","caption":"Reda\u00e7\u00e3o"}}]}},"amp_enabled":true,"_links":{"self":[{"href":"https:\/\/www.notibras.com\/site\/wp-json\/wp\/v2\/posts\/44684","targetHints":{"allow":["GET"]}}],"collection":[{"href":"https:\/\/www.notibras.com\/site\/wp-json\/wp\/v2\/posts"}],"about":[{"href":"https:\/\/www.notibras.com\/site\/wp-json\/wp\/v2\/types\/post"}],"author":[{"embeddable":true,"href":"https:\/\/www.notibras.com\/site\/wp-json\/wp\/v2\/users\/2"}],"replies":[{"embeddable":true,"href":"https:\/\/www.notibras.com\/site\/wp-json\/wp\/v2\/comments?post=44684"}],"version-history":[{"count":0,"href":"https:\/\/www.notibras.com\/site\/wp-json\/wp\/v2\/posts\/44684\/revisions"}],"wp:featuredmedia":[{"embeddable":true,"href":"https:\/\/www.notibras.com\/site\/wp-json\/wp\/v2\/media\/44685"}],"wp:attachment":[{"href":"https:\/\/www.notibras.com\/site\/wp-json\/wp\/v2\/media?parent=44684"}],"wp:term":[{"taxonomy":"category","embeddable":true,"href":"https:\/\/www.notibras.com\/site\/wp-json\/wp\/v2\/categories?post=44684"},{"taxonomy":"post_tag","embeddable":true,"href":"https:\/\/www.notibras.com\/site\/wp-json\/wp\/v2\/tags?post=44684"}],"curies":[{"name":"wp","href":"https:\/\/api.w.org\/{rel}","templated":true}]}}