{"id":44749,"date":"2015-04-21T12:14:01","date_gmt":"2015-04-21T15:14:01","guid":{"rendered":"http:\/\/www.notibras.com\/site\/?p=44749"},"modified":"2015-04-22T12:40:43","modified_gmt":"2015-04-22T15:40:43","slug":"publicidade-nao-e-geni-a-origem-da-lava-jato-generalizou-o-alvo","status":"publish","type":"post","link":"https:\/\/www.notibras.com\/site\/publicidade-nao-e-geni-a-origem-da-lava-jato-generalizou-o-alvo\/","title":{"rendered":"Publicidade n\u00e3o \u00e9 Geni. A Origem, da Lava Jato, generalizou os alvos"},"content":{"rendered":"<p>Bombardeada nos \u00faltimos dias pelos acontecimentos advindos da Opera\u00e7\u00e3o Origem (uma das fases da Opera\u00e7\u00e3o Lava Jato), que parece afogar tudo e todos que est\u00e3o no caminho das investiga\u00e7\u00f5es, a Comunidade Publicit\u00e1ria est\u00e1 alarmada, preocupada, revirada! N\u00e3o com a pris\u00e3o de Ricardo Hoffmann, n\u00e3o com o esclarecimento do tr\u00e1fego de influ\u00eancias pol\u00edticas que atrapalham neg\u00f3cios sadios, pois o sol nasce para todos, todos os dias.<\/p>\n<p>A surpresa \u00e9 por conta de falha nas informa\u00e7\u00f5es que est\u00e3o saindo nos ve\u00edculos de comunica\u00e7\u00e3o. Parece, tamb\u00e9m, que o grande vil\u00e3o \u00e9 o BV, pr\u00e1tica comum divulgada de forma errada, respingando no trabalho s\u00e9rio de uma classe inteira que ainda tenta se estabelecer depois do esc\u00e2ndalo do mensal\u00e3o.<\/p>\n<p>Quando uma not\u00edcia diz que a ag\u00eancia Borghi\/Lowe faturou 118 milh\u00f5es, os pol\u00edticos, os leigos e os inimigos da Propaganda Brasileira puxam suas calculadoras e passam a \u201cviajar\u201d em percentuais supostamente pagos aos corruptores.<\/p>\n<blockquote><p>N\u00e3o estou aqui para defender A ou B. Como educador, me preocupa a futura forma\u00e7\u00e3o de jovens nesta profiss\u00e3o depois de tantos melindres. Ao mesmo tempo, me enche de for\u00e7a e orgulho saber que parece que somos dotados de um esp\u00edrito maior que o corpo, com uma vontade e uma garra de vencer bem mais que a maioria. Esse antagonismo serve de contrapartida para fortalecer essa carreira que tanto amo e admiro, e aqui tento valorizar.<\/p><\/blockquote>\n<p>Os excessos, os exageros com que outros profissionais (por falta de conhecimento) enxertam na sociedade quando um publicit\u00e1rio erra, deixam marcas dif\u00edceis de apagar. Apenas desejo esclarecer a verdade sobre valores publicados e seus destinos.<\/p>\n<p>Todo edital de licita\u00e7\u00e3o p\u00fablica indica quais os percentuais que as ag\u00eancias vencedoras do certamente podem praticar, que v\u00e3o de 17% at\u00e9 55%, m\u00ednimo e m\u00e1ximo. Esses percentuais, logicamente, se traduzem em valores e, desses valores, at\u00e9 78% s\u00e3o destinados \u00e0 veicula\u00e7\u00e3o \u2013 m\u00eddia, portanto, ficam nas TVs, jornais, r\u00e1dios, m\u00eddia exterior, m\u00eddia digital, etc. Outros 22% s\u00e3o destinados a produ\u00e7\u00e3o de filmes de 30\u201d ou 60\u201d, spots ou jingles, produ\u00e7\u00e3o para cinema em 2D, trilhas sonoras, cartazes, etc.<\/p>\n<p>Lamentavelmente, estamos novamente sendo expostos na m\u00eddia \u2013 que costumeiramente dominamos com planejamentos excepcionais. A rotina de uma ag\u00eancia de propaganda est\u00e1 sendo mal interpretada, por desconhecimento do que s\u00e3o os chamados BVs: \u201cde acordo com a Lei n\u00ba 12.232, aprovada em 2010 \u2013 \u00e9 um tipo de incentivo que pode ser adotado por ve\u00edculos de comunica\u00e7\u00e3o exclusivamente em rela\u00e7\u00e3o \u00e0s ag\u00eancias, intitulados de \u2018Planos de Incentivo\u2019, cuja fun\u00e7\u00e3o \u00e9 maximizar a verba do anunciante, resultando em descontos e benef\u00edcios\u201d.<\/p>\n<p>As regras de mercado s\u00e3o claras. T\u00eam ve\u00edculos e empresas prestadoras de servi\u00e7os que praticam o Plano de Incentivo. J\u00e1 outros n\u00e3o, talvez por falta de uma estrutura financeira que possa dar o suporte necess\u00e1rio ao cumprimento dessa negocia\u00e7\u00e3o. Portanto, a pr\u00e1tica do Plano de Incentivo \u00e9 correta e, eu diria, necess\u00e1ria. S\u00f3 um detalhe: s\u00f3 recebe seu BV quem paga em dia aos ve\u00edculos e empresas que praticam essa modalidade. Quem n\u00e3o consegue pagar em dia, dan\u00e7a literalmente.<\/p>\n<blockquote><p>O que n\u00e3o pode \u00e9 generalizar e jogar a nossa Ind\u00fastria da Propaganda na vala dos indigentes. Pelo contr\u00e1rio, essa atividade econ\u00f4mica e importante faz parte da \u201cs\u00edstole e di\u00e1stole\u201d do crescimento do nosso Pa\u00eds, e somos os respons\u00e1veis pela exist\u00eancia da liberdade de express\u00e3o e da democracia.<\/p><\/blockquote>\n<p>A propaganda brasileira que atua junto \u00e0 \u00e1rea governamental n\u00e3o \u00e9 feita para apanhar, n\u00e3o \u00e9 boa de cuspir e tamb\u00e9m n\u00e3o d\u00e1 para qualquer um. Ela n\u00e3o \u00e9 nenhuma Geni. \u00c9 sim, v\u00edtima de gestores e pol\u00edticos corruptores, que querem achacar cada vez mais o empresariado presente nesta fatia de mercado, transformando-os em verdadeiros escravos de cidad\u00e3os [se \u00e9 que podem ser assim chamados] que querem acumular riquezas sem o menor prop\u00f3sito, praticando o v\u00edcio da gan\u00e2ncia.<\/p>\n<p>Chegou a hora de dar um basta na promiscuidade praticada pelos gestores dos governos federal, estadual e municipal e pelos profissionais da publicidade que, sem medir consequ\u00eancias, aceitam essa pr\u00e1tica sem constrangimentos.<\/p>\n<p><strong>Fernando Vasconcelos<\/strong><\/p>\n","protected":false},"excerpt":{"rendered":"<p>Bombardeada nos \u00faltimos dias pelos acontecimentos advindos da Opera\u00e7\u00e3o Origem (uma das fases da Opera\u00e7\u00e3o Lava Jato), que parece afogar tudo e todos que est\u00e3o no caminho das investiga\u00e7\u00f5es, a Comunidade Publicit\u00e1ria est\u00e1 alarmada, preocupada, revirada! N\u00e3o com a pris\u00e3o de Ricardo Hoffmann, n\u00e3o com o esclarecimento do tr\u00e1fego de influ\u00eancias pol\u00edticas que atrapalham neg\u00f3cios [&hellip;]<\/p>\n","protected":false},"author":2,"featured_media":44750,"comment_status":"open","ping_status":"closed","sticky":false,"template":"","format":"standard","meta":{"_acf_changed":false,"footnotes":""},"categories":[25],"tags":[],"class_list":["post-44749","post","type-post","status-publish","format-standard","has-post-thumbnail","hentry","category-opina-ai"],"acf":[],"yoast_head":"<!-- This site is optimized with the Yoast SEO plugin v27.5 - https:\/\/yoast.com\/product\/yoast-seo-wordpress\/ -->\n<title>Publicidade n\u00e3o \u00e9 Geni. A Origem, da Lava Jato, generalizou os alvos - Notibras<\/title>\n<meta name=\"robots\" content=\"index, follow, max-snippet:-1, max-image-preview:large, max-video-preview:-1\" \/>\n<link rel=\"canonical\" href=\"https:\/\/www.notibras.com\/site\/publicidade-nao-e-geni-a-origem-da-lava-jato-generalizou-o-alvo\/\" \/>\n<meta property=\"og:locale\" content=\"pt_BR\" \/>\n<meta property=\"og:type\" content=\"article\" \/>\n<meta property=\"og:title\" content=\"Publicidade n\u00e3o \u00e9 Geni. A Origem, da Lava Jato, generalizou os alvos - Notibras\" \/>\n<meta property=\"og:description\" content=\"Bombardeada nos \u00faltimos dias pelos acontecimentos advindos da Opera\u00e7\u00e3o Origem (uma das fases da Opera\u00e7\u00e3o Lava Jato), que parece afogar tudo e todos que est\u00e3o no caminho das investiga\u00e7\u00f5es, a Comunidade Publicit\u00e1ria est\u00e1 alarmada, preocupada, revirada! N\u00e3o com a pris\u00e3o de Ricardo Hoffmann, n\u00e3o com o esclarecimento do tr\u00e1fego de influ\u00eancias pol\u00edticas que atrapalham neg\u00f3cios [&hellip;]\" \/>\n<meta property=\"og:url\" content=\"https:\/\/www.notibras.com\/site\/publicidade-nao-e-geni-a-origem-da-lava-jato-generalizou-o-alvo\/\" \/>\n<meta property=\"og:site_name\" content=\"Notibras\" \/>\n<meta property=\"article:publisher\" content=\"https:\/\/www.facebook.com\/notibras\/\" \/>\n<meta property=\"article:published_time\" content=\"2015-04-21T15:14:01+00:00\" \/>\n<meta property=\"article:modified_time\" content=\"2015-04-22T15:40:43+00:00\" \/>\n<meta property=\"og:image\" content=\"https:\/\/www.notibras.com\/site\/wp-content\/uploads\/2015\/04\/p\u00f3s-gradua\u00e7\u00e3o-na-\u00e1rea-de-publicidade-e-propaganda.jpg\" \/>\n\t<meta property=\"og:image:width\" content=\"435\" \/>\n\t<meta property=\"og:image:height\" content=\"300\" \/>\n\t<meta property=\"og:image:type\" content=\"image\/jpeg\" \/>\n<meta name=\"author\" content=\"Reda\u00e7\u00e3o\" \/>\n<meta name=\"twitter:card\" content=\"summary_large_image\" \/>\n<meta name=\"twitter:creator\" content=\"@Notibras\" \/>\n<meta name=\"twitter:site\" content=\"@Notibras\" \/>\n<meta name=\"twitter:label1\" content=\"Escrito por\" \/>\n\t<meta name=\"twitter:data1\" content=\"Reda\u00e7\u00e3o\" \/>\n\t<meta name=\"twitter:label2\" content=\"Est. tempo de leitura\" \/>\n\t<meta name=\"twitter:data2\" content=\"4 minutos\" \/>\n<script type=\"application\/ld+json\" class=\"yoast-schema-graph\">{\"@context\":\"https:\\\/\\\/schema.org\",\"@graph\":[{\"@type\":\"Article\",\"@id\":\"https:\\\/\\\/www.notibras.com\\\/site\\\/publicidade-nao-e-geni-a-origem-da-lava-jato-generalizou-o-alvo\\\/#article\",\"isPartOf\":{\"@id\":\"https:\\\/\\\/www.notibras.com\\\/site\\\/publicidade-nao-e-geni-a-origem-da-lava-jato-generalizou-o-alvo\\\/\"},\"author\":{\"name\":\"Reda\u00e7\u00e3o\",\"@id\":\"https:\\\/\\\/www.notibras.com\\\/site\\\/#\\\/schema\\\/person\\\/36ab0979449956132d3e5b517ea76ac8\"},\"headline\":\"Publicidade n\u00e3o \u00e9 Geni. A Origem, da Lava Jato, generalizou os alvos\",\"datePublished\":\"2015-04-21T15:14:01+00:00\",\"dateModified\":\"2015-04-22T15:40:43+00:00\",\"mainEntityOfPage\":{\"@id\":\"https:\\\/\\\/www.notibras.com\\\/site\\\/publicidade-nao-e-geni-a-origem-da-lava-jato-generalizou-o-alvo\\\/\"},\"wordCount\":737,\"commentCount\":0,\"publisher\":{\"@id\":\"https:\\\/\\\/www.notibras.com\\\/site\\\/#organization\"},\"image\":{\"@id\":\"https:\\\/\\\/www.notibras.com\\\/site\\\/publicidade-nao-e-geni-a-origem-da-lava-jato-generalizou-o-alvo\\\/#primaryimage\"},\"thumbnailUrl\":\"https:\\\/\\\/www.notibras.com\\\/site\\\/wp-content\\\/uploads\\\/2015\\\/04\\\/p\u00f3s-gradua\u00e7\u00e3o-na-\u00e1rea-de-publicidade-e-propaganda.jpg\",\"articleSection\":[\"Opina a\u00ed\"],\"inLanguage\":\"pt-BR\",\"potentialAction\":[{\"@type\":\"CommentAction\",\"name\":\"Comment\",\"target\":[\"https:\\\/\\\/www.notibras.com\\\/site\\\/publicidade-nao-e-geni-a-origem-da-lava-jato-generalizou-o-alvo\\\/#respond\"]}]},{\"@type\":\"WebPage\",\"@id\":\"https:\\\/\\\/www.notibras.com\\\/site\\\/publicidade-nao-e-geni-a-origem-da-lava-jato-generalizou-o-alvo\\\/\",\"url\":\"https:\\\/\\\/www.notibras.com\\\/site\\\/publicidade-nao-e-geni-a-origem-da-lava-jato-generalizou-o-alvo\\\/\",\"name\":\"Publicidade n\u00e3o \u00e9 Geni. A Origem, da Lava Jato, generalizou os alvos - Notibras\",\"isPartOf\":{\"@id\":\"https:\\\/\\\/www.notibras.com\\\/site\\\/#website\"},\"primaryImageOfPage\":{\"@id\":\"https:\\\/\\\/www.notibras.com\\\/site\\\/publicidade-nao-e-geni-a-origem-da-lava-jato-generalizou-o-alvo\\\/#primaryimage\"},\"image\":{\"@id\":\"https:\\\/\\\/www.notibras.com\\\/site\\\/publicidade-nao-e-geni-a-origem-da-lava-jato-generalizou-o-alvo\\\/#primaryimage\"},\"thumbnailUrl\":\"https:\\\/\\\/www.notibras.com\\\/site\\\/wp-content\\\/uploads\\\/2015\\\/04\\\/p\u00f3s-gradua\u00e7\u00e3o-na-\u00e1rea-de-publicidade-e-propaganda.jpg\",\"datePublished\":\"2015-04-21T15:14:01+00:00\",\"dateModified\":\"2015-04-22T15:40:43+00:00\",\"breadcrumb\":{\"@id\":\"https:\\\/\\\/www.notibras.com\\\/site\\\/publicidade-nao-e-geni-a-origem-da-lava-jato-generalizou-o-alvo\\\/#breadcrumb\"},\"inLanguage\":\"pt-BR\",\"potentialAction\":[{\"@type\":\"ReadAction\",\"target\":[\"https:\\\/\\\/www.notibras.com\\\/site\\\/publicidade-nao-e-geni-a-origem-da-lava-jato-generalizou-o-alvo\\\/\"]}]},{\"@type\":\"ImageObject\",\"inLanguage\":\"pt-BR\",\"@id\":\"https:\\\/\\\/www.notibras.com\\\/site\\\/publicidade-nao-e-geni-a-origem-da-lava-jato-generalizou-o-alvo\\\/#primaryimage\",\"url\":\"https:\\\/\\\/www.notibras.com\\\/site\\\/wp-content\\\/uploads\\\/2015\\\/04\\\/p\u00f3s-gradua\u00e7\u00e3o-na-\u00e1rea-de-publicidade-e-propaganda.jpg\",\"contentUrl\":\"https:\\\/\\\/www.notibras.com\\\/site\\\/wp-content\\\/uploads\\\/2015\\\/04\\\/p\u00f3s-gradua\u00e7\u00e3o-na-\u00e1rea-de-publicidade-e-propaganda.jpg\",\"width\":435,\"height\":300},{\"@type\":\"BreadcrumbList\",\"@id\":\"https:\\\/\\\/www.notibras.com\\\/site\\\/publicidade-nao-e-geni-a-origem-da-lava-jato-generalizou-o-alvo\\\/#breadcrumb\",\"itemListElement\":[{\"@type\":\"ListItem\",\"position\":1,\"name\":\"In\u00edcio\",\"item\":\"https:\\\/\\\/www.notibras.com\\\/site\\\/\"},{\"@type\":\"ListItem\",\"position\":2,\"name\":\"Publicidade n\u00e3o \u00e9 Geni. A Origem, da Lava Jato, generalizou os alvos\"}]},{\"@type\":\"WebSite\",\"@id\":\"https:\\\/\\\/www.notibras.com\\\/site\\\/#website\",\"url\":\"https:\\\/\\\/www.notibras.com\\\/site\\\/\",\"name\":\"Notibras\",\"description\":\"Not\u00edcias de Bras\u00edlia, do Brasil e do Mundo\",\"publisher\":{\"@id\":\"https:\\\/\\\/www.notibras.com\\\/site\\\/#organization\"},\"potentialAction\":[{\"@type\":\"SearchAction\",\"target\":{\"@type\":\"EntryPoint\",\"urlTemplate\":\"https:\\\/\\\/www.notibras.com\\\/site\\\/?s={search_term_string}\"},\"query-input\":{\"@type\":\"PropertyValueSpecification\",\"valueRequired\":true,\"valueName\":\"search_term_string\"}}],\"inLanguage\":\"pt-BR\"},{\"@type\":\"Organization\",\"@id\":\"https:\\\/\\\/www.notibras.com\\\/site\\\/#organization\",\"name\":\"Grupo Notibras de Comunica\u00e7\u00e3o\",\"url\":\"https:\\\/\\\/www.notibras.com\\\/site\\\/\",\"logo\":{\"@type\":\"ImageObject\",\"inLanguage\":\"pt-BR\",\"@id\":\"https:\\\/\\\/www.notibras.com\\\/site\\\/#\\\/schema\\\/logo\\\/image\\\/\",\"url\":\"https:\\\/\\\/www.notibras.com\\\/site\\\/wp-content\\\/uploads\\\/2023\\\/01\\\/notibras23.png\",\"contentUrl\":\"https:\\\/\\\/www.notibras.com\\\/site\\\/wp-content\\\/uploads\\\/2023\\\/01\\\/notibras23.png\",\"width\":350,\"height\":87,\"caption\":\"Grupo Notibras de Comunica\u00e7\u00e3o\"},\"image\":{\"@id\":\"https:\\\/\\\/www.notibras.com\\\/site\\\/#\\\/schema\\\/logo\\\/image\\\/\"},\"sameAs\":[\"https:\\\/\\\/www.facebook.com\\\/notibras\\\/\",\"https:\\\/\\\/x.com\\\/Notibras\",\"https:\\\/\\\/www.instagram.com\\\/notibras\\\/\"]},{\"@type\":\"Person\",\"@id\":\"https:\\\/\\\/www.notibras.com\\\/site\\\/#\\\/schema\\\/person\\\/36ab0979449956132d3e5b517ea76ac8\",\"name\":\"Reda\u00e7\u00e3o\",\"image\":{\"@type\":\"ImageObject\",\"inLanguage\":\"pt-BR\",\"@id\":\"https:\\\/\\\/secure.gravatar.com\\\/avatar\\\/e0a867bdedb85fd243eadf09663511f96fc81e0720a4a42581f334ad4303aa6b?s=96&d=mm&r=g\",\"url\":\"https:\\\/\\\/secure.gravatar.com\\\/avatar\\\/e0a867bdedb85fd243eadf09663511f96fc81e0720a4a42581f334ad4303aa6b?s=96&d=mm&r=g\",\"contentUrl\":\"https:\\\/\\\/secure.gravatar.com\\\/avatar\\\/e0a867bdedb85fd243eadf09663511f96fc81e0720a4a42581f334ad4303aa6b?s=96&d=mm&r=g\",\"caption\":\"Reda\u00e7\u00e3o\"}}]}<\/script>\n<!-- \/ Yoast SEO plugin. -->","yoast_head_json":{"title":"Publicidade n\u00e3o \u00e9 Geni. A Origem, da Lava Jato, generalizou os alvos - Notibras","robots":{"index":"index","follow":"follow","max-snippet":"max-snippet:-1","max-image-preview":"max-image-preview:large","max-video-preview":"max-video-preview:-1"},"canonical":"https:\/\/www.notibras.com\/site\/publicidade-nao-e-geni-a-origem-da-lava-jato-generalizou-o-alvo\/","og_locale":"pt_BR","og_type":"article","og_title":"Publicidade n\u00e3o \u00e9 Geni. A Origem, da Lava Jato, generalizou os alvos - Notibras","og_description":"Bombardeada nos \u00faltimos dias pelos acontecimentos advindos da Opera\u00e7\u00e3o Origem (uma das fases da Opera\u00e7\u00e3o Lava Jato), que parece afogar tudo e todos que est\u00e3o no caminho das investiga\u00e7\u00f5es, a Comunidade Publicit\u00e1ria est\u00e1 alarmada, preocupada, revirada! N\u00e3o com a pris\u00e3o de Ricardo Hoffmann, n\u00e3o com o esclarecimento do tr\u00e1fego de influ\u00eancias pol\u00edticas que atrapalham neg\u00f3cios [&hellip;]","og_url":"https:\/\/www.notibras.com\/site\/publicidade-nao-e-geni-a-origem-da-lava-jato-generalizou-o-alvo\/","og_site_name":"Notibras","article_publisher":"https:\/\/www.facebook.com\/notibras\/","article_published_time":"2015-04-21T15:14:01+00:00","article_modified_time":"2015-04-22T15:40:43+00:00","og_image":[{"width":435,"height":300,"url":"https:\/\/www.notibras.com\/site\/wp-content\/uploads\/2015\/04\/p\u00f3s-gradua\u00e7\u00e3o-na-\u00e1rea-de-publicidade-e-propaganda.jpg","type":"image\/jpeg"}],"author":"Reda\u00e7\u00e3o","twitter_card":"summary_large_image","twitter_creator":"@Notibras","twitter_site":"@Notibras","twitter_misc":{"Escrito por":"Reda\u00e7\u00e3o","Est. tempo de leitura":"4 minutos"},"schema":{"@context":"https:\/\/schema.org","@graph":[{"@type":"Article","@id":"https:\/\/www.notibras.com\/site\/publicidade-nao-e-geni-a-origem-da-lava-jato-generalizou-o-alvo\/#article","isPartOf":{"@id":"https:\/\/www.notibras.com\/site\/publicidade-nao-e-geni-a-origem-da-lava-jato-generalizou-o-alvo\/"},"author":{"name":"Reda\u00e7\u00e3o","@id":"https:\/\/www.notibras.com\/site\/#\/schema\/person\/36ab0979449956132d3e5b517ea76ac8"},"headline":"Publicidade n\u00e3o \u00e9 Geni. A Origem, da Lava Jato, generalizou os alvos","datePublished":"2015-04-21T15:14:01+00:00","dateModified":"2015-04-22T15:40:43+00:00","mainEntityOfPage":{"@id":"https:\/\/www.notibras.com\/site\/publicidade-nao-e-geni-a-origem-da-lava-jato-generalizou-o-alvo\/"},"wordCount":737,"commentCount":0,"publisher":{"@id":"https:\/\/www.notibras.com\/site\/#organization"},"image":{"@id":"https:\/\/www.notibras.com\/site\/publicidade-nao-e-geni-a-origem-da-lava-jato-generalizou-o-alvo\/#primaryimage"},"thumbnailUrl":"https:\/\/www.notibras.com\/site\/wp-content\/uploads\/2015\/04\/p\u00f3s-gradua\u00e7\u00e3o-na-\u00e1rea-de-publicidade-e-propaganda.jpg","articleSection":["Opina a\u00ed"],"inLanguage":"pt-BR","potentialAction":[{"@type":"CommentAction","name":"Comment","target":["https:\/\/www.notibras.com\/site\/publicidade-nao-e-geni-a-origem-da-lava-jato-generalizou-o-alvo\/#respond"]}]},{"@type":"WebPage","@id":"https:\/\/www.notibras.com\/site\/publicidade-nao-e-geni-a-origem-da-lava-jato-generalizou-o-alvo\/","url":"https:\/\/www.notibras.com\/site\/publicidade-nao-e-geni-a-origem-da-lava-jato-generalizou-o-alvo\/","name":"Publicidade n\u00e3o \u00e9 Geni. A Origem, da Lava Jato, generalizou os alvos - Notibras","isPartOf":{"@id":"https:\/\/www.notibras.com\/site\/#website"},"primaryImageOfPage":{"@id":"https:\/\/www.notibras.com\/site\/publicidade-nao-e-geni-a-origem-da-lava-jato-generalizou-o-alvo\/#primaryimage"},"image":{"@id":"https:\/\/www.notibras.com\/site\/publicidade-nao-e-geni-a-origem-da-lava-jato-generalizou-o-alvo\/#primaryimage"},"thumbnailUrl":"https:\/\/www.notibras.com\/site\/wp-content\/uploads\/2015\/04\/p\u00f3s-gradua\u00e7\u00e3o-na-\u00e1rea-de-publicidade-e-propaganda.jpg","datePublished":"2015-04-21T15:14:01+00:00","dateModified":"2015-04-22T15:40:43+00:00","breadcrumb":{"@id":"https:\/\/www.notibras.com\/site\/publicidade-nao-e-geni-a-origem-da-lava-jato-generalizou-o-alvo\/#breadcrumb"},"inLanguage":"pt-BR","potentialAction":[{"@type":"ReadAction","target":["https:\/\/www.notibras.com\/site\/publicidade-nao-e-geni-a-origem-da-lava-jato-generalizou-o-alvo\/"]}]},{"@type":"ImageObject","inLanguage":"pt-BR","@id":"https:\/\/www.notibras.com\/site\/publicidade-nao-e-geni-a-origem-da-lava-jato-generalizou-o-alvo\/#primaryimage","url":"https:\/\/www.notibras.com\/site\/wp-content\/uploads\/2015\/04\/p\u00f3s-gradua\u00e7\u00e3o-na-\u00e1rea-de-publicidade-e-propaganda.jpg","contentUrl":"https:\/\/www.notibras.com\/site\/wp-content\/uploads\/2015\/04\/p\u00f3s-gradua\u00e7\u00e3o-na-\u00e1rea-de-publicidade-e-propaganda.jpg","width":435,"height":300},{"@type":"BreadcrumbList","@id":"https:\/\/www.notibras.com\/site\/publicidade-nao-e-geni-a-origem-da-lava-jato-generalizou-o-alvo\/#breadcrumb","itemListElement":[{"@type":"ListItem","position":1,"name":"In\u00edcio","item":"https:\/\/www.notibras.com\/site\/"},{"@type":"ListItem","position":2,"name":"Publicidade n\u00e3o \u00e9 Geni. A Origem, da Lava Jato, generalizou os alvos"}]},{"@type":"WebSite","@id":"https:\/\/www.notibras.com\/site\/#website","url":"https:\/\/www.notibras.com\/site\/","name":"Notibras","description":"Not\u00edcias de Bras\u00edlia, do Brasil e do Mundo","publisher":{"@id":"https:\/\/www.notibras.com\/site\/#organization"},"potentialAction":[{"@type":"SearchAction","target":{"@type":"EntryPoint","urlTemplate":"https:\/\/www.notibras.com\/site\/?s={search_term_string}"},"query-input":{"@type":"PropertyValueSpecification","valueRequired":true,"valueName":"search_term_string"}}],"inLanguage":"pt-BR"},{"@type":"Organization","@id":"https:\/\/www.notibras.com\/site\/#organization","name":"Grupo Notibras de Comunica\u00e7\u00e3o","url":"https:\/\/www.notibras.com\/site\/","logo":{"@type":"ImageObject","inLanguage":"pt-BR","@id":"https:\/\/www.notibras.com\/site\/#\/schema\/logo\/image\/","url":"https:\/\/www.notibras.com\/site\/wp-content\/uploads\/2023\/01\/notibras23.png","contentUrl":"https:\/\/www.notibras.com\/site\/wp-content\/uploads\/2023\/01\/notibras23.png","width":350,"height":87,"caption":"Grupo Notibras de Comunica\u00e7\u00e3o"},"image":{"@id":"https:\/\/www.notibras.com\/site\/#\/schema\/logo\/image\/"},"sameAs":["https:\/\/www.facebook.com\/notibras\/","https:\/\/x.com\/Notibras","https:\/\/www.instagram.com\/notibras\/"]},{"@type":"Person","@id":"https:\/\/www.notibras.com\/site\/#\/schema\/person\/36ab0979449956132d3e5b517ea76ac8","name":"Reda\u00e7\u00e3o","image":{"@type":"ImageObject","inLanguage":"pt-BR","@id":"https:\/\/secure.gravatar.com\/avatar\/e0a867bdedb85fd243eadf09663511f96fc81e0720a4a42581f334ad4303aa6b?s=96&d=mm&r=g","url":"https:\/\/secure.gravatar.com\/avatar\/e0a867bdedb85fd243eadf09663511f96fc81e0720a4a42581f334ad4303aa6b?s=96&d=mm&r=g","contentUrl":"https:\/\/secure.gravatar.com\/avatar\/e0a867bdedb85fd243eadf09663511f96fc81e0720a4a42581f334ad4303aa6b?s=96&d=mm&r=g","caption":"Reda\u00e7\u00e3o"}}]}},"amp_enabled":true,"_links":{"self":[{"href":"https:\/\/www.notibras.com\/site\/wp-json\/wp\/v2\/posts\/44749","targetHints":{"allow":["GET"]}}],"collection":[{"href":"https:\/\/www.notibras.com\/site\/wp-json\/wp\/v2\/posts"}],"about":[{"href":"https:\/\/www.notibras.com\/site\/wp-json\/wp\/v2\/types\/post"}],"author":[{"embeddable":true,"href":"https:\/\/www.notibras.com\/site\/wp-json\/wp\/v2\/users\/2"}],"replies":[{"embeddable":true,"href":"https:\/\/www.notibras.com\/site\/wp-json\/wp\/v2\/comments?post=44749"}],"version-history":[{"count":0,"href":"https:\/\/www.notibras.com\/site\/wp-json\/wp\/v2\/posts\/44749\/revisions"}],"wp:featuredmedia":[{"embeddable":true,"href":"https:\/\/www.notibras.com\/site\/wp-json\/wp\/v2\/media\/44750"}],"wp:attachment":[{"href":"https:\/\/www.notibras.com\/site\/wp-json\/wp\/v2\/media?parent=44749"}],"wp:term":[{"taxonomy":"category","embeddable":true,"href":"https:\/\/www.notibras.com\/site\/wp-json\/wp\/v2\/categories?post=44749"},{"taxonomy":"post_tag","embeddable":true,"href":"https:\/\/www.notibras.com\/site\/wp-json\/wp\/v2\/tags?post=44749"}],"curies":[{"name":"wp","href":"https:\/\/api.w.org\/{rel}","templated":true}]}}