{"id":4484,"date":"2014-03-15T18:30:21","date_gmt":"2014-03-15T21:30:21","guid":{"rendered":"http:\/\/www.notibras.com\/site\/?p=4484"},"modified":"2014-03-15T20:14:04","modified_gmt":"2014-03-15T23:14:04","slug":"palmeiras-bate-ponte-preta-e-mantem-briga-por-lideranca-geral","status":"publish","type":"post","link":"https:\/\/www.notibras.com\/site\/palmeiras-bate-ponte-preta-e-mantem-briga-por-lideranca-geral\/","title":{"rendered":"Palmeiras bate Ponte e mant\u00e9m briga por lideran\u00e7a geral"},"content":{"rendered":"<p>Com gol aos 43min do segundo em partida extremamente emocionante, o Palmeiras venceu a Ponte Preta e se credenciou a terminar a primeira fase do Campeonato Paulista com a melhor campanha. Neste s\u00e1bado, no Pacaembu, em S\u00e3o Paulo, a equipe fez 3 a 2 em confronto com dois p\u00eanaltis, \u201cvirada rel\u00e2mpago\u201d e diversas chances de gol.<\/p>\n<p>Com o resultado, o Palmeiras chega aos 35 pontos no Grupo D \u2013 a lideran\u00e7a e a classifica\u00e7\u00e3o j\u00e1 estavam garantidas anteriormente. Por enquanto, tem o melhor desempenho, mas pode ser alcan\u00e7ado pelo Santos, que tem 32 pontos no Grupo C, joga no domingo contra o Rio Claro e tem melhor saldo de gols. A lideran\u00e7a geral do Estadual daria vantagem de decidir em casa no mata-mata.<\/p>\n<p>O Santos \u00e9 justamente o pr\u00f3ximo advers\u00e1rio do Palmeiras no Estadual: as equipes se enfrentam no pr\u00f3ximo domingo, \u00e0s 16h (de Bras\u00edlia), na Vila Belmiro. No mesmo dia e hor\u00e1rio, a Ponte Preta pega o Mogi Mirim no Est\u00e1dio Mois\u00e9s Lucarelli, em Campinas. Com 24 pontos, a equipe ainda luta pela segunda posi\u00e7\u00e3o do Grupo C e pela consequente classifica\u00e7\u00e3o \u00e0s quartas de final.<\/p>\n<p>O jogo come\u00e7ou com um susto para o torcedor palmeirense. Logo aos 2min, Magal cruzou da esquerda e Rossi cabeceou para o gol, carimbando a bola no lateral Juninho; na sobra, com o goleiro Fernando Prass vencido no lance, o jogador da Ponte Preta empurrou para o gol e abriu o placar no Pacaembu. A torcida reagiu imediatamente, e o anfitri\u00e3o come\u00e7ou grande per\u00edodo de press\u00e3o.<\/p>\n<p>Durante todo o primeiro tempo, o Palmeiras se manteve em cima da Ponte Preta, organizado por Bruno C\u00e9sar, que foi um dos mais acionados. A equipe de Campinas, por sua vez, jogou no contra-ataque e levou perigo constante ao anfitri\u00e3o, que esteve \u00e0 merc\u00ea. O segundo gol, no entanto, n\u00e3o saiu. At\u00e9 o intervalo, o time se segurou atr\u00e1s e manteve a vantagem.<\/p>\n<p>No segundo tempo, no entanto, o Palmeiras conseguiu uma virada rel\u00e2mpago. Aos 15min, Bruno C\u00e9sar cruzou na \u00e1rea, o goleiro Roberto espalmou mal e, no rebote, Eguren chutou para o gol vazio. Tr\u00eas minutos depois, Bruno C\u00e9sar cavou p\u00eanalti em dividida com Thiago Carleto. Alan Kardec cobrou e virou o placar aos 18min, mandando a bola no canto esquerdo de Roberto, que escolheu o outro lado para tentar a defesa.<\/p>\n<p>De forma imediata, o Palmeiras passou a se preocupar mais com a defesa e se acuou. Como resultado disso, a Ponte Preta pressionou e conseguiu tamb\u00e9m cavar um p\u00eanalti, em dividida de Silvinho com o lateral Wendel. Aos 25min, Silvinho bateu com for\u00e7a para mais uma vez empatar o jogo. Aos 29min, a Ponte quase virou: Ant\u00f4nio Fl\u00e1vio invadiu a \u00e1rea pela direita e acertou o travess\u00e3o em finaliza\u00e7\u00e3o.<\/p>\n<p>A partida emocionante seguiu assim at\u00e9 o final, quando o Palmeiras conseguiu, enfim, garantir a vit\u00f3ria. Aos 43min, Vald\u00edvia enfiou para Alan Kardec, que, na esquerda da \u00e1rea, tocou cruzado para Mendieta apenas empurrar para o gol aberto. At\u00e9 os acr\u00e9scimos, a Ponte Preta n\u00e3o conseguiu reagir mais uma vez e evitar a derrota.<\/p>\n","protected":false},"excerpt":{"rendered":"<p>Com gol aos 43min do segundo em partida extremamente emocionante, o Palmeiras venceu a Ponte Preta e se credenciou a terminar a primeira fase do Campeonato Paulista com a melhor campanha. Neste s\u00e1bado, no Pacaembu, em S\u00e3o Paulo, a equipe fez 3 a 2 em confronto com dois p\u00eanaltis, \u201cvirada rel\u00e2mpago\u201d e diversas chances de [&hellip;]<\/p>\n","protected":false},"author":1,"featured_media":4485,"comment_status":"open","ping_status":"closed","sticky":false,"template":"","format":"standard","meta":{"_acf_changed":false,"footnotes":""},"categories":[19],"tags":[],"class_list":["post-4484","post","type-post","status-publish","format-standard","has-post-thumbnail","hentry","category-esportes"],"acf":[],"yoast_head":"<!-- This site is optimized with the Yoast SEO plugin v27.2 - https:\/\/yoast.com\/product\/yoast-seo-wordpress\/ -->\n<title>Palmeiras bate Ponte e mant\u00e9m briga por lideran\u00e7a geral - Notibras<\/title>\n<meta name=\"robots\" content=\"index, follow, max-snippet:-1, max-image-preview:large, max-video-preview:-1\" \/>\n<link rel=\"canonical\" href=\"https:\/\/www.notibras.com\/site\/palmeiras-bate-ponte-preta-e-mantem-briga-por-lideranca-geral\/\" \/>\n<meta property=\"og:locale\" content=\"pt_BR\" \/>\n<meta property=\"og:type\" content=\"article\" \/>\n<meta property=\"og:title\" content=\"Palmeiras bate Ponte e mant\u00e9m briga por lideran\u00e7a geral - Notibras\" \/>\n<meta property=\"og:description\" content=\"Com gol aos 43min do segundo em partida extremamente emocionante, o Palmeiras venceu a Ponte Preta e se credenciou a terminar a primeira fase do Campeonato Paulista com a melhor campanha. Neste s\u00e1bado, no Pacaembu, em S\u00e3o Paulo, a equipe fez 3 a 2 em confronto com dois p\u00eanaltis, \u201cvirada rel\u00e2mpago\u201d e diversas chances de [&hellip;]\" \/>\n<meta property=\"og:url\" content=\"https:\/\/www.notibras.com\/site\/palmeiras-bate-ponte-preta-e-mantem-briga-por-lideranca-geral\/\" \/>\n<meta property=\"og:site_name\" content=\"Notibras\" \/>\n<meta property=\"article:publisher\" content=\"https:\/\/www.facebook.com\/notibras\/\" \/>\n<meta property=\"article:published_time\" content=\"2014-03-15T21:30:21+00:00\" \/>\n<meta property=\"article:modified_time\" content=\"2014-03-15T23:14:04+00:00\" \/>\n<meta property=\"og:image\" content=\"https:\/\/www.notibras.com\/site\/wp-content\/uploads\/2014\/03\/Sem-t\u00edtulo-11.jpg\" \/>\n\t<meta property=\"og:image:width\" content=\"407\" \/>\n\t<meta property=\"og:image:height\" content=\"305\" \/>\n\t<meta property=\"og:image:type\" content=\"image\/jpeg\" \/>\n<meta name=\"author\" content=\"Reda\u00e7\u00e3o\" \/>\n<meta name=\"twitter:card\" content=\"summary_large_image\" \/>\n<meta name=\"twitter:creator\" content=\"@Notibras\" \/>\n<meta name=\"twitter:site\" content=\"@Notibras\" \/>\n<meta name=\"twitter:label1\" content=\"Escrito por\" \/>\n\t<meta name=\"twitter:data1\" content=\"Reda\u00e7\u00e3o\" \/>\n\t<meta name=\"twitter:label2\" content=\"Est. tempo de leitura\" \/>\n\t<meta name=\"twitter:data2\" content=\"3 minutos\" \/>\n<script type=\"application\/ld+json\" class=\"yoast-schema-graph\">{\"@context\":\"https:\/\/schema.org\",\"@graph\":[{\"@type\":\"Article\",\"@id\":\"https:\/\/www.notibras.com\/site\/palmeiras-bate-ponte-preta-e-mantem-briga-por-lideranca-geral\/#article\",\"isPartOf\":{\"@id\":\"https:\/\/www.notibras.com\/site\/palmeiras-bate-ponte-preta-e-mantem-briga-por-lideranca-geral\/\"},\"author\":{\"name\":\"Reda\u00e7\u00e3o\",\"@id\":\"https:\/\/www.notibras.com\/site\/#\/schema\/person\/00b8e1aa08f9ef6563e878c5159d01cf\"},\"headline\":\"Palmeiras bate Ponte e mant\u00e9m briga por lideran\u00e7a geral\",\"datePublished\":\"2014-03-15T21:30:21+00:00\",\"dateModified\":\"2014-03-15T23:14:04+00:00\",\"mainEntityOfPage\":{\"@id\":\"https:\/\/www.notibras.com\/site\/palmeiras-bate-ponte-preta-e-mantem-briga-por-lideranca-geral\/\"},\"wordCount\":554,\"commentCount\":0,\"publisher\":{\"@id\":\"https:\/\/www.notibras.com\/site\/#organization\"},\"image\":{\"@id\":\"https:\/\/www.notibras.com\/site\/palmeiras-bate-ponte-preta-e-mantem-briga-por-lideranca-geral\/#primaryimage\"},\"thumbnailUrl\":\"https:\/\/www.notibras.com\/site\/wp-content\/uploads\/2014\/03\/Sem-t\u00edtulo-11.jpg\",\"articleSection\":[\"Esportes\"],\"inLanguage\":\"pt-BR\",\"potentialAction\":[{\"@type\":\"CommentAction\",\"name\":\"Comment\",\"target\":[\"https:\/\/www.notibras.com\/site\/palmeiras-bate-ponte-preta-e-mantem-briga-por-lideranca-geral\/#respond\"]}]},{\"@type\":\"WebPage\",\"@id\":\"https:\/\/www.notibras.com\/site\/palmeiras-bate-ponte-preta-e-mantem-briga-por-lideranca-geral\/\",\"url\":\"https:\/\/www.notibras.com\/site\/palmeiras-bate-ponte-preta-e-mantem-briga-por-lideranca-geral\/\",\"name\":\"Palmeiras bate Ponte e mant\u00e9m briga por lideran\u00e7a geral - Notibras\",\"isPartOf\":{\"@id\":\"https:\/\/www.notibras.com\/site\/#website\"},\"primaryImageOfPage\":{\"@id\":\"https:\/\/www.notibras.com\/site\/palmeiras-bate-ponte-preta-e-mantem-briga-por-lideranca-geral\/#primaryimage\"},\"image\":{\"@id\":\"https:\/\/www.notibras.com\/site\/palmeiras-bate-ponte-preta-e-mantem-briga-por-lideranca-geral\/#primaryimage\"},\"thumbnailUrl\":\"https:\/\/www.notibras.com\/site\/wp-content\/uploads\/2014\/03\/Sem-t\u00edtulo-11.jpg\",\"datePublished\":\"2014-03-15T21:30:21+00:00\",\"dateModified\":\"2014-03-15T23:14:04+00:00\",\"breadcrumb\":{\"@id\":\"https:\/\/www.notibras.com\/site\/palmeiras-bate-ponte-preta-e-mantem-briga-por-lideranca-geral\/#breadcrumb\"},\"inLanguage\":\"pt-BR\",\"potentialAction\":[{\"@type\":\"ReadAction\",\"target\":[\"https:\/\/www.notibras.com\/site\/palmeiras-bate-ponte-preta-e-mantem-briga-por-lideranca-geral\/\"]}]},{\"@type\":\"ImageObject\",\"inLanguage\":\"pt-BR\",\"@id\":\"https:\/\/www.notibras.com\/site\/palmeiras-bate-ponte-preta-e-mantem-briga-por-lideranca-geral\/#primaryimage\",\"url\":\"https:\/\/www.notibras.com\/site\/wp-content\/uploads\/2014\/03\/Sem-t\u00edtulo-11.jpg\",\"contentUrl\":\"https:\/\/www.notibras.com\/site\/wp-content\/uploads\/2014\/03\/Sem-t\u00edtulo-11.jpg\",\"width\":407,\"height\":305},{\"@type\":\"BreadcrumbList\",\"@id\":\"https:\/\/www.notibras.com\/site\/palmeiras-bate-ponte-preta-e-mantem-briga-por-lideranca-geral\/#breadcrumb\",\"itemListElement\":[{\"@type\":\"ListItem\",\"position\":1,\"name\":\"In\u00edcio\",\"item\":\"https:\/\/www.notibras.com\/site\/\"},{\"@type\":\"ListItem\",\"position\":2,\"name\":\"Palmeiras bate Ponte e mant\u00e9m briga por lideran\u00e7a geral\"}]},{\"@type\":\"WebSite\",\"@id\":\"https:\/\/www.notibras.com\/site\/#website\",\"url\":\"https:\/\/www.notibras.com\/site\/\",\"name\":\"Notibras\",\"description\":\"Not\u00edcias de Bras\u00edlia, do Brasil e do Mundo\",\"publisher\":{\"@id\":\"https:\/\/www.notibras.com\/site\/#organization\"},\"potentialAction\":[{\"@type\":\"SearchAction\",\"target\":{\"@type\":\"EntryPoint\",\"urlTemplate\":\"https:\/\/www.notibras.com\/site\/?s={search_term_string}\"},\"query-input\":{\"@type\":\"PropertyValueSpecification\",\"valueRequired\":true,\"valueName\":\"search_term_string\"}}],\"inLanguage\":\"pt-BR\"},{\"@type\":\"Organization\",\"@id\":\"https:\/\/www.notibras.com\/site\/#organization\",\"name\":\"Grupo Notibras de Comunica\u00e7\u00e3o\",\"url\":\"https:\/\/www.notibras.com\/site\/\",\"logo\":{\"@type\":\"ImageObject\",\"inLanguage\":\"pt-BR\",\"@id\":\"https:\/\/www.notibras.com\/site\/#\/schema\/logo\/image\/\",\"url\":\"https:\/\/www.notibras.com\/site\/wp-content\/uploads\/2023\/01\/notibras23.png\",\"contentUrl\":\"https:\/\/www.notibras.com\/site\/wp-content\/uploads\/2023\/01\/notibras23.png\",\"width\":350,\"height\":87,\"caption\":\"Grupo Notibras de Comunica\u00e7\u00e3o\"},\"image\":{\"@id\":\"https:\/\/www.notibras.com\/site\/#\/schema\/logo\/image\/\"},\"sameAs\":[\"https:\/\/www.facebook.com\/notibras\/\",\"https:\/\/x.com\/Notibras\",\"https:\/\/www.instagram.com\/notibras\/\"]},{\"@type\":\"Person\",\"@id\":\"https:\/\/www.notibras.com\/site\/#\/schema\/person\/00b8e1aa08f9ef6563e878c5159d01cf\",\"name\":\"Reda\u00e7\u00e3o\",\"image\":{\"@type\":\"ImageObject\",\"inLanguage\":\"pt-BR\",\"@id\":\"https:\/\/secure.gravatar.com\/avatar\/ac5a707d5b47784a5ed426c6e213e201423c750890f64e4c379114dade67dfb9?s=96&d=mm&r=g\",\"url\":\"https:\/\/secure.gravatar.com\/avatar\/ac5a707d5b47784a5ed426c6e213e201423c750890f64e4c379114dade67dfb9?s=96&d=mm&r=g\",\"contentUrl\":\"https:\/\/secure.gravatar.com\/avatar\/ac5a707d5b47784a5ed426c6e213e201423c750890f64e4c379114dade67dfb9?s=96&d=mm&r=g\",\"caption\":\"Reda\u00e7\u00e3o\"}}]}<\/script>\n<!-- \/ Yoast SEO plugin. -->","yoast_head_json":{"title":"Palmeiras bate Ponte e mant\u00e9m briga por lideran\u00e7a geral - Notibras","robots":{"index":"index","follow":"follow","max-snippet":"max-snippet:-1","max-image-preview":"max-image-preview:large","max-video-preview":"max-video-preview:-1"},"canonical":"https:\/\/www.notibras.com\/site\/palmeiras-bate-ponte-preta-e-mantem-briga-por-lideranca-geral\/","og_locale":"pt_BR","og_type":"article","og_title":"Palmeiras bate Ponte e mant\u00e9m briga por lideran\u00e7a geral - Notibras","og_description":"Com gol aos 43min do segundo em partida extremamente emocionante, o Palmeiras venceu a Ponte Preta e se credenciou a terminar a primeira fase do Campeonato Paulista com a melhor campanha. Neste s\u00e1bado, no Pacaembu, em S\u00e3o Paulo, a equipe fez 3 a 2 em confronto com dois p\u00eanaltis, \u201cvirada rel\u00e2mpago\u201d e diversas chances de [&hellip;]","og_url":"https:\/\/www.notibras.com\/site\/palmeiras-bate-ponte-preta-e-mantem-briga-por-lideranca-geral\/","og_site_name":"Notibras","article_publisher":"https:\/\/www.facebook.com\/notibras\/","article_published_time":"2014-03-15T21:30:21+00:00","article_modified_time":"2014-03-15T23:14:04+00:00","og_image":[{"width":407,"height":305,"url":"https:\/\/www.notibras.com\/site\/wp-content\/uploads\/2014\/03\/Sem-t\u00edtulo-11.jpg","type":"image\/jpeg"}],"author":"Reda\u00e7\u00e3o","twitter_card":"summary_large_image","twitter_creator":"@Notibras","twitter_site":"@Notibras","twitter_misc":{"Escrito por":"Reda\u00e7\u00e3o","Est. tempo de leitura":"3 minutos"},"schema":{"@context":"https:\/\/schema.org","@graph":[{"@type":"Article","@id":"https:\/\/www.notibras.com\/site\/palmeiras-bate-ponte-preta-e-mantem-briga-por-lideranca-geral\/#article","isPartOf":{"@id":"https:\/\/www.notibras.com\/site\/palmeiras-bate-ponte-preta-e-mantem-briga-por-lideranca-geral\/"},"author":{"name":"Reda\u00e7\u00e3o","@id":"https:\/\/www.notibras.com\/site\/#\/schema\/person\/00b8e1aa08f9ef6563e878c5159d01cf"},"headline":"Palmeiras bate Ponte e mant\u00e9m briga por lideran\u00e7a geral","datePublished":"2014-03-15T21:30:21+00:00","dateModified":"2014-03-15T23:14:04+00:00","mainEntityOfPage":{"@id":"https:\/\/www.notibras.com\/site\/palmeiras-bate-ponte-preta-e-mantem-briga-por-lideranca-geral\/"},"wordCount":554,"commentCount":0,"publisher":{"@id":"https:\/\/www.notibras.com\/site\/#organization"},"image":{"@id":"https:\/\/www.notibras.com\/site\/palmeiras-bate-ponte-preta-e-mantem-briga-por-lideranca-geral\/#primaryimage"},"thumbnailUrl":"https:\/\/www.notibras.com\/site\/wp-content\/uploads\/2014\/03\/Sem-t\u00edtulo-11.jpg","articleSection":["Esportes"],"inLanguage":"pt-BR","potentialAction":[{"@type":"CommentAction","name":"Comment","target":["https:\/\/www.notibras.com\/site\/palmeiras-bate-ponte-preta-e-mantem-briga-por-lideranca-geral\/#respond"]}]},{"@type":"WebPage","@id":"https:\/\/www.notibras.com\/site\/palmeiras-bate-ponte-preta-e-mantem-briga-por-lideranca-geral\/","url":"https:\/\/www.notibras.com\/site\/palmeiras-bate-ponte-preta-e-mantem-briga-por-lideranca-geral\/","name":"Palmeiras bate Ponte e mant\u00e9m briga por lideran\u00e7a geral - Notibras","isPartOf":{"@id":"https:\/\/www.notibras.com\/site\/#website"},"primaryImageOfPage":{"@id":"https:\/\/www.notibras.com\/site\/palmeiras-bate-ponte-preta-e-mantem-briga-por-lideranca-geral\/#primaryimage"},"image":{"@id":"https:\/\/www.notibras.com\/site\/palmeiras-bate-ponte-preta-e-mantem-briga-por-lideranca-geral\/#primaryimage"},"thumbnailUrl":"https:\/\/www.notibras.com\/site\/wp-content\/uploads\/2014\/03\/Sem-t\u00edtulo-11.jpg","datePublished":"2014-03-15T21:30:21+00:00","dateModified":"2014-03-15T23:14:04+00:00","breadcrumb":{"@id":"https:\/\/www.notibras.com\/site\/palmeiras-bate-ponte-preta-e-mantem-briga-por-lideranca-geral\/#breadcrumb"},"inLanguage":"pt-BR","potentialAction":[{"@type":"ReadAction","target":["https:\/\/www.notibras.com\/site\/palmeiras-bate-ponte-preta-e-mantem-briga-por-lideranca-geral\/"]}]},{"@type":"ImageObject","inLanguage":"pt-BR","@id":"https:\/\/www.notibras.com\/site\/palmeiras-bate-ponte-preta-e-mantem-briga-por-lideranca-geral\/#primaryimage","url":"https:\/\/www.notibras.com\/site\/wp-content\/uploads\/2014\/03\/Sem-t\u00edtulo-11.jpg","contentUrl":"https:\/\/www.notibras.com\/site\/wp-content\/uploads\/2014\/03\/Sem-t\u00edtulo-11.jpg","width":407,"height":305},{"@type":"BreadcrumbList","@id":"https:\/\/www.notibras.com\/site\/palmeiras-bate-ponte-preta-e-mantem-briga-por-lideranca-geral\/#breadcrumb","itemListElement":[{"@type":"ListItem","position":1,"name":"In\u00edcio","item":"https:\/\/www.notibras.com\/site\/"},{"@type":"ListItem","position":2,"name":"Palmeiras bate Ponte e mant\u00e9m briga por lideran\u00e7a geral"}]},{"@type":"WebSite","@id":"https:\/\/www.notibras.com\/site\/#website","url":"https:\/\/www.notibras.com\/site\/","name":"Notibras","description":"Not\u00edcias de Bras\u00edlia, do Brasil e do Mundo","publisher":{"@id":"https:\/\/www.notibras.com\/site\/#organization"},"potentialAction":[{"@type":"SearchAction","target":{"@type":"EntryPoint","urlTemplate":"https:\/\/www.notibras.com\/site\/?s={search_term_string}"},"query-input":{"@type":"PropertyValueSpecification","valueRequired":true,"valueName":"search_term_string"}}],"inLanguage":"pt-BR"},{"@type":"Organization","@id":"https:\/\/www.notibras.com\/site\/#organization","name":"Grupo Notibras de Comunica\u00e7\u00e3o","url":"https:\/\/www.notibras.com\/site\/","logo":{"@type":"ImageObject","inLanguage":"pt-BR","@id":"https:\/\/www.notibras.com\/site\/#\/schema\/logo\/image\/","url":"https:\/\/www.notibras.com\/site\/wp-content\/uploads\/2023\/01\/notibras23.png","contentUrl":"https:\/\/www.notibras.com\/site\/wp-content\/uploads\/2023\/01\/notibras23.png","width":350,"height":87,"caption":"Grupo Notibras de Comunica\u00e7\u00e3o"},"image":{"@id":"https:\/\/www.notibras.com\/site\/#\/schema\/logo\/image\/"},"sameAs":["https:\/\/www.facebook.com\/notibras\/","https:\/\/x.com\/Notibras","https:\/\/www.instagram.com\/notibras\/"]},{"@type":"Person","@id":"https:\/\/www.notibras.com\/site\/#\/schema\/person\/00b8e1aa08f9ef6563e878c5159d01cf","name":"Reda\u00e7\u00e3o","image":{"@type":"ImageObject","inLanguage":"pt-BR","@id":"https:\/\/secure.gravatar.com\/avatar\/ac5a707d5b47784a5ed426c6e213e201423c750890f64e4c379114dade67dfb9?s=96&d=mm&r=g","url":"https:\/\/secure.gravatar.com\/avatar\/ac5a707d5b47784a5ed426c6e213e201423c750890f64e4c379114dade67dfb9?s=96&d=mm&r=g","contentUrl":"https:\/\/secure.gravatar.com\/avatar\/ac5a707d5b47784a5ed426c6e213e201423c750890f64e4c379114dade67dfb9?s=96&d=mm&r=g","caption":"Reda\u00e7\u00e3o"}}]}},"amp_enabled":true,"_links":{"self":[{"href":"https:\/\/www.notibras.com\/site\/wp-json\/wp\/v2\/posts\/4484","targetHints":{"allow":["GET"]}}],"collection":[{"href":"https:\/\/www.notibras.com\/site\/wp-json\/wp\/v2\/posts"}],"about":[{"href":"https:\/\/www.notibras.com\/site\/wp-json\/wp\/v2\/types\/post"}],"author":[{"embeddable":true,"href":"https:\/\/www.notibras.com\/site\/wp-json\/wp\/v2\/users\/1"}],"replies":[{"embeddable":true,"href":"https:\/\/www.notibras.com\/site\/wp-json\/wp\/v2\/comments?post=4484"}],"version-history":[{"count":0,"href":"https:\/\/www.notibras.com\/site\/wp-json\/wp\/v2\/posts\/4484\/revisions"}],"wp:featuredmedia":[{"embeddable":true,"href":"https:\/\/www.notibras.com\/site\/wp-json\/wp\/v2\/media\/4485"}],"wp:attachment":[{"href":"https:\/\/www.notibras.com\/site\/wp-json\/wp\/v2\/media?parent=4484"}],"wp:term":[{"taxonomy":"category","embeddable":true,"href":"https:\/\/www.notibras.com\/site\/wp-json\/wp\/v2\/categories?post=4484"},{"taxonomy":"post_tag","embeddable":true,"href":"https:\/\/www.notibras.com\/site\/wp-json\/wp\/v2\/tags?post=4484"}],"curies":[{"name":"wp","href":"https:\/\/api.w.org\/{rel}","templated":true}]}}