{"id":44943,"date":"2015-04-22T05:58:31","date_gmt":"2015-04-22T08:58:31","guid":{"rendered":"http:\/\/www.notibras.com\/site\/?p=44943"},"modified":"2015-04-22T05:58:31","modified_gmt":"2015-04-22T08:58:31","slug":"empresa-que-se-esconde-em-meio-a-crise-tende-a-perder-negocios","status":"publish","type":"post","link":"https:\/\/www.notibras.com\/site\/empresa-que-se-esconde-em-meio-a-crise-tende-a-perder-negocios\/","title":{"rendered":"Empresa que se esconde em meio a crise tende a perder neg\u00f3cios"},"content":{"rendered":"<p>Tem uma hist\u00f3ria que me contaram e gosto de usar em minhas palestras. Um casal, Elza e Orlando, abriu uma banca de frutas na estrada, perto da cidade. Porque as frutas estavam sempre novas, porque eles tinham um carinho especial com os clientes que paravam ali, as vendas subiam a cada m\u00eas.<\/p>\n<p>A banca que tinha cinco metros de frente, foi ampliada para 15 metros e, depois, para 25 metros. Contrataram funcion\u00e1rios para ajudar, mas nunca abriram m\u00e3o de estar sempre ali. Come\u00e7aram a ganhar muito dinheiro.<\/p>\n<p>Ganharam tanto, que deu para financiar os estudos do filho mais velho, Ricardo, que se formou em economia e fez um curso de p\u00f3s-gradua\u00e7\u00e3o numa renomada Universidade. Uma tarde de domingo, Ricardo, j\u00e1 formado em tudo, passou na banca de frutas de seus pais. Viu, enquanto estava ali, mais de 50 carros pararem, com diversas fam\u00edlias e muitas crian\u00e7as. Tudo para comprar as frutas que adoravam.<\/p>\n<p>Estranhou que os pais dessem gomos para as crian\u00e7as experimentarem. E que toda d\u00fazia viesse com duas a mais de brinde. No final do dia, Ricardo chegou perto do pai e disse: &#8220;Pai, vem a\u00ed uma crise econ\u00f4mica pesada. E o senhor precisa se prevenir. Nada de gomos de frutas para o pessoal experimentar e acabe com este neg\u00f3cio de dar duas frutas de brinde a cada d\u00fazia. Reduza tamb\u00e9m o pessoal que atende. Os clientes podem esperar um pouco mais para serem atendidos&#8221;.<\/p>\n<blockquote><p>Preocupado com as palavras do filho graduado, o casal decidiu, j\u00e1 na semana seguinte, cortar pessoal, acabar com os gomos de frutas para que os clientes provassem, procurou comprar produtos de outros fornecedores sem a qualidade de antes e uma d\u00fazia vinha sem brinde extra. Nada de 14 frutas numa d\u00fazia.<\/p><\/blockquote>\n<p>Os clientes, percebendo as mudan\u00e7as, come\u00e7aram a diminuir. A cada semana, menos e menos clientes. Numa tarde de domingo, quando o movimento no passado era enorme, n\u00e3o parou nenhum cliente. Desolado, Orlando virou para sua mulher, Elza, e desabafou: &#8220;Elza, nosso filho \u00e9 um g\u00eanio. A crise chegou.&#8221;.<\/p>\n<p>Naquela noite, antes de dormir, Orlando come\u00e7ou a rememorar o seu passado. E pensou: &#8220;eu fiz tudo isto, cresci com meu feeling, me assustei com a crise e acabei afastando meus clientes&#8221;.<\/p>\n<p>No domingo seguinte, ele voltou a entregar a d\u00fazia de 14, colocou uma placa grande com uma chamada: &#8220;Aqui, nossas d\u00fazias s\u00e3o de 14&#8221;. Voltou para os fornecedores de antes e passou a dar gomos para as pessoas provarem. Em pouco tempo, tudo tinha voltado a ser como no passado. Vendia cada vez mais.<\/p>\n<p>Esta historinha serve para alertar todas aquelas empresas, poucas felizmente, que ao primeiro sinal de uma crise, cortam todos os seus investimentos para conquistar e atrair seus consumidores e clientes.<\/p>\n<p>Por todas as crises que passei, desde o inesquec\u00edvel Plano Collor, sei que nessa hora, quando muitos se escondem cortando verbas de propaganda, \u00e9 o melhor momento para expor sua marca e seus produtos. Em 1990, com o Brasil em crise e minha ag\u00eancia come\u00e7ando, percebi como uma ag\u00eancia de publicidade precisa ser, de fato, parceira de seu cliente.<\/p>\n<p>No caso, era uma grande fabricante de lingerie que decidiu levar \u00e0 frente uma proposta nossa: investir fortemente em comunica\u00e7\u00e3o enquanto seus concorrentes tinham desaparecido de toda e qualquer a\u00e7\u00e3o de comunica\u00e7\u00e3o. Vivi o desafio de rentabilizar aquela verba, indo muito al\u00e9m de an\u00fancios e campanhas.<\/p>\n<p>Juntos, entramos pesadamente em promo\u00e7\u00f5es e planos de incentivo junto aos representantes em todo o Brasil. Tr\u00eas meses depois, t\u00ednhamos saltado de 90 mil d\u00fazias de pe\u00e7as de lingerie para 120 mil d\u00fazias vendidas, por m\u00eas. Enquanto muitos demitiam, meu cliente precisava urgentemente de costureiras.<\/p>\n<p>E nessa hora, eu e o cliente interromp\u00edamos os bail\u00f5es do distante Itaim Paulista para anunciar que a f\u00e1brica estaria aberta no dia seguinte, domingo, para contratar costureiras, j\u00e1 que muitas trabalhavam bem distante.<\/p>\n<p>Nos momentos de uma economia dif\u00edcil, quando atrair o cliente vira um enorme desafio, \u00e9 que o anunciante pode avaliar melhor o empenho de sua ag\u00eancia de propaganda.<\/p>\n<p>Se ela \u00e9 simplesmente uma &#8220;fazedora&#8221; de campanhas, sem grande compromisso com resultados, n\u00e3o vai nunca saber a parceria que o cliente precisa e ter\u00e1 de atravessar uma nuvem, talvez negra, que se aproxima.<\/p>\n<p><strong>Agnelo Pacheco<\/strong><\/p>\n","protected":false},"excerpt":{"rendered":"<p>Tem uma hist\u00f3ria que me contaram e gosto de usar em minhas palestras. Um casal, Elza e Orlando, abriu uma banca de frutas na estrada, perto da cidade. Porque as frutas estavam sempre novas, porque eles tinham um carinho especial com os clientes que paravam ali, as vendas subiam a cada m\u00eas. A banca que [&hellip;]<\/p>\n","protected":false},"author":2,"featured_media":44944,"comment_status":"open","ping_status":"closed","sticky":false,"template":"","format":"standard","meta":{"_acf_changed":false,"footnotes":""},"categories":[25],"tags":[],"class_list":["post-44943","post","type-post","status-publish","format-standard","has-post-thumbnail","hentry","category-opina-ai"],"acf":[],"yoast_head":"<!-- This site is optimized with the Yoast SEO plugin v27.5 - https:\/\/yoast.com\/product\/yoast-seo-wordpress\/ -->\n<title>Empresa que se esconde em meio a crise tende a perder neg\u00f3cios - Notibras<\/title>\n<meta name=\"robots\" content=\"index, follow, max-snippet:-1, max-image-preview:large, max-video-preview:-1\" \/>\n<link rel=\"canonical\" href=\"https:\/\/www.notibras.com\/site\/empresa-que-se-esconde-em-meio-a-crise-tende-a-perder-negocios\/\" \/>\n<meta property=\"og:locale\" content=\"pt_BR\" \/>\n<meta property=\"og:type\" content=\"article\" \/>\n<meta property=\"og:title\" content=\"Empresa que se esconde em meio a crise tende a perder neg\u00f3cios - Notibras\" \/>\n<meta property=\"og:description\" content=\"Tem uma hist\u00f3ria que me contaram e gosto de usar em minhas palestras. Um casal, Elza e Orlando, abriu uma banca de frutas na estrada, perto da cidade. Porque as frutas estavam sempre novas, porque eles tinham um carinho especial com os clientes que paravam ali, as vendas subiam a cada m\u00eas. A banca que [&hellip;]\" \/>\n<meta property=\"og:url\" content=\"https:\/\/www.notibras.com\/site\/empresa-que-se-esconde-em-meio-a-crise-tende-a-perder-negocios\/\" \/>\n<meta property=\"og:site_name\" content=\"Notibras\" \/>\n<meta property=\"article:publisher\" content=\"https:\/\/www.facebook.com\/notibras\/\" \/>\n<meta property=\"article:published_time\" content=\"2015-04-22T08:58:31+00:00\" \/>\n<meta property=\"og:image\" content=\"https:\/\/www.notibras.com\/site\/wp-content\/uploads\/2015\/04\/marketing.png\" \/>\n\t<meta property=\"og:image:width\" content=\"850\" \/>\n\t<meta property=\"og:image:height\" content=\"593\" \/>\n\t<meta property=\"og:image:type\" content=\"image\/png\" \/>\n<meta name=\"author\" content=\"Reda\u00e7\u00e3o\" \/>\n<meta name=\"twitter:card\" content=\"summary_large_image\" \/>\n<meta name=\"twitter:creator\" content=\"@Notibras\" \/>\n<meta name=\"twitter:site\" content=\"@Notibras\" \/>\n<meta name=\"twitter:label1\" content=\"Escrito por\" \/>\n\t<meta name=\"twitter:data1\" content=\"Reda\u00e7\u00e3o\" \/>\n\t<meta name=\"twitter:label2\" content=\"Est. tempo de leitura\" \/>\n\t<meta name=\"twitter:data2\" content=\"4 minutos\" \/>\n<script type=\"application\/ld+json\" class=\"yoast-schema-graph\">{\"@context\":\"https:\\\/\\\/schema.org\",\"@graph\":[{\"@type\":\"Article\",\"@id\":\"https:\\\/\\\/www.notibras.com\\\/site\\\/empresa-que-se-esconde-em-meio-a-crise-tende-a-perder-negocios\\\/#article\",\"isPartOf\":{\"@id\":\"https:\\\/\\\/www.notibras.com\\\/site\\\/empresa-que-se-esconde-em-meio-a-crise-tende-a-perder-negocios\\\/\"},\"author\":{\"name\":\"Reda\u00e7\u00e3o\",\"@id\":\"https:\\\/\\\/www.notibras.com\\\/site\\\/#\\\/schema\\\/person\\\/36ab0979449956132d3e5b517ea76ac8\"},\"headline\":\"Empresa que se esconde em meio a crise tende a perder neg\u00f3cios\",\"datePublished\":\"2015-04-22T08:58:31+00:00\",\"mainEntityOfPage\":{\"@id\":\"https:\\\/\\\/www.notibras.com\\\/site\\\/empresa-que-se-esconde-em-meio-a-crise-tende-a-perder-negocios\\\/\"},\"wordCount\":746,\"commentCount\":0,\"publisher\":{\"@id\":\"https:\\\/\\\/www.notibras.com\\\/site\\\/#organization\"},\"image\":{\"@id\":\"https:\\\/\\\/www.notibras.com\\\/site\\\/empresa-que-se-esconde-em-meio-a-crise-tende-a-perder-negocios\\\/#primaryimage\"},\"thumbnailUrl\":\"https:\\\/\\\/www.notibras.com\\\/site\\\/wp-content\\\/uploads\\\/2015\\\/04\\\/marketing.png\",\"articleSection\":[\"Opina a\u00ed\"],\"inLanguage\":\"pt-BR\",\"potentialAction\":[{\"@type\":\"CommentAction\",\"name\":\"Comment\",\"target\":[\"https:\\\/\\\/www.notibras.com\\\/site\\\/empresa-que-se-esconde-em-meio-a-crise-tende-a-perder-negocios\\\/#respond\"]}]},{\"@type\":\"WebPage\",\"@id\":\"https:\\\/\\\/www.notibras.com\\\/site\\\/empresa-que-se-esconde-em-meio-a-crise-tende-a-perder-negocios\\\/\",\"url\":\"https:\\\/\\\/www.notibras.com\\\/site\\\/empresa-que-se-esconde-em-meio-a-crise-tende-a-perder-negocios\\\/\",\"name\":\"Empresa que se esconde em meio a crise tende a perder neg\u00f3cios - Notibras\",\"isPartOf\":{\"@id\":\"https:\\\/\\\/www.notibras.com\\\/site\\\/#website\"},\"primaryImageOfPage\":{\"@id\":\"https:\\\/\\\/www.notibras.com\\\/site\\\/empresa-que-se-esconde-em-meio-a-crise-tende-a-perder-negocios\\\/#primaryimage\"},\"image\":{\"@id\":\"https:\\\/\\\/www.notibras.com\\\/site\\\/empresa-que-se-esconde-em-meio-a-crise-tende-a-perder-negocios\\\/#primaryimage\"},\"thumbnailUrl\":\"https:\\\/\\\/www.notibras.com\\\/site\\\/wp-content\\\/uploads\\\/2015\\\/04\\\/marketing.png\",\"datePublished\":\"2015-04-22T08:58:31+00:00\",\"breadcrumb\":{\"@id\":\"https:\\\/\\\/www.notibras.com\\\/site\\\/empresa-que-se-esconde-em-meio-a-crise-tende-a-perder-negocios\\\/#breadcrumb\"},\"inLanguage\":\"pt-BR\",\"potentialAction\":[{\"@type\":\"ReadAction\",\"target\":[\"https:\\\/\\\/www.notibras.com\\\/site\\\/empresa-que-se-esconde-em-meio-a-crise-tende-a-perder-negocios\\\/\"]}]},{\"@type\":\"ImageObject\",\"inLanguage\":\"pt-BR\",\"@id\":\"https:\\\/\\\/www.notibras.com\\\/site\\\/empresa-que-se-esconde-em-meio-a-crise-tende-a-perder-negocios\\\/#primaryimage\",\"url\":\"https:\\\/\\\/www.notibras.com\\\/site\\\/wp-content\\\/uploads\\\/2015\\\/04\\\/marketing.png\",\"contentUrl\":\"https:\\\/\\\/www.notibras.com\\\/site\\\/wp-content\\\/uploads\\\/2015\\\/04\\\/marketing.png\",\"width\":850,\"height\":593},{\"@type\":\"BreadcrumbList\",\"@id\":\"https:\\\/\\\/www.notibras.com\\\/site\\\/empresa-que-se-esconde-em-meio-a-crise-tende-a-perder-negocios\\\/#breadcrumb\",\"itemListElement\":[{\"@type\":\"ListItem\",\"position\":1,\"name\":\"In\u00edcio\",\"item\":\"https:\\\/\\\/www.notibras.com\\\/site\\\/\"},{\"@type\":\"ListItem\",\"position\":2,\"name\":\"Empresa que se esconde em meio a crise tende a perder neg\u00f3cios\"}]},{\"@type\":\"WebSite\",\"@id\":\"https:\\\/\\\/www.notibras.com\\\/site\\\/#website\",\"url\":\"https:\\\/\\\/www.notibras.com\\\/site\\\/\",\"name\":\"Notibras\",\"description\":\"Not\u00edcias de Bras\u00edlia, do Brasil e do Mundo\",\"publisher\":{\"@id\":\"https:\\\/\\\/www.notibras.com\\\/site\\\/#organization\"},\"potentialAction\":[{\"@type\":\"SearchAction\",\"target\":{\"@type\":\"EntryPoint\",\"urlTemplate\":\"https:\\\/\\\/www.notibras.com\\\/site\\\/?s={search_term_string}\"},\"query-input\":{\"@type\":\"PropertyValueSpecification\",\"valueRequired\":true,\"valueName\":\"search_term_string\"}}],\"inLanguage\":\"pt-BR\"},{\"@type\":\"Organization\",\"@id\":\"https:\\\/\\\/www.notibras.com\\\/site\\\/#organization\",\"name\":\"Grupo Notibras de Comunica\u00e7\u00e3o\",\"url\":\"https:\\\/\\\/www.notibras.com\\\/site\\\/\",\"logo\":{\"@type\":\"ImageObject\",\"inLanguage\":\"pt-BR\",\"@id\":\"https:\\\/\\\/www.notibras.com\\\/site\\\/#\\\/schema\\\/logo\\\/image\\\/\",\"url\":\"https:\\\/\\\/www.notibras.com\\\/site\\\/wp-content\\\/uploads\\\/2023\\\/01\\\/notibras23.png\",\"contentUrl\":\"https:\\\/\\\/www.notibras.com\\\/site\\\/wp-content\\\/uploads\\\/2023\\\/01\\\/notibras23.png\",\"width\":350,\"height\":87,\"caption\":\"Grupo Notibras de Comunica\u00e7\u00e3o\"},\"image\":{\"@id\":\"https:\\\/\\\/www.notibras.com\\\/site\\\/#\\\/schema\\\/logo\\\/image\\\/\"},\"sameAs\":[\"https:\\\/\\\/www.facebook.com\\\/notibras\\\/\",\"https:\\\/\\\/x.com\\\/Notibras\",\"https:\\\/\\\/www.instagram.com\\\/notibras\\\/\"]},{\"@type\":\"Person\",\"@id\":\"https:\\\/\\\/www.notibras.com\\\/site\\\/#\\\/schema\\\/person\\\/36ab0979449956132d3e5b517ea76ac8\",\"name\":\"Reda\u00e7\u00e3o\",\"image\":{\"@type\":\"ImageObject\",\"inLanguage\":\"pt-BR\",\"@id\":\"https:\\\/\\\/secure.gravatar.com\\\/avatar\\\/e0a867bdedb85fd243eadf09663511f96fc81e0720a4a42581f334ad4303aa6b?s=96&d=mm&r=g\",\"url\":\"https:\\\/\\\/secure.gravatar.com\\\/avatar\\\/e0a867bdedb85fd243eadf09663511f96fc81e0720a4a42581f334ad4303aa6b?s=96&d=mm&r=g\",\"contentUrl\":\"https:\\\/\\\/secure.gravatar.com\\\/avatar\\\/e0a867bdedb85fd243eadf09663511f96fc81e0720a4a42581f334ad4303aa6b?s=96&d=mm&r=g\",\"caption\":\"Reda\u00e7\u00e3o\"}}]}<\/script>\n<!-- \/ Yoast SEO plugin. -->","yoast_head_json":{"title":"Empresa que se esconde em meio a crise tende a perder neg\u00f3cios - Notibras","robots":{"index":"index","follow":"follow","max-snippet":"max-snippet:-1","max-image-preview":"max-image-preview:large","max-video-preview":"max-video-preview:-1"},"canonical":"https:\/\/www.notibras.com\/site\/empresa-que-se-esconde-em-meio-a-crise-tende-a-perder-negocios\/","og_locale":"pt_BR","og_type":"article","og_title":"Empresa que se esconde em meio a crise tende a perder neg\u00f3cios - Notibras","og_description":"Tem uma hist\u00f3ria que me contaram e gosto de usar em minhas palestras. Um casal, Elza e Orlando, abriu uma banca de frutas na estrada, perto da cidade. Porque as frutas estavam sempre novas, porque eles tinham um carinho especial com os clientes que paravam ali, as vendas subiam a cada m\u00eas. A banca que [&hellip;]","og_url":"https:\/\/www.notibras.com\/site\/empresa-que-se-esconde-em-meio-a-crise-tende-a-perder-negocios\/","og_site_name":"Notibras","article_publisher":"https:\/\/www.facebook.com\/notibras\/","article_published_time":"2015-04-22T08:58:31+00:00","og_image":[{"width":850,"height":593,"url":"https:\/\/www.notibras.com\/site\/wp-content\/uploads\/2015\/04\/marketing.png","type":"image\/png"}],"author":"Reda\u00e7\u00e3o","twitter_card":"summary_large_image","twitter_creator":"@Notibras","twitter_site":"@Notibras","twitter_misc":{"Escrito por":"Reda\u00e7\u00e3o","Est. tempo de leitura":"4 minutos"},"schema":{"@context":"https:\/\/schema.org","@graph":[{"@type":"Article","@id":"https:\/\/www.notibras.com\/site\/empresa-que-se-esconde-em-meio-a-crise-tende-a-perder-negocios\/#article","isPartOf":{"@id":"https:\/\/www.notibras.com\/site\/empresa-que-se-esconde-em-meio-a-crise-tende-a-perder-negocios\/"},"author":{"name":"Reda\u00e7\u00e3o","@id":"https:\/\/www.notibras.com\/site\/#\/schema\/person\/36ab0979449956132d3e5b517ea76ac8"},"headline":"Empresa que se esconde em meio a crise tende a perder neg\u00f3cios","datePublished":"2015-04-22T08:58:31+00:00","mainEntityOfPage":{"@id":"https:\/\/www.notibras.com\/site\/empresa-que-se-esconde-em-meio-a-crise-tende-a-perder-negocios\/"},"wordCount":746,"commentCount":0,"publisher":{"@id":"https:\/\/www.notibras.com\/site\/#organization"},"image":{"@id":"https:\/\/www.notibras.com\/site\/empresa-que-se-esconde-em-meio-a-crise-tende-a-perder-negocios\/#primaryimage"},"thumbnailUrl":"https:\/\/www.notibras.com\/site\/wp-content\/uploads\/2015\/04\/marketing.png","articleSection":["Opina a\u00ed"],"inLanguage":"pt-BR","potentialAction":[{"@type":"CommentAction","name":"Comment","target":["https:\/\/www.notibras.com\/site\/empresa-que-se-esconde-em-meio-a-crise-tende-a-perder-negocios\/#respond"]}]},{"@type":"WebPage","@id":"https:\/\/www.notibras.com\/site\/empresa-que-se-esconde-em-meio-a-crise-tende-a-perder-negocios\/","url":"https:\/\/www.notibras.com\/site\/empresa-que-se-esconde-em-meio-a-crise-tende-a-perder-negocios\/","name":"Empresa que se esconde em meio a crise tende a perder neg\u00f3cios - Notibras","isPartOf":{"@id":"https:\/\/www.notibras.com\/site\/#website"},"primaryImageOfPage":{"@id":"https:\/\/www.notibras.com\/site\/empresa-que-se-esconde-em-meio-a-crise-tende-a-perder-negocios\/#primaryimage"},"image":{"@id":"https:\/\/www.notibras.com\/site\/empresa-que-se-esconde-em-meio-a-crise-tende-a-perder-negocios\/#primaryimage"},"thumbnailUrl":"https:\/\/www.notibras.com\/site\/wp-content\/uploads\/2015\/04\/marketing.png","datePublished":"2015-04-22T08:58:31+00:00","breadcrumb":{"@id":"https:\/\/www.notibras.com\/site\/empresa-que-se-esconde-em-meio-a-crise-tende-a-perder-negocios\/#breadcrumb"},"inLanguage":"pt-BR","potentialAction":[{"@type":"ReadAction","target":["https:\/\/www.notibras.com\/site\/empresa-que-se-esconde-em-meio-a-crise-tende-a-perder-negocios\/"]}]},{"@type":"ImageObject","inLanguage":"pt-BR","@id":"https:\/\/www.notibras.com\/site\/empresa-que-se-esconde-em-meio-a-crise-tende-a-perder-negocios\/#primaryimage","url":"https:\/\/www.notibras.com\/site\/wp-content\/uploads\/2015\/04\/marketing.png","contentUrl":"https:\/\/www.notibras.com\/site\/wp-content\/uploads\/2015\/04\/marketing.png","width":850,"height":593},{"@type":"BreadcrumbList","@id":"https:\/\/www.notibras.com\/site\/empresa-que-se-esconde-em-meio-a-crise-tende-a-perder-negocios\/#breadcrumb","itemListElement":[{"@type":"ListItem","position":1,"name":"In\u00edcio","item":"https:\/\/www.notibras.com\/site\/"},{"@type":"ListItem","position":2,"name":"Empresa que se esconde em meio a crise tende a perder neg\u00f3cios"}]},{"@type":"WebSite","@id":"https:\/\/www.notibras.com\/site\/#website","url":"https:\/\/www.notibras.com\/site\/","name":"Notibras","description":"Not\u00edcias de Bras\u00edlia, do Brasil e do Mundo","publisher":{"@id":"https:\/\/www.notibras.com\/site\/#organization"},"potentialAction":[{"@type":"SearchAction","target":{"@type":"EntryPoint","urlTemplate":"https:\/\/www.notibras.com\/site\/?s={search_term_string}"},"query-input":{"@type":"PropertyValueSpecification","valueRequired":true,"valueName":"search_term_string"}}],"inLanguage":"pt-BR"},{"@type":"Organization","@id":"https:\/\/www.notibras.com\/site\/#organization","name":"Grupo Notibras de Comunica\u00e7\u00e3o","url":"https:\/\/www.notibras.com\/site\/","logo":{"@type":"ImageObject","inLanguage":"pt-BR","@id":"https:\/\/www.notibras.com\/site\/#\/schema\/logo\/image\/","url":"https:\/\/www.notibras.com\/site\/wp-content\/uploads\/2023\/01\/notibras23.png","contentUrl":"https:\/\/www.notibras.com\/site\/wp-content\/uploads\/2023\/01\/notibras23.png","width":350,"height":87,"caption":"Grupo Notibras de Comunica\u00e7\u00e3o"},"image":{"@id":"https:\/\/www.notibras.com\/site\/#\/schema\/logo\/image\/"},"sameAs":["https:\/\/www.facebook.com\/notibras\/","https:\/\/x.com\/Notibras","https:\/\/www.instagram.com\/notibras\/"]},{"@type":"Person","@id":"https:\/\/www.notibras.com\/site\/#\/schema\/person\/36ab0979449956132d3e5b517ea76ac8","name":"Reda\u00e7\u00e3o","image":{"@type":"ImageObject","inLanguage":"pt-BR","@id":"https:\/\/secure.gravatar.com\/avatar\/e0a867bdedb85fd243eadf09663511f96fc81e0720a4a42581f334ad4303aa6b?s=96&d=mm&r=g","url":"https:\/\/secure.gravatar.com\/avatar\/e0a867bdedb85fd243eadf09663511f96fc81e0720a4a42581f334ad4303aa6b?s=96&d=mm&r=g","contentUrl":"https:\/\/secure.gravatar.com\/avatar\/e0a867bdedb85fd243eadf09663511f96fc81e0720a4a42581f334ad4303aa6b?s=96&d=mm&r=g","caption":"Reda\u00e7\u00e3o"}}]}},"amp_enabled":true,"_links":{"self":[{"href":"https:\/\/www.notibras.com\/site\/wp-json\/wp\/v2\/posts\/44943","targetHints":{"allow":["GET"]}}],"collection":[{"href":"https:\/\/www.notibras.com\/site\/wp-json\/wp\/v2\/posts"}],"about":[{"href":"https:\/\/www.notibras.com\/site\/wp-json\/wp\/v2\/types\/post"}],"author":[{"embeddable":true,"href":"https:\/\/www.notibras.com\/site\/wp-json\/wp\/v2\/users\/2"}],"replies":[{"embeddable":true,"href":"https:\/\/www.notibras.com\/site\/wp-json\/wp\/v2\/comments?post=44943"}],"version-history":[{"count":0,"href":"https:\/\/www.notibras.com\/site\/wp-json\/wp\/v2\/posts\/44943\/revisions"}],"wp:featuredmedia":[{"embeddable":true,"href":"https:\/\/www.notibras.com\/site\/wp-json\/wp\/v2\/media\/44944"}],"wp:attachment":[{"href":"https:\/\/www.notibras.com\/site\/wp-json\/wp\/v2\/media?parent=44943"}],"wp:term":[{"taxonomy":"category","embeddable":true,"href":"https:\/\/www.notibras.com\/site\/wp-json\/wp\/v2\/categories?post=44943"},{"taxonomy":"post_tag","embeddable":true,"href":"https:\/\/www.notibras.com\/site\/wp-json\/wp\/v2\/tags?post=44943"}],"curies":[{"name":"wp","href":"https:\/\/api.w.org\/{rel}","templated":true}]}}