{"id":45053,"date":"2015-04-23T01:12:54","date_gmt":"2015-04-23T04:12:54","guid":{"rendered":"http:\/\/www.notibras.com\/site\/?p=45053"},"modified":"2015-04-23T01:28:16","modified_gmt":"2015-04-23T04:28:16","slug":"sao-paulo-derrota-corinthians-e-pega-o-cruzeiro-pela-frente","status":"publish","type":"post","link":"https:\/\/www.notibras.com\/site\/sao-paulo-derrota-corinthians-e-pega-o-cruzeiro-pela-frente\/","title":{"rendered":"S\u00e3o Paulo derrota Corinthians e pega o Cruzeiro pela frente"},"content":{"rendered":"<p>Diante de um advers\u00e1rio desinteressado e que ainda jogou com um a menos durante quase toda a partida, o S\u00e3o Paulo venceu o Corinthians por 2 a 0 no Morumbi nesta quarta-feira e garantiu a segunda vaga do grupo 2 nas oitavas de final da Ta\u00e7a Libertadores.<\/p>\n<p>J\u00e1 classificado e com o primeiro lugar da chave assegurado, o Tim\u00e3o tinha como alvo a segunda melhor campanha entre os 16 classificados, mas n\u00e3o se esfor\u00e7ou muito em busca desse objetivo. Para piorar, perdeu Emerson, expulso, antes dos 20 minutos de bola rolando. No come\u00e7o da segunda etapa, Luis Fabiano e Mendoza tamb\u00e9m viram o vermelho.<\/p>\n<p>Superior numericamente e tamb\u00e9m na disposi\u00e7\u00e3o, o Tricolor marcou dois gols ainda antes do intervalo. Justamente Luis Fabiano abriu o placar, e Michel Bastos decidiu.<\/p>\n<p>Com a derrota, o Corinthians ficou com 13 pontos e enfrentar\u00e1 o Guaran\u00ed, com o primeiro jogo no Paraguai. J\u00e1 o S\u00e3o Paulo, com 12, protagonizar\u00e1 um confronto brasileiro com o Cruzeiro, com ida no Morumbi e volta no Mineir\u00e3o.<\/p>\n<blockquote><p>Apesar de todo o esfor\u00e7o feito na noite desta quarta, os donos da casa teriam se classificado mesmo com um rev\u00e9s, j\u00e1 que o San Lorenzo perdeu para o Danubio por 1 a 0 em Buenos Aires e parou nos seis pontos. Dessa forma, o &#8216;Cicl\u00f3n&#8217; \u00e9 o terceiro defensor de t\u00edtulo a ser eliminado na fase de grupos, repetindo o Internacional de 2007 e a LDU de Quito de 2009.<\/p><\/blockquote>\n<p>O S\u00e3o Paulo n\u00e3o p\u00f4de escalar Alexandre Pato devido \u00e0 cl\u00e1usula do empr\u00e9stimo do jogador junto ao advers\u00e1rio desta quarta. Com isso, somada \u00e0 les\u00e3o de Alan Kardec, Luis Fabiano atuou isolado na frente. Na lateral esquerda, Carlinhos foi barrado e deu lugar a Reinaldo.<\/p>\n<p>No Corinthians, Tite teve como \u00fanico desfalque o atacante Guerrero, diagnosticado com dengue. Sem o peruano, Emerson e Vagner Love formaram a dupla de frente.<\/p>\n<p>A desigualdade no n\u00edvel de interesse na partida ficou claro desde o primeiro minuto de jogo, quando os donos da casa tiveram sua primeira chance. Reinaldo bateu falta da esquerda, D\u00f3ria subiu livre para cabecear e mandou rente \u00e0 trave.<\/p>\n<p>O Tim\u00e3o at\u00e9 tinha mais a bola, mas era lento nas sa\u00eddas para o ataque e pouco entrava na \u00e1rea de Rog\u00e9rio Ceni. Aos 11 minutos, Renato Augusto foi acionado na direita e lan\u00e7ou na \u00e1rea buscando Vagner Love, mas o centroavante levou a pior na disputa com Rafael Tol\u00f3i.<\/p>\n<p>Se no 11 contra 11 o Tricolor j\u00e1 ia levando a melhor, a vida ficou ainda mais f\u00e1cil aos 18 minutos. Emerson e T\u00f3loi disputaram a bola, e o atacante corintiano atingiu o advers\u00e1rio. O \u00e1rbitro optou por mostrar o amarelo para o defensor s\u00e3o-paulino e expulsar Sheik.<\/p>\n<p>O time anfitri\u00e3o deixava o advers\u00e1rio encurralado atr\u00e1s da linha da bola, mas n\u00e3o conseguia agredir. Aos 26, Ganso viu Michel Bastos na esquerda, mas Fagner se antecipou e cortou. Um minuto depois, Tol\u00f3i bateu de longe, em mais uma tentativa que foi para fora.<\/p>\n<p>O mais esfor\u00e7o por parte do tricampe\u00e3o continental foi recompensado aos 31 minutos. Michel Bastos fez a jogada pela esquerda e levantou. Felipe afastou mal e Hudson furou, mas acabou dando um lindo passe para Luis Fabiano, que arrematou tirando de C\u00e1ssio e fez seu primeiro gol nesta edi\u00e7\u00e3o da Libertadores.<\/p>\n<p>Com o advers\u00e1rio abatido, o Tricolor continuou em cima e fez o segundo pouco depois, aos 39. Hudson &#8211; agora intencionalmente &#8211; rolou para Michel Bastos, que, a um passo da meia-lua, dominou e chutou forte no cantinho direito. C\u00e1ssio caiu mal e n\u00e3o evitou que a bola entrasse.<\/p>\n<p>A segunda etapa come\u00e7ou fria em rela\u00e7\u00e3o a chances de gol, mas quente em confus\u00e3o. Em dois minutos, entre os sete e os nove, Luis Fabiano recebeu um cart\u00e3o amarelo por reclama\u00e7\u00e3o e outro por simula\u00e7\u00e3o e foi expulso. Mendoza, que entrara no intervalo e tentou agredir o artilheiro s\u00e3o-paulino, tamb\u00e9m foi para o vesti\u00e1rio mais cedo.<\/p>\n<p>O fato de continuar com um a mais se sobrep\u00f4s \u00e0 aus\u00eancia de Luis Fabiano no moral dos donos da casa, que se mantiveram em cima. Aos 13, Denilson tocou para Ganso, recebeu de volta, deixou dois na saudade e encheu o p\u00e9, mas o que seria um gola\u00e7o parou na trave.<\/p>\n<p>A rede voltou a balan\u00e7ar aos 22, mas a arbitragem assinalou impedimento. Ap\u00f3s cruzamento da esquerda, Souza desviou at\u00e9 Ganso, que devolveu para o volante estufar a rede. Contudo, ao resvalar de cabe\u00e7a, o camisa 5 deixou o meia em posi\u00e7\u00e3o irregular.<\/p>\n<p>Percebendo que seus comandados tinham uma chance de golear o arquirrival, Milton Cruz colocou a equipe para frente, com Centuri\u00f3n na vaga de Denilson. Entretanto, o Tricolor diminuiu o ritmo, e as oportunidades de gol foram se tornando escassas. Aos 31, Michel Bastos cobrou falta de longe e isolou.<\/p>\n<p>Michel Bastos se mostrava um dos poucos interessados na parte final do &#8216;Majestoso&#8217;, mas estava com o p\u00e9 descalibrado. Aos 36, ele arriscou rasteiro de fora e mais uma vez errou o alvo, desta vez vendo a bola ir \u00e0 direita da meta.<\/p>\n<p>Depois disso, o futebol caiu a quase zero, e houve tempo apenas para confus\u00e3o. Elias e Centuri\u00f3n se estranharam, em uma situa\u00e7\u00e3o parecida com a de Mendoza e Luis Fabiano, mas desta vez Sandro Meira Ricci preferiu colocar panos quentes e levar apenas na conversa.<\/p>\n","protected":false},"excerpt":{"rendered":"<p>Diante de um advers\u00e1rio desinteressado e que ainda jogou com um a menos durante quase toda a partida, o S\u00e3o Paulo venceu o Corinthians por 2 a 0 no Morumbi nesta quarta-feira e garantiu a segunda vaga do grupo 2 nas oitavas de final da Ta\u00e7a Libertadores. J\u00e1 classificado e com o primeiro lugar da [&hellip;]<\/p>\n","protected":false},"author":2,"featured_media":45054,"comment_status":"open","ping_status":"closed","sticky":false,"template":"","format":"standard","meta":{"_acf_changed":false,"footnotes":""},"categories":[19,29],"tags":[],"class_list":["post-45053","post","type-post","status-publish","format-standard","has-post-thumbnail","hentry","category-esportes","category-futebol"],"acf":[],"yoast_head":"<!-- This site is optimized with the Yoast SEO plugin v27.2 - https:\/\/yoast.com\/product\/yoast-seo-wordpress\/ -->\n<title>S\u00e3o Paulo derrota Corinthians e pega o Cruzeiro pela frente - Notibras<\/title>\n<meta name=\"robots\" content=\"index, follow, max-snippet:-1, max-image-preview:large, max-video-preview:-1\" \/>\n<link rel=\"canonical\" href=\"https:\/\/www.notibras.com\/site\/sao-paulo-derrota-corinthians-e-pega-o-cruzeiro-pela-frente\/\" \/>\n<meta property=\"og:locale\" content=\"pt_BR\" \/>\n<meta property=\"og:type\" content=\"article\" \/>\n<meta property=\"og:title\" content=\"S\u00e3o Paulo derrota Corinthians e pega o Cruzeiro pela frente - Notibras\" \/>\n<meta property=\"og:description\" content=\"Diante de um advers\u00e1rio desinteressado e que ainda jogou com um a menos durante quase toda a partida, o S\u00e3o Paulo venceu o Corinthians por 2 a 0 no Morumbi nesta quarta-feira e garantiu a segunda vaga do grupo 2 nas oitavas de final da Ta\u00e7a Libertadores. J\u00e1 classificado e com o primeiro lugar da [&hellip;]\" \/>\n<meta property=\"og:url\" content=\"https:\/\/www.notibras.com\/site\/sao-paulo-derrota-corinthians-e-pega-o-cruzeiro-pela-frente\/\" \/>\n<meta property=\"og:site_name\" content=\"Notibras\" \/>\n<meta property=\"article:publisher\" content=\"https:\/\/www.facebook.com\/notibras\/\" \/>\n<meta property=\"article:published_time\" content=\"2015-04-23T04:12:54+00:00\" \/>\n<meta property=\"article:modified_time\" content=\"2015-04-23T04:28:16+00:00\" \/>\n<meta property=\"og:image\" content=\"https:\/\/www.notibras.com\/site\/wp-content\/uploads\/2015\/04\/22micheljj.jpg\" \/>\n\t<meta property=\"og:image:width\" content=\"300\" \/>\n\t<meta property=\"og:image:height\" content=\"300\" \/>\n\t<meta property=\"og:image:type\" content=\"image\/jpeg\" \/>\n<meta name=\"author\" content=\"Reda\u00e7\u00e3o\" \/>\n<meta name=\"twitter:card\" content=\"summary_large_image\" \/>\n<meta name=\"twitter:creator\" content=\"@Notibras\" \/>\n<meta name=\"twitter:site\" content=\"@Notibras\" \/>\n<meta name=\"twitter:label1\" content=\"Escrito por\" \/>\n\t<meta name=\"twitter:data1\" content=\"Reda\u00e7\u00e3o\" \/>\n\t<meta name=\"twitter:label2\" content=\"Est. tempo de leitura\" \/>\n\t<meta name=\"twitter:data2\" content=\"5 minutos\" \/>\n<script type=\"application\/ld+json\" class=\"yoast-schema-graph\">{\"@context\":\"https:\/\/schema.org\",\"@graph\":[{\"@type\":\"Article\",\"@id\":\"https:\/\/www.notibras.com\/site\/sao-paulo-derrota-corinthians-e-pega-o-cruzeiro-pela-frente\/#article\",\"isPartOf\":{\"@id\":\"https:\/\/www.notibras.com\/site\/sao-paulo-derrota-corinthians-e-pega-o-cruzeiro-pela-frente\/\"},\"author\":{\"name\":\"Reda\u00e7\u00e3o\",\"@id\":\"https:\/\/www.notibras.com\/site\/#\/schema\/person\/36ab0979449956132d3e5b517ea76ac8\"},\"headline\":\"S\u00e3o Paulo derrota Corinthians e pega o Cruzeiro pela frente\",\"datePublished\":\"2015-04-23T04:12:54+00:00\",\"dateModified\":\"2015-04-23T04:28:16+00:00\",\"mainEntityOfPage\":{\"@id\":\"https:\/\/www.notibras.com\/site\/sao-paulo-derrota-corinthians-e-pega-o-cruzeiro-pela-frente\/\"},\"wordCount\":929,\"commentCount\":0,\"publisher\":{\"@id\":\"https:\/\/www.notibras.com\/site\/#organization\"},\"image\":{\"@id\":\"https:\/\/www.notibras.com\/site\/sao-paulo-derrota-corinthians-e-pega-o-cruzeiro-pela-frente\/#primaryimage\"},\"thumbnailUrl\":\"https:\/\/www.notibras.com\/site\/wp-content\/uploads\/2015\/04\/22micheljj.jpg\",\"articleSection\":[\"Esportes\",\"Futebol\"],\"inLanguage\":\"pt-BR\",\"potentialAction\":[{\"@type\":\"CommentAction\",\"name\":\"Comment\",\"target\":[\"https:\/\/www.notibras.com\/site\/sao-paulo-derrota-corinthians-e-pega-o-cruzeiro-pela-frente\/#respond\"]}]},{\"@type\":\"WebPage\",\"@id\":\"https:\/\/www.notibras.com\/site\/sao-paulo-derrota-corinthians-e-pega-o-cruzeiro-pela-frente\/\",\"url\":\"https:\/\/www.notibras.com\/site\/sao-paulo-derrota-corinthians-e-pega-o-cruzeiro-pela-frente\/\",\"name\":\"S\u00e3o Paulo derrota Corinthians e pega o Cruzeiro pela frente - Notibras\",\"isPartOf\":{\"@id\":\"https:\/\/www.notibras.com\/site\/#website\"},\"primaryImageOfPage\":{\"@id\":\"https:\/\/www.notibras.com\/site\/sao-paulo-derrota-corinthians-e-pega-o-cruzeiro-pela-frente\/#primaryimage\"},\"image\":{\"@id\":\"https:\/\/www.notibras.com\/site\/sao-paulo-derrota-corinthians-e-pega-o-cruzeiro-pela-frente\/#primaryimage\"},\"thumbnailUrl\":\"https:\/\/www.notibras.com\/site\/wp-content\/uploads\/2015\/04\/22micheljj.jpg\",\"datePublished\":\"2015-04-23T04:12:54+00:00\",\"dateModified\":\"2015-04-23T04:28:16+00:00\",\"breadcrumb\":{\"@id\":\"https:\/\/www.notibras.com\/site\/sao-paulo-derrota-corinthians-e-pega-o-cruzeiro-pela-frente\/#breadcrumb\"},\"inLanguage\":\"pt-BR\",\"potentialAction\":[{\"@type\":\"ReadAction\",\"target\":[\"https:\/\/www.notibras.com\/site\/sao-paulo-derrota-corinthians-e-pega-o-cruzeiro-pela-frente\/\"]}]},{\"@type\":\"ImageObject\",\"inLanguage\":\"pt-BR\",\"@id\":\"https:\/\/www.notibras.com\/site\/sao-paulo-derrota-corinthians-e-pega-o-cruzeiro-pela-frente\/#primaryimage\",\"url\":\"https:\/\/www.notibras.com\/site\/wp-content\/uploads\/2015\/04\/22micheljj.jpg\",\"contentUrl\":\"https:\/\/www.notibras.com\/site\/wp-content\/uploads\/2015\/04\/22micheljj.jpg\",\"width\":300,\"height\":300},{\"@type\":\"BreadcrumbList\",\"@id\":\"https:\/\/www.notibras.com\/site\/sao-paulo-derrota-corinthians-e-pega-o-cruzeiro-pela-frente\/#breadcrumb\",\"itemListElement\":[{\"@type\":\"ListItem\",\"position\":1,\"name\":\"In\u00edcio\",\"item\":\"https:\/\/www.notibras.com\/site\/\"},{\"@type\":\"ListItem\",\"position\":2,\"name\":\"S\u00e3o Paulo derrota Corinthians e pega o Cruzeiro pela frente\"}]},{\"@type\":\"WebSite\",\"@id\":\"https:\/\/www.notibras.com\/site\/#website\",\"url\":\"https:\/\/www.notibras.com\/site\/\",\"name\":\"Notibras\",\"description\":\"Not\u00edcias de Bras\u00edlia, do Brasil e do Mundo\",\"publisher\":{\"@id\":\"https:\/\/www.notibras.com\/site\/#organization\"},\"potentialAction\":[{\"@type\":\"SearchAction\",\"target\":{\"@type\":\"EntryPoint\",\"urlTemplate\":\"https:\/\/www.notibras.com\/site\/?s={search_term_string}\"},\"query-input\":{\"@type\":\"PropertyValueSpecification\",\"valueRequired\":true,\"valueName\":\"search_term_string\"}}],\"inLanguage\":\"pt-BR\"},{\"@type\":\"Organization\",\"@id\":\"https:\/\/www.notibras.com\/site\/#organization\",\"name\":\"Grupo Notibras de Comunica\u00e7\u00e3o\",\"url\":\"https:\/\/www.notibras.com\/site\/\",\"logo\":{\"@type\":\"ImageObject\",\"inLanguage\":\"pt-BR\",\"@id\":\"https:\/\/www.notibras.com\/site\/#\/schema\/logo\/image\/\",\"url\":\"https:\/\/www.notibras.com\/site\/wp-content\/uploads\/2023\/01\/notibras23.png\",\"contentUrl\":\"https:\/\/www.notibras.com\/site\/wp-content\/uploads\/2023\/01\/notibras23.png\",\"width\":350,\"height\":87,\"caption\":\"Grupo Notibras de Comunica\u00e7\u00e3o\"},\"image\":{\"@id\":\"https:\/\/www.notibras.com\/site\/#\/schema\/logo\/image\/\"},\"sameAs\":[\"https:\/\/www.facebook.com\/notibras\/\",\"https:\/\/x.com\/Notibras\",\"https:\/\/www.instagram.com\/notibras\/\"]},{\"@type\":\"Person\",\"@id\":\"https:\/\/www.notibras.com\/site\/#\/schema\/person\/36ab0979449956132d3e5b517ea76ac8\",\"name\":\"Reda\u00e7\u00e3o\",\"image\":{\"@type\":\"ImageObject\",\"inLanguage\":\"pt-BR\",\"@id\":\"https:\/\/secure.gravatar.com\/avatar\/e0a867bdedb85fd243eadf09663511f96fc81e0720a4a42581f334ad4303aa6b?s=96&d=mm&r=g\",\"url\":\"https:\/\/secure.gravatar.com\/avatar\/e0a867bdedb85fd243eadf09663511f96fc81e0720a4a42581f334ad4303aa6b?s=96&d=mm&r=g\",\"contentUrl\":\"https:\/\/secure.gravatar.com\/avatar\/e0a867bdedb85fd243eadf09663511f96fc81e0720a4a42581f334ad4303aa6b?s=96&d=mm&r=g\",\"caption\":\"Reda\u00e7\u00e3o\"}}]}<\/script>\n<!-- \/ Yoast SEO plugin. -->","yoast_head_json":{"title":"S\u00e3o Paulo derrota Corinthians e pega o Cruzeiro pela frente - Notibras","robots":{"index":"index","follow":"follow","max-snippet":"max-snippet:-1","max-image-preview":"max-image-preview:large","max-video-preview":"max-video-preview:-1"},"canonical":"https:\/\/www.notibras.com\/site\/sao-paulo-derrota-corinthians-e-pega-o-cruzeiro-pela-frente\/","og_locale":"pt_BR","og_type":"article","og_title":"S\u00e3o Paulo derrota Corinthians e pega o Cruzeiro pela frente - Notibras","og_description":"Diante de um advers\u00e1rio desinteressado e que ainda jogou com um a menos durante quase toda a partida, o S\u00e3o Paulo venceu o Corinthians por 2 a 0 no Morumbi nesta quarta-feira e garantiu a segunda vaga do grupo 2 nas oitavas de final da Ta\u00e7a Libertadores. J\u00e1 classificado e com o primeiro lugar da [&hellip;]","og_url":"https:\/\/www.notibras.com\/site\/sao-paulo-derrota-corinthians-e-pega-o-cruzeiro-pela-frente\/","og_site_name":"Notibras","article_publisher":"https:\/\/www.facebook.com\/notibras\/","article_published_time":"2015-04-23T04:12:54+00:00","article_modified_time":"2015-04-23T04:28:16+00:00","og_image":[{"width":300,"height":300,"url":"https:\/\/www.notibras.com\/site\/wp-content\/uploads\/2015\/04\/22micheljj.jpg","type":"image\/jpeg"}],"author":"Reda\u00e7\u00e3o","twitter_card":"summary_large_image","twitter_creator":"@Notibras","twitter_site":"@Notibras","twitter_misc":{"Escrito por":"Reda\u00e7\u00e3o","Est. tempo de leitura":"5 minutos"},"schema":{"@context":"https:\/\/schema.org","@graph":[{"@type":"Article","@id":"https:\/\/www.notibras.com\/site\/sao-paulo-derrota-corinthians-e-pega-o-cruzeiro-pela-frente\/#article","isPartOf":{"@id":"https:\/\/www.notibras.com\/site\/sao-paulo-derrota-corinthians-e-pega-o-cruzeiro-pela-frente\/"},"author":{"name":"Reda\u00e7\u00e3o","@id":"https:\/\/www.notibras.com\/site\/#\/schema\/person\/36ab0979449956132d3e5b517ea76ac8"},"headline":"S\u00e3o Paulo derrota Corinthians e pega o Cruzeiro pela frente","datePublished":"2015-04-23T04:12:54+00:00","dateModified":"2015-04-23T04:28:16+00:00","mainEntityOfPage":{"@id":"https:\/\/www.notibras.com\/site\/sao-paulo-derrota-corinthians-e-pega-o-cruzeiro-pela-frente\/"},"wordCount":929,"commentCount":0,"publisher":{"@id":"https:\/\/www.notibras.com\/site\/#organization"},"image":{"@id":"https:\/\/www.notibras.com\/site\/sao-paulo-derrota-corinthians-e-pega-o-cruzeiro-pela-frente\/#primaryimage"},"thumbnailUrl":"https:\/\/www.notibras.com\/site\/wp-content\/uploads\/2015\/04\/22micheljj.jpg","articleSection":["Esportes","Futebol"],"inLanguage":"pt-BR","potentialAction":[{"@type":"CommentAction","name":"Comment","target":["https:\/\/www.notibras.com\/site\/sao-paulo-derrota-corinthians-e-pega-o-cruzeiro-pela-frente\/#respond"]}]},{"@type":"WebPage","@id":"https:\/\/www.notibras.com\/site\/sao-paulo-derrota-corinthians-e-pega-o-cruzeiro-pela-frente\/","url":"https:\/\/www.notibras.com\/site\/sao-paulo-derrota-corinthians-e-pega-o-cruzeiro-pela-frente\/","name":"S\u00e3o Paulo derrota Corinthians e pega o Cruzeiro pela frente - Notibras","isPartOf":{"@id":"https:\/\/www.notibras.com\/site\/#website"},"primaryImageOfPage":{"@id":"https:\/\/www.notibras.com\/site\/sao-paulo-derrota-corinthians-e-pega-o-cruzeiro-pela-frente\/#primaryimage"},"image":{"@id":"https:\/\/www.notibras.com\/site\/sao-paulo-derrota-corinthians-e-pega-o-cruzeiro-pela-frente\/#primaryimage"},"thumbnailUrl":"https:\/\/www.notibras.com\/site\/wp-content\/uploads\/2015\/04\/22micheljj.jpg","datePublished":"2015-04-23T04:12:54+00:00","dateModified":"2015-04-23T04:28:16+00:00","breadcrumb":{"@id":"https:\/\/www.notibras.com\/site\/sao-paulo-derrota-corinthians-e-pega-o-cruzeiro-pela-frente\/#breadcrumb"},"inLanguage":"pt-BR","potentialAction":[{"@type":"ReadAction","target":["https:\/\/www.notibras.com\/site\/sao-paulo-derrota-corinthians-e-pega-o-cruzeiro-pela-frente\/"]}]},{"@type":"ImageObject","inLanguage":"pt-BR","@id":"https:\/\/www.notibras.com\/site\/sao-paulo-derrota-corinthians-e-pega-o-cruzeiro-pela-frente\/#primaryimage","url":"https:\/\/www.notibras.com\/site\/wp-content\/uploads\/2015\/04\/22micheljj.jpg","contentUrl":"https:\/\/www.notibras.com\/site\/wp-content\/uploads\/2015\/04\/22micheljj.jpg","width":300,"height":300},{"@type":"BreadcrumbList","@id":"https:\/\/www.notibras.com\/site\/sao-paulo-derrota-corinthians-e-pega-o-cruzeiro-pela-frente\/#breadcrumb","itemListElement":[{"@type":"ListItem","position":1,"name":"In\u00edcio","item":"https:\/\/www.notibras.com\/site\/"},{"@type":"ListItem","position":2,"name":"S\u00e3o Paulo derrota Corinthians e pega o Cruzeiro pela frente"}]},{"@type":"WebSite","@id":"https:\/\/www.notibras.com\/site\/#website","url":"https:\/\/www.notibras.com\/site\/","name":"Notibras","description":"Not\u00edcias de Bras\u00edlia, do Brasil e do Mundo","publisher":{"@id":"https:\/\/www.notibras.com\/site\/#organization"},"potentialAction":[{"@type":"SearchAction","target":{"@type":"EntryPoint","urlTemplate":"https:\/\/www.notibras.com\/site\/?s={search_term_string}"},"query-input":{"@type":"PropertyValueSpecification","valueRequired":true,"valueName":"search_term_string"}}],"inLanguage":"pt-BR"},{"@type":"Organization","@id":"https:\/\/www.notibras.com\/site\/#organization","name":"Grupo Notibras de Comunica\u00e7\u00e3o","url":"https:\/\/www.notibras.com\/site\/","logo":{"@type":"ImageObject","inLanguage":"pt-BR","@id":"https:\/\/www.notibras.com\/site\/#\/schema\/logo\/image\/","url":"https:\/\/www.notibras.com\/site\/wp-content\/uploads\/2023\/01\/notibras23.png","contentUrl":"https:\/\/www.notibras.com\/site\/wp-content\/uploads\/2023\/01\/notibras23.png","width":350,"height":87,"caption":"Grupo Notibras de Comunica\u00e7\u00e3o"},"image":{"@id":"https:\/\/www.notibras.com\/site\/#\/schema\/logo\/image\/"},"sameAs":["https:\/\/www.facebook.com\/notibras\/","https:\/\/x.com\/Notibras","https:\/\/www.instagram.com\/notibras\/"]},{"@type":"Person","@id":"https:\/\/www.notibras.com\/site\/#\/schema\/person\/36ab0979449956132d3e5b517ea76ac8","name":"Reda\u00e7\u00e3o","image":{"@type":"ImageObject","inLanguage":"pt-BR","@id":"https:\/\/secure.gravatar.com\/avatar\/e0a867bdedb85fd243eadf09663511f96fc81e0720a4a42581f334ad4303aa6b?s=96&d=mm&r=g","url":"https:\/\/secure.gravatar.com\/avatar\/e0a867bdedb85fd243eadf09663511f96fc81e0720a4a42581f334ad4303aa6b?s=96&d=mm&r=g","contentUrl":"https:\/\/secure.gravatar.com\/avatar\/e0a867bdedb85fd243eadf09663511f96fc81e0720a4a42581f334ad4303aa6b?s=96&d=mm&r=g","caption":"Reda\u00e7\u00e3o"}}]}},"amp_enabled":true,"_links":{"self":[{"href":"https:\/\/www.notibras.com\/site\/wp-json\/wp\/v2\/posts\/45053","targetHints":{"allow":["GET"]}}],"collection":[{"href":"https:\/\/www.notibras.com\/site\/wp-json\/wp\/v2\/posts"}],"about":[{"href":"https:\/\/www.notibras.com\/site\/wp-json\/wp\/v2\/types\/post"}],"author":[{"embeddable":true,"href":"https:\/\/www.notibras.com\/site\/wp-json\/wp\/v2\/users\/2"}],"replies":[{"embeddable":true,"href":"https:\/\/www.notibras.com\/site\/wp-json\/wp\/v2\/comments?post=45053"}],"version-history":[{"count":0,"href":"https:\/\/www.notibras.com\/site\/wp-json\/wp\/v2\/posts\/45053\/revisions"}],"wp:featuredmedia":[{"embeddable":true,"href":"https:\/\/www.notibras.com\/site\/wp-json\/wp\/v2\/media\/45054"}],"wp:attachment":[{"href":"https:\/\/www.notibras.com\/site\/wp-json\/wp\/v2\/media?parent=45053"}],"wp:term":[{"taxonomy":"category","embeddable":true,"href":"https:\/\/www.notibras.com\/site\/wp-json\/wp\/v2\/categories?post=45053"},{"taxonomy":"post_tag","embeddable":true,"href":"https:\/\/www.notibras.com\/site\/wp-json\/wp\/v2\/tags?post=45053"}],"curies":[{"name":"wp","href":"https:\/\/api.w.org\/{rel}","templated":true}]}}