{"id":45056,"date":"2015-04-23T00:14:46","date_gmt":"2015-04-23T03:14:46","guid":{"rendered":"http:\/\/www.notibras.com\/site\/?p=45056"},"modified":"2015-04-23T01:16:43","modified_gmt":"2015-04-23T04:16:43","slug":"eliminado-no-rio-fla-continua-vivo-na-copa-do-brasil","status":"publish","type":"post","link":"https:\/\/www.notibras.com\/site\/eliminado-no-rio-fla-continua-vivo-na-copa-do-brasil\/","title":{"rendered":"Eliminado no Rio, Fla continua vivo na Copa do Brasil"},"content":{"rendered":"<p>O Flamengo deu o primeiro passo no objetivo de superar a elimina\u00e7\u00e3o para o Vasco no Campeonato Carioca. Nesta quarta-feira, o time venceu o Salgueiro por 2 a 0, no est\u00e1dio Corn\u00e9lio de Barros, e avan\u00e7ou \u00e0 terceira fase da Copa do Brasil. Arthur Maia e Marcelo Cirino garantiram o resultado.<\/p>\n<p>O triunfo por dois gols de diferen\u00e7a fora de casa eliminou a partida de volta. Com isso, o Rubro-negro volta a campo apenas no dia 10 de maio, quando estreia no Campeonato Brasileiro contra o S\u00e3o Paulo, no Morumbi. At\u00e9 l\u00e1, o time ter\u00e1 tempo para treinar e corrigir os erros diagnosticados pela comiss\u00e3o t\u00e9cnica.<\/p>\n<p>O Flamengo levou perigo logo aos 5min. Everton recebeu cruzamento de Par\u00e1, dominou, mas errou a finaliza\u00e7\u00e3o na frente do goleiro Luciano. O in\u00edcio foi um padr\u00e3o da partida. O Rubro-negro tinha a posse de bola e buscava espa\u00e7os para abrir o placar. Aos 19min, Everton perdeu mais uma oportunidade depois de tabelar com Marcelo Cirino e escorregar na hora da finaliza\u00e7\u00e3o.<\/p>\n<blockquote><p>Aos 32min, Cirino recebeu em boa condi\u00e7\u00e3o e bateu cruzado. A bola raspou a trave esquerda de Luciano. Os cariocas insistiram e conseguiram o gol. Aos 39min, Arthur Maia iniciou a jogada e acionou M\u00e1rcio Ara\u00fajo. O volante colocou na medida para o pr\u00f3prio Maia chegar em velocidade e estufar a rede do Salgueiro.<\/p><\/blockquote>\n<p>O Rubro-negro ainda ampliou no come\u00e7o da segunda etapa. Aos 3min, Anderson Pico achou Marcelo Cirino na \u00e1rea. O camisa 7 tocou com categoria por cima do goleiro do Salgueiro. Aos 8min, Cirino carimbou a trave. O Flamengo continuou dono do jogo.<\/p>\n<p>Aos 31min, o estreante Almir por pouco n\u00e3o marcou outro gol em bonito arremate de fora da \u00e1rea. Ainda deu tempo para o meia Gabriel receber o cart\u00e3o vermelho em raz\u00e3o de um carrinho frontal. Os cariocas cadenciaram o jogo nos \u00faltimos minutos e esperaram apenas o apito final para confirmarem a vaga na terceira fase da Copa do Brasil.<\/p>\n","protected":false},"excerpt":{"rendered":"<p>O Flamengo deu o primeiro passo no objetivo de superar a elimina\u00e7\u00e3o para o Vasco no Campeonato Carioca. Nesta quarta-feira, o time venceu o Salgueiro por 2 a 0, no est\u00e1dio Corn\u00e9lio de Barros, e avan\u00e7ou \u00e0 terceira fase da Copa do Brasil. Arthur Maia e Marcelo Cirino garantiram o resultado. O triunfo por dois [&hellip;]<\/p>\n","protected":false},"author":2,"featured_media":45057,"comment_status":"open","ping_status":"closed","sticky":false,"template":"","format":"standard","meta":{"_acf_changed":false,"footnotes":""},"categories":[19,29],"tags":[],"class_list":["post-45056","post","type-post","status-publish","format-standard","has-post-thumbnail","hentry","category-esportes","category-futebol"],"acf":[],"yoast_head":"<!-- This site is optimized with the Yoast SEO plugin v27.2 - https:\/\/yoast.com\/product\/yoast-seo-wordpress\/ -->\n<title>Eliminado no Rio, Fla continua vivo na Copa do Brasil - Notibras<\/title>\n<meta name=\"robots\" content=\"index, follow, max-snippet:-1, max-image-preview:large, max-video-preview:-1\" \/>\n<link rel=\"canonical\" href=\"https:\/\/www.notibras.com\/site\/eliminado-no-rio-fla-continua-vivo-na-copa-do-brasil\/\" \/>\n<meta property=\"og:locale\" content=\"pt_BR\" \/>\n<meta property=\"og:type\" content=\"article\" \/>\n<meta property=\"og:title\" content=\"Eliminado no Rio, Fla continua vivo na Copa do Brasil - Notibras\" \/>\n<meta property=\"og:description\" content=\"O Flamengo deu o primeiro passo no objetivo de superar a elimina\u00e7\u00e3o para o Vasco no Campeonato Carioca. Nesta quarta-feira, o time venceu o Salgueiro por 2 a 0, no est\u00e1dio Corn\u00e9lio de Barros, e avan\u00e7ou \u00e0 terceira fase da Copa do Brasil. Arthur Maia e Marcelo Cirino garantiram o resultado. O triunfo por dois [&hellip;]\" \/>\n<meta property=\"og:url\" content=\"https:\/\/www.notibras.com\/site\/eliminado-no-rio-fla-continua-vivo-na-copa-do-brasil\/\" \/>\n<meta property=\"og:site_name\" content=\"Notibras\" \/>\n<meta property=\"article:publisher\" content=\"https:\/\/www.facebook.com\/notibras\/\" \/>\n<meta property=\"article:published_time\" content=\"2015-04-23T03:14:46+00:00\" \/>\n<meta property=\"article:modified_time\" content=\"2015-04-23T04:16:43+00:00\" \/>\n<meta property=\"og:image\" content=\"https:\/\/www.notibras.com\/site\/wp-content\/uploads\/2015\/04\/fla23.jpg\" \/>\n\t<meta property=\"og:image:width\" content=\"615\" \/>\n\t<meta property=\"og:image:height\" content=\"300\" \/>\n\t<meta property=\"og:image:type\" content=\"image\/jpeg\" \/>\n<meta name=\"author\" content=\"Reda\u00e7\u00e3o\" \/>\n<meta name=\"twitter:card\" content=\"summary_large_image\" \/>\n<meta name=\"twitter:creator\" content=\"@Notibras\" \/>\n<meta name=\"twitter:site\" content=\"@Notibras\" \/>\n<meta name=\"twitter:label1\" content=\"Escrito por\" \/>\n\t<meta name=\"twitter:data1\" content=\"Reda\u00e7\u00e3o\" \/>\n\t<meta name=\"twitter:label2\" content=\"Est. tempo de leitura\" \/>\n\t<meta name=\"twitter:data2\" content=\"2 minutos\" \/>\n<script type=\"application\/ld+json\" class=\"yoast-schema-graph\">{\"@context\":\"https:\/\/schema.org\",\"@graph\":[{\"@type\":\"Article\",\"@id\":\"https:\/\/www.notibras.com\/site\/eliminado-no-rio-fla-continua-vivo-na-copa-do-brasil\/#article\",\"isPartOf\":{\"@id\":\"https:\/\/www.notibras.com\/site\/eliminado-no-rio-fla-continua-vivo-na-copa-do-brasil\/\"},\"author\":{\"name\":\"Reda\u00e7\u00e3o\",\"@id\":\"https:\/\/www.notibras.com\/site\/#\/schema\/person\/36ab0979449956132d3e5b517ea76ac8\"},\"headline\":\"Eliminado no Rio, Fla continua vivo na Copa do Brasil\",\"datePublished\":\"2015-04-23T03:14:46+00:00\",\"dateModified\":\"2015-04-23T04:16:43+00:00\",\"mainEntityOfPage\":{\"@id\":\"https:\/\/www.notibras.com\/site\/eliminado-no-rio-fla-continua-vivo-na-copa-do-brasil\/\"},\"wordCount\":350,\"commentCount\":0,\"publisher\":{\"@id\":\"https:\/\/www.notibras.com\/site\/#organization\"},\"image\":{\"@id\":\"https:\/\/www.notibras.com\/site\/eliminado-no-rio-fla-continua-vivo-na-copa-do-brasil\/#primaryimage\"},\"thumbnailUrl\":\"https:\/\/www.notibras.com\/site\/wp-content\/uploads\/2015\/04\/fla23.jpg\",\"articleSection\":[\"Esportes\",\"Futebol\"],\"inLanguage\":\"pt-BR\",\"potentialAction\":[{\"@type\":\"CommentAction\",\"name\":\"Comment\",\"target\":[\"https:\/\/www.notibras.com\/site\/eliminado-no-rio-fla-continua-vivo-na-copa-do-brasil\/#respond\"]}]},{\"@type\":\"WebPage\",\"@id\":\"https:\/\/www.notibras.com\/site\/eliminado-no-rio-fla-continua-vivo-na-copa-do-brasil\/\",\"url\":\"https:\/\/www.notibras.com\/site\/eliminado-no-rio-fla-continua-vivo-na-copa-do-brasil\/\",\"name\":\"Eliminado no Rio, Fla continua vivo na Copa do Brasil - Notibras\",\"isPartOf\":{\"@id\":\"https:\/\/www.notibras.com\/site\/#website\"},\"primaryImageOfPage\":{\"@id\":\"https:\/\/www.notibras.com\/site\/eliminado-no-rio-fla-continua-vivo-na-copa-do-brasil\/#primaryimage\"},\"image\":{\"@id\":\"https:\/\/www.notibras.com\/site\/eliminado-no-rio-fla-continua-vivo-na-copa-do-brasil\/#primaryimage\"},\"thumbnailUrl\":\"https:\/\/www.notibras.com\/site\/wp-content\/uploads\/2015\/04\/fla23.jpg\",\"datePublished\":\"2015-04-23T03:14:46+00:00\",\"dateModified\":\"2015-04-23T04:16:43+00:00\",\"breadcrumb\":{\"@id\":\"https:\/\/www.notibras.com\/site\/eliminado-no-rio-fla-continua-vivo-na-copa-do-brasil\/#breadcrumb\"},\"inLanguage\":\"pt-BR\",\"potentialAction\":[{\"@type\":\"ReadAction\",\"target\":[\"https:\/\/www.notibras.com\/site\/eliminado-no-rio-fla-continua-vivo-na-copa-do-brasil\/\"]}]},{\"@type\":\"ImageObject\",\"inLanguage\":\"pt-BR\",\"@id\":\"https:\/\/www.notibras.com\/site\/eliminado-no-rio-fla-continua-vivo-na-copa-do-brasil\/#primaryimage\",\"url\":\"https:\/\/www.notibras.com\/site\/wp-content\/uploads\/2015\/04\/fla23.jpg\",\"contentUrl\":\"https:\/\/www.notibras.com\/site\/wp-content\/uploads\/2015\/04\/fla23.jpg\",\"width\":615,\"height\":300},{\"@type\":\"BreadcrumbList\",\"@id\":\"https:\/\/www.notibras.com\/site\/eliminado-no-rio-fla-continua-vivo-na-copa-do-brasil\/#breadcrumb\",\"itemListElement\":[{\"@type\":\"ListItem\",\"position\":1,\"name\":\"In\u00edcio\",\"item\":\"https:\/\/www.notibras.com\/site\/\"},{\"@type\":\"ListItem\",\"position\":2,\"name\":\"Eliminado no Rio, Fla continua vivo na Copa do Brasil\"}]},{\"@type\":\"WebSite\",\"@id\":\"https:\/\/www.notibras.com\/site\/#website\",\"url\":\"https:\/\/www.notibras.com\/site\/\",\"name\":\"Notibras\",\"description\":\"Not\u00edcias de Bras\u00edlia, do Brasil e do Mundo\",\"publisher\":{\"@id\":\"https:\/\/www.notibras.com\/site\/#organization\"},\"potentialAction\":[{\"@type\":\"SearchAction\",\"target\":{\"@type\":\"EntryPoint\",\"urlTemplate\":\"https:\/\/www.notibras.com\/site\/?s={search_term_string}\"},\"query-input\":{\"@type\":\"PropertyValueSpecification\",\"valueRequired\":true,\"valueName\":\"search_term_string\"}}],\"inLanguage\":\"pt-BR\"},{\"@type\":\"Organization\",\"@id\":\"https:\/\/www.notibras.com\/site\/#organization\",\"name\":\"Grupo Notibras de Comunica\u00e7\u00e3o\",\"url\":\"https:\/\/www.notibras.com\/site\/\",\"logo\":{\"@type\":\"ImageObject\",\"inLanguage\":\"pt-BR\",\"@id\":\"https:\/\/www.notibras.com\/site\/#\/schema\/logo\/image\/\",\"url\":\"https:\/\/www.notibras.com\/site\/wp-content\/uploads\/2023\/01\/notibras23.png\",\"contentUrl\":\"https:\/\/www.notibras.com\/site\/wp-content\/uploads\/2023\/01\/notibras23.png\",\"width\":350,\"height\":87,\"caption\":\"Grupo Notibras de Comunica\u00e7\u00e3o\"},\"image\":{\"@id\":\"https:\/\/www.notibras.com\/site\/#\/schema\/logo\/image\/\"},\"sameAs\":[\"https:\/\/www.facebook.com\/notibras\/\",\"https:\/\/x.com\/Notibras\",\"https:\/\/www.instagram.com\/notibras\/\"]},{\"@type\":\"Person\",\"@id\":\"https:\/\/www.notibras.com\/site\/#\/schema\/person\/36ab0979449956132d3e5b517ea76ac8\",\"name\":\"Reda\u00e7\u00e3o\",\"image\":{\"@type\":\"ImageObject\",\"inLanguage\":\"pt-BR\",\"@id\":\"https:\/\/secure.gravatar.com\/avatar\/e0a867bdedb85fd243eadf09663511f96fc81e0720a4a42581f334ad4303aa6b?s=96&d=mm&r=g\",\"url\":\"https:\/\/secure.gravatar.com\/avatar\/e0a867bdedb85fd243eadf09663511f96fc81e0720a4a42581f334ad4303aa6b?s=96&d=mm&r=g\",\"contentUrl\":\"https:\/\/secure.gravatar.com\/avatar\/e0a867bdedb85fd243eadf09663511f96fc81e0720a4a42581f334ad4303aa6b?s=96&d=mm&r=g\",\"caption\":\"Reda\u00e7\u00e3o\"}}]}<\/script>\n<!-- \/ Yoast SEO plugin. -->","yoast_head_json":{"title":"Eliminado no Rio, Fla continua vivo na Copa do Brasil - Notibras","robots":{"index":"index","follow":"follow","max-snippet":"max-snippet:-1","max-image-preview":"max-image-preview:large","max-video-preview":"max-video-preview:-1"},"canonical":"https:\/\/www.notibras.com\/site\/eliminado-no-rio-fla-continua-vivo-na-copa-do-brasil\/","og_locale":"pt_BR","og_type":"article","og_title":"Eliminado no Rio, Fla continua vivo na Copa do Brasil - Notibras","og_description":"O Flamengo deu o primeiro passo no objetivo de superar a elimina\u00e7\u00e3o para o Vasco no Campeonato Carioca. Nesta quarta-feira, o time venceu o Salgueiro por 2 a 0, no est\u00e1dio Corn\u00e9lio de Barros, e avan\u00e7ou \u00e0 terceira fase da Copa do Brasil. Arthur Maia e Marcelo Cirino garantiram o resultado. O triunfo por dois [&hellip;]","og_url":"https:\/\/www.notibras.com\/site\/eliminado-no-rio-fla-continua-vivo-na-copa-do-brasil\/","og_site_name":"Notibras","article_publisher":"https:\/\/www.facebook.com\/notibras\/","article_published_time":"2015-04-23T03:14:46+00:00","article_modified_time":"2015-04-23T04:16:43+00:00","og_image":[{"width":615,"height":300,"url":"https:\/\/www.notibras.com\/site\/wp-content\/uploads\/2015\/04\/fla23.jpg","type":"image\/jpeg"}],"author":"Reda\u00e7\u00e3o","twitter_card":"summary_large_image","twitter_creator":"@Notibras","twitter_site":"@Notibras","twitter_misc":{"Escrito por":"Reda\u00e7\u00e3o","Est. tempo de leitura":"2 minutos"},"schema":{"@context":"https:\/\/schema.org","@graph":[{"@type":"Article","@id":"https:\/\/www.notibras.com\/site\/eliminado-no-rio-fla-continua-vivo-na-copa-do-brasil\/#article","isPartOf":{"@id":"https:\/\/www.notibras.com\/site\/eliminado-no-rio-fla-continua-vivo-na-copa-do-brasil\/"},"author":{"name":"Reda\u00e7\u00e3o","@id":"https:\/\/www.notibras.com\/site\/#\/schema\/person\/36ab0979449956132d3e5b517ea76ac8"},"headline":"Eliminado no Rio, Fla continua vivo na Copa do Brasil","datePublished":"2015-04-23T03:14:46+00:00","dateModified":"2015-04-23T04:16:43+00:00","mainEntityOfPage":{"@id":"https:\/\/www.notibras.com\/site\/eliminado-no-rio-fla-continua-vivo-na-copa-do-brasil\/"},"wordCount":350,"commentCount":0,"publisher":{"@id":"https:\/\/www.notibras.com\/site\/#organization"},"image":{"@id":"https:\/\/www.notibras.com\/site\/eliminado-no-rio-fla-continua-vivo-na-copa-do-brasil\/#primaryimage"},"thumbnailUrl":"https:\/\/www.notibras.com\/site\/wp-content\/uploads\/2015\/04\/fla23.jpg","articleSection":["Esportes","Futebol"],"inLanguage":"pt-BR","potentialAction":[{"@type":"CommentAction","name":"Comment","target":["https:\/\/www.notibras.com\/site\/eliminado-no-rio-fla-continua-vivo-na-copa-do-brasil\/#respond"]}]},{"@type":"WebPage","@id":"https:\/\/www.notibras.com\/site\/eliminado-no-rio-fla-continua-vivo-na-copa-do-brasil\/","url":"https:\/\/www.notibras.com\/site\/eliminado-no-rio-fla-continua-vivo-na-copa-do-brasil\/","name":"Eliminado no Rio, Fla continua vivo na Copa do Brasil - Notibras","isPartOf":{"@id":"https:\/\/www.notibras.com\/site\/#website"},"primaryImageOfPage":{"@id":"https:\/\/www.notibras.com\/site\/eliminado-no-rio-fla-continua-vivo-na-copa-do-brasil\/#primaryimage"},"image":{"@id":"https:\/\/www.notibras.com\/site\/eliminado-no-rio-fla-continua-vivo-na-copa-do-brasil\/#primaryimage"},"thumbnailUrl":"https:\/\/www.notibras.com\/site\/wp-content\/uploads\/2015\/04\/fla23.jpg","datePublished":"2015-04-23T03:14:46+00:00","dateModified":"2015-04-23T04:16:43+00:00","breadcrumb":{"@id":"https:\/\/www.notibras.com\/site\/eliminado-no-rio-fla-continua-vivo-na-copa-do-brasil\/#breadcrumb"},"inLanguage":"pt-BR","potentialAction":[{"@type":"ReadAction","target":["https:\/\/www.notibras.com\/site\/eliminado-no-rio-fla-continua-vivo-na-copa-do-brasil\/"]}]},{"@type":"ImageObject","inLanguage":"pt-BR","@id":"https:\/\/www.notibras.com\/site\/eliminado-no-rio-fla-continua-vivo-na-copa-do-brasil\/#primaryimage","url":"https:\/\/www.notibras.com\/site\/wp-content\/uploads\/2015\/04\/fla23.jpg","contentUrl":"https:\/\/www.notibras.com\/site\/wp-content\/uploads\/2015\/04\/fla23.jpg","width":615,"height":300},{"@type":"BreadcrumbList","@id":"https:\/\/www.notibras.com\/site\/eliminado-no-rio-fla-continua-vivo-na-copa-do-brasil\/#breadcrumb","itemListElement":[{"@type":"ListItem","position":1,"name":"In\u00edcio","item":"https:\/\/www.notibras.com\/site\/"},{"@type":"ListItem","position":2,"name":"Eliminado no Rio, Fla continua vivo na Copa do Brasil"}]},{"@type":"WebSite","@id":"https:\/\/www.notibras.com\/site\/#website","url":"https:\/\/www.notibras.com\/site\/","name":"Notibras","description":"Not\u00edcias de Bras\u00edlia, do Brasil e do Mundo","publisher":{"@id":"https:\/\/www.notibras.com\/site\/#organization"},"potentialAction":[{"@type":"SearchAction","target":{"@type":"EntryPoint","urlTemplate":"https:\/\/www.notibras.com\/site\/?s={search_term_string}"},"query-input":{"@type":"PropertyValueSpecification","valueRequired":true,"valueName":"search_term_string"}}],"inLanguage":"pt-BR"},{"@type":"Organization","@id":"https:\/\/www.notibras.com\/site\/#organization","name":"Grupo Notibras de Comunica\u00e7\u00e3o","url":"https:\/\/www.notibras.com\/site\/","logo":{"@type":"ImageObject","inLanguage":"pt-BR","@id":"https:\/\/www.notibras.com\/site\/#\/schema\/logo\/image\/","url":"https:\/\/www.notibras.com\/site\/wp-content\/uploads\/2023\/01\/notibras23.png","contentUrl":"https:\/\/www.notibras.com\/site\/wp-content\/uploads\/2023\/01\/notibras23.png","width":350,"height":87,"caption":"Grupo Notibras de Comunica\u00e7\u00e3o"},"image":{"@id":"https:\/\/www.notibras.com\/site\/#\/schema\/logo\/image\/"},"sameAs":["https:\/\/www.facebook.com\/notibras\/","https:\/\/x.com\/Notibras","https:\/\/www.instagram.com\/notibras\/"]},{"@type":"Person","@id":"https:\/\/www.notibras.com\/site\/#\/schema\/person\/36ab0979449956132d3e5b517ea76ac8","name":"Reda\u00e7\u00e3o","image":{"@type":"ImageObject","inLanguage":"pt-BR","@id":"https:\/\/secure.gravatar.com\/avatar\/e0a867bdedb85fd243eadf09663511f96fc81e0720a4a42581f334ad4303aa6b?s=96&d=mm&r=g","url":"https:\/\/secure.gravatar.com\/avatar\/e0a867bdedb85fd243eadf09663511f96fc81e0720a4a42581f334ad4303aa6b?s=96&d=mm&r=g","contentUrl":"https:\/\/secure.gravatar.com\/avatar\/e0a867bdedb85fd243eadf09663511f96fc81e0720a4a42581f334ad4303aa6b?s=96&d=mm&r=g","caption":"Reda\u00e7\u00e3o"}}]}},"amp_enabled":true,"_links":{"self":[{"href":"https:\/\/www.notibras.com\/site\/wp-json\/wp\/v2\/posts\/45056","targetHints":{"allow":["GET"]}}],"collection":[{"href":"https:\/\/www.notibras.com\/site\/wp-json\/wp\/v2\/posts"}],"about":[{"href":"https:\/\/www.notibras.com\/site\/wp-json\/wp\/v2\/types\/post"}],"author":[{"embeddable":true,"href":"https:\/\/www.notibras.com\/site\/wp-json\/wp\/v2\/users\/2"}],"replies":[{"embeddable":true,"href":"https:\/\/www.notibras.com\/site\/wp-json\/wp\/v2\/comments?post=45056"}],"version-history":[{"count":0,"href":"https:\/\/www.notibras.com\/site\/wp-json\/wp\/v2\/posts\/45056\/revisions"}],"wp:featuredmedia":[{"embeddable":true,"href":"https:\/\/www.notibras.com\/site\/wp-json\/wp\/v2\/media\/45057"}],"wp:attachment":[{"href":"https:\/\/www.notibras.com\/site\/wp-json\/wp\/v2\/media?parent=45056"}],"wp:term":[{"taxonomy":"category","embeddable":true,"href":"https:\/\/www.notibras.com\/site\/wp-json\/wp\/v2\/categories?post=45056"},{"taxonomy":"post_tag","embeddable":true,"href":"https:\/\/www.notibras.com\/site\/wp-json\/wp\/v2\/tags?post=45056"}],"curies":[{"name":"wp","href":"https:\/\/api.w.org\/{rel}","templated":true}]}}