{"id":45059,"date":"2015-04-23T00:21:16","date_gmt":"2015-04-23T03:21:16","guid":{"rendered":"http:\/\/www.notibras.com\/site\/?p=45059"},"modified":"2015-04-23T01:30:09","modified_gmt":"2015-04-23T04:30:09","slug":"galo-derrota-o-colo-colo-e-garante-vaga-na-libertadores","status":"publish","type":"post","link":"https:\/\/www.notibras.com\/site\/galo-derrota-o-colo-colo-e-garante-vaga-na-libertadores\/","title":{"rendered":"Galo derrota o Colo-Colo e garante vaga na Libertadores"},"content":{"rendered":"<p>Foram 529 minutos fora da zona de classifica\u00e7\u00e3o \u00e0s oitavas de final da Copa Libertadores. O Atl\u00e9tico-MG s\u00f3 conseguiu aparecer entre os primeiros colocados do grupo 1 aos 34 minutos do segundo tempo no triunfo por 2 a 0 sobre o Colo-Colo. Foi quando o volante Rafael Carioca acertou um belo chute para fazer o gol da classifica\u00e7\u00e3o atleticana. Lucas Pratto fez o outro gol da noite.<\/p>\n<p>Como o Santa Fe venceu o Atlas por 3 a 1, o Atl\u00e9tico se classificou em segundo lugar e depende dos resultados do grupo 2 para conhecer seu advers\u00e1rio na pr\u00f3xima fase da competi\u00e7\u00e3o.<\/p>\n<p>O Atl\u00e9tico precisava vencer por dois gols para se classificar. Com uma escala\u00e7\u00e3o bastante ofensiva, o time armado por Levir Culpi entrou com apenas um volante, a equipe mineira pressionou desde os primeiros minutos. Foram algumas tentativas antes dos cinco minutos, a mais perigosa delas num chute de fora da \u00e1rea de Luan, que passou por cima do gol de Garc\u00e9s.<\/p>\n<blockquote><p>Com tr\u00eas zagueiros e preocupado em n\u00e3o tomar gol, o Colo-Colo praticamente n\u00e3o buscou o ataque. Uma tentativa de C\u00e1ceres e outra de Paredes foram as \u00fanicas vezes que o time chileno conseguiu preocupar o sistema defensivo atleticano. Mas o \u00edmpeto ofensivo e a press\u00e3o eram tamanhas que o primeiro gol da noite saiu aos 18 minutos, com Lucas Pratto, depois de passe do lateral Patric.<\/p><\/blockquote>\n<p>A forte chuva que caiu em Belo Horizonte dificultou um pouco as a\u00e7\u00f5es do Atl\u00e9tico. Apesar de trocar passes e ficar mais no campo de ataque, o time da casa n\u00e3o conseguia chegar com tanta facilidade, como aconteceu nos primeiros minutos de jogo. Tanto que foram 23 minutos de intervalo entre a boa defesa de Garc\u00e9s em chute de Douglas Santos e a cabe\u00e7a de Pratto, na \u00faltima tentativa da etapa inicial.<\/p>\n<p>Com uma mexida providencial, a sa\u00edda de Luis Paez e entrada de Felipe Flores, o t\u00e9cnico H\u00e9ctor Tapia fechou o principal caminho de ataque do Atl\u00e9tico, o lado esquerdo da defesa chilena. Sem espa\u00e7o e com dificuldade para tocar a bola, o Atl\u00e9tico n\u00e3o conseguia sair da marca\u00e7\u00e3o do Colo-Colo. S\u00f3 mesmo um lance diferente para mudar o rumo do jogo. E foi o que aconteceu. Guilherme achou Luan na \u00e1rea, que foi derrubado por Garc\u00e9s. Mas o goleiro reserva do Colo-Colo se redimiu e defendeu a cobran\u00e7a de p\u00eanalti de Guilherme.<\/p>\n<p>Ainda faltando pouco mais de dez minutos para o fim da partida, o mesmo Guilherme acharia Rafael Carioca na entrada da \u00e1rea, que soltou um foguete para explodir o Independ\u00eancia. Gola\u00e7o que valeu o triunfo por 2 a 0 diante dos chilenos e a classifica\u00e7\u00e3o para as oitavas de final da Libertadores.<\/p>\n","protected":false},"excerpt":{"rendered":"<p>Foram 529 minutos fora da zona de classifica\u00e7\u00e3o \u00e0s oitavas de final da Copa Libertadores. O Atl\u00e9tico-MG s\u00f3 conseguiu aparecer entre os primeiros colocados do grupo 1 aos 34 minutos do segundo tempo no triunfo por 2 a 0 sobre o Colo-Colo. Foi quando o volante Rafael Carioca acertou um belo chute para fazer o [&hellip;]<\/p>\n","protected":false},"author":2,"featured_media":45060,"comment_status":"open","ping_status":"closed","sticky":false,"template":"","format":"standard","meta":{"_acf_changed":false,"footnotes":""},"categories":[19,29],"tags":[],"class_list":["post-45059","post","type-post","status-publish","format-standard","has-post-thumbnail","hentry","category-esportes","category-futebol"],"acf":[],"yoast_head":"<!-- This site is optimized with the Yoast SEO plugin v27.2 - https:\/\/yoast.com\/product\/yoast-seo-wordpress\/ -->\n<title>Galo derrota o Colo-Colo e garante vaga na Libertadores - Notibras<\/title>\n<meta name=\"robots\" content=\"index, follow, max-snippet:-1, max-image-preview:large, max-video-preview:-1\" \/>\n<link rel=\"canonical\" href=\"https:\/\/www.notibras.com\/site\/galo-derrota-o-colo-colo-e-garante-vaga-na-libertadores\/\" \/>\n<meta property=\"og:locale\" content=\"pt_BR\" \/>\n<meta property=\"og:type\" content=\"article\" \/>\n<meta property=\"og:title\" content=\"Galo derrota o Colo-Colo e garante vaga na Libertadores - Notibras\" \/>\n<meta property=\"og:description\" content=\"Foram 529 minutos fora da zona de classifica\u00e7\u00e3o \u00e0s oitavas de final da Copa Libertadores. O Atl\u00e9tico-MG s\u00f3 conseguiu aparecer entre os primeiros colocados do grupo 1 aos 34 minutos do segundo tempo no triunfo por 2 a 0 sobre o Colo-Colo. Foi quando o volante Rafael Carioca acertou um belo chute para fazer o [&hellip;]\" \/>\n<meta property=\"og:url\" content=\"https:\/\/www.notibras.com\/site\/galo-derrota-o-colo-colo-e-garante-vaga-na-libertadores\/\" \/>\n<meta property=\"og:site_name\" content=\"Notibras\" \/>\n<meta property=\"article:publisher\" content=\"https:\/\/www.facebook.com\/notibras\/\" \/>\n<meta property=\"article:published_time\" content=\"2015-04-23T03:21:16+00:00\" \/>\n<meta property=\"article:modified_time\" content=\"2015-04-23T04:30:09+00:00\" \/>\n<meta property=\"og:image\" content=\"https:\/\/www.notibras.com\/site\/wp-content\/uploads\/2015\/04\/galo23.jpg\" \/>\n\t<meta property=\"og:image:width\" content=\"640\" \/>\n\t<meta property=\"og:image:height\" content=\"360\" \/>\n\t<meta property=\"og:image:type\" content=\"image\/jpeg\" \/>\n<meta name=\"author\" content=\"Reda\u00e7\u00e3o\" \/>\n<meta name=\"twitter:card\" content=\"summary_large_image\" \/>\n<meta name=\"twitter:creator\" content=\"@Notibras\" \/>\n<meta name=\"twitter:site\" content=\"@Notibras\" \/>\n<meta name=\"twitter:label1\" content=\"Escrito por\" \/>\n\t<meta name=\"twitter:data1\" content=\"Reda\u00e7\u00e3o\" \/>\n\t<meta name=\"twitter:label2\" content=\"Est. tempo de leitura\" \/>\n\t<meta name=\"twitter:data2\" content=\"2 minutos\" \/>\n<script type=\"application\/ld+json\" class=\"yoast-schema-graph\">{\"@context\":\"https:\/\/schema.org\",\"@graph\":[{\"@type\":\"Article\",\"@id\":\"https:\/\/www.notibras.com\/site\/galo-derrota-o-colo-colo-e-garante-vaga-na-libertadores\/#article\",\"isPartOf\":{\"@id\":\"https:\/\/www.notibras.com\/site\/galo-derrota-o-colo-colo-e-garante-vaga-na-libertadores\/\"},\"author\":{\"name\":\"Reda\u00e7\u00e3o\",\"@id\":\"https:\/\/www.notibras.com\/site\/#\/schema\/person\/36ab0979449956132d3e5b517ea76ac8\"},\"headline\":\"Galo derrota o Colo-Colo e garante vaga na Libertadores\",\"datePublished\":\"2015-04-23T03:21:16+00:00\",\"dateModified\":\"2015-04-23T04:30:09+00:00\",\"mainEntityOfPage\":{\"@id\":\"https:\/\/www.notibras.com\/site\/galo-derrota-o-colo-colo-e-garante-vaga-na-libertadores\/\"},\"wordCount\":475,\"commentCount\":0,\"publisher\":{\"@id\":\"https:\/\/www.notibras.com\/site\/#organization\"},\"image\":{\"@id\":\"https:\/\/www.notibras.com\/site\/galo-derrota-o-colo-colo-e-garante-vaga-na-libertadores\/#primaryimage\"},\"thumbnailUrl\":\"https:\/\/www.notibras.com\/site\/wp-content\/uploads\/2015\/04\/galo23.jpg\",\"articleSection\":[\"Esportes\",\"Futebol\"],\"inLanguage\":\"pt-BR\",\"potentialAction\":[{\"@type\":\"CommentAction\",\"name\":\"Comment\",\"target\":[\"https:\/\/www.notibras.com\/site\/galo-derrota-o-colo-colo-e-garante-vaga-na-libertadores\/#respond\"]}]},{\"@type\":\"WebPage\",\"@id\":\"https:\/\/www.notibras.com\/site\/galo-derrota-o-colo-colo-e-garante-vaga-na-libertadores\/\",\"url\":\"https:\/\/www.notibras.com\/site\/galo-derrota-o-colo-colo-e-garante-vaga-na-libertadores\/\",\"name\":\"Galo derrota o Colo-Colo e garante vaga na Libertadores - Notibras\",\"isPartOf\":{\"@id\":\"https:\/\/www.notibras.com\/site\/#website\"},\"primaryImageOfPage\":{\"@id\":\"https:\/\/www.notibras.com\/site\/galo-derrota-o-colo-colo-e-garante-vaga-na-libertadores\/#primaryimage\"},\"image\":{\"@id\":\"https:\/\/www.notibras.com\/site\/galo-derrota-o-colo-colo-e-garante-vaga-na-libertadores\/#primaryimage\"},\"thumbnailUrl\":\"https:\/\/www.notibras.com\/site\/wp-content\/uploads\/2015\/04\/galo23.jpg\",\"datePublished\":\"2015-04-23T03:21:16+00:00\",\"dateModified\":\"2015-04-23T04:30:09+00:00\",\"breadcrumb\":{\"@id\":\"https:\/\/www.notibras.com\/site\/galo-derrota-o-colo-colo-e-garante-vaga-na-libertadores\/#breadcrumb\"},\"inLanguage\":\"pt-BR\",\"potentialAction\":[{\"@type\":\"ReadAction\",\"target\":[\"https:\/\/www.notibras.com\/site\/galo-derrota-o-colo-colo-e-garante-vaga-na-libertadores\/\"]}]},{\"@type\":\"ImageObject\",\"inLanguage\":\"pt-BR\",\"@id\":\"https:\/\/www.notibras.com\/site\/galo-derrota-o-colo-colo-e-garante-vaga-na-libertadores\/#primaryimage\",\"url\":\"https:\/\/www.notibras.com\/site\/wp-content\/uploads\/2015\/04\/galo23.jpg\",\"contentUrl\":\"https:\/\/www.notibras.com\/site\/wp-content\/uploads\/2015\/04\/galo23.jpg\",\"width\":640,\"height\":360},{\"@type\":\"BreadcrumbList\",\"@id\":\"https:\/\/www.notibras.com\/site\/galo-derrota-o-colo-colo-e-garante-vaga-na-libertadores\/#breadcrumb\",\"itemListElement\":[{\"@type\":\"ListItem\",\"position\":1,\"name\":\"In\u00edcio\",\"item\":\"https:\/\/www.notibras.com\/site\/\"},{\"@type\":\"ListItem\",\"position\":2,\"name\":\"Galo derrota o Colo-Colo e garante vaga na Libertadores\"}]},{\"@type\":\"WebSite\",\"@id\":\"https:\/\/www.notibras.com\/site\/#website\",\"url\":\"https:\/\/www.notibras.com\/site\/\",\"name\":\"Notibras\",\"description\":\"Not\u00edcias de Bras\u00edlia, do Brasil e do Mundo\",\"publisher\":{\"@id\":\"https:\/\/www.notibras.com\/site\/#organization\"},\"potentialAction\":[{\"@type\":\"SearchAction\",\"target\":{\"@type\":\"EntryPoint\",\"urlTemplate\":\"https:\/\/www.notibras.com\/site\/?s={search_term_string}\"},\"query-input\":{\"@type\":\"PropertyValueSpecification\",\"valueRequired\":true,\"valueName\":\"search_term_string\"}}],\"inLanguage\":\"pt-BR\"},{\"@type\":\"Organization\",\"@id\":\"https:\/\/www.notibras.com\/site\/#organization\",\"name\":\"Grupo Notibras de Comunica\u00e7\u00e3o\",\"url\":\"https:\/\/www.notibras.com\/site\/\",\"logo\":{\"@type\":\"ImageObject\",\"inLanguage\":\"pt-BR\",\"@id\":\"https:\/\/www.notibras.com\/site\/#\/schema\/logo\/image\/\",\"url\":\"https:\/\/www.notibras.com\/site\/wp-content\/uploads\/2023\/01\/notibras23.png\",\"contentUrl\":\"https:\/\/www.notibras.com\/site\/wp-content\/uploads\/2023\/01\/notibras23.png\",\"width\":350,\"height\":87,\"caption\":\"Grupo Notibras de Comunica\u00e7\u00e3o\"},\"image\":{\"@id\":\"https:\/\/www.notibras.com\/site\/#\/schema\/logo\/image\/\"},\"sameAs\":[\"https:\/\/www.facebook.com\/notibras\/\",\"https:\/\/x.com\/Notibras\",\"https:\/\/www.instagram.com\/notibras\/\"]},{\"@type\":\"Person\",\"@id\":\"https:\/\/www.notibras.com\/site\/#\/schema\/person\/36ab0979449956132d3e5b517ea76ac8\",\"name\":\"Reda\u00e7\u00e3o\",\"image\":{\"@type\":\"ImageObject\",\"inLanguage\":\"pt-BR\",\"@id\":\"https:\/\/secure.gravatar.com\/avatar\/e0a867bdedb85fd243eadf09663511f96fc81e0720a4a42581f334ad4303aa6b?s=96&d=mm&r=g\",\"url\":\"https:\/\/secure.gravatar.com\/avatar\/e0a867bdedb85fd243eadf09663511f96fc81e0720a4a42581f334ad4303aa6b?s=96&d=mm&r=g\",\"contentUrl\":\"https:\/\/secure.gravatar.com\/avatar\/e0a867bdedb85fd243eadf09663511f96fc81e0720a4a42581f334ad4303aa6b?s=96&d=mm&r=g\",\"caption\":\"Reda\u00e7\u00e3o\"}}]}<\/script>\n<!-- \/ Yoast SEO plugin. -->","yoast_head_json":{"title":"Galo derrota o Colo-Colo e garante vaga na Libertadores - Notibras","robots":{"index":"index","follow":"follow","max-snippet":"max-snippet:-1","max-image-preview":"max-image-preview:large","max-video-preview":"max-video-preview:-1"},"canonical":"https:\/\/www.notibras.com\/site\/galo-derrota-o-colo-colo-e-garante-vaga-na-libertadores\/","og_locale":"pt_BR","og_type":"article","og_title":"Galo derrota o Colo-Colo e garante vaga na Libertadores - Notibras","og_description":"Foram 529 minutos fora da zona de classifica\u00e7\u00e3o \u00e0s oitavas de final da Copa Libertadores. O Atl\u00e9tico-MG s\u00f3 conseguiu aparecer entre os primeiros colocados do grupo 1 aos 34 minutos do segundo tempo no triunfo por 2 a 0 sobre o Colo-Colo. Foi quando o volante Rafael Carioca acertou um belo chute para fazer o [&hellip;]","og_url":"https:\/\/www.notibras.com\/site\/galo-derrota-o-colo-colo-e-garante-vaga-na-libertadores\/","og_site_name":"Notibras","article_publisher":"https:\/\/www.facebook.com\/notibras\/","article_published_time":"2015-04-23T03:21:16+00:00","article_modified_time":"2015-04-23T04:30:09+00:00","og_image":[{"width":640,"height":360,"url":"https:\/\/www.notibras.com\/site\/wp-content\/uploads\/2015\/04\/galo23.jpg","type":"image\/jpeg"}],"author":"Reda\u00e7\u00e3o","twitter_card":"summary_large_image","twitter_creator":"@Notibras","twitter_site":"@Notibras","twitter_misc":{"Escrito por":"Reda\u00e7\u00e3o","Est. tempo de leitura":"2 minutos"},"schema":{"@context":"https:\/\/schema.org","@graph":[{"@type":"Article","@id":"https:\/\/www.notibras.com\/site\/galo-derrota-o-colo-colo-e-garante-vaga-na-libertadores\/#article","isPartOf":{"@id":"https:\/\/www.notibras.com\/site\/galo-derrota-o-colo-colo-e-garante-vaga-na-libertadores\/"},"author":{"name":"Reda\u00e7\u00e3o","@id":"https:\/\/www.notibras.com\/site\/#\/schema\/person\/36ab0979449956132d3e5b517ea76ac8"},"headline":"Galo derrota o Colo-Colo e garante vaga na Libertadores","datePublished":"2015-04-23T03:21:16+00:00","dateModified":"2015-04-23T04:30:09+00:00","mainEntityOfPage":{"@id":"https:\/\/www.notibras.com\/site\/galo-derrota-o-colo-colo-e-garante-vaga-na-libertadores\/"},"wordCount":475,"commentCount":0,"publisher":{"@id":"https:\/\/www.notibras.com\/site\/#organization"},"image":{"@id":"https:\/\/www.notibras.com\/site\/galo-derrota-o-colo-colo-e-garante-vaga-na-libertadores\/#primaryimage"},"thumbnailUrl":"https:\/\/www.notibras.com\/site\/wp-content\/uploads\/2015\/04\/galo23.jpg","articleSection":["Esportes","Futebol"],"inLanguage":"pt-BR","potentialAction":[{"@type":"CommentAction","name":"Comment","target":["https:\/\/www.notibras.com\/site\/galo-derrota-o-colo-colo-e-garante-vaga-na-libertadores\/#respond"]}]},{"@type":"WebPage","@id":"https:\/\/www.notibras.com\/site\/galo-derrota-o-colo-colo-e-garante-vaga-na-libertadores\/","url":"https:\/\/www.notibras.com\/site\/galo-derrota-o-colo-colo-e-garante-vaga-na-libertadores\/","name":"Galo derrota o Colo-Colo e garante vaga na Libertadores - Notibras","isPartOf":{"@id":"https:\/\/www.notibras.com\/site\/#website"},"primaryImageOfPage":{"@id":"https:\/\/www.notibras.com\/site\/galo-derrota-o-colo-colo-e-garante-vaga-na-libertadores\/#primaryimage"},"image":{"@id":"https:\/\/www.notibras.com\/site\/galo-derrota-o-colo-colo-e-garante-vaga-na-libertadores\/#primaryimage"},"thumbnailUrl":"https:\/\/www.notibras.com\/site\/wp-content\/uploads\/2015\/04\/galo23.jpg","datePublished":"2015-04-23T03:21:16+00:00","dateModified":"2015-04-23T04:30:09+00:00","breadcrumb":{"@id":"https:\/\/www.notibras.com\/site\/galo-derrota-o-colo-colo-e-garante-vaga-na-libertadores\/#breadcrumb"},"inLanguage":"pt-BR","potentialAction":[{"@type":"ReadAction","target":["https:\/\/www.notibras.com\/site\/galo-derrota-o-colo-colo-e-garante-vaga-na-libertadores\/"]}]},{"@type":"ImageObject","inLanguage":"pt-BR","@id":"https:\/\/www.notibras.com\/site\/galo-derrota-o-colo-colo-e-garante-vaga-na-libertadores\/#primaryimage","url":"https:\/\/www.notibras.com\/site\/wp-content\/uploads\/2015\/04\/galo23.jpg","contentUrl":"https:\/\/www.notibras.com\/site\/wp-content\/uploads\/2015\/04\/galo23.jpg","width":640,"height":360},{"@type":"BreadcrumbList","@id":"https:\/\/www.notibras.com\/site\/galo-derrota-o-colo-colo-e-garante-vaga-na-libertadores\/#breadcrumb","itemListElement":[{"@type":"ListItem","position":1,"name":"In\u00edcio","item":"https:\/\/www.notibras.com\/site\/"},{"@type":"ListItem","position":2,"name":"Galo derrota o Colo-Colo e garante vaga na Libertadores"}]},{"@type":"WebSite","@id":"https:\/\/www.notibras.com\/site\/#website","url":"https:\/\/www.notibras.com\/site\/","name":"Notibras","description":"Not\u00edcias de Bras\u00edlia, do Brasil e do Mundo","publisher":{"@id":"https:\/\/www.notibras.com\/site\/#organization"},"potentialAction":[{"@type":"SearchAction","target":{"@type":"EntryPoint","urlTemplate":"https:\/\/www.notibras.com\/site\/?s={search_term_string}"},"query-input":{"@type":"PropertyValueSpecification","valueRequired":true,"valueName":"search_term_string"}}],"inLanguage":"pt-BR"},{"@type":"Organization","@id":"https:\/\/www.notibras.com\/site\/#organization","name":"Grupo Notibras de Comunica\u00e7\u00e3o","url":"https:\/\/www.notibras.com\/site\/","logo":{"@type":"ImageObject","inLanguage":"pt-BR","@id":"https:\/\/www.notibras.com\/site\/#\/schema\/logo\/image\/","url":"https:\/\/www.notibras.com\/site\/wp-content\/uploads\/2023\/01\/notibras23.png","contentUrl":"https:\/\/www.notibras.com\/site\/wp-content\/uploads\/2023\/01\/notibras23.png","width":350,"height":87,"caption":"Grupo Notibras de Comunica\u00e7\u00e3o"},"image":{"@id":"https:\/\/www.notibras.com\/site\/#\/schema\/logo\/image\/"},"sameAs":["https:\/\/www.facebook.com\/notibras\/","https:\/\/x.com\/Notibras","https:\/\/www.instagram.com\/notibras\/"]},{"@type":"Person","@id":"https:\/\/www.notibras.com\/site\/#\/schema\/person\/36ab0979449956132d3e5b517ea76ac8","name":"Reda\u00e7\u00e3o","image":{"@type":"ImageObject","inLanguage":"pt-BR","@id":"https:\/\/secure.gravatar.com\/avatar\/e0a867bdedb85fd243eadf09663511f96fc81e0720a4a42581f334ad4303aa6b?s=96&d=mm&r=g","url":"https:\/\/secure.gravatar.com\/avatar\/e0a867bdedb85fd243eadf09663511f96fc81e0720a4a42581f334ad4303aa6b?s=96&d=mm&r=g","contentUrl":"https:\/\/secure.gravatar.com\/avatar\/e0a867bdedb85fd243eadf09663511f96fc81e0720a4a42581f334ad4303aa6b?s=96&d=mm&r=g","caption":"Reda\u00e7\u00e3o"}}]}},"amp_enabled":true,"_links":{"self":[{"href":"https:\/\/www.notibras.com\/site\/wp-json\/wp\/v2\/posts\/45059","targetHints":{"allow":["GET"]}}],"collection":[{"href":"https:\/\/www.notibras.com\/site\/wp-json\/wp\/v2\/posts"}],"about":[{"href":"https:\/\/www.notibras.com\/site\/wp-json\/wp\/v2\/types\/post"}],"author":[{"embeddable":true,"href":"https:\/\/www.notibras.com\/site\/wp-json\/wp\/v2\/users\/2"}],"replies":[{"embeddable":true,"href":"https:\/\/www.notibras.com\/site\/wp-json\/wp\/v2\/comments?post=45059"}],"version-history":[{"count":0,"href":"https:\/\/www.notibras.com\/site\/wp-json\/wp\/v2\/posts\/45059\/revisions"}],"wp:featuredmedia":[{"embeddable":true,"href":"https:\/\/www.notibras.com\/site\/wp-json\/wp\/v2\/media\/45060"}],"wp:attachment":[{"href":"https:\/\/www.notibras.com\/site\/wp-json\/wp\/v2\/media?parent=45059"}],"wp:term":[{"taxonomy":"category","embeddable":true,"href":"https:\/\/www.notibras.com\/site\/wp-json\/wp\/v2\/categories?post=45059"},{"taxonomy":"post_tag","embeddable":true,"href":"https:\/\/www.notibras.com\/site\/wp-json\/wp\/v2\/tags?post=45059"}],"curies":[{"name":"wp","href":"https:\/\/api.w.org\/{rel}","templated":true}]}}