{"id":4528,"date":"2014-03-15T23:09:23","date_gmt":"2014-03-16T02:09:23","guid":{"rendered":"http:\/\/www.notibras.com\/site\/?p=4528"},"modified":"2014-03-15T23:09:23","modified_gmt":"2014-03-16T02:09:23","slug":"ao-sabor-do-vento-e-enquanto-sonho-vou-voo","status":"publish","type":"post","link":"https:\/\/www.notibras.com\/site\/ao-sabor-do-vento-e-enquanto-sonho-vou-voo\/","title":{"rendered":"Ao sabor do vento. E enquanto sonho, vou. Voo&#8230;"},"content":{"rendered":"<p>Queria aquela lua tatuada em minha vida inteira. Como se dela irradiasse luz para os meus dias, sabendo que nossa exist\u00eancia \u00e9 apenas o reflexo do improv\u00e1vel, do imponder\u00e1vel, do indecifr\u00e1vel, daquilo que n\u00e3o podemos compreender e, por isso, damos muitos nomes. Somos \u00f3rf\u00e3os perdidos no tempo, esquecidos na eternidade&#8230; Assim, amamos tantos deuses sem milagres, e fazemos do que n\u00e3o vivemos a grande raz\u00e3o para seguir.<\/p>\n<p>Quem dera saber quem pintou a aurora e deu cor aos bem-te-vis. Quem dera pedir a ele para vir pintar essa vida aqui, t\u00e3o distante do ponto origin\u00e1rio que era luz e se fez sombra da explos\u00e3o primeira. Na busca incessante pela luz, pedimos, silenciosamente, diariamente, por um sinal, para orientar o caminho. Assim vamos n\u00f3s, motivados pelos desejos v\u00e3os, pelas coisas que n\u00e3o temos, buscando a vida que nunca conquistaremos. N\u00e3o somos povoados de infinito e nossa finitude \u00e9 t\u00e3o confort\u00e1vel que estenderemos no sof\u00e1 da sala toda nossa verdade. Basta? Talvez. Apenas sinto que faltam muitas respostas para estarmos aqui, por isso vagamos, andamos para l\u00e1 e para c\u00e1, na insana busca surda de conquistar e amealhar tudo que n\u00e3o temos.<\/p>\n<p>Viver \u00e9 mesmo um entardecer danado. Por isso cantamos, acreditando que nossa lamento, como unguento, encontre um cantinho para ficar, para adormecer, como se vivesse uma renovada primavera. Quimera. Quem nos dera&#8230; Precisamos seguir, porque o tempo quer o agora, que para ele \u00e9 apenas um instante que demora, e por isso implora pela festa do viver. Ele s\u00f3 existe no que est\u00e1 para acontecer, pois \u00e9 ali que ele pode se esconder.<\/p>\n<p>T\u00e3o pobre de eternidade segue o tempo nos roubando tudo que ele n\u00e3o pode nos conceder, pois a felicidade demora e ele tem que ir-se embora. Precisa de esmolas, fragmentar as horas, dar-nos o peda\u00e7o menor, que, \u00e0s vezes, nos \u00e9 tudo. Vou fundo no minuto que n\u00e3o pode retroceder, na entrega di\u00e1ria ao que n\u00e3o posso esquecer. Al\u00e9m disso, ergue-se o verbo padecer, esse que fica p\u00e1lido de tanto n\u00e3o ser.<\/p>\n<p>Busco o cheiro escondido na aurora, seu estranho gosto madurado pelas horas, essas que a gente guarda na vida inteira e \u00e9 parte de tudo que n\u00e3o podemos compreender. E preciso seguir. E preciso desvendar os desejos de nossa vida sem eira nem beira.<\/p>\n<p>Queria apenas sorver do tempo que cai no vento o eterno sabor dos momentos que n\u00e3o podem mais se perder. Est\u00e3o guardados aqui, neste cora\u00e7\u00e3o de infinitas moradas em que cabe todos que as curvas dos caminhos, as esquinas do destino, fizeram em mim morar.<\/p>\n<p>Casei com a esperan\u00e7a de tudo se renovar. Envelhe\u00e7o nunca, porque al\u00e9m de n\u00f3s brilha a centelha que nunca vai se apagar. Ela tem o sentimento do mundo e pulsa fundo seu vaga-lume encantado. Ele segue o compasso do cora\u00e7\u00e3o e faz da noite do pensamento um s\u00f3 momento da mais pura e renovada paz, quando, no sil\u00eancio sagrado da noite, tudo se refaz. Melhor seguir a vida pela cal\u00e7ada, pois elas t\u00eam flores e sabores das casas, t\u00eam nomes e pegadas, que v\u00e3o al\u00e9m de nossa passada.<\/p>\n<p>Enquanto sonho, vou. Voo sem saber onde pousar, porque pouco importa onde posso ficar. A vida \u00e9 do que n\u00e3o tem lugar e as ondas levam o fr\u00e1gil e desamparado barco de nossa exist\u00eancia para l\u00e1 e para c\u00e1. E assim ele, o pequeno barquinho das grandes frustra\u00e7\u00f5es humanas, levado pelo imenso mar dos ideias, vem pousar na praia nossa de todos os dias, quando as ondas v\u00e3o e vem, e seguimos, boiando, sem ningu\u00e9m, ao eterno sabor dos ventos.<\/p>\n<p><strong>Petr\u00f4nio Souza Gon\u00e7alves<\/strong><\/p>\n","protected":false},"excerpt":{"rendered":"<p>Queria aquela lua tatuada em minha vida inteira. Como se dela irradiasse luz para os meus dias, sabendo que nossa exist\u00eancia \u00e9 apenas o reflexo do improv\u00e1vel, do imponder\u00e1vel, do indecifr\u00e1vel, daquilo que n\u00e3o podemos compreender e, por isso, damos muitos nomes. Somos \u00f3rf\u00e3os perdidos no tempo, esquecidos na eternidade&#8230; Assim, amamos tantos deuses sem [&hellip;]<\/p>\n","protected":false},"author":2,"featured_media":4529,"comment_status":"open","ping_status":"closed","sticky":false,"template":"","format":"standard","meta":{"_acf_changed":false,"footnotes":""},"categories":[25],"tags":[],"class_list":["post-4528","post","type-post","status-publish","format-standard","has-post-thumbnail","hentry","category-opina-ai"],"acf":[],"yoast_head":"<!-- This site is optimized with the Yoast SEO plugin v27.5 - https:\/\/yoast.com\/product\/yoast-seo-wordpress\/ -->\n<title>Ao sabor do vento. E enquanto sonho, vou. Voo... - Notibras<\/title>\n<meta name=\"robots\" content=\"index, follow, max-snippet:-1, max-image-preview:large, max-video-preview:-1\" \/>\n<link rel=\"canonical\" href=\"https:\/\/www.notibras.com\/site\/ao-sabor-do-vento-e-enquanto-sonho-vou-voo\/\" \/>\n<meta property=\"og:locale\" content=\"pt_BR\" \/>\n<meta property=\"og:type\" content=\"article\" \/>\n<meta property=\"og:title\" content=\"Ao sabor do vento. E enquanto sonho, vou. Voo... - Notibras\" \/>\n<meta property=\"og:description\" content=\"Queria aquela lua tatuada em minha vida inteira. Como se dela irradiasse luz para os meus dias, sabendo que nossa exist\u00eancia \u00e9 apenas o reflexo do improv\u00e1vel, do imponder\u00e1vel, do indecifr\u00e1vel, daquilo que n\u00e3o podemos compreender e, por isso, damos muitos nomes. Somos \u00f3rf\u00e3os perdidos no tempo, esquecidos na eternidade&#8230; Assim, amamos tantos deuses sem [&hellip;]\" \/>\n<meta property=\"og:url\" content=\"https:\/\/www.notibras.com\/site\/ao-sabor-do-vento-e-enquanto-sonho-vou-voo\/\" \/>\n<meta property=\"og:site_name\" content=\"Notibras\" \/>\n<meta property=\"article:publisher\" content=\"https:\/\/www.facebook.com\/notibras\/\" \/>\n<meta property=\"article:published_time\" content=\"2014-03-16T02:09:23+00:00\" \/>\n<meta property=\"og:image\" content=\"https:\/\/www.notibras.com\/site\/wp-content\/uploads\/2014\/03\/Devaneios.jpg\" \/>\n\t<meta property=\"og:image:width\" content=\"400\" \/>\n\t<meta property=\"og:image:height\" content=\"281\" \/>\n\t<meta property=\"og:image:type\" content=\"image\/jpeg\" \/>\n<meta name=\"author\" content=\"Reda\u00e7\u00e3o\" \/>\n<meta name=\"twitter:card\" content=\"summary_large_image\" \/>\n<meta name=\"twitter:creator\" content=\"@Notibras\" \/>\n<meta name=\"twitter:site\" content=\"@Notibras\" \/>\n<meta name=\"twitter:label1\" content=\"Escrito por\" \/>\n\t<meta name=\"twitter:data1\" content=\"Reda\u00e7\u00e3o\" \/>\n\t<meta name=\"twitter:label2\" content=\"Est. tempo de leitura\" \/>\n\t<meta name=\"twitter:data2\" content=\"3 minutos\" \/>\n<script type=\"application\/ld+json\" class=\"yoast-schema-graph\">{\"@context\":\"https:\\\/\\\/schema.org\",\"@graph\":[{\"@type\":\"Article\",\"@id\":\"https:\\\/\\\/www.notibras.com\\\/site\\\/ao-sabor-do-vento-e-enquanto-sonho-vou-voo\\\/#article\",\"isPartOf\":{\"@id\":\"https:\\\/\\\/www.notibras.com\\\/site\\\/ao-sabor-do-vento-e-enquanto-sonho-vou-voo\\\/\"},\"author\":{\"name\":\"Reda\u00e7\u00e3o\",\"@id\":\"https:\\\/\\\/www.notibras.com\\\/site\\\/#\\\/schema\\\/person\\\/36ab0979449956132d3e5b517ea76ac8\"},\"headline\":\"Ao sabor do vento. E enquanto sonho, vou. Voo&#8230;\",\"datePublished\":\"2014-03-16T02:09:23+00:00\",\"mainEntityOfPage\":{\"@id\":\"https:\\\/\\\/www.notibras.com\\\/site\\\/ao-sabor-do-vento-e-enquanto-sonho-vou-voo\\\/\"},\"wordCount\":646,\"commentCount\":0,\"publisher\":{\"@id\":\"https:\\\/\\\/www.notibras.com\\\/site\\\/#organization\"},\"image\":{\"@id\":\"https:\\\/\\\/www.notibras.com\\\/site\\\/ao-sabor-do-vento-e-enquanto-sonho-vou-voo\\\/#primaryimage\"},\"thumbnailUrl\":\"https:\\\/\\\/www.notibras.com\\\/site\\\/wp-content\\\/uploads\\\/2014\\\/03\\\/Devaneios.jpg\",\"articleSection\":[\"Opina a\u00ed\"],\"inLanguage\":\"pt-BR\",\"potentialAction\":[{\"@type\":\"CommentAction\",\"name\":\"Comment\",\"target\":[\"https:\\\/\\\/www.notibras.com\\\/site\\\/ao-sabor-do-vento-e-enquanto-sonho-vou-voo\\\/#respond\"]}]},{\"@type\":\"WebPage\",\"@id\":\"https:\\\/\\\/www.notibras.com\\\/site\\\/ao-sabor-do-vento-e-enquanto-sonho-vou-voo\\\/\",\"url\":\"https:\\\/\\\/www.notibras.com\\\/site\\\/ao-sabor-do-vento-e-enquanto-sonho-vou-voo\\\/\",\"name\":\"Ao sabor do vento. E enquanto sonho, vou. Voo... - Notibras\",\"isPartOf\":{\"@id\":\"https:\\\/\\\/www.notibras.com\\\/site\\\/#website\"},\"primaryImageOfPage\":{\"@id\":\"https:\\\/\\\/www.notibras.com\\\/site\\\/ao-sabor-do-vento-e-enquanto-sonho-vou-voo\\\/#primaryimage\"},\"image\":{\"@id\":\"https:\\\/\\\/www.notibras.com\\\/site\\\/ao-sabor-do-vento-e-enquanto-sonho-vou-voo\\\/#primaryimage\"},\"thumbnailUrl\":\"https:\\\/\\\/www.notibras.com\\\/site\\\/wp-content\\\/uploads\\\/2014\\\/03\\\/Devaneios.jpg\",\"datePublished\":\"2014-03-16T02:09:23+00:00\",\"breadcrumb\":{\"@id\":\"https:\\\/\\\/www.notibras.com\\\/site\\\/ao-sabor-do-vento-e-enquanto-sonho-vou-voo\\\/#breadcrumb\"},\"inLanguage\":\"pt-BR\",\"potentialAction\":[{\"@type\":\"ReadAction\",\"target\":[\"https:\\\/\\\/www.notibras.com\\\/site\\\/ao-sabor-do-vento-e-enquanto-sonho-vou-voo\\\/\"]}]},{\"@type\":\"ImageObject\",\"inLanguage\":\"pt-BR\",\"@id\":\"https:\\\/\\\/www.notibras.com\\\/site\\\/ao-sabor-do-vento-e-enquanto-sonho-vou-voo\\\/#primaryimage\",\"url\":\"https:\\\/\\\/www.notibras.com\\\/site\\\/wp-content\\\/uploads\\\/2014\\\/03\\\/Devaneios.jpg\",\"contentUrl\":\"https:\\\/\\\/www.notibras.com\\\/site\\\/wp-content\\\/uploads\\\/2014\\\/03\\\/Devaneios.jpg\",\"width\":400,\"height\":281},{\"@type\":\"BreadcrumbList\",\"@id\":\"https:\\\/\\\/www.notibras.com\\\/site\\\/ao-sabor-do-vento-e-enquanto-sonho-vou-voo\\\/#breadcrumb\",\"itemListElement\":[{\"@type\":\"ListItem\",\"position\":1,\"name\":\"In\u00edcio\",\"item\":\"https:\\\/\\\/www.notibras.com\\\/site\\\/\"},{\"@type\":\"ListItem\",\"position\":2,\"name\":\"Ao sabor do vento. E enquanto sonho, vou. Voo&#8230;\"}]},{\"@type\":\"WebSite\",\"@id\":\"https:\\\/\\\/www.notibras.com\\\/site\\\/#website\",\"url\":\"https:\\\/\\\/www.notibras.com\\\/site\\\/\",\"name\":\"Notibras\",\"description\":\"Not\u00edcias de Bras\u00edlia, do Brasil e do Mundo\",\"publisher\":{\"@id\":\"https:\\\/\\\/www.notibras.com\\\/site\\\/#organization\"},\"potentialAction\":[{\"@type\":\"SearchAction\",\"target\":{\"@type\":\"EntryPoint\",\"urlTemplate\":\"https:\\\/\\\/www.notibras.com\\\/site\\\/?s={search_term_string}\"},\"query-input\":{\"@type\":\"PropertyValueSpecification\",\"valueRequired\":true,\"valueName\":\"search_term_string\"}}],\"inLanguage\":\"pt-BR\"},{\"@type\":\"Organization\",\"@id\":\"https:\\\/\\\/www.notibras.com\\\/site\\\/#organization\",\"name\":\"Grupo Notibras de Comunica\u00e7\u00e3o\",\"url\":\"https:\\\/\\\/www.notibras.com\\\/site\\\/\",\"logo\":{\"@type\":\"ImageObject\",\"inLanguage\":\"pt-BR\",\"@id\":\"https:\\\/\\\/www.notibras.com\\\/site\\\/#\\\/schema\\\/logo\\\/image\\\/\",\"url\":\"https:\\\/\\\/www.notibras.com\\\/site\\\/wp-content\\\/uploads\\\/2023\\\/01\\\/notibras23.png\",\"contentUrl\":\"https:\\\/\\\/www.notibras.com\\\/site\\\/wp-content\\\/uploads\\\/2023\\\/01\\\/notibras23.png\",\"width\":350,\"height\":87,\"caption\":\"Grupo Notibras de Comunica\u00e7\u00e3o\"},\"image\":{\"@id\":\"https:\\\/\\\/www.notibras.com\\\/site\\\/#\\\/schema\\\/logo\\\/image\\\/\"},\"sameAs\":[\"https:\\\/\\\/www.facebook.com\\\/notibras\\\/\",\"https:\\\/\\\/x.com\\\/Notibras\",\"https:\\\/\\\/www.instagram.com\\\/notibras\\\/\"]},{\"@type\":\"Person\",\"@id\":\"https:\\\/\\\/www.notibras.com\\\/site\\\/#\\\/schema\\\/person\\\/36ab0979449956132d3e5b517ea76ac8\",\"name\":\"Reda\u00e7\u00e3o\",\"image\":{\"@type\":\"ImageObject\",\"inLanguage\":\"pt-BR\",\"@id\":\"https:\\\/\\\/secure.gravatar.com\\\/avatar\\\/e0a867bdedb85fd243eadf09663511f96fc81e0720a4a42581f334ad4303aa6b?s=96&d=mm&r=g\",\"url\":\"https:\\\/\\\/secure.gravatar.com\\\/avatar\\\/e0a867bdedb85fd243eadf09663511f96fc81e0720a4a42581f334ad4303aa6b?s=96&d=mm&r=g\",\"contentUrl\":\"https:\\\/\\\/secure.gravatar.com\\\/avatar\\\/e0a867bdedb85fd243eadf09663511f96fc81e0720a4a42581f334ad4303aa6b?s=96&d=mm&r=g\",\"caption\":\"Reda\u00e7\u00e3o\"}}]}<\/script>\n<!-- \/ Yoast SEO plugin. -->","yoast_head_json":{"title":"Ao sabor do vento. E enquanto sonho, vou. Voo... - Notibras","robots":{"index":"index","follow":"follow","max-snippet":"max-snippet:-1","max-image-preview":"max-image-preview:large","max-video-preview":"max-video-preview:-1"},"canonical":"https:\/\/www.notibras.com\/site\/ao-sabor-do-vento-e-enquanto-sonho-vou-voo\/","og_locale":"pt_BR","og_type":"article","og_title":"Ao sabor do vento. E enquanto sonho, vou. Voo... - Notibras","og_description":"Queria aquela lua tatuada em minha vida inteira. Como se dela irradiasse luz para os meus dias, sabendo que nossa exist\u00eancia \u00e9 apenas o reflexo do improv\u00e1vel, do imponder\u00e1vel, do indecifr\u00e1vel, daquilo que n\u00e3o podemos compreender e, por isso, damos muitos nomes. Somos \u00f3rf\u00e3os perdidos no tempo, esquecidos na eternidade&#8230; Assim, amamos tantos deuses sem [&hellip;]","og_url":"https:\/\/www.notibras.com\/site\/ao-sabor-do-vento-e-enquanto-sonho-vou-voo\/","og_site_name":"Notibras","article_publisher":"https:\/\/www.facebook.com\/notibras\/","article_published_time":"2014-03-16T02:09:23+00:00","og_image":[{"width":400,"height":281,"url":"https:\/\/www.notibras.com\/site\/wp-content\/uploads\/2014\/03\/Devaneios.jpg","type":"image\/jpeg"}],"author":"Reda\u00e7\u00e3o","twitter_card":"summary_large_image","twitter_creator":"@Notibras","twitter_site":"@Notibras","twitter_misc":{"Escrito por":"Reda\u00e7\u00e3o","Est. tempo de leitura":"3 minutos"},"schema":{"@context":"https:\/\/schema.org","@graph":[{"@type":"Article","@id":"https:\/\/www.notibras.com\/site\/ao-sabor-do-vento-e-enquanto-sonho-vou-voo\/#article","isPartOf":{"@id":"https:\/\/www.notibras.com\/site\/ao-sabor-do-vento-e-enquanto-sonho-vou-voo\/"},"author":{"name":"Reda\u00e7\u00e3o","@id":"https:\/\/www.notibras.com\/site\/#\/schema\/person\/36ab0979449956132d3e5b517ea76ac8"},"headline":"Ao sabor do vento. E enquanto sonho, vou. Voo&#8230;","datePublished":"2014-03-16T02:09:23+00:00","mainEntityOfPage":{"@id":"https:\/\/www.notibras.com\/site\/ao-sabor-do-vento-e-enquanto-sonho-vou-voo\/"},"wordCount":646,"commentCount":0,"publisher":{"@id":"https:\/\/www.notibras.com\/site\/#organization"},"image":{"@id":"https:\/\/www.notibras.com\/site\/ao-sabor-do-vento-e-enquanto-sonho-vou-voo\/#primaryimage"},"thumbnailUrl":"https:\/\/www.notibras.com\/site\/wp-content\/uploads\/2014\/03\/Devaneios.jpg","articleSection":["Opina a\u00ed"],"inLanguage":"pt-BR","potentialAction":[{"@type":"CommentAction","name":"Comment","target":["https:\/\/www.notibras.com\/site\/ao-sabor-do-vento-e-enquanto-sonho-vou-voo\/#respond"]}]},{"@type":"WebPage","@id":"https:\/\/www.notibras.com\/site\/ao-sabor-do-vento-e-enquanto-sonho-vou-voo\/","url":"https:\/\/www.notibras.com\/site\/ao-sabor-do-vento-e-enquanto-sonho-vou-voo\/","name":"Ao sabor do vento. E enquanto sonho, vou. Voo... - Notibras","isPartOf":{"@id":"https:\/\/www.notibras.com\/site\/#website"},"primaryImageOfPage":{"@id":"https:\/\/www.notibras.com\/site\/ao-sabor-do-vento-e-enquanto-sonho-vou-voo\/#primaryimage"},"image":{"@id":"https:\/\/www.notibras.com\/site\/ao-sabor-do-vento-e-enquanto-sonho-vou-voo\/#primaryimage"},"thumbnailUrl":"https:\/\/www.notibras.com\/site\/wp-content\/uploads\/2014\/03\/Devaneios.jpg","datePublished":"2014-03-16T02:09:23+00:00","breadcrumb":{"@id":"https:\/\/www.notibras.com\/site\/ao-sabor-do-vento-e-enquanto-sonho-vou-voo\/#breadcrumb"},"inLanguage":"pt-BR","potentialAction":[{"@type":"ReadAction","target":["https:\/\/www.notibras.com\/site\/ao-sabor-do-vento-e-enquanto-sonho-vou-voo\/"]}]},{"@type":"ImageObject","inLanguage":"pt-BR","@id":"https:\/\/www.notibras.com\/site\/ao-sabor-do-vento-e-enquanto-sonho-vou-voo\/#primaryimage","url":"https:\/\/www.notibras.com\/site\/wp-content\/uploads\/2014\/03\/Devaneios.jpg","contentUrl":"https:\/\/www.notibras.com\/site\/wp-content\/uploads\/2014\/03\/Devaneios.jpg","width":400,"height":281},{"@type":"BreadcrumbList","@id":"https:\/\/www.notibras.com\/site\/ao-sabor-do-vento-e-enquanto-sonho-vou-voo\/#breadcrumb","itemListElement":[{"@type":"ListItem","position":1,"name":"In\u00edcio","item":"https:\/\/www.notibras.com\/site\/"},{"@type":"ListItem","position":2,"name":"Ao sabor do vento. E enquanto sonho, vou. Voo&#8230;"}]},{"@type":"WebSite","@id":"https:\/\/www.notibras.com\/site\/#website","url":"https:\/\/www.notibras.com\/site\/","name":"Notibras","description":"Not\u00edcias de Bras\u00edlia, do Brasil e do Mundo","publisher":{"@id":"https:\/\/www.notibras.com\/site\/#organization"},"potentialAction":[{"@type":"SearchAction","target":{"@type":"EntryPoint","urlTemplate":"https:\/\/www.notibras.com\/site\/?s={search_term_string}"},"query-input":{"@type":"PropertyValueSpecification","valueRequired":true,"valueName":"search_term_string"}}],"inLanguage":"pt-BR"},{"@type":"Organization","@id":"https:\/\/www.notibras.com\/site\/#organization","name":"Grupo Notibras de Comunica\u00e7\u00e3o","url":"https:\/\/www.notibras.com\/site\/","logo":{"@type":"ImageObject","inLanguage":"pt-BR","@id":"https:\/\/www.notibras.com\/site\/#\/schema\/logo\/image\/","url":"https:\/\/www.notibras.com\/site\/wp-content\/uploads\/2023\/01\/notibras23.png","contentUrl":"https:\/\/www.notibras.com\/site\/wp-content\/uploads\/2023\/01\/notibras23.png","width":350,"height":87,"caption":"Grupo Notibras de Comunica\u00e7\u00e3o"},"image":{"@id":"https:\/\/www.notibras.com\/site\/#\/schema\/logo\/image\/"},"sameAs":["https:\/\/www.facebook.com\/notibras\/","https:\/\/x.com\/Notibras","https:\/\/www.instagram.com\/notibras\/"]},{"@type":"Person","@id":"https:\/\/www.notibras.com\/site\/#\/schema\/person\/36ab0979449956132d3e5b517ea76ac8","name":"Reda\u00e7\u00e3o","image":{"@type":"ImageObject","inLanguage":"pt-BR","@id":"https:\/\/secure.gravatar.com\/avatar\/e0a867bdedb85fd243eadf09663511f96fc81e0720a4a42581f334ad4303aa6b?s=96&d=mm&r=g","url":"https:\/\/secure.gravatar.com\/avatar\/e0a867bdedb85fd243eadf09663511f96fc81e0720a4a42581f334ad4303aa6b?s=96&d=mm&r=g","contentUrl":"https:\/\/secure.gravatar.com\/avatar\/e0a867bdedb85fd243eadf09663511f96fc81e0720a4a42581f334ad4303aa6b?s=96&d=mm&r=g","caption":"Reda\u00e7\u00e3o"}}]}},"amp_enabled":true,"_links":{"self":[{"href":"https:\/\/www.notibras.com\/site\/wp-json\/wp\/v2\/posts\/4528","targetHints":{"allow":["GET"]}}],"collection":[{"href":"https:\/\/www.notibras.com\/site\/wp-json\/wp\/v2\/posts"}],"about":[{"href":"https:\/\/www.notibras.com\/site\/wp-json\/wp\/v2\/types\/post"}],"author":[{"embeddable":true,"href":"https:\/\/www.notibras.com\/site\/wp-json\/wp\/v2\/users\/2"}],"replies":[{"embeddable":true,"href":"https:\/\/www.notibras.com\/site\/wp-json\/wp\/v2\/comments?post=4528"}],"version-history":[{"count":0,"href":"https:\/\/www.notibras.com\/site\/wp-json\/wp\/v2\/posts\/4528\/revisions"}],"wp:featuredmedia":[{"embeddable":true,"href":"https:\/\/www.notibras.com\/site\/wp-json\/wp\/v2\/media\/4529"}],"wp:attachment":[{"href":"https:\/\/www.notibras.com\/site\/wp-json\/wp\/v2\/media?parent=4528"}],"wp:term":[{"taxonomy":"category","embeddable":true,"href":"https:\/\/www.notibras.com\/site\/wp-json\/wp\/v2\/categories?post=4528"},{"taxonomy":"post_tag","embeddable":true,"href":"https:\/\/www.notibras.com\/site\/wp-json\/wp\/v2\/tags?post=4528"}],"curies":[{"name":"wp","href":"https:\/\/api.w.org\/{rel}","templated":true}]}}