{"id":45357,"date":"2015-04-25T09:20:36","date_gmt":"2015-04-25T12:20:36","guid":{"rendered":"http:\/\/www.notibras.com\/site\/?p=45357"},"modified":"2015-04-25T19:04:12","modified_gmt":"2015-04-25T22:04:12","slug":"tristes-lembrancas-da-estrutural-onde-quem-apanha-nunca-esquece","status":"publish","type":"post","link":"https:\/\/www.notibras.com\/site\/tristes-lembrancas-da-estrutural-onde-quem-apanha-nunca-esquece\/","title":{"rendered":"Tristes lembran\u00e7as da Estrutural, onde quem apanha, nunca esquece"},"content":{"rendered":"<p>Fotos em jornais, v\u00eddeos gravados e diversos documentos oficiais, entre liminares da Justi\u00e7a e impeditivos de \u00f3rg\u00e3os ambientais. Junte um calhama\u00e7o de material assim. Nada, por\u00e9m, consegue ser t\u00e3o rico em detalhes e com tanta for\u00e7a sentimental como a hist\u00f3ria contada pela pr\u00f3pria boca dos moradores da Estrutural, remanescentes dos conflitos com a Pol\u00edcia Militar que marcaram o que ficou conhecido como &#8216;o massacre da Estrutural&#8217; e a vida que seguiu na segunda metade da d\u00e9cada de 90.<\/p>\n<p>Seguindo esse racioc\u00ednio, <strong>Notibras<\/strong> percorreu as ruas da Estrutural e achou diversos personagens dessa biografia social. E re\u00fane a seguir, alguns relatos. A ideia era transcrever a cena que martela diariamente na mem\u00f3ria desses moradores.<\/p>\n<p>Mas o que a reportagem percebeu em algumas abordagens foi um misto de medo, decep\u00e7\u00e3o e tristeza. Nem sempre transmitida nas palavras, mas nos olhos marejados de alguns e de apreens\u00e3o de outros. Nem todos foram gravados. Apenas conversaram conosco. Muito menos queriam ser clicados.<\/p>\n<p><img loading=\"lazy\" decoding=\"async\" class=\"alignnone size-full wp-image-45401\" src=\"http:\/\/www.notibras.com\/site\/wp-content\/uploads\/2015\/04\/Foto-1-Tonh227o.jpg\" alt=\"Foto 1 - Tonh\u00e3o\" width=\"660\" height=\"439\" srcset=\"https:\/\/www.notibras.com\/site\/wp-content\/uploads\/2015\/04\/Foto-1-Tonh227o.jpg 660w, https:\/\/www.notibras.com\/site\/wp-content\/uploads\/2015\/04\/Foto-1-Tonh227o-300x200.jpg 300w, https:\/\/www.notibras.com\/site\/wp-content\/uploads\/2015\/04\/Foto-1-Tonh227o-631x420.jpg 631w\" sizes=\"auto, (max-width: 660px) 100vw, 660px\" \/><br \/>\nCom praticamente toda cabeleira grisalha, diferente da \u00e9poca em que esteve na linha de frente dos embates com a PM, o comerciante Ant\u00f4nio Walter, mais conhecido como Tonh\u00e3o, conta com certo orgulho sua hist\u00f3ria. E o momento que o marcou denota um altru\u00edsmo aflorado nos moradores durante os conflitos.<\/p>\n<p>\u201cNo dia que teve um tiroteio onde hoje \u00e9 um posto da PM \u2013 foi na \u00e9poca em que fomos removidos de l\u00e1 para c\u00e1, no ano de 95, onde agora \u00e9 a cidade do autom\u00f3vel\u00a0\u2013 tivemos dois baleados. Um deles foi o Ant\u00f4nio, que era o meu vizinho. Eu ia subindo l\u00e1 para o conflito tamb\u00e9m. Eles (PMs) j\u00e1 vinham atirando com balas de borracha. Uma pegou na minha perna e outra nas costas da Marlene (Mendes). Eu lembro demais. Ele (Ant\u00f4nio) levou dois tiros de bala de verdade. A\u00ed ele caiu e corremos para socorr\u00ea-lo. E o levamos para o hospital. Ele sobreviveu, gra\u00e7as a Deus, mas hoje ele respira com dificuldades. \u00c9 at\u00e9 aposentado por causa disso\u201d.<\/p>\n<p><img loading=\"lazy\" decoding=\"async\" class=\"alignnone size-full wp-image-45402\" src=\"http:\/\/www.notibras.com\/site\/wp-content\/uploads\/2015\/04\/Foto-2-caminhoes-e-derrubadas.jpg\" alt=\"Foto 2 - caminhoes e derrubadas\" width=\"660\" height=\"429\" srcset=\"https:\/\/www.notibras.com\/site\/wp-content\/uploads\/2015\/04\/Foto-2-caminhoes-e-derrubadas.jpg 660w, https:\/\/www.notibras.com\/site\/wp-content\/uploads\/2015\/04\/Foto-2-caminhoes-e-derrubadas-300x195.jpg 300w, https:\/\/www.notibras.com\/site\/wp-content\/uploads\/2015\/04\/Foto-2-caminhoes-e-derrubadas-646x420.jpg 646w\" sizes=\"auto, (max-width: 660px) 100vw, 660px\" \/><br \/>\nEm outra conversa, o receio. Morador desde 1974, ele pede para n\u00e3o se identificar. Embora tenha relutado para contar algum relato da sua vida na Estrutural, aos poucos concordou em falar. Sua justificativa era plaus\u00edvel. Ele n\u00e3o consegue mais montar as pe\u00e7as na hora de construir sua narrativa. A idade fez isso. Mas ao se sentir a vontade contou um epis\u00f3dio que n\u00e3o sai da sua cabe\u00e7a.<\/p>\n<p>A data n\u00e3o se recorda bem, mas acredita que por volta de 1997, ele e sua fam\u00edlia estavam organizando a festa de 15 anos de sua sobrinha. Vendo a movimenta\u00e7\u00e3o, policiais que faziam ronda no local chegaram \u00e0 casa de Z.B. (Assim que ele se identifica. S\u00f3 as iniciais, para preservar sua identidade). Questionaram o que haveria ali. Dono da casa, ele disse que seria uma festa de anivers\u00e1rio. Sem qualquer decis\u00e3o judicial, os PMs disseram que n\u00e3o haveria a tal comemora\u00e7\u00e3o. Os coturnos, fardas e armas, por\u00e9m, n\u00e3o intimidaram Z.B., que contrariou os soldados e ainda agiu com ironia. \u201cTer\u00e1 sim a festa e voc\u00eas est\u00e3o convidados\u201d.<\/p>\n<p>Talvez uma das personagens mais simb\u00f3licas do per\u00edodo conturbado da Estrutural seja a Marlene Mendes. Seu nome \u00e9 sempre um dos primeiros a aparecer quando se conta a hist\u00f3ria da cidade. Decepcionada com a Justi\u00e7a e com a pol\u00edtica, a moradora \u00e9 outra que esconde cada instante dos tristes conflitos na mem\u00f3ria. E \u00e9 assim que prefere. N\u00e3o falar sobre nada. Evita a dor, diz.<\/p>\n<p>Mas a <strong>Notibras<\/strong> ela concordou em abrir seu ba\u00fa particular, desde que n\u00e3o fosse gravada. Mais do que ter uma casa invadida, Marlene sentiu na pele a opress\u00e3o policial. Teve marcas na pele. Levou tiro de borracha. Inalou g\u00e1s de pimenta tentando impedir o avan\u00e7o de PMs na comunidade. Mas dor nenhuma em seu corpo foi maior do que ver seu irm\u00e3o morrer em decorr\u00eancia das agress\u00f5es que sofreu. Foram chutes nos rins que lhe implicou problemas renais. Foram anos de hemodi\u00e1lise at\u00e9 chegar a \u00f3bito tr\u00eas anos atr\u00e1s.<\/p>\n<p><img loading=\"lazy\" decoding=\"async\" class=\"alignnone size-full wp-image-45403\" src=\"http:\/\/www.notibras.com\/site\/wp-content\/uploads\/2015\/04\/Foto-3-bloqueio-de-pista.jpg\" alt=\"Foto 3 - bloqueio de pista\" width=\"660\" height=\"427\" srcset=\"https:\/\/www.notibras.com\/site\/wp-content\/uploads\/2015\/04\/Foto-3-bloqueio-de-pista.jpg 660w, https:\/\/www.notibras.com\/site\/wp-content\/uploads\/2015\/04\/Foto-3-bloqueio-de-pista-300x194.jpg 300w, https:\/\/www.notibras.com\/site\/wp-content\/uploads\/2015\/04\/Foto-3-bloqueio-de-pista-649x420.jpg 649w\" sizes=\"auto, (max-width: 660px) 100vw, 660px\" \/><br \/>\nPior do que sofrer a viol\u00eancia policial, \u00e9 ver seu filho presenciando tudo. As imagens ruins sempre insistem em se perpetuar mais do que as boas lembran\u00e7as. A filha de Marlene, Nayara Mendes, reconta esse flash escuro de seu passado. Sua m\u00e3e tinha uma creche. Certa vez, um barulho chamou a aten\u00e7\u00e3o. \u201cNesse dia foi derrubado o banheiro da creche dai eles invadiram l\u00e1 em casa e atiraram na minha m\u00e3e\u201d, relembra.<\/p>\n<p><img loading=\"lazy\" decoding=\"async\" class=\"alignnone size-full wp-image-45404\" src=\"http:\/\/www.notibras.com\/site\/wp-content\/uploads\/2015\/04\/Foto-4-casa-com-a-nayara-crian231a.jpg\" alt=\"Foto 4 - casa com a nayara crian\u00e7a\" width=\"660\" height=\"958\" srcset=\"https:\/\/www.notibras.com\/site\/wp-content\/uploads\/2015\/04\/Foto-4-casa-com-a-nayara-crian231a.jpg 660w, https:\/\/www.notibras.com\/site\/wp-content\/uploads\/2015\/04\/Foto-4-casa-com-a-nayara-crian231a-207x300.jpg 207w, https:\/\/www.notibras.com\/site\/wp-content\/uploads\/2015\/04\/Foto-4-casa-com-a-nayara-crian231a-289x420.jpg 289w\" sizes=\"auto, (max-width: 660px) 100vw, 660px\" \/><br \/>\nEssa n\u00e3o foi a \u00fanica derrubada. Naquele per\u00edodo foram dezenas. Centenas. Mas o que mais decepcionava os moradores n\u00e3o era nem a a\u00e7\u00e3o violenta, as balas de borrachas ou o g\u00e1s de pimenta, mas a quebra de acordo. O governo assinou um documento com cada morador que era transferido de uma \u00e1rea para a outra, dentro da pr\u00f3pria Estrutural.<\/p>\n<p>A ideia era reorganiz\u00e1-los. Segundo Marlene, que era representante da associa\u00e7\u00e3o dos moradores locais, o acordo era o seguinte: haveria a remo\u00e7\u00e3o, mas depois de transferidos, n\u00e3o teria derrubada. E o morador que tivesse esse documento estaria resguardado. Estaria. Marlene conta que o governo voltou a desmantelar os barracos. Ela e outros fazem coro a velha m\u00e1xima: \u201cQuem apanha nunca esquece\u201d.<\/p>\n<p><img loading=\"lazy\" decoding=\"async\" class=\"alignnone size-full wp-image-45405\" src=\"http:\/\/www.notibras.com\/site\/wp-content\/uploads\/2015\/04\/Foto-5-Acordo-entre-GDF-e-cidade.jpg\" alt=\"Foto 5 - Acordo entre GDF e cidade\" width=\"660\" height=\"931\" srcset=\"https:\/\/www.notibras.com\/site\/wp-content\/uploads\/2015\/04\/Foto-5-Acordo-entre-GDF-e-cidade.jpg 660w, https:\/\/www.notibras.com\/site\/wp-content\/uploads\/2015\/04\/Foto-5-Acordo-entre-GDF-e-cidade-213x300.jpg 213w, https:\/\/www.notibras.com\/site\/wp-content\/uploads\/2015\/04\/Foto-5-Acordo-entre-GDF-e-cidade-298x420.jpg 298w\" sizes=\"auto, (max-width: 660px) 100vw, 660px\" \/><br \/>\nO governador na \u00e9poca Cristovam Buarque garante que houve di\u00e1logo com a comunidade. Ele afirma que fez todas as tratativas para n\u00e3o haver conflitos. A entrevista completa dele estar\u00e1 dispon\u00edvel na segunda-feira, 27, como parte desta s\u00e9rie especial.<\/p>\n<p><strong>Elton Santos<\/strong><\/p>\n","protected":false},"excerpt":{"rendered":"<p>Fotos em jornais, v\u00eddeos gravados e diversos documentos oficiais, entre liminares da Justi\u00e7a e impeditivos de \u00f3rg\u00e3os ambientais. Junte um calhama\u00e7o de material assim. Nada, por\u00e9m, consegue ser t\u00e3o rico em detalhes e com tanta for\u00e7a sentimental como a hist\u00f3ria contada pela pr\u00f3pria boca dos moradores da Estrutural, remanescentes dos conflitos com a Pol\u00edcia Militar [&hellip;]<\/p>\n","protected":false},"author":2,"featured_media":45399,"comment_status":"open","ping_status":"closed","sticky":false,"template":"","format":"standard","meta":{"_acf_changed":false,"footnotes":""},"categories":[38],"tags":[],"class_list":["post-45357","post","type-post","status-publish","format-standard","has-post-thumbnail","hentry","category-especial-estrutural"],"acf":[],"yoast_head":"<!-- This site is optimized with the Yoast SEO plugin v27.5 - https:\/\/yoast.com\/product\/yoast-seo-wordpress\/ -->\n<title>Tristes lembran\u00e7as da Estrutural, onde quem apanha, nunca esquece - Notibras<\/title>\n<meta name=\"robots\" content=\"index, follow, max-snippet:-1, max-image-preview:large, max-video-preview:-1\" \/>\n<link rel=\"canonical\" href=\"https:\/\/www.notibras.com\/site\/tristes-lembrancas-da-estrutural-onde-quem-apanha-nunca-esquece\/\" \/>\n<meta property=\"og:locale\" content=\"pt_BR\" \/>\n<meta property=\"og:type\" content=\"article\" \/>\n<meta property=\"og:title\" content=\"Tristes lembran\u00e7as da Estrutural, onde quem apanha, nunca esquece - Notibras\" \/>\n<meta property=\"og:description\" content=\"Fotos em jornais, v\u00eddeos gravados e diversos documentos oficiais, entre liminares da Justi\u00e7a e impeditivos de \u00f3rg\u00e3os ambientais. Junte um calhama\u00e7o de material assim. Nada, por\u00e9m, consegue ser t\u00e3o rico em detalhes e com tanta for\u00e7a sentimental como a hist\u00f3ria contada pela pr\u00f3pria boca dos moradores da Estrutural, remanescentes dos conflitos com a Pol\u00edcia Militar [&hellip;]\" \/>\n<meta property=\"og:url\" content=\"https:\/\/www.notibras.com\/site\/tristes-lembrancas-da-estrutural-onde-quem-apanha-nunca-esquece\/\" \/>\n<meta property=\"og:site_name\" content=\"Notibras\" \/>\n<meta property=\"article:publisher\" content=\"https:\/\/www.facebook.com\/notibras\/\" \/>\n<meta property=\"article:published_time\" content=\"2015-04-25T12:20:36+00:00\" \/>\n<meta property=\"article:modified_time\" content=\"2015-04-25T22:04:12+00:00\" \/>\n<meta property=\"og:image\" content=\"https:\/\/www.notibras.com\/site\/wp-content\/uploads\/2015\/04\/Foto-Principal-Jorge-Cardoso-Correio-Braziliense.jpg\" \/>\n\t<meta property=\"og:image:width\" content=\"660\" \/>\n\t<meta property=\"og:image:height\" content=\"423\" \/>\n\t<meta property=\"og:image:type\" content=\"image\/jpeg\" \/>\n<meta name=\"author\" content=\"Reda\u00e7\u00e3o\" \/>\n<meta name=\"twitter:card\" content=\"summary_large_image\" \/>\n<meta name=\"twitter:creator\" content=\"@Notibras\" \/>\n<meta name=\"twitter:site\" content=\"@Notibras\" \/>\n<meta name=\"twitter:label1\" content=\"Escrito por\" \/>\n\t<meta name=\"twitter:data1\" content=\"Reda\u00e7\u00e3o\" \/>\n\t<meta name=\"twitter:label2\" content=\"Est. tempo de leitura\" \/>\n\t<meta name=\"twitter:data2\" content=\"5 minutos\" \/>\n<script type=\"application\/ld+json\" class=\"yoast-schema-graph\">{\"@context\":\"https:\\\/\\\/schema.org\",\"@graph\":[{\"@type\":\"Article\",\"@id\":\"https:\\\/\\\/www.notibras.com\\\/site\\\/tristes-lembrancas-da-estrutural-onde-quem-apanha-nunca-esquece\\\/#article\",\"isPartOf\":{\"@id\":\"https:\\\/\\\/www.notibras.com\\\/site\\\/tristes-lembrancas-da-estrutural-onde-quem-apanha-nunca-esquece\\\/\"},\"author\":{\"name\":\"Reda\u00e7\u00e3o\",\"@id\":\"https:\\\/\\\/www.notibras.com\\\/site\\\/#\\\/schema\\\/person\\\/36ab0979449956132d3e5b517ea76ac8\"},\"headline\":\"Tristes lembran\u00e7as da Estrutural, onde quem apanha, nunca esquece\",\"datePublished\":\"2015-04-25T12:20:36+00:00\",\"dateModified\":\"2015-04-25T22:04:12+00:00\",\"mainEntityOfPage\":{\"@id\":\"https:\\\/\\\/www.notibras.com\\\/site\\\/tristes-lembrancas-da-estrutural-onde-quem-apanha-nunca-esquece\\\/\"},\"wordCount\":966,\"commentCount\":0,\"publisher\":{\"@id\":\"https:\\\/\\\/www.notibras.com\\\/site\\\/#organization\"},\"image\":{\"@id\":\"https:\\\/\\\/www.notibras.com\\\/site\\\/tristes-lembrancas-da-estrutural-onde-quem-apanha-nunca-esquece\\\/#primaryimage\"},\"thumbnailUrl\":\"https:\\\/\\\/www.notibras.com\\\/site\\\/wp-content\\\/uploads\\\/2015\\\/04\\\/Foto-Principal-Jorge-Cardoso-Correio-Braziliense.jpg\",\"articleSection\":[\"ESPECIAL - Estrutural\"],\"inLanguage\":\"pt-BR\",\"potentialAction\":[{\"@type\":\"CommentAction\",\"name\":\"Comment\",\"target\":[\"https:\\\/\\\/www.notibras.com\\\/site\\\/tristes-lembrancas-da-estrutural-onde-quem-apanha-nunca-esquece\\\/#respond\"]}]},{\"@type\":\"WebPage\",\"@id\":\"https:\\\/\\\/www.notibras.com\\\/site\\\/tristes-lembrancas-da-estrutural-onde-quem-apanha-nunca-esquece\\\/\",\"url\":\"https:\\\/\\\/www.notibras.com\\\/site\\\/tristes-lembrancas-da-estrutural-onde-quem-apanha-nunca-esquece\\\/\",\"name\":\"Tristes lembran\u00e7as da Estrutural, onde quem apanha, nunca esquece - Notibras\",\"isPartOf\":{\"@id\":\"https:\\\/\\\/www.notibras.com\\\/site\\\/#website\"},\"primaryImageOfPage\":{\"@id\":\"https:\\\/\\\/www.notibras.com\\\/site\\\/tristes-lembrancas-da-estrutural-onde-quem-apanha-nunca-esquece\\\/#primaryimage\"},\"image\":{\"@id\":\"https:\\\/\\\/www.notibras.com\\\/site\\\/tristes-lembrancas-da-estrutural-onde-quem-apanha-nunca-esquece\\\/#primaryimage\"},\"thumbnailUrl\":\"https:\\\/\\\/www.notibras.com\\\/site\\\/wp-content\\\/uploads\\\/2015\\\/04\\\/Foto-Principal-Jorge-Cardoso-Correio-Braziliense.jpg\",\"datePublished\":\"2015-04-25T12:20:36+00:00\",\"dateModified\":\"2015-04-25T22:04:12+00:00\",\"breadcrumb\":{\"@id\":\"https:\\\/\\\/www.notibras.com\\\/site\\\/tristes-lembrancas-da-estrutural-onde-quem-apanha-nunca-esquece\\\/#breadcrumb\"},\"inLanguage\":\"pt-BR\",\"potentialAction\":[{\"@type\":\"ReadAction\",\"target\":[\"https:\\\/\\\/www.notibras.com\\\/site\\\/tristes-lembrancas-da-estrutural-onde-quem-apanha-nunca-esquece\\\/\"]}]},{\"@type\":\"ImageObject\",\"inLanguage\":\"pt-BR\",\"@id\":\"https:\\\/\\\/www.notibras.com\\\/site\\\/tristes-lembrancas-da-estrutural-onde-quem-apanha-nunca-esquece\\\/#primaryimage\",\"url\":\"https:\\\/\\\/www.notibras.com\\\/site\\\/wp-content\\\/uploads\\\/2015\\\/04\\\/Foto-Principal-Jorge-Cardoso-Correio-Braziliense.jpg\",\"contentUrl\":\"https:\\\/\\\/www.notibras.com\\\/site\\\/wp-content\\\/uploads\\\/2015\\\/04\\\/Foto-Principal-Jorge-Cardoso-Correio-Braziliense.jpg\",\"width\":660,\"height\":423,\"caption\":\"Jorge Cardoso\\\/Correio Braziliense\"},{\"@type\":\"BreadcrumbList\",\"@id\":\"https:\\\/\\\/www.notibras.com\\\/site\\\/tristes-lembrancas-da-estrutural-onde-quem-apanha-nunca-esquece\\\/#breadcrumb\",\"itemListElement\":[{\"@type\":\"ListItem\",\"position\":1,\"name\":\"In\u00edcio\",\"item\":\"https:\\\/\\\/www.notibras.com\\\/site\\\/\"},{\"@type\":\"ListItem\",\"position\":2,\"name\":\"Tristes lembran\u00e7as da Estrutural, onde quem apanha, nunca esquece\"}]},{\"@type\":\"WebSite\",\"@id\":\"https:\\\/\\\/www.notibras.com\\\/site\\\/#website\",\"url\":\"https:\\\/\\\/www.notibras.com\\\/site\\\/\",\"name\":\"Notibras\",\"description\":\"Not\u00edcias de Bras\u00edlia, do Brasil e do Mundo\",\"publisher\":{\"@id\":\"https:\\\/\\\/www.notibras.com\\\/site\\\/#organization\"},\"potentialAction\":[{\"@type\":\"SearchAction\",\"target\":{\"@type\":\"EntryPoint\",\"urlTemplate\":\"https:\\\/\\\/www.notibras.com\\\/site\\\/?s={search_term_string}\"},\"query-input\":{\"@type\":\"PropertyValueSpecification\",\"valueRequired\":true,\"valueName\":\"search_term_string\"}}],\"inLanguage\":\"pt-BR\"},{\"@type\":\"Organization\",\"@id\":\"https:\\\/\\\/www.notibras.com\\\/site\\\/#organization\",\"name\":\"Grupo Notibras de Comunica\u00e7\u00e3o\",\"url\":\"https:\\\/\\\/www.notibras.com\\\/site\\\/\",\"logo\":{\"@type\":\"ImageObject\",\"inLanguage\":\"pt-BR\",\"@id\":\"https:\\\/\\\/www.notibras.com\\\/site\\\/#\\\/schema\\\/logo\\\/image\\\/\",\"url\":\"https:\\\/\\\/www.notibras.com\\\/site\\\/wp-content\\\/uploads\\\/2023\\\/01\\\/notibras23.png\",\"contentUrl\":\"https:\\\/\\\/www.notibras.com\\\/site\\\/wp-content\\\/uploads\\\/2023\\\/01\\\/notibras23.png\",\"width\":350,\"height\":87,\"caption\":\"Grupo Notibras de Comunica\u00e7\u00e3o\"},\"image\":{\"@id\":\"https:\\\/\\\/www.notibras.com\\\/site\\\/#\\\/schema\\\/logo\\\/image\\\/\"},\"sameAs\":[\"https:\\\/\\\/www.facebook.com\\\/notibras\\\/\",\"https:\\\/\\\/x.com\\\/Notibras\",\"https:\\\/\\\/www.instagram.com\\\/notibras\\\/\"]},{\"@type\":\"Person\",\"@id\":\"https:\\\/\\\/www.notibras.com\\\/site\\\/#\\\/schema\\\/person\\\/36ab0979449956132d3e5b517ea76ac8\",\"name\":\"Reda\u00e7\u00e3o\",\"image\":{\"@type\":\"ImageObject\",\"inLanguage\":\"pt-BR\",\"@id\":\"https:\\\/\\\/secure.gravatar.com\\\/avatar\\\/e0a867bdedb85fd243eadf09663511f96fc81e0720a4a42581f334ad4303aa6b?s=96&d=mm&r=g\",\"url\":\"https:\\\/\\\/secure.gravatar.com\\\/avatar\\\/e0a867bdedb85fd243eadf09663511f96fc81e0720a4a42581f334ad4303aa6b?s=96&d=mm&r=g\",\"contentUrl\":\"https:\\\/\\\/secure.gravatar.com\\\/avatar\\\/e0a867bdedb85fd243eadf09663511f96fc81e0720a4a42581f334ad4303aa6b?s=96&d=mm&r=g\",\"caption\":\"Reda\u00e7\u00e3o\"}}]}<\/script>\n<!-- \/ Yoast SEO plugin. -->","yoast_head_json":{"title":"Tristes lembran\u00e7as da Estrutural, onde quem apanha, nunca esquece - Notibras","robots":{"index":"index","follow":"follow","max-snippet":"max-snippet:-1","max-image-preview":"max-image-preview:large","max-video-preview":"max-video-preview:-1"},"canonical":"https:\/\/www.notibras.com\/site\/tristes-lembrancas-da-estrutural-onde-quem-apanha-nunca-esquece\/","og_locale":"pt_BR","og_type":"article","og_title":"Tristes lembran\u00e7as da Estrutural, onde quem apanha, nunca esquece - Notibras","og_description":"Fotos em jornais, v\u00eddeos gravados e diversos documentos oficiais, entre liminares da Justi\u00e7a e impeditivos de \u00f3rg\u00e3os ambientais. Junte um calhama\u00e7o de material assim. Nada, por\u00e9m, consegue ser t\u00e3o rico em detalhes e com tanta for\u00e7a sentimental como a hist\u00f3ria contada pela pr\u00f3pria boca dos moradores da Estrutural, remanescentes dos conflitos com a Pol\u00edcia Militar [&hellip;]","og_url":"https:\/\/www.notibras.com\/site\/tristes-lembrancas-da-estrutural-onde-quem-apanha-nunca-esquece\/","og_site_name":"Notibras","article_publisher":"https:\/\/www.facebook.com\/notibras\/","article_published_time":"2015-04-25T12:20:36+00:00","article_modified_time":"2015-04-25T22:04:12+00:00","og_image":[{"width":660,"height":423,"url":"https:\/\/www.notibras.com\/site\/wp-content\/uploads\/2015\/04\/Foto-Principal-Jorge-Cardoso-Correio-Braziliense.jpg","type":"image\/jpeg"}],"author":"Reda\u00e7\u00e3o","twitter_card":"summary_large_image","twitter_creator":"@Notibras","twitter_site":"@Notibras","twitter_misc":{"Escrito por":"Reda\u00e7\u00e3o","Est. tempo de leitura":"5 minutos"},"schema":{"@context":"https:\/\/schema.org","@graph":[{"@type":"Article","@id":"https:\/\/www.notibras.com\/site\/tristes-lembrancas-da-estrutural-onde-quem-apanha-nunca-esquece\/#article","isPartOf":{"@id":"https:\/\/www.notibras.com\/site\/tristes-lembrancas-da-estrutural-onde-quem-apanha-nunca-esquece\/"},"author":{"name":"Reda\u00e7\u00e3o","@id":"https:\/\/www.notibras.com\/site\/#\/schema\/person\/36ab0979449956132d3e5b517ea76ac8"},"headline":"Tristes lembran\u00e7as da Estrutural, onde quem apanha, nunca esquece","datePublished":"2015-04-25T12:20:36+00:00","dateModified":"2015-04-25T22:04:12+00:00","mainEntityOfPage":{"@id":"https:\/\/www.notibras.com\/site\/tristes-lembrancas-da-estrutural-onde-quem-apanha-nunca-esquece\/"},"wordCount":966,"commentCount":0,"publisher":{"@id":"https:\/\/www.notibras.com\/site\/#organization"},"image":{"@id":"https:\/\/www.notibras.com\/site\/tristes-lembrancas-da-estrutural-onde-quem-apanha-nunca-esquece\/#primaryimage"},"thumbnailUrl":"https:\/\/www.notibras.com\/site\/wp-content\/uploads\/2015\/04\/Foto-Principal-Jorge-Cardoso-Correio-Braziliense.jpg","articleSection":["ESPECIAL - Estrutural"],"inLanguage":"pt-BR","potentialAction":[{"@type":"CommentAction","name":"Comment","target":["https:\/\/www.notibras.com\/site\/tristes-lembrancas-da-estrutural-onde-quem-apanha-nunca-esquece\/#respond"]}]},{"@type":"WebPage","@id":"https:\/\/www.notibras.com\/site\/tristes-lembrancas-da-estrutural-onde-quem-apanha-nunca-esquece\/","url":"https:\/\/www.notibras.com\/site\/tristes-lembrancas-da-estrutural-onde-quem-apanha-nunca-esquece\/","name":"Tristes lembran\u00e7as da Estrutural, onde quem apanha, nunca esquece - Notibras","isPartOf":{"@id":"https:\/\/www.notibras.com\/site\/#website"},"primaryImageOfPage":{"@id":"https:\/\/www.notibras.com\/site\/tristes-lembrancas-da-estrutural-onde-quem-apanha-nunca-esquece\/#primaryimage"},"image":{"@id":"https:\/\/www.notibras.com\/site\/tristes-lembrancas-da-estrutural-onde-quem-apanha-nunca-esquece\/#primaryimage"},"thumbnailUrl":"https:\/\/www.notibras.com\/site\/wp-content\/uploads\/2015\/04\/Foto-Principal-Jorge-Cardoso-Correio-Braziliense.jpg","datePublished":"2015-04-25T12:20:36+00:00","dateModified":"2015-04-25T22:04:12+00:00","breadcrumb":{"@id":"https:\/\/www.notibras.com\/site\/tristes-lembrancas-da-estrutural-onde-quem-apanha-nunca-esquece\/#breadcrumb"},"inLanguage":"pt-BR","potentialAction":[{"@type":"ReadAction","target":["https:\/\/www.notibras.com\/site\/tristes-lembrancas-da-estrutural-onde-quem-apanha-nunca-esquece\/"]}]},{"@type":"ImageObject","inLanguage":"pt-BR","@id":"https:\/\/www.notibras.com\/site\/tristes-lembrancas-da-estrutural-onde-quem-apanha-nunca-esquece\/#primaryimage","url":"https:\/\/www.notibras.com\/site\/wp-content\/uploads\/2015\/04\/Foto-Principal-Jorge-Cardoso-Correio-Braziliense.jpg","contentUrl":"https:\/\/www.notibras.com\/site\/wp-content\/uploads\/2015\/04\/Foto-Principal-Jorge-Cardoso-Correio-Braziliense.jpg","width":660,"height":423,"caption":"Jorge Cardoso\/Correio Braziliense"},{"@type":"BreadcrumbList","@id":"https:\/\/www.notibras.com\/site\/tristes-lembrancas-da-estrutural-onde-quem-apanha-nunca-esquece\/#breadcrumb","itemListElement":[{"@type":"ListItem","position":1,"name":"In\u00edcio","item":"https:\/\/www.notibras.com\/site\/"},{"@type":"ListItem","position":2,"name":"Tristes lembran\u00e7as da Estrutural, onde quem apanha, nunca esquece"}]},{"@type":"WebSite","@id":"https:\/\/www.notibras.com\/site\/#website","url":"https:\/\/www.notibras.com\/site\/","name":"Notibras","description":"Not\u00edcias de Bras\u00edlia, do Brasil e do Mundo","publisher":{"@id":"https:\/\/www.notibras.com\/site\/#organization"},"potentialAction":[{"@type":"SearchAction","target":{"@type":"EntryPoint","urlTemplate":"https:\/\/www.notibras.com\/site\/?s={search_term_string}"},"query-input":{"@type":"PropertyValueSpecification","valueRequired":true,"valueName":"search_term_string"}}],"inLanguage":"pt-BR"},{"@type":"Organization","@id":"https:\/\/www.notibras.com\/site\/#organization","name":"Grupo Notibras de Comunica\u00e7\u00e3o","url":"https:\/\/www.notibras.com\/site\/","logo":{"@type":"ImageObject","inLanguage":"pt-BR","@id":"https:\/\/www.notibras.com\/site\/#\/schema\/logo\/image\/","url":"https:\/\/www.notibras.com\/site\/wp-content\/uploads\/2023\/01\/notibras23.png","contentUrl":"https:\/\/www.notibras.com\/site\/wp-content\/uploads\/2023\/01\/notibras23.png","width":350,"height":87,"caption":"Grupo Notibras de Comunica\u00e7\u00e3o"},"image":{"@id":"https:\/\/www.notibras.com\/site\/#\/schema\/logo\/image\/"},"sameAs":["https:\/\/www.facebook.com\/notibras\/","https:\/\/x.com\/Notibras","https:\/\/www.instagram.com\/notibras\/"]},{"@type":"Person","@id":"https:\/\/www.notibras.com\/site\/#\/schema\/person\/36ab0979449956132d3e5b517ea76ac8","name":"Reda\u00e7\u00e3o","image":{"@type":"ImageObject","inLanguage":"pt-BR","@id":"https:\/\/secure.gravatar.com\/avatar\/e0a867bdedb85fd243eadf09663511f96fc81e0720a4a42581f334ad4303aa6b?s=96&d=mm&r=g","url":"https:\/\/secure.gravatar.com\/avatar\/e0a867bdedb85fd243eadf09663511f96fc81e0720a4a42581f334ad4303aa6b?s=96&d=mm&r=g","contentUrl":"https:\/\/secure.gravatar.com\/avatar\/e0a867bdedb85fd243eadf09663511f96fc81e0720a4a42581f334ad4303aa6b?s=96&d=mm&r=g","caption":"Reda\u00e7\u00e3o"}}]}},"amp_enabled":true,"_links":{"self":[{"href":"https:\/\/www.notibras.com\/site\/wp-json\/wp\/v2\/posts\/45357","targetHints":{"allow":["GET"]}}],"collection":[{"href":"https:\/\/www.notibras.com\/site\/wp-json\/wp\/v2\/posts"}],"about":[{"href":"https:\/\/www.notibras.com\/site\/wp-json\/wp\/v2\/types\/post"}],"author":[{"embeddable":true,"href":"https:\/\/www.notibras.com\/site\/wp-json\/wp\/v2\/users\/2"}],"replies":[{"embeddable":true,"href":"https:\/\/www.notibras.com\/site\/wp-json\/wp\/v2\/comments?post=45357"}],"version-history":[{"count":0,"href":"https:\/\/www.notibras.com\/site\/wp-json\/wp\/v2\/posts\/45357\/revisions"}],"wp:featuredmedia":[{"embeddable":true,"href":"https:\/\/www.notibras.com\/site\/wp-json\/wp\/v2\/media\/45399"}],"wp:attachment":[{"href":"https:\/\/www.notibras.com\/site\/wp-json\/wp\/v2\/media?parent=45357"}],"wp:term":[{"taxonomy":"category","embeddable":true,"href":"https:\/\/www.notibras.com\/site\/wp-json\/wp\/v2\/categories?post=45357"},{"taxonomy":"post_tag","embeddable":true,"href":"https:\/\/www.notibras.com\/site\/wp-json\/wp\/v2\/tags?post=45357"}],"curies":[{"name":"wp","href":"https:\/\/api.w.org\/{rel}","templated":true}]}}