{"id":45361,"date":"2015-04-25T06:54:39","date_gmt":"2015-04-25T09:54:39","guid":{"rendered":"http:\/\/www.notibras.com\/site\/?p=45361"},"modified":"2015-04-25T12:09:37","modified_gmt":"2015-04-25T15:09:37","slug":"fifa-suspende-jobson-por-quatro-anos-botafogo-tenta-reverter-situacao-para-final","status":"publish","type":"post","link":"https:\/\/www.notibras.com\/site\/fifa-suspende-jobson-por-quatro-anos-botafogo-tenta-reverter-situacao-para-final\/","title":{"rendered":"Fifa suspende Jobson por quatro anos; Bota tenta reverter situa\u00e7\u00e3o"},"content":{"rendered":"<p class=\"text\">Pol\u00eamico, mas extremamente talentoso, o atacante Jobson n\u00e3o ter\u00e1 condi\u00e7\u00f5es legais de defender o Botafogo na primeira partida da grande decis\u00e3o do Campeonato Carioca, diante do Vasco, neste domingo, no Maracan\u00e3. Isto porque o jogador foi suspenso por quatro anos pela Fifa nesta sexta-feira.<\/p>\n<p class=\"text\">O motivo da san\u00e7\u00e3o? Jobson se negou a realizar exame antidoping quando atuava pelo Al-Ittihad, da Ar\u00e1bia Saudita, em 25 de mar\u00e7o do ano passado. Por causa disto, ali\u00e1s, o atacante j\u00e1 havia sido suspenso por quatro anos pelo Comit\u00ea Antidoping da Ar\u00e1bia, mas a puni\u00e7\u00e3o s\u00f3 o impedia de atuar em solo saudita.<\/p>\n<blockquote>\n<p class=\"text\">Agora, foi a Fifa quem decidiu. A entidade informou o Botafogo da internacionaliza\u00e7\u00e3o da suspens\u00e3o nesta sexta-feira, e o clube j\u00e1 descartou a possibilidade de escalar o jogador neste domingo, na primeira final do Campeonato Carioca, contra o Vasco.<\/p>\n<\/blockquote>\n<p class=\"text\">Ao Sportv, contudo, o advogado Marcos Motta disse que a partir da semana que vem tentar\u00e1 reverter a puni\u00e7\u00e3o para que o clube de General Severiano possa contar com Jobson na partida de volta da grande decis\u00e3o, daqui a uma semana.<\/p>\n<p class=\"text\">O atacante vinha sendo um dos principais jogadores do surpreendente Botafogo comandado por Ren\u00e9 Sim\u00f5es neste in\u00edcio de temporada. Jobson, por\u00e9m, nunca teve 100% da confian\u00e7a do torcedor alvinegro, justamente por pol\u00eamicas extracampo.<\/p>\n<p class=\"text\">Em 2009, durante sua primeira passagem pelo clube, por exemplo, ele testou positivo para coca\u00edna. Depois de tamb\u00e9m assumir que j\u00e1 havia usado crack, foi suspenso pelo STJD por dois anos \u2013 tempo depois, a pena foi reduzida para seis meses.<\/p>\n","protected":false},"excerpt":{"rendered":"<p>Pol\u00eamico, mas extremamente talentoso, o atacante Jobson n\u00e3o ter\u00e1 condi\u00e7\u00f5es legais de defender o Botafogo na primeira partida da grande decis\u00e3o do Campeonato Carioca, diante do Vasco, neste domingo, no Maracan\u00e3. Isto porque o jogador foi suspenso por quatro anos pela Fifa nesta sexta-feira. O motivo da san\u00e7\u00e3o? Jobson se negou a realizar exame antidoping [&hellip;]<\/p>\n","protected":false},"author":2,"featured_media":45362,"comment_status":"open","ping_status":"closed","sticky":false,"template":"","format":"standard","meta":{"_acf_changed":false,"footnotes":""},"categories":[19,29],"tags":[],"class_list":["post-45361","post","type-post","status-publish","format-standard","has-post-thumbnail","hentry","category-esportes","category-futebol"],"acf":[],"yoast_head":"<!-- This site is optimized with the Yoast SEO plugin v27.2 - https:\/\/yoast.com\/product\/yoast-seo-wordpress\/ -->\n<title>Fifa suspende Jobson por quatro anos; Bota tenta reverter situa\u00e7\u00e3o - Notibras<\/title>\n<meta name=\"robots\" content=\"index, follow, max-snippet:-1, max-image-preview:large, max-video-preview:-1\" \/>\n<link rel=\"canonical\" href=\"https:\/\/www.notibras.com\/site\/fifa-suspende-jobson-por-quatro-anos-botafogo-tenta-reverter-situacao-para-final\/\" \/>\n<meta property=\"og:locale\" content=\"pt_BR\" \/>\n<meta property=\"og:type\" content=\"article\" \/>\n<meta property=\"og:title\" content=\"Fifa suspende Jobson por quatro anos; Bota tenta reverter situa\u00e7\u00e3o - Notibras\" \/>\n<meta property=\"og:description\" content=\"Pol\u00eamico, mas extremamente talentoso, o atacante Jobson n\u00e3o ter\u00e1 condi\u00e7\u00f5es legais de defender o Botafogo na primeira partida da grande decis\u00e3o do Campeonato Carioca, diante do Vasco, neste domingo, no Maracan\u00e3. Isto porque o jogador foi suspenso por quatro anos pela Fifa nesta sexta-feira. O motivo da san\u00e7\u00e3o? Jobson se negou a realizar exame antidoping [&hellip;]\" \/>\n<meta property=\"og:url\" content=\"https:\/\/www.notibras.com\/site\/fifa-suspende-jobson-por-quatro-anos-botafogo-tenta-reverter-situacao-para-final\/\" \/>\n<meta property=\"og:site_name\" content=\"Notibras\" \/>\n<meta property=\"article:publisher\" content=\"https:\/\/www.facebook.com\/notibras\/\" \/>\n<meta property=\"article:published_time\" content=\"2015-04-25T09:54:39+00:00\" \/>\n<meta property=\"article:modified_time\" content=\"2015-04-25T15:09:37+00:00\" \/>\n<meta property=\"og:image\" content=\"https:\/\/www.notibras.com\/site\/wp-content\/uploads\/2015\/04\/jobson.jpg\" \/>\n\t<meta property=\"og:image:width\" content=\"460\" \/>\n\t<meta property=\"og:image:height\" content=\"307\" \/>\n\t<meta property=\"og:image:type\" content=\"image\/jpeg\" \/>\n<meta name=\"author\" content=\"Reda\u00e7\u00e3o\" \/>\n<meta name=\"twitter:card\" content=\"summary_large_image\" \/>\n<meta name=\"twitter:creator\" content=\"@Notibras\" \/>\n<meta name=\"twitter:site\" content=\"@Notibras\" \/>\n<meta name=\"twitter:label1\" content=\"Escrito por\" \/>\n\t<meta name=\"twitter:data1\" content=\"Reda\u00e7\u00e3o\" \/>\n\t<meta name=\"twitter:label2\" content=\"Est. tempo de leitura\" \/>\n\t<meta name=\"twitter:data2\" content=\"1 minuto\" \/>\n<script type=\"application\/ld+json\" class=\"yoast-schema-graph\">{\"@context\":\"https:\/\/schema.org\",\"@graph\":[{\"@type\":\"Article\",\"@id\":\"https:\/\/www.notibras.com\/site\/fifa-suspende-jobson-por-quatro-anos-botafogo-tenta-reverter-situacao-para-final\/#article\",\"isPartOf\":{\"@id\":\"https:\/\/www.notibras.com\/site\/fifa-suspende-jobson-por-quatro-anos-botafogo-tenta-reverter-situacao-para-final\/\"},\"author\":{\"name\":\"Reda\u00e7\u00e3o\",\"@id\":\"https:\/\/www.notibras.com\/site\/#\/schema\/person\/36ab0979449956132d3e5b517ea76ac8\"},\"headline\":\"Fifa suspende Jobson por quatro anos; Bota tenta reverter situa\u00e7\u00e3o\",\"datePublished\":\"2015-04-25T09:54:39+00:00\",\"dateModified\":\"2015-04-25T15:09:37+00:00\",\"mainEntityOfPage\":{\"@id\":\"https:\/\/www.notibras.com\/site\/fifa-suspende-jobson-por-quatro-anos-botafogo-tenta-reverter-situacao-para-final\/\"},\"wordCount\":280,\"commentCount\":0,\"publisher\":{\"@id\":\"https:\/\/www.notibras.com\/site\/#organization\"},\"image\":{\"@id\":\"https:\/\/www.notibras.com\/site\/fifa-suspende-jobson-por-quatro-anos-botafogo-tenta-reverter-situacao-para-final\/#primaryimage\"},\"thumbnailUrl\":\"https:\/\/www.notibras.com\/site\/wp-content\/uploads\/2015\/04\/jobson.jpg\",\"articleSection\":[\"Esportes\",\"Futebol\"],\"inLanguage\":\"pt-BR\",\"potentialAction\":[{\"@type\":\"CommentAction\",\"name\":\"Comment\",\"target\":[\"https:\/\/www.notibras.com\/site\/fifa-suspende-jobson-por-quatro-anos-botafogo-tenta-reverter-situacao-para-final\/#respond\"]}]},{\"@type\":\"WebPage\",\"@id\":\"https:\/\/www.notibras.com\/site\/fifa-suspende-jobson-por-quatro-anos-botafogo-tenta-reverter-situacao-para-final\/\",\"url\":\"https:\/\/www.notibras.com\/site\/fifa-suspende-jobson-por-quatro-anos-botafogo-tenta-reverter-situacao-para-final\/\",\"name\":\"Fifa suspende Jobson por quatro anos; Bota tenta reverter situa\u00e7\u00e3o - Notibras\",\"isPartOf\":{\"@id\":\"https:\/\/www.notibras.com\/site\/#website\"},\"primaryImageOfPage\":{\"@id\":\"https:\/\/www.notibras.com\/site\/fifa-suspende-jobson-por-quatro-anos-botafogo-tenta-reverter-situacao-para-final\/#primaryimage\"},\"image\":{\"@id\":\"https:\/\/www.notibras.com\/site\/fifa-suspende-jobson-por-quatro-anos-botafogo-tenta-reverter-situacao-para-final\/#primaryimage\"},\"thumbnailUrl\":\"https:\/\/www.notibras.com\/site\/wp-content\/uploads\/2015\/04\/jobson.jpg\",\"datePublished\":\"2015-04-25T09:54:39+00:00\",\"dateModified\":\"2015-04-25T15:09:37+00:00\",\"breadcrumb\":{\"@id\":\"https:\/\/www.notibras.com\/site\/fifa-suspende-jobson-por-quatro-anos-botafogo-tenta-reverter-situacao-para-final\/#breadcrumb\"},\"inLanguage\":\"pt-BR\",\"potentialAction\":[{\"@type\":\"ReadAction\",\"target\":[\"https:\/\/www.notibras.com\/site\/fifa-suspende-jobson-por-quatro-anos-botafogo-tenta-reverter-situacao-para-final\/\"]}]},{\"@type\":\"ImageObject\",\"inLanguage\":\"pt-BR\",\"@id\":\"https:\/\/www.notibras.com\/site\/fifa-suspende-jobson-por-quatro-anos-botafogo-tenta-reverter-situacao-para-final\/#primaryimage\",\"url\":\"https:\/\/www.notibras.com\/site\/wp-content\/uploads\/2015\/04\/jobson.jpg\",\"contentUrl\":\"https:\/\/www.notibras.com\/site\/wp-content\/uploads\/2015\/04\/jobson.jpg\",\"width\":460,\"height\":307},{\"@type\":\"BreadcrumbList\",\"@id\":\"https:\/\/www.notibras.com\/site\/fifa-suspende-jobson-por-quatro-anos-botafogo-tenta-reverter-situacao-para-final\/#breadcrumb\",\"itemListElement\":[{\"@type\":\"ListItem\",\"position\":1,\"name\":\"In\u00edcio\",\"item\":\"https:\/\/www.notibras.com\/site\/\"},{\"@type\":\"ListItem\",\"position\":2,\"name\":\"Fifa suspende Jobson por quatro anos; Bota tenta reverter situa\u00e7\u00e3o\"}]},{\"@type\":\"WebSite\",\"@id\":\"https:\/\/www.notibras.com\/site\/#website\",\"url\":\"https:\/\/www.notibras.com\/site\/\",\"name\":\"Notibras\",\"description\":\"Not\u00edcias de Bras\u00edlia, do Brasil e do Mundo\",\"publisher\":{\"@id\":\"https:\/\/www.notibras.com\/site\/#organization\"},\"potentialAction\":[{\"@type\":\"SearchAction\",\"target\":{\"@type\":\"EntryPoint\",\"urlTemplate\":\"https:\/\/www.notibras.com\/site\/?s={search_term_string}\"},\"query-input\":{\"@type\":\"PropertyValueSpecification\",\"valueRequired\":true,\"valueName\":\"search_term_string\"}}],\"inLanguage\":\"pt-BR\"},{\"@type\":\"Organization\",\"@id\":\"https:\/\/www.notibras.com\/site\/#organization\",\"name\":\"Grupo Notibras de Comunica\u00e7\u00e3o\",\"url\":\"https:\/\/www.notibras.com\/site\/\",\"logo\":{\"@type\":\"ImageObject\",\"inLanguage\":\"pt-BR\",\"@id\":\"https:\/\/www.notibras.com\/site\/#\/schema\/logo\/image\/\",\"url\":\"https:\/\/www.notibras.com\/site\/wp-content\/uploads\/2023\/01\/notibras23.png\",\"contentUrl\":\"https:\/\/www.notibras.com\/site\/wp-content\/uploads\/2023\/01\/notibras23.png\",\"width\":350,\"height\":87,\"caption\":\"Grupo Notibras de Comunica\u00e7\u00e3o\"},\"image\":{\"@id\":\"https:\/\/www.notibras.com\/site\/#\/schema\/logo\/image\/\"},\"sameAs\":[\"https:\/\/www.facebook.com\/notibras\/\",\"https:\/\/x.com\/Notibras\",\"https:\/\/www.instagram.com\/notibras\/\"]},{\"@type\":\"Person\",\"@id\":\"https:\/\/www.notibras.com\/site\/#\/schema\/person\/36ab0979449956132d3e5b517ea76ac8\",\"name\":\"Reda\u00e7\u00e3o\",\"image\":{\"@type\":\"ImageObject\",\"inLanguage\":\"pt-BR\",\"@id\":\"https:\/\/secure.gravatar.com\/avatar\/e0a867bdedb85fd243eadf09663511f96fc81e0720a4a42581f334ad4303aa6b?s=96&d=mm&r=g\",\"url\":\"https:\/\/secure.gravatar.com\/avatar\/e0a867bdedb85fd243eadf09663511f96fc81e0720a4a42581f334ad4303aa6b?s=96&d=mm&r=g\",\"contentUrl\":\"https:\/\/secure.gravatar.com\/avatar\/e0a867bdedb85fd243eadf09663511f96fc81e0720a4a42581f334ad4303aa6b?s=96&d=mm&r=g\",\"caption\":\"Reda\u00e7\u00e3o\"}}]}<\/script>\n<!-- \/ Yoast SEO plugin. -->","yoast_head_json":{"title":"Fifa suspende Jobson por quatro anos; Bota tenta reverter situa\u00e7\u00e3o - Notibras","robots":{"index":"index","follow":"follow","max-snippet":"max-snippet:-1","max-image-preview":"max-image-preview:large","max-video-preview":"max-video-preview:-1"},"canonical":"https:\/\/www.notibras.com\/site\/fifa-suspende-jobson-por-quatro-anos-botafogo-tenta-reverter-situacao-para-final\/","og_locale":"pt_BR","og_type":"article","og_title":"Fifa suspende Jobson por quatro anos; Bota tenta reverter situa\u00e7\u00e3o - Notibras","og_description":"Pol\u00eamico, mas extremamente talentoso, o atacante Jobson n\u00e3o ter\u00e1 condi\u00e7\u00f5es legais de defender o Botafogo na primeira partida da grande decis\u00e3o do Campeonato Carioca, diante do Vasco, neste domingo, no Maracan\u00e3. Isto porque o jogador foi suspenso por quatro anos pela Fifa nesta sexta-feira. O motivo da san\u00e7\u00e3o? Jobson se negou a realizar exame antidoping [&hellip;]","og_url":"https:\/\/www.notibras.com\/site\/fifa-suspende-jobson-por-quatro-anos-botafogo-tenta-reverter-situacao-para-final\/","og_site_name":"Notibras","article_publisher":"https:\/\/www.facebook.com\/notibras\/","article_published_time":"2015-04-25T09:54:39+00:00","article_modified_time":"2015-04-25T15:09:37+00:00","og_image":[{"width":460,"height":307,"url":"https:\/\/www.notibras.com\/site\/wp-content\/uploads\/2015\/04\/jobson.jpg","type":"image\/jpeg"}],"author":"Reda\u00e7\u00e3o","twitter_card":"summary_large_image","twitter_creator":"@Notibras","twitter_site":"@Notibras","twitter_misc":{"Escrito por":"Reda\u00e7\u00e3o","Est. tempo de leitura":"1 minuto"},"schema":{"@context":"https:\/\/schema.org","@graph":[{"@type":"Article","@id":"https:\/\/www.notibras.com\/site\/fifa-suspende-jobson-por-quatro-anos-botafogo-tenta-reverter-situacao-para-final\/#article","isPartOf":{"@id":"https:\/\/www.notibras.com\/site\/fifa-suspende-jobson-por-quatro-anos-botafogo-tenta-reverter-situacao-para-final\/"},"author":{"name":"Reda\u00e7\u00e3o","@id":"https:\/\/www.notibras.com\/site\/#\/schema\/person\/36ab0979449956132d3e5b517ea76ac8"},"headline":"Fifa suspende Jobson por quatro anos; Bota tenta reverter situa\u00e7\u00e3o","datePublished":"2015-04-25T09:54:39+00:00","dateModified":"2015-04-25T15:09:37+00:00","mainEntityOfPage":{"@id":"https:\/\/www.notibras.com\/site\/fifa-suspende-jobson-por-quatro-anos-botafogo-tenta-reverter-situacao-para-final\/"},"wordCount":280,"commentCount":0,"publisher":{"@id":"https:\/\/www.notibras.com\/site\/#organization"},"image":{"@id":"https:\/\/www.notibras.com\/site\/fifa-suspende-jobson-por-quatro-anos-botafogo-tenta-reverter-situacao-para-final\/#primaryimage"},"thumbnailUrl":"https:\/\/www.notibras.com\/site\/wp-content\/uploads\/2015\/04\/jobson.jpg","articleSection":["Esportes","Futebol"],"inLanguage":"pt-BR","potentialAction":[{"@type":"CommentAction","name":"Comment","target":["https:\/\/www.notibras.com\/site\/fifa-suspende-jobson-por-quatro-anos-botafogo-tenta-reverter-situacao-para-final\/#respond"]}]},{"@type":"WebPage","@id":"https:\/\/www.notibras.com\/site\/fifa-suspende-jobson-por-quatro-anos-botafogo-tenta-reverter-situacao-para-final\/","url":"https:\/\/www.notibras.com\/site\/fifa-suspende-jobson-por-quatro-anos-botafogo-tenta-reverter-situacao-para-final\/","name":"Fifa suspende Jobson por quatro anos; Bota tenta reverter situa\u00e7\u00e3o - Notibras","isPartOf":{"@id":"https:\/\/www.notibras.com\/site\/#website"},"primaryImageOfPage":{"@id":"https:\/\/www.notibras.com\/site\/fifa-suspende-jobson-por-quatro-anos-botafogo-tenta-reverter-situacao-para-final\/#primaryimage"},"image":{"@id":"https:\/\/www.notibras.com\/site\/fifa-suspende-jobson-por-quatro-anos-botafogo-tenta-reverter-situacao-para-final\/#primaryimage"},"thumbnailUrl":"https:\/\/www.notibras.com\/site\/wp-content\/uploads\/2015\/04\/jobson.jpg","datePublished":"2015-04-25T09:54:39+00:00","dateModified":"2015-04-25T15:09:37+00:00","breadcrumb":{"@id":"https:\/\/www.notibras.com\/site\/fifa-suspende-jobson-por-quatro-anos-botafogo-tenta-reverter-situacao-para-final\/#breadcrumb"},"inLanguage":"pt-BR","potentialAction":[{"@type":"ReadAction","target":["https:\/\/www.notibras.com\/site\/fifa-suspende-jobson-por-quatro-anos-botafogo-tenta-reverter-situacao-para-final\/"]}]},{"@type":"ImageObject","inLanguage":"pt-BR","@id":"https:\/\/www.notibras.com\/site\/fifa-suspende-jobson-por-quatro-anos-botafogo-tenta-reverter-situacao-para-final\/#primaryimage","url":"https:\/\/www.notibras.com\/site\/wp-content\/uploads\/2015\/04\/jobson.jpg","contentUrl":"https:\/\/www.notibras.com\/site\/wp-content\/uploads\/2015\/04\/jobson.jpg","width":460,"height":307},{"@type":"BreadcrumbList","@id":"https:\/\/www.notibras.com\/site\/fifa-suspende-jobson-por-quatro-anos-botafogo-tenta-reverter-situacao-para-final\/#breadcrumb","itemListElement":[{"@type":"ListItem","position":1,"name":"In\u00edcio","item":"https:\/\/www.notibras.com\/site\/"},{"@type":"ListItem","position":2,"name":"Fifa suspende Jobson por quatro anos; Bota tenta reverter situa\u00e7\u00e3o"}]},{"@type":"WebSite","@id":"https:\/\/www.notibras.com\/site\/#website","url":"https:\/\/www.notibras.com\/site\/","name":"Notibras","description":"Not\u00edcias de Bras\u00edlia, do Brasil e do Mundo","publisher":{"@id":"https:\/\/www.notibras.com\/site\/#organization"},"potentialAction":[{"@type":"SearchAction","target":{"@type":"EntryPoint","urlTemplate":"https:\/\/www.notibras.com\/site\/?s={search_term_string}"},"query-input":{"@type":"PropertyValueSpecification","valueRequired":true,"valueName":"search_term_string"}}],"inLanguage":"pt-BR"},{"@type":"Organization","@id":"https:\/\/www.notibras.com\/site\/#organization","name":"Grupo Notibras de Comunica\u00e7\u00e3o","url":"https:\/\/www.notibras.com\/site\/","logo":{"@type":"ImageObject","inLanguage":"pt-BR","@id":"https:\/\/www.notibras.com\/site\/#\/schema\/logo\/image\/","url":"https:\/\/www.notibras.com\/site\/wp-content\/uploads\/2023\/01\/notibras23.png","contentUrl":"https:\/\/www.notibras.com\/site\/wp-content\/uploads\/2023\/01\/notibras23.png","width":350,"height":87,"caption":"Grupo Notibras de Comunica\u00e7\u00e3o"},"image":{"@id":"https:\/\/www.notibras.com\/site\/#\/schema\/logo\/image\/"},"sameAs":["https:\/\/www.facebook.com\/notibras\/","https:\/\/x.com\/Notibras","https:\/\/www.instagram.com\/notibras\/"]},{"@type":"Person","@id":"https:\/\/www.notibras.com\/site\/#\/schema\/person\/36ab0979449956132d3e5b517ea76ac8","name":"Reda\u00e7\u00e3o","image":{"@type":"ImageObject","inLanguage":"pt-BR","@id":"https:\/\/secure.gravatar.com\/avatar\/e0a867bdedb85fd243eadf09663511f96fc81e0720a4a42581f334ad4303aa6b?s=96&d=mm&r=g","url":"https:\/\/secure.gravatar.com\/avatar\/e0a867bdedb85fd243eadf09663511f96fc81e0720a4a42581f334ad4303aa6b?s=96&d=mm&r=g","contentUrl":"https:\/\/secure.gravatar.com\/avatar\/e0a867bdedb85fd243eadf09663511f96fc81e0720a4a42581f334ad4303aa6b?s=96&d=mm&r=g","caption":"Reda\u00e7\u00e3o"}}]}},"amp_enabled":true,"_links":{"self":[{"href":"https:\/\/www.notibras.com\/site\/wp-json\/wp\/v2\/posts\/45361","targetHints":{"allow":["GET"]}}],"collection":[{"href":"https:\/\/www.notibras.com\/site\/wp-json\/wp\/v2\/posts"}],"about":[{"href":"https:\/\/www.notibras.com\/site\/wp-json\/wp\/v2\/types\/post"}],"author":[{"embeddable":true,"href":"https:\/\/www.notibras.com\/site\/wp-json\/wp\/v2\/users\/2"}],"replies":[{"embeddable":true,"href":"https:\/\/www.notibras.com\/site\/wp-json\/wp\/v2\/comments?post=45361"}],"version-history":[{"count":0,"href":"https:\/\/www.notibras.com\/site\/wp-json\/wp\/v2\/posts\/45361\/revisions"}],"wp:featuredmedia":[{"embeddable":true,"href":"https:\/\/www.notibras.com\/site\/wp-json\/wp\/v2\/media\/45362"}],"wp:attachment":[{"href":"https:\/\/www.notibras.com\/site\/wp-json\/wp\/v2\/media?parent=45361"}],"wp:term":[{"taxonomy":"category","embeddable":true,"href":"https:\/\/www.notibras.com\/site\/wp-json\/wp\/v2\/categories?post=45361"},{"taxonomy":"post_tag","embeddable":true,"href":"https:\/\/www.notibras.com\/site\/wp-json\/wp\/v2\/tags?post=45361"}],"curies":[{"name":"wp","href":"https:\/\/api.w.org\/{rel}","templated":true}]}}