{"id":45385,"date":"2015-04-25T09:06:35","date_gmt":"2015-04-25T12:06:35","guid":{"rendered":"http:\/\/www.notibras.com\/site\/?p=45385"},"modified":"2015-04-25T09:06:35","modified_gmt":"2015-04-25T12:06:35","slug":"pensando-ca-com-meus-botoes-afinal-quem-manda-no-pais","status":"publish","type":"post","link":"https:\/\/www.notibras.com\/site\/pensando-ca-com-meus-botoes-afinal-quem-manda-no-pais\/","title":{"rendered":"Pensando c\u00e1 com meus bot\u00f5es. Afinal, quem manda no Pa\u00eds?"},"content":{"rendered":"<p>\u00c9 importante, especialmente em situa\u00e7\u00f5es cr\u00edticas como a que vivemos no Brasil, atentar mais para os fatos que para ideologias. N\u00e3o que teorias n\u00e3o possam ser \u00fateis, mas,\u00a0 para gente honesta e consciente de seus interesses,\u00a0 elas s\u00f3 se validam se forem conformes \u00e0\u00a0 realidade.<\/p>\n<p>Ao contr\u00e1rio, o sistema de poder concentrador &#8211;\u00a0 que objetiva, sobre tudo, acumular mais poder &#8211; emprega intelectuais para criar teorias, que mistificam os povos,\u00a0 e, merc\u00ea do controle sobre a m\u00eddia, as transforma em \u201cverdades\u201d,\u00a0 aos olhos da maioria.<\/p>\n<p>N\u00e3o importa se voc\u00ea \u00e9 de direita ou esquerda: se \u00e9 brasileiro, est\u00e1 sendo brutalmente saqueado, salvo as infames exce\u00e7\u00f5es dos agentes e colaboradores da oligarquia financeira internacional.<\/p>\n<p>Tampouco importa se voc\u00ea \u00e9 militar ou civil ou, ainda, se \u00e9 adepto da interven\u00e7\u00e3o do Estado, ou se acredita numa quim\u00e9rica livre iniciativa, praticamente inexistente onde se admitem e subsidiam cart\u00e9is.<\/p>\n<p>Enrolados por doutrinas e por distor\u00e7\u00f5es dos fatos, os\u00a0 brasileiros brigam por causa de opini\u00f5es e teorias, como o imp\u00e9rio angloamericano mundial gosta, pois sempre investiu em dividir suas v\u00edtimas com antagonismos ideol\u00f3gicos e querelas religiosas, \u00e9tnicas e outras.<\/p>\n<p>\u00c9 como uma cidade cujos residentes\u00a0 se digladiam, enquanto suas casas s\u00e3o ocupadas por assaltantes armados.\u00a0 E quanto mais se distraem nisso, mais aumenta o saqueio.<\/p>\n<p>O colossal esbulho cresce e alcan\u00e7a novas \u00e1reas, sob um sistema pol\u00edtico caracterizado pela corrup\u00e7\u00e3o sist\u00eamica e no qual, em todas as inst\u00e2ncias, se verificam manifesta\u00e7\u00f5es de acordo, ainda que impl\u00edcito, com a domina\u00e7\u00e3o exercida pelos cart\u00e9is transnacionais e por grupos financeiros concentradores.<\/p>\n<p>Demonstra ser tal sistema imprest\u00e1vel, n\u00e3o haver nele partido pol\u00edtico algum,\u00a0 de express\u00e3o, que se oponha a esse estado de coisas.<\/p>\n<blockquote><p>O que a massa de trabalhadores, empres\u00e1rios, gerentes, t\u00e9cnicos, funcion\u00e1rios civis e militares n\u00e3o percebe \u2013 porque lhe \u00e9 cuidadosamente ocultado \u2013 \u00e9 que os pol\u00edticos, como o gato da f\u00e1bula milenar\u00a0 de Esopo, tiram as castanhas do fogo para a raposa, os cart\u00e9is financeiros e econ\u00f4micos transnacionais.<\/p><\/blockquote>\n<p>Grande quantidade\u00a0 de gente indigna-se contra alguns pol\u00edticos e executivos, colocados na Petrobr\u00e1s, receptores de\u00a0 propinas de grandes empreiteiras, e reclama a privatiza\u00e7\u00e3o da estatal e\/ou penas letais para essas empreiteiras.<\/p>\n<p>Ressalvado que esses delitos envolvem quantias de menor monta, comparadas aos preju\u00edzos que a corrup\u00e7\u00e3o sist\u00eamica causa ao Pa\u00eds, e mesmo a outros casos de corrup\u00e7\u00e3o derivada, a indigna\u00e7\u00e3o \u00e9 compreens\u00edvel.<\/p>\n<p>Por\u00e9m, esse tipo de resposta aos esc\u00e2ndalos da Opera\u00e7\u00e3o Lava Jato denota vis\u00e3o\u00a0 obscurecida pela cobertura do assunto na grande m\u00eddia, sempre vinculada aos\u00a0 interesses antinacionais.<\/p>\n<p>H\u00e1 verdadeira campanha midi\u00e1tica em cima dessa Opera\u00e7\u00e3o, enquanto\u00a0 se oculta a corrup\u00e7\u00e3o sist\u00eamica e as praticadas por empresas transnacionais, grandes bancos e pol\u00edticos afinados com esses concentradores.<\/p>\n<p>O trabalho da grande m\u00eddia \u00e9 alimentado pelo\u00a0 tratamento dado ao inqu\u00e9rito pelo juiz que o preside, abusando da dela\u00e7\u00e3o premiada, fazendo\u00a0 vazamentos \u00e0 m\u00eddia e\u00a0 mantendo presos, indevida e prolongadamente, executivos das empreiteiras, postura com a qual colaboram membros do Minist\u00e9rio P\u00fablico.<\/p>\n<p>Em vez de haver investiga\u00e7\u00e3o isenta e eficaz, v\u00ea-se desrespeito a direitos constitucionais dos acusados, o que \u00e9 o oposto da propalada sede de justi\u00e7a e pode frustrar, mais adiante, a puni\u00e7\u00e3o dos respons\u00e1veis.<\/p>\n<blockquote><p>O resultado \u00e9 que: a) as atividades da Petrobr\u00e1s e as da engenharia nacional privada s\u00e3o prejudicadas; b)\u00a0 s\u00e3o refor\u00e7ados,\u00a0\u00a0\u00a0 na opini\u00e3o p\u00fablica, falsos conceitos, de h\u00e1 muito inculcados, de que estatais s\u00e3o inconvenientes e as empresas privadas nacionais s\u00e3o intrinsecamente corruptas, enquanto essa n\u00e3o seria a regra entre as estrangeiras.<\/p><\/blockquote>\n<p>Estando a maioria dos parlamentares alinhada com os financiadores de suas elei\u00e7\u00f5es, e a chefe do Executivo pouco\u00a0 resistente a press\u00f5es dos concentradores, fica claro o assalto transnacional \u00e0s fabulosas reservas de petr\u00f3leo descobertas pela Petrobr\u00e1s, tramado em projeto-de-lei do senador J. Serra.<\/p>\n<p>Esse desempenhou,\u00a0 no governo de FHC, papel destacado nas privatiza\u00e7\u00f5es, quando a Uni\u00e3o entregou setores inteiros e fabulosas estatais, gastando, para isso,\u00a0 dinheiro p\u00fablico em montante muito superior \u00e0s receitas dos leil\u00f5es.<\/p>\n<p>O jornalista Motta Araujo observou, em artigo recente, no Jornal GGN, a inexist\u00eancia atual, no Brasil, de um centro de poder pol\u00edtico, como na antiga tradi\u00e7\u00e3o presidencialista do Pa\u00eds.<\/p>\n<p>De fato, espa\u00e7os de poder, antes do presidente,\u00a0 v\u00eam sendo ocupados pelo Legislativo e pelo Judici\u00e1rio, e parte do Minist\u00e9rio P\u00fablico e da Pol\u00edcia Federal agem em aguda dissintonia com o Executivo.<\/p>\n<p>Os pa\u00edses que caminharam na dire\u00e7\u00e3o de se tornar pot\u00eancias, o fizeram havendo\u00a0 harmonia entre os poderes e preponder\u00e2ncia de uma s\u00f3 autoridade, fosse o presidente nos EUA, fosse o primeiro-ministro nos regimes parlamentaristas ou, ainda, o chefe do partido \u00fanico, sob os regimes centralizados da R\u00fassia e da China, respectivamente na primeira e segunda metades do s\u00e9culo 20.<\/p>\n<p>E mais letal que o esfacelamento do poder no \u00e2mbito interno, por si s\u00f3 suficiente para inviabilizar o desenvolvimento, \u00e9 ser o poder real exercido de fora do Brasil.<\/p>\n<blockquote><p>Essa situa\u00e7\u00e3o decorre das interven\u00e7\u00f5es do imp\u00e9rio dirigido pela oligarquia financeira angloamericana, atrav\u00e9s de golpes de Estado \u2013coordenados pelos servi\u00e7os secretos dos EUA, do Reino Unido e de pot\u00eancias coadjuvantes \u2013 e mediante corrup\u00e7\u00e3o e coopta\u00e7\u00e3o de muitos nos setores p\u00fablico e privado, ademais de investimentos constantes\u00a0 para controlar os meios de comunica\u00e7\u00e3o social, desinformar, arrasar a cultura e abaixar os valores \u00e9ticos e a\u00a0 qualidade da educa\u00e7\u00e3o.<\/p><\/blockquote>\n<p>A estrat\u00e9gia da domina\u00e7\u00e3o teve por ponto de partida o controle dos meios de produ\u00e7\u00e3o e financeiros. O primeiro e decisivo impulso foi dado, de 1954 a 1960, quando os governos egressos do golpe de agosto de 1954 e o da elei\u00e7\u00e3o de JK do final de 1955 proporcionaram \u00e0s empresas multinacionais (transnacionais) colossais favorecimentos para assenhorear-se dos mercados no Pa\u00eds, desde a\u00a0 Instru\u00e7\u00e3o 113 e seguintes da SUMOC, em janeiro de 1955.<\/p>\n<p>Esse processo nunca mais foi estancado, e foi acelerado durante a maioria dos mandatos, pois a regra ficou sendo adotar pol\u00edticas do agrado das transnacionais, que se haviam tornado a classe dominante.<\/p>\n<p>Os EUA e seus parceiros impuseram, quando quiseram, golpes de Estado, em que a interven\u00e7\u00e3o militar direta funcionou como\u00a0 amea\u00e7a, ou recurso em caso de o resultado n\u00e3o ser obtido sem ela.<\/p>\n<p>A subida ao poder de l\u00edderes nacionalistas e dotados de atratividade eleitoral, foi impedida atrav\u00e9s de medidas discricion\u00e1rias, nos 20\u00a0 anos de governos militares, e novamente sob a democracia de fachada institu\u00edda em 1988, mediante in\u00fameras jogadas e fraudes pol\u00edticas e medi\u00e1ticas em preju\u00edzo de Brizola e Arraes e, mais tarde, do Dr. En\u00e9as.<\/p>\n<p>N\u00e3o \u00e9 poss\u00edvel ignorar a ilegitimidade das \u201cescolhas\u201d de Collor e FHC para presidir a Rep\u00fablica, a n\u00e3o ser sob a \u00f3tica bitolada dos que n\u00e3o percebem as colossais manipula\u00e7\u00f5es e abusos de poder nem os esquemas de corrup\u00e7\u00e3o praticados com esse fim.<\/p>\n<p>Tampouco se pode\u00a0 entender a pol\u00edtica dos governos encabe\u00e7ados por Lula e Dilma, sem ter not\u00edcia dos acordos e conchavos destes com os mentores imperiais de seus predecessores.<\/p>\n<p>Resumindo, os\u00a0 membros do Judici\u00e1rio e do MP\u00a0 deslumbrados com os holofotes da m\u00eddia corrupta que agem com desenvoltura e at\u00e9 contra a lei, s\u00f3 o fazem por estarem agradando as transnacionais e a oligarquia local a elas vinculada.<\/p>\n<p>Ademais, o Executivo\u00a0 enfraqueceu-se e perdeu apoio popular e a confian\u00e7a de entidades que o apoiavam, em consequ\u00eancia das concess\u00f5es \u00e0s oligarquias mundial e local.<\/p>\n<blockquote><p>Desde Get\u00falio Vargas, faltou aos presidentes focados na realidade do Pa\u00eds, decis\u00e3o para convocar o povo \u00e0s ruas e mobilizar lideran\u00e7as do Ex\u00e9rcito, a fim de ganhar condi\u00e7\u00f5es de ocupar o poder real.<\/p><\/blockquote>\n<p>Carecem, por outro lado, de base as ilus\u00f5es cultivadas a respeito de l\u00edderes como Ulysses Guimar\u00e3es e Tancredo Neves.<\/p>\n<p>Neves derrotou Maluf, nas elei\u00e7\u00f5es indiretas de 1985, porque a oligarquia financeira o preferia. Tanto \u00e9 assim, que sua vit\u00f3ria se deveu \u00e0 defec\u00e7\u00e3o no PDS para criar a Frente Liberal, liderada por Marco Maciel, tradicional articulador em favor das oligarquias.<\/p>\n<p>Haja vista o minist\u00e9rio legado por Tancredo: Educa\u00e7\u00e3o: o pr\u00f3prio Maciel; Comunica\u00e7\u00f5es: Ant\u00f4nio Carlos Magalh\u00e3es (ACM), mantendo o feudo deste, associado a Roberto Marinho; Itamaraty:\u00a0 Olavo Set\u00fabal banqueiro do Ita\u00fa; no principal, Fazenda: Francisco Dornelles, defensor de pol\u00edticas privatizantes e pr\u00f3-capital estrangeiro.<\/p>\n<p><strong>Adriano Benayon<\/strong><\/p>\n","protected":false},"excerpt":{"rendered":"<p>\u00c9 importante, especialmente em situa\u00e7\u00f5es cr\u00edticas como a que vivemos no Brasil, atentar mais para os fatos que para ideologias. N\u00e3o que teorias n\u00e3o possam ser \u00fateis, mas,\u00a0 para gente honesta e consciente de seus interesses,\u00a0 elas s\u00f3 se validam se forem conformes \u00e0\u00a0 realidade. Ao contr\u00e1rio, o sistema de poder concentrador &#8211;\u00a0 que objetiva, [&hellip;]<\/p>\n","protected":false},"author":2,"featured_media":45386,"comment_status":"open","ping_status":"closed","sticky":false,"template":"","format":"standard","meta":{"_acf_changed":false,"footnotes":""},"categories":[25],"tags":[],"class_list":["post-45385","post","type-post","status-publish","format-standard","has-post-thumbnail","hentry","category-opina-ai"],"acf":[],"yoast_head":"<!-- This site is optimized with the Yoast SEO plugin v27.5 - https:\/\/yoast.com\/product\/yoast-seo-wordpress\/ -->\n<title>Pensando c\u00e1 com meus bot\u00f5es. Afinal, quem manda no Pa\u00eds? - Notibras<\/title>\n<meta name=\"robots\" content=\"index, follow, max-snippet:-1, max-image-preview:large, max-video-preview:-1\" \/>\n<link rel=\"canonical\" href=\"https:\/\/www.notibras.com\/site\/pensando-ca-com-meus-botoes-afinal-quem-manda-no-pais\/\" \/>\n<meta property=\"og:locale\" content=\"pt_BR\" \/>\n<meta property=\"og:type\" content=\"article\" \/>\n<meta property=\"og:title\" content=\"Pensando c\u00e1 com meus bot\u00f5es. Afinal, quem manda no Pa\u00eds? - Notibras\" \/>\n<meta property=\"og:description\" content=\"\u00c9 importante, especialmente em situa\u00e7\u00f5es cr\u00edticas como a que vivemos no Brasil, atentar mais para os fatos que para ideologias. N\u00e3o que teorias n\u00e3o possam ser \u00fateis, mas,\u00a0 para gente honesta e consciente de seus interesses,\u00a0 elas s\u00f3 se validam se forem conformes \u00e0\u00a0 realidade. Ao contr\u00e1rio, o sistema de poder concentrador &#8211;\u00a0 que objetiva, [&hellip;]\" \/>\n<meta property=\"og:url\" content=\"https:\/\/www.notibras.com\/site\/pensando-ca-com-meus-botoes-afinal-quem-manda-no-pais\/\" \/>\n<meta property=\"og:site_name\" content=\"Notibras\" \/>\n<meta property=\"article:publisher\" content=\"https:\/\/www.facebook.com\/notibras\/\" \/>\n<meta property=\"article:published_time\" content=\"2015-04-25T12:06:35+00:00\" \/>\n<meta property=\"og:image\" content=\"https:\/\/www.notibras.com\/site\/wp-content\/uploads\/2015\/04\/dupla.jpg\" \/>\n\t<meta property=\"og:image:width\" content=\"1181\" \/>\n\t<meta property=\"og:image:height\" content=\"701\" \/>\n\t<meta property=\"og:image:type\" content=\"image\/jpeg\" \/>\n<meta name=\"author\" content=\"Reda\u00e7\u00e3o\" \/>\n<meta name=\"twitter:card\" content=\"summary_large_image\" \/>\n<meta name=\"twitter:creator\" content=\"@Notibras\" \/>\n<meta name=\"twitter:site\" content=\"@Notibras\" \/>\n<meta name=\"twitter:label1\" content=\"Escrito por\" \/>\n\t<meta name=\"twitter:data1\" content=\"Reda\u00e7\u00e3o\" \/>\n\t<meta name=\"twitter:label2\" content=\"Est. tempo de leitura\" \/>\n\t<meta name=\"twitter:data2\" content=\"7 minutos\" \/>\n<script type=\"application\/ld+json\" class=\"yoast-schema-graph\">{\"@context\":\"https:\\\/\\\/schema.org\",\"@graph\":[{\"@type\":\"Article\",\"@id\":\"https:\\\/\\\/www.notibras.com\\\/site\\\/pensando-ca-com-meus-botoes-afinal-quem-manda-no-pais\\\/#article\",\"isPartOf\":{\"@id\":\"https:\\\/\\\/www.notibras.com\\\/site\\\/pensando-ca-com-meus-botoes-afinal-quem-manda-no-pais\\\/\"},\"author\":{\"name\":\"Reda\u00e7\u00e3o\",\"@id\":\"https:\\\/\\\/www.notibras.com\\\/site\\\/#\\\/schema\\\/person\\\/36ab0979449956132d3e5b517ea76ac8\"},\"headline\":\"Pensando c\u00e1 com meus bot\u00f5es. Afinal, quem manda no Pa\u00eds?\",\"datePublished\":\"2015-04-25T12:06:35+00:00\",\"mainEntityOfPage\":{\"@id\":\"https:\\\/\\\/www.notibras.com\\\/site\\\/pensando-ca-com-meus-botoes-afinal-quem-manda-no-pais\\\/\"},\"wordCount\":1471,\"commentCount\":0,\"publisher\":{\"@id\":\"https:\\\/\\\/www.notibras.com\\\/site\\\/#organization\"},\"image\":{\"@id\":\"https:\\\/\\\/www.notibras.com\\\/site\\\/pensando-ca-com-meus-botoes-afinal-quem-manda-no-pais\\\/#primaryimage\"},\"thumbnailUrl\":\"https:\\\/\\\/www.notibras.com\\\/site\\\/wp-content\\\/uploads\\\/2015\\\/04\\\/dupla.jpg\",\"articleSection\":[\"Opina a\u00ed\"],\"inLanguage\":\"pt-BR\",\"potentialAction\":[{\"@type\":\"CommentAction\",\"name\":\"Comment\",\"target\":[\"https:\\\/\\\/www.notibras.com\\\/site\\\/pensando-ca-com-meus-botoes-afinal-quem-manda-no-pais\\\/#respond\"]}]},{\"@type\":\"WebPage\",\"@id\":\"https:\\\/\\\/www.notibras.com\\\/site\\\/pensando-ca-com-meus-botoes-afinal-quem-manda-no-pais\\\/\",\"url\":\"https:\\\/\\\/www.notibras.com\\\/site\\\/pensando-ca-com-meus-botoes-afinal-quem-manda-no-pais\\\/\",\"name\":\"Pensando c\u00e1 com meus bot\u00f5es. Afinal, quem manda no Pa\u00eds? - Notibras\",\"isPartOf\":{\"@id\":\"https:\\\/\\\/www.notibras.com\\\/site\\\/#website\"},\"primaryImageOfPage\":{\"@id\":\"https:\\\/\\\/www.notibras.com\\\/site\\\/pensando-ca-com-meus-botoes-afinal-quem-manda-no-pais\\\/#primaryimage\"},\"image\":{\"@id\":\"https:\\\/\\\/www.notibras.com\\\/site\\\/pensando-ca-com-meus-botoes-afinal-quem-manda-no-pais\\\/#primaryimage\"},\"thumbnailUrl\":\"https:\\\/\\\/www.notibras.com\\\/site\\\/wp-content\\\/uploads\\\/2015\\\/04\\\/dupla.jpg\",\"datePublished\":\"2015-04-25T12:06:35+00:00\",\"breadcrumb\":{\"@id\":\"https:\\\/\\\/www.notibras.com\\\/site\\\/pensando-ca-com-meus-botoes-afinal-quem-manda-no-pais\\\/#breadcrumb\"},\"inLanguage\":\"pt-BR\",\"potentialAction\":[{\"@type\":\"ReadAction\",\"target\":[\"https:\\\/\\\/www.notibras.com\\\/site\\\/pensando-ca-com-meus-botoes-afinal-quem-manda-no-pais\\\/\"]}]},{\"@type\":\"ImageObject\",\"inLanguage\":\"pt-BR\",\"@id\":\"https:\\\/\\\/www.notibras.com\\\/site\\\/pensando-ca-com-meus-botoes-afinal-quem-manda-no-pais\\\/#primaryimage\",\"url\":\"https:\\\/\\\/www.notibras.com\\\/site\\\/wp-content\\\/uploads\\\/2015\\\/04\\\/dupla.jpg\",\"contentUrl\":\"https:\\\/\\\/www.notibras.com\\\/site\\\/wp-content\\\/uploads\\\/2015\\\/04\\\/dupla.jpg\",\"width\":1181,\"height\":701},{\"@type\":\"BreadcrumbList\",\"@id\":\"https:\\\/\\\/www.notibras.com\\\/site\\\/pensando-ca-com-meus-botoes-afinal-quem-manda-no-pais\\\/#breadcrumb\",\"itemListElement\":[{\"@type\":\"ListItem\",\"position\":1,\"name\":\"In\u00edcio\",\"item\":\"https:\\\/\\\/www.notibras.com\\\/site\\\/\"},{\"@type\":\"ListItem\",\"position\":2,\"name\":\"Pensando c\u00e1 com meus bot\u00f5es. Afinal, quem manda no Pa\u00eds?\"}]},{\"@type\":\"WebSite\",\"@id\":\"https:\\\/\\\/www.notibras.com\\\/site\\\/#website\",\"url\":\"https:\\\/\\\/www.notibras.com\\\/site\\\/\",\"name\":\"Notibras\",\"description\":\"Not\u00edcias de Bras\u00edlia, do Brasil e do Mundo\",\"publisher\":{\"@id\":\"https:\\\/\\\/www.notibras.com\\\/site\\\/#organization\"},\"potentialAction\":[{\"@type\":\"SearchAction\",\"target\":{\"@type\":\"EntryPoint\",\"urlTemplate\":\"https:\\\/\\\/www.notibras.com\\\/site\\\/?s={search_term_string}\"},\"query-input\":{\"@type\":\"PropertyValueSpecification\",\"valueRequired\":true,\"valueName\":\"search_term_string\"}}],\"inLanguage\":\"pt-BR\"},{\"@type\":\"Organization\",\"@id\":\"https:\\\/\\\/www.notibras.com\\\/site\\\/#organization\",\"name\":\"Grupo Notibras de Comunica\u00e7\u00e3o\",\"url\":\"https:\\\/\\\/www.notibras.com\\\/site\\\/\",\"logo\":{\"@type\":\"ImageObject\",\"inLanguage\":\"pt-BR\",\"@id\":\"https:\\\/\\\/www.notibras.com\\\/site\\\/#\\\/schema\\\/logo\\\/image\\\/\",\"url\":\"https:\\\/\\\/www.notibras.com\\\/site\\\/wp-content\\\/uploads\\\/2023\\\/01\\\/notibras23.png\",\"contentUrl\":\"https:\\\/\\\/www.notibras.com\\\/site\\\/wp-content\\\/uploads\\\/2023\\\/01\\\/notibras23.png\",\"width\":350,\"height\":87,\"caption\":\"Grupo Notibras de Comunica\u00e7\u00e3o\"},\"image\":{\"@id\":\"https:\\\/\\\/www.notibras.com\\\/site\\\/#\\\/schema\\\/logo\\\/image\\\/\"},\"sameAs\":[\"https:\\\/\\\/www.facebook.com\\\/notibras\\\/\",\"https:\\\/\\\/x.com\\\/Notibras\",\"https:\\\/\\\/www.instagram.com\\\/notibras\\\/\"]},{\"@type\":\"Person\",\"@id\":\"https:\\\/\\\/www.notibras.com\\\/site\\\/#\\\/schema\\\/person\\\/36ab0979449956132d3e5b517ea76ac8\",\"name\":\"Reda\u00e7\u00e3o\",\"image\":{\"@type\":\"ImageObject\",\"inLanguage\":\"pt-BR\",\"@id\":\"https:\\\/\\\/secure.gravatar.com\\\/avatar\\\/e0a867bdedb85fd243eadf09663511f96fc81e0720a4a42581f334ad4303aa6b?s=96&d=mm&r=g\",\"url\":\"https:\\\/\\\/secure.gravatar.com\\\/avatar\\\/e0a867bdedb85fd243eadf09663511f96fc81e0720a4a42581f334ad4303aa6b?s=96&d=mm&r=g\",\"contentUrl\":\"https:\\\/\\\/secure.gravatar.com\\\/avatar\\\/e0a867bdedb85fd243eadf09663511f96fc81e0720a4a42581f334ad4303aa6b?s=96&d=mm&r=g\",\"caption\":\"Reda\u00e7\u00e3o\"}}]}<\/script>\n<!-- \/ Yoast SEO plugin. -->","yoast_head_json":{"title":"Pensando c\u00e1 com meus bot\u00f5es. Afinal, quem manda no Pa\u00eds? - Notibras","robots":{"index":"index","follow":"follow","max-snippet":"max-snippet:-1","max-image-preview":"max-image-preview:large","max-video-preview":"max-video-preview:-1"},"canonical":"https:\/\/www.notibras.com\/site\/pensando-ca-com-meus-botoes-afinal-quem-manda-no-pais\/","og_locale":"pt_BR","og_type":"article","og_title":"Pensando c\u00e1 com meus bot\u00f5es. Afinal, quem manda no Pa\u00eds? - Notibras","og_description":"\u00c9 importante, especialmente em situa\u00e7\u00f5es cr\u00edticas como a que vivemos no Brasil, atentar mais para os fatos que para ideologias. N\u00e3o que teorias n\u00e3o possam ser \u00fateis, mas,\u00a0 para gente honesta e consciente de seus interesses,\u00a0 elas s\u00f3 se validam se forem conformes \u00e0\u00a0 realidade. Ao contr\u00e1rio, o sistema de poder concentrador &#8211;\u00a0 que objetiva, [&hellip;]","og_url":"https:\/\/www.notibras.com\/site\/pensando-ca-com-meus-botoes-afinal-quem-manda-no-pais\/","og_site_name":"Notibras","article_publisher":"https:\/\/www.facebook.com\/notibras\/","article_published_time":"2015-04-25T12:06:35+00:00","og_image":[{"width":1181,"height":701,"url":"https:\/\/www.notibras.com\/site\/wp-content\/uploads\/2015\/04\/dupla.jpg","type":"image\/jpeg"}],"author":"Reda\u00e7\u00e3o","twitter_card":"summary_large_image","twitter_creator":"@Notibras","twitter_site":"@Notibras","twitter_misc":{"Escrito por":"Reda\u00e7\u00e3o","Est. tempo de leitura":"7 minutos"},"schema":{"@context":"https:\/\/schema.org","@graph":[{"@type":"Article","@id":"https:\/\/www.notibras.com\/site\/pensando-ca-com-meus-botoes-afinal-quem-manda-no-pais\/#article","isPartOf":{"@id":"https:\/\/www.notibras.com\/site\/pensando-ca-com-meus-botoes-afinal-quem-manda-no-pais\/"},"author":{"name":"Reda\u00e7\u00e3o","@id":"https:\/\/www.notibras.com\/site\/#\/schema\/person\/36ab0979449956132d3e5b517ea76ac8"},"headline":"Pensando c\u00e1 com meus bot\u00f5es. Afinal, quem manda no Pa\u00eds?","datePublished":"2015-04-25T12:06:35+00:00","mainEntityOfPage":{"@id":"https:\/\/www.notibras.com\/site\/pensando-ca-com-meus-botoes-afinal-quem-manda-no-pais\/"},"wordCount":1471,"commentCount":0,"publisher":{"@id":"https:\/\/www.notibras.com\/site\/#organization"},"image":{"@id":"https:\/\/www.notibras.com\/site\/pensando-ca-com-meus-botoes-afinal-quem-manda-no-pais\/#primaryimage"},"thumbnailUrl":"https:\/\/www.notibras.com\/site\/wp-content\/uploads\/2015\/04\/dupla.jpg","articleSection":["Opina a\u00ed"],"inLanguage":"pt-BR","potentialAction":[{"@type":"CommentAction","name":"Comment","target":["https:\/\/www.notibras.com\/site\/pensando-ca-com-meus-botoes-afinal-quem-manda-no-pais\/#respond"]}]},{"@type":"WebPage","@id":"https:\/\/www.notibras.com\/site\/pensando-ca-com-meus-botoes-afinal-quem-manda-no-pais\/","url":"https:\/\/www.notibras.com\/site\/pensando-ca-com-meus-botoes-afinal-quem-manda-no-pais\/","name":"Pensando c\u00e1 com meus bot\u00f5es. Afinal, quem manda no Pa\u00eds? - Notibras","isPartOf":{"@id":"https:\/\/www.notibras.com\/site\/#website"},"primaryImageOfPage":{"@id":"https:\/\/www.notibras.com\/site\/pensando-ca-com-meus-botoes-afinal-quem-manda-no-pais\/#primaryimage"},"image":{"@id":"https:\/\/www.notibras.com\/site\/pensando-ca-com-meus-botoes-afinal-quem-manda-no-pais\/#primaryimage"},"thumbnailUrl":"https:\/\/www.notibras.com\/site\/wp-content\/uploads\/2015\/04\/dupla.jpg","datePublished":"2015-04-25T12:06:35+00:00","breadcrumb":{"@id":"https:\/\/www.notibras.com\/site\/pensando-ca-com-meus-botoes-afinal-quem-manda-no-pais\/#breadcrumb"},"inLanguage":"pt-BR","potentialAction":[{"@type":"ReadAction","target":["https:\/\/www.notibras.com\/site\/pensando-ca-com-meus-botoes-afinal-quem-manda-no-pais\/"]}]},{"@type":"ImageObject","inLanguage":"pt-BR","@id":"https:\/\/www.notibras.com\/site\/pensando-ca-com-meus-botoes-afinal-quem-manda-no-pais\/#primaryimage","url":"https:\/\/www.notibras.com\/site\/wp-content\/uploads\/2015\/04\/dupla.jpg","contentUrl":"https:\/\/www.notibras.com\/site\/wp-content\/uploads\/2015\/04\/dupla.jpg","width":1181,"height":701},{"@type":"BreadcrumbList","@id":"https:\/\/www.notibras.com\/site\/pensando-ca-com-meus-botoes-afinal-quem-manda-no-pais\/#breadcrumb","itemListElement":[{"@type":"ListItem","position":1,"name":"In\u00edcio","item":"https:\/\/www.notibras.com\/site\/"},{"@type":"ListItem","position":2,"name":"Pensando c\u00e1 com meus bot\u00f5es. Afinal, quem manda no Pa\u00eds?"}]},{"@type":"WebSite","@id":"https:\/\/www.notibras.com\/site\/#website","url":"https:\/\/www.notibras.com\/site\/","name":"Notibras","description":"Not\u00edcias de Bras\u00edlia, do Brasil e do Mundo","publisher":{"@id":"https:\/\/www.notibras.com\/site\/#organization"},"potentialAction":[{"@type":"SearchAction","target":{"@type":"EntryPoint","urlTemplate":"https:\/\/www.notibras.com\/site\/?s={search_term_string}"},"query-input":{"@type":"PropertyValueSpecification","valueRequired":true,"valueName":"search_term_string"}}],"inLanguage":"pt-BR"},{"@type":"Organization","@id":"https:\/\/www.notibras.com\/site\/#organization","name":"Grupo Notibras de Comunica\u00e7\u00e3o","url":"https:\/\/www.notibras.com\/site\/","logo":{"@type":"ImageObject","inLanguage":"pt-BR","@id":"https:\/\/www.notibras.com\/site\/#\/schema\/logo\/image\/","url":"https:\/\/www.notibras.com\/site\/wp-content\/uploads\/2023\/01\/notibras23.png","contentUrl":"https:\/\/www.notibras.com\/site\/wp-content\/uploads\/2023\/01\/notibras23.png","width":350,"height":87,"caption":"Grupo Notibras de Comunica\u00e7\u00e3o"},"image":{"@id":"https:\/\/www.notibras.com\/site\/#\/schema\/logo\/image\/"},"sameAs":["https:\/\/www.facebook.com\/notibras\/","https:\/\/x.com\/Notibras","https:\/\/www.instagram.com\/notibras\/"]},{"@type":"Person","@id":"https:\/\/www.notibras.com\/site\/#\/schema\/person\/36ab0979449956132d3e5b517ea76ac8","name":"Reda\u00e7\u00e3o","image":{"@type":"ImageObject","inLanguage":"pt-BR","@id":"https:\/\/secure.gravatar.com\/avatar\/e0a867bdedb85fd243eadf09663511f96fc81e0720a4a42581f334ad4303aa6b?s=96&d=mm&r=g","url":"https:\/\/secure.gravatar.com\/avatar\/e0a867bdedb85fd243eadf09663511f96fc81e0720a4a42581f334ad4303aa6b?s=96&d=mm&r=g","contentUrl":"https:\/\/secure.gravatar.com\/avatar\/e0a867bdedb85fd243eadf09663511f96fc81e0720a4a42581f334ad4303aa6b?s=96&d=mm&r=g","caption":"Reda\u00e7\u00e3o"}}]}},"amp_enabled":true,"_links":{"self":[{"href":"https:\/\/www.notibras.com\/site\/wp-json\/wp\/v2\/posts\/45385","targetHints":{"allow":["GET"]}}],"collection":[{"href":"https:\/\/www.notibras.com\/site\/wp-json\/wp\/v2\/posts"}],"about":[{"href":"https:\/\/www.notibras.com\/site\/wp-json\/wp\/v2\/types\/post"}],"author":[{"embeddable":true,"href":"https:\/\/www.notibras.com\/site\/wp-json\/wp\/v2\/users\/2"}],"replies":[{"embeddable":true,"href":"https:\/\/www.notibras.com\/site\/wp-json\/wp\/v2\/comments?post=45385"}],"version-history":[{"count":0,"href":"https:\/\/www.notibras.com\/site\/wp-json\/wp\/v2\/posts\/45385\/revisions"}],"wp:featuredmedia":[{"embeddable":true,"href":"https:\/\/www.notibras.com\/site\/wp-json\/wp\/v2\/media\/45386"}],"wp:attachment":[{"href":"https:\/\/www.notibras.com\/site\/wp-json\/wp\/v2\/media?parent=45385"}],"wp:term":[{"taxonomy":"category","embeddable":true,"href":"https:\/\/www.notibras.com\/site\/wp-json\/wp\/v2\/categories?post=45385"},{"taxonomy":"post_tag","embeddable":true,"href":"https:\/\/www.notibras.com\/site\/wp-json\/wp\/v2\/tags?post=45385"}],"curies":[{"name":"wp","href":"https:\/\/api.w.org\/{rel}","templated":true}]}}