{"id":45394,"date":"2015-04-25T09:19:53","date_gmt":"2015-04-25T12:19:53","guid":{"rendered":"http:\/\/www.notibras.com\/site\/?p=45394"},"modified":"2015-04-25T09:19:53","modified_gmt":"2015-04-25T12:19:53","slug":"hamilton-posa-de-cueca-posta-foto-e-gera-polemica-na-web","status":"publish","type":"post","link":"https:\/\/www.notibras.com\/site\/hamilton-posa-de-cueca-posta-foto-e-gera-polemica-na-web\/","title":{"rendered":"Hamilton posa de cueca, posta foto e gera pol\u00eamica na web"},"content":{"rendered":"<div class=\"articleData\">\n<p class=\"text\">Acostumado a aparecer na m\u00eddia sempre coberto com muitas roupas &#8211; capacete, luvas, macac\u00e3o, sapatilhas e balaclava -, Lewis Hamilton decidiu surgir mais \u00e0 vontade na quinta-feira 23. Vestindo apenas cuecas e \u00f3culos de sol, o piloto ingl\u00eas publicou uma foto nas redes sociais durante sua folga, enquanto se prepara para o Grande Pr\u00eamio de F\u00f3rmula 1 de Barcelona, e causou alvoro\u00e7o na internet.<\/p>\n<p class=\"text\">De perfil, o piloto ingl\u00eas exibiu uma tatuagem que cobre as costas inteiras, pegando ainda todo o bra\u00e7o direito, um penteado arrojado,\u00a0que fez alguns jornais espanh\u00f3is lembrarem o corte de Neymar. O piloto ainda usava\u00a0uma cueca branca, apertad\u00edssima, fazendo quest\u00e3o de marcar as partes \u00edntimas do l\u00edder do Mundial.<\/p>\n<blockquote>\n<p class=\"text\">Nos coment\u00e1rios, muitos impublic\u00e1veis para menores de 18 anos, algumas mulheres elogiaram o estilo do atual campe\u00e3o mundial, f\u00e3s pediram indica\u00e7\u00e3o de onde comprar as pe\u00e7as, para ficaram parecidos com o piloto, e outros criticaram a exposi\u00e7\u00e3o do ingl\u00eas.<\/p>\n<\/blockquote>\n<p class=\"text\">\n<\/div>\n","protected":false},"excerpt":{"rendered":"<p>Acostumado a aparecer na m\u00eddia sempre coberto com muitas roupas &#8211; capacete, luvas, macac\u00e3o, sapatilhas e balaclava -, Lewis Hamilton decidiu surgir mais \u00e0 vontade na quinta-feira 23. Vestindo apenas cuecas e \u00f3culos de sol, o piloto ingl\u00eas publicou uma foto nas redes sociais durante sua folga, enquanto se prepara para o Grande Pr\u00eamio de [&hellip;]<\/p>\n","protected":false},"author":2,"featured_media":45395,"comment_status":"open","ping_status":"closed","sticky":false,"template":"","format":"standard","meta":{"_acf_changed":false,"footnotes":""},"categories":[27,19],"tags":[],"class_list":["post-45394","post","type-post","status-publish","format-standard","has-post-thumbnail","hentry","category-automobilismo","category-esportes"],"acf":[],"yoast_head":"<!-- This site is optimized with the Yoast SEO plugin v27.5 - https:\/\/yoast.com\/product\/yoast-seo-wordpress\/ -->\n<title>Hamilton posa de cueca, posta foto e gera pol\u00eamica na web - Notibras<\/title>\n<meta name=\"robots\" content=\"index, follow, max-snippet:-1, max-image-preview:large, max-video-preview:-1\" \/>\n<link rel=\"canonical\" href=\"https:\/\/www.notibras.com\/site\/hamilton-posa-de-cueca-posta-foto-e-gera-polemica-na-web\/\" \/>\n<meta property=\"og:locale\" content=\"pt_BR\" \/>\n<meta property=\"og:type\" content=\"article\" \/>\n<meta property=\"og:title\" content=\"Hamilton posa de cueca, posta foto e gera pol\u00eamica na web - Notibras\" \/>\n<meta property=\"og:description\" content=\"Acostumado a aparecer na m\u00eddia sempre coberto com muitas roupas &#8211; capacete, luvas, macac\u00e3o, sapatilhas e balaclava -, Lewis Hamilton decidiu surgir mais \u00e0 vontade na quinta-feira 23. Vestindo apenas cuecas e \u00f3culos de sol, o piloto ingl\u00eas publicou uma foto nas redes sociais durante sua folga, enquanto se prepara para o Grande Pr\u00eamio de [&hellip;]\" \/>\n<meta property=\"og:url\" content=\"https:\/\/www.notibras.com\/site\/hamilton-posa-de-cueca-posta-foto-e-gera-polemica-na-web\/\" \/>\n<meta property=\"og:site_name\" content=\"Notibras\" \/>\n<meta property=\"article:publisher\" content=\"https:\/\/www.facebook.com\/notibras\/\" \/>\n<meta property=\"article:published_time\" content=\"2015-04-25T12:19:53+00:00\" \/>\n<meta property=\"og:image\" content=\"https:\/\/www.notibras.com\/site\/wp-content\/uploads\/2015\/04\/lhcueca.jpg\" \/>\n\t<meta property=\"og:image:width\" content=\"460\" \/>\n\t<meta property=\"og:image:height\" content=\"459\" \/>\n\t<meta property=\"og:image:type\" content=\"image\/jpeg\" \/>\n<meta name=\"author\" content=\"Reda\u00e7\u00e3o\" \/>\n<meta name=\"twitter:card\" content=\"summary_large_image\" \/>\n<meta name=\"twitter:creator\" content=\"@Notibras\" \/>\n<meta name=\"twitter:site\" content=\"@Notibras\" \/>\n<meta name=\"twitter:label1\" content=\"Escrito por\" \/>\n\t<meta name=\"twitter:data1\" content=\"Reda\u00e7\u00e3o\" \/>\n\t<meta name=\"twitter:label2\" content=\"Est. tempo de leitura\" \/>\n\t<meta name=\"twitter:data2\" content=\"1 minuto\" \/>\n<script type=\"application\/ld+json\" class=\"yoast-schema-graph\">{\"@context\":\"https:\\\/\\\/schema.org\",\"@graph\":[{\"@type\":\"Article\",\"@id\":\"https:\\\/\\\/www.notibras.com\\\/site\\\/hamilton-posa-de-cueca-posta-foto-e-gera-polemica-na-web\\\/#article\",\"isPartOf\":{\"@id\":\"https:\\\/\\\/www.notibras.com\\\/site\\\/hamilton-posa-de-cueca-posta-foto-e-gera-polemica-na-web\\\/\"},\"author\":{\"name\":\"Reda\u00e7\u00e3o\",\"@id\":\"https:\\\/\\\/www.notibras.com\\\/site\\\/#\\\/schema\\\/person\\\/36ab0979449956132d3e5b517ea76ac8\"},\"headline\":\"Hamilton posa de cueca, posta foto e gera pol\u00eamica na web\",\"datePublished\":\"2015-04-25T12:19:53+00:00\",\"mainEntityOfPage\":{\"@id\":\"https:\\\/\\\/www.notibras.com\\\/site\\\/hamilton-posa-de-cueca-posta-foto-e-gera-polemica-na-web\\\/\"},\"wordCount\":182,\"commentCount\":0,\"publisher\":{\"@id\":\"https:\\\/\\\/www.notibras.com\\\/site\\\/#organization\"},\"image\":{\"@id\":\"https:\\\/\\\/www.notibras.com\\\/site\\\/hamilton-posa-de-cueca-posta-foto-e-gera-polemica-na-web\\\/#primaryimage\"},\"thumbnailUrl\":\"https:\\\/\\\/www.notibras.com\\\/site\\\/wp-content\\\/uploads\\\/2015\\\/04\\\/lhcueca.jpg\",\"articleSection\":[\"Automobilismo\",\"Esportes\"],\"inLanguage\":\"pt-BR\",\"potentialAction\":[{\"@type\":\"CommentAction\",\"name\":\"Comment\",\"target\":[\"https:\\\/\\\/www.notibras.com\\\/site\\\/hamilton-posa-de-cueca-posta-foto-e-gera-polemica-na-web\\\/#respond\"]}]},{\"@type\":\"WebPage\",\"@id\":\"https:\\\/\\\/www.notibras.com\\\/site\\\/hamilton-posa-de-cueca-posta-foto-e-gera-polemica-na-web\\\/\",\"url\":\"https:\\\/\\\/www.notibras.com\\\/site\\\/hamilton-posa-de-cueca-posta-foto-e-gera-polemica-na-web\\\/\",\"name\":\"Hamilton posa de cueca, posta foto e gera pol\u00eamica na web - Notibras\",\"isPartOf\":{\"@id\":\"https:\\\/\\\/www.notibras.com\\\/site\\\/#website\"},\"primaryImageOfPage\":{\"@id\":\"https:\\\/\\\/www.notibras.com\\\/site\\\/hamilton-posa-de-cueca-posta-foto-e-gera-polemica-na-web\\\/#primaryimage\"},\"image\":{\"@id\":\"https:\\\/\\\/www.notibras.com\\\/site\\\/hamilton-posa-de-cueca-posta-foto-e-gera-polemica-na-web\\\/#primaryimage\"},\"thumbnailUrl\":\"https:\\\/\\\/www.notibras.com\\\/site\\\/wp-content\\\/uploads\\\/2015\\\/04\\\/lhcueca.jpg\",\"datePublished\":\"2015-04-25T12:19:53+00:00\",\"breadcrumb\":{\"@id\":\"https:\\\/\\\/www.notibras.com\\\/site\\\/hamilton-posa-de-cueca-posta-foto-e-gera-polemica-na-web\\\/#breadcrumb\"},\"inLanguage\":\"pt-BR\",\"potentialAction\":[{\"@type\":\"ReadAction\",\"target\":[\"https:\\\/\\\/www.notibras.com\\\/site\\\/hamilton-posa-de-cueca-posta-foto-e-gera-polemica-na-web\\\/\"]}]},{\"@type\":\"ImageObject\",\"inLanguage\":\"pt-BR\",\"@id\":\"https:\\\/\\\/www.notibras.com\\\/site\\\/hamilton-posa-de-cueca-posta-foto-e-gera-polemica-na-web\\\/#primaryimage\",\"url\":\"https:\\\/\\\/www.notibras.com\\\/site\\\/wp-content\\\/uploads\\\/2015\\\/04\\\/lhcueca.jpg\",\"contentUrl\":\"https:\\\/\\\/www.notibras.com\\\/site\\\/wp-content\\\/uploads\\\/2015\\\/04\\\/lhcueca.jpg\",\"width\":460,\"height\":459},{\"@type\":\"BreadcrumbList\",\"@id\":\"https:\\\/\\\/www.notibras.com\\\/site\\\/hamilton-posa-de-cueca-posta-foto-e-gera-polemica-na-web\\\/#breadcrumb\",\"itemListElement\":[{\"@type\":\"ListItem\",\"position\":1,\"name\":\"In\u00edcio\",\"item\":\"https:\\\/\\\/www.notibras.com\\\/site\\\/\"},{\"@type\":\"ListItem\",\"position\":2,\"name\":\"Hamilton posa de cueca, posta foto e gera pol\u00eamica na web\"}]},{\"@type\":\"WebSite\",\"@id\":\"https:\\\/\\\/www.notibras.com\\\/site\\\/#website\",\"url\":\"https:\\\/\\\/www.notibras.com\\\/site\\\/\",\"name\":\"Notibras\",\"description\":\"Not\u00edcias de Bras\u00edlia, do Brasil e do Mundo\",\"publisher\":{\"@id\":\"https:\\\/\\\/www.notibras.com\\\/site\\\/#organization\"},\"potentialAction\":[{\"@type\":\"SearchAction\",\"target\":{\"@type\":\"EntryPoint\",\"urlTemplate\":\"https:\\\/\\\/www.notibras.com\\\/site\\\/?s={search_term_string}\"},\"query-input\":{\"@type\":\"PropertyValueSpecification\",\"valueRequired\":true,\"valueName\":\"search_term_string\"}}],\"inLanguage\":\"pt-BR\"},{\"@type\":\"Organization\",\"@id\":\"https:\\\/\\\/www.notibras.com\\\/site\\\/#organization\",\"name\":\"Grupo Notibras de Comunica\u00e7\u00e3o\",\"url\":\"https:\\\/\\\/www.notibras.com\\\/site\\\/\",\"logo\":{\"@type\":\"ImageObject\",\"inLanguage\":\"pt-BR\",\"@id\":\"https:\\\/\\\/www.notibras.com\\\/site\\\/#\\\/schema\\\/logo\\\/image\\\/\",\"url\":\"https:\\\/\\\/www.notibras.com\\\/site\\\/wp-content\\\/uploads\\\/2023\\\/01\\\/notibras23.png\",\"contentUrl\":\"https:\\\/\\\/www.notibras.com\\\/site\\\/wp-content\\\/uploads\\\/2023\\\/01\\\/notibras23.png\",\"width\":350,\"height\":87,\"caption\":\"Grupo Notibras de Comunica\u00e7\u00e3o\"},\"image\":{\"@id\":\"https:\\\/\\\/www.notibras.com\\\/site\\\/#\\\/schema\\\/logo\\\/image\\\/\"},\"sameAs\":[\"https:\\\/\\\/www.facebook.com\\\/notibras\\\/\",\"https:\\\/\\\/x.com\\\/Notibras\",\"https:\\\/\\\/www.instagram.com\\\/notibras\\\/\"]},{\"@type\":\"Person\",\"@id\":\"https:\\\/\\\/www.notibras.com\\\/site\\\/#\\\/schema\\\/person\\\/36ab0979449956132d3e5b517ea76ac8\",\"name\":\"Reda\u00e7\u00e3o\",\"image\":{\"@type\":\"ImageObject\",\"inLanguage\":\"pt-BR\",\"@id\":\"https:\\\/\\\/secure.gravatar.com\\\/avatar\\\/e0a867bdedb85fd243eadf09663511f96fc81e0720a4a42581f334ad4303aa6b?s=96&d=mm&r=g\",\"url\":\"https:\\\/\\\/secure.gravatar.com\\\/avatar\\\/e0a867bdedb85fd243eadf09663511f96fc81e0720a4a42581f334ad4303aa6b?s=96&d=mm&r=g\",\"contentUrl\":\"https:\\\/\\\/secure.gravatar.com\\\/avatar\\\/e0a867bdedb85fd243eadf09663511f96fc81e0720a4a42581f334ad4303aa6b?s=96&d=mm&r=g\",\"caption\":\"Reda\u00e7\u00e3o\"}}]}<\/script>\n<!-- \/ Yoast SEO plugin. -->","yoast_head_json":{"title":"Hamilton posa de cueca, posta foto e gera pol\u00eamica na web - Notibras","robots":{"index":"index","follow":"follow","max-snippet":"max-snippet:-1","max-image-preview":"max-image-preview:large","max-video-preview":"max-video-preview:-1"},"canonical":"https:\/\/www.notibras.com\/site\/hamilton-posa-de-cueca-posta-foto-e-gera-polemica-na-web\/","og_locale":"pt_BR","og_type":"article","og_title":"Hamilton posa de cueca, posta foto e gera pol\u00eamica na web - Notibras","og_description":"Acostumado a aparecer na m\u00eddia sempre coberto com muitas roupas &#8211; capacete, luvas, macac\u00e3o, sapatilhas e balaclava -, Lewis Hamilton decidiu surgir mais \u00e0 vontade na quinta-feira 23. Vestindo apenas cuecas e \u00f3culos de sol, o piloto ingl\u00eas publicou uma foto nas redes sociais durante sua folga, enquanto se prepara para o Grande Pr\u00eamio de [&hellip;]","og_url":"https:\/\/www.notibras.com\/site\/hamilton-posa-de-cueca-posta-foto-e-gera-polemica-na-web\/","og_site_name":"Notibras","article_publisher":"https:\/\/www.facebook.com\/notibras\/","article_published_time":"2015-04-25T12:19:53+00:00","og_image":[{"width":460,"height":459,"url":"https:\/\/www.notibras.com\/site\/wp-content\/uploads\/2015\/04\/lhcueca.jpg","type":"image\/jpeg"}],"author":"Reda\u00e7\u00e3o","twitter_card":"summary_large_image","twitter_creator":"@Notibras","twitter_site":"@Notibras","twitter_misc":{"Escrito por":"Reda\u00e7\u00e3o","Est. tempo de leitura":"1 minuto"},"schema":{"@context":"https:\/\/schema.org","@graph":[{"@type":"Article","@id":"https:\/\/www.notibras.com\/site\/hamilton-posa-de-cueca-posta-foto-e-gera-polemica-na-web\/#article","isPartOf":{"@id":"https:\/\/www.notibras.com\/site\/hamilton-posa-de-cueca-posta-foto-e-gera-polemica-na-web\/"},"author":{"name":"Reda\u00e7\u00e3o","@id":"https:\/\/www.notibras.com\/site\/#\/schema\/person\/36ab0979449956132d3e5b517ea76ac8"},"headline":"Hamilton posa de cueca, posta foto e gera pol\u00eamica na web","datePublished":"2015-04-25T12:19:53+00:00","mainEntityOfPage":{"@id":"https:\/\/www.notibras.com\/site\/hamilton-posa-de-cueca-posta-foto-e-gera-polemica-na-web\/"},"wordCount":182,"commentCount":0,"publisher":{"@id":"https:\/\/www.notibras.com\/site\/#organization"},"image":{"@id":"https:\/\/www.notibras.com\/site\/hamilton-posa-de-cueca-posta-foto-e-gera-polemica-na-web\/#primaryimage"},"thumbnailUrl":"https:\/\/www.notibras.com\/site\/wp-content\/uploads\/2015\/04\/lhcueca.jpg","articleSection":["Automobilismo","Esportes"],"inLanguage":"pt-BR","potentialAction":[{"@type":"CommentAction","name":"Comment","target":["https:\/\/www.notibras.com\/site\/hamilton-posa-de-cueca-posta-foto-e-gera-polemica-na-web\/#respond"]}]},{"@type":"WebPage","@id":"https:\/\/www.notibras.com\/site\/hamilton-posa-de-cueca-posta-foto-e-gera-polemica-na-web\/","url":"https:\/\/www.notibras.com\/site\/hamilton-posa-de-cueca-posta-foto-e-gera-polemica-na-web\/","name":"Hamilton posa de cueca, posta foto e gera pol\u00eamica na web - Notibras","isPartOf":{"@id":"https:\/\/www.notibras.com\/site\/#website"},"primaryImageOfPage":{"@id":"https:\/\/www.notibras.com\/site\/hamilton-posa-de-cueca-posta-foto-e-gera-polemica-na-web\/#primaryimage"},"image":{"@id":"https:\/\/www.notibras.com\/site\/hamilton-posa-de-cueca-posta-foto-e-gera-polemica-na-web\/#primaryimage"},"thumbnailUrl":"https:\/\/www.notibras.com\/site\/wp-content\/uploads\/2015\/04\/lhcueca.jpg","datePublished":"2015-04-25T12:19:53+00:00","breadcrumb":{"@id":"https:\/\/www.notibras.com\/site\/hamilton-posa-de-cueca-posta-foto-e-gera-polemica-na-web\/#breadcrumb"},"inLanguage":"pt-BR","potentialAction":[{"@type":"ReadAction","target":["https:\/\/www.notibras.com\/site\/hamilton-posa-de-cueca-posta-foto-e-gera-polemica-na-web\/"]}]},{"@type":"ImageObject","inLanguage":"pt-BR","@id":"https:\/\/www.notibras.com\/site\/hamilton-posa-de-cueca-posta-foto-e-gera-polemica-na-web\/#primaryimage","url":"https:\/\/www.notibras.com\/site\/wp-content\/uploads\/2015\/04\/lhcueca.jpg","contentUrl":"https:\/\/www.notibras.com\/site\/wp-content\/uploads\/2015\/04\/lhcueca.jpg","width":460,"height":459},{"@type":"BreadcrumbList","@id":"https:\/\/www.notibras.com\/site\/hamilton-posa-de-cueca-posta-foto-e-gera-polemica-na-web\/#breadcrumb","itemListElement":[{"@type":"ListItem","position":1,"name":"In\u00edcio","item":"https:\/\/www.notibras.com\/site\/"},{"@type":"ListItem","position":2,"name":"Hamilton posa de cueca, posta foto e gera pol\u00eamica na web"}]},{"@type":"WebSite","@id":"https:\/\/www.notibras.com\/site\/#website","url":"https:\/\/www.notibras.com\/site\/","name":"Notibras","description":"Not\u00edcias de Bras\u00edlia, do Brasil e do Mundo","publisher":{"@id":"https:\/\/www.notibras.com\/site\/#organization"},"potentialAction":[{"@type":"SearchAction","target":{"@type":"EntryPoint","urlTemplate":"https:\/\/www.notibras.com\/site\/?s={search_term_string}"},"query-input":{"@type":"PropertyValueSpecification","valueRequired":true,"valueName":"search_term_string"}}],"inLanguage":"pt-BR"},{"@type":"Organization","@id":"https:\/\/www.notibras.com\/site\/#organization","name":"Grupo Notibras de Comunica\u00e7\u00e3o","url":"https:\/\/www.notibras.com\/site\/","logo":{"@type":"ImageObject","inLanguage":"pt-BR","@id":"https:\/\/www.notibras.com\/site\/#\/schema\/logo\/image\/","url":"https:\/\/www.notibras.com\/site\/wp-content\/uploads\/2023\/01\/notibras23.png","contentUrl":"https:\/\/www.notibras.com\/site\/wp-content\/uploads\/2023\/01\/notibras23.png","width":350,"height":87,"caption":"Grupo Notibras de Comunica\u00e7\u00e3o"},"image":{"@id":"https:\/\/www.notibras.com\/site\/#\/schema\/logo\/image\/"},"sameAs":["https:\/\/www.facebook.com\/notibras\/","https:\/\/x.com\/Notibras","https:\/\/www.instagram.com\/notibras\/"]},{"@type":"Person","@id":"https:\/\/www.notibras.com\/site\/#\/schema\/person\/36ab0979449956132d3e5b517ea76ac8","name":"Reda\u00e7\u00e3o","image":{"@type":"ImageObject","inLanguage":"pt-BR","@id":"https:\/\/secure.gravatar.com\/avatar\/e0a867bdedb85fd243eadf09663511f96fc81e0720a4a42581f334ad4303aa6b?s=96&d=mm&r=g","url":"https:\/\/secure.gravatar.com\/avatar\/e0a867bdedb85fd243eadf09663511f96fc81e0720a4a42581f334ad4303aa6b?s=96&d=mm&r=g","contentUrl":"https:\/\/secure.gravatar.com\/avatar\/e0a867bdedb85fd243eadf09663511f96fc81e0720a4a42581f334ad4303aa6b?s=96&d=mm&r=g","caption":"Reda\u00e7\u00e3o"}}]}},"amp_enabled":true,"_links":{"self":[{"href":"https:\/\/www.notibras.com\/site\/wp-json\/wp\/v2\/posts\/45394","targetHints":{"allow":["GET"]}}],"collection":[{"href":"https:\/\/www.notibras.com\/site\/wp-json\/wp\/v2\/posts"}],"about":[{"href":"https:\/\/www.notibras.com\/site\/wp-json\/wp\/v2\/types\/post"}],"author":[{"embeddable":true,"href":"https:\/\/www.notibras.com\/site\/wp-json\/wp\/v2\/users\/2"}],"replies":[{"embeddable":true,"href":"https:\/\/www.notibras.com\/site\/wp-json\/wp\/v2\/comments?post=45394"}],"version-history":[{"count":0,"href":"https:\/\/www.notibras.com\/site\/wp-json\/wp\/v2\/posts\/45394\/revisions"}],"wp:featuredmedia":[{"embeddable":true,"href":"https:\/\/www.notibras.com\/site\/wp-json\/wp\/v2\/media\/45395"}],"wp:attachment":[{"href":"https:\/\/www.notibras.com\/site\/wp-json\/wp\/v2\/media?parent=45394"}],"wp:term":[{"taxonomy":"category","embeddable":true,"href":"https:\/\/www.notibras.com\/site\/wp-json\/wp\/v2\/categories?post=45394"},{"taxonomy":"post_tag","embeddable":true,"href":"https:\/\/www.notibras.com\/site\/wp-json\/wp\/v2\/tags?post=45394"}],"curies":[{"name":"wp","href":"https:\/\/api.w.org\/{rel}","templated":true}]}}