{"id":45461,"date":"2015-04-26T09:12:15","date_gmt":"2015-04-26T12:12:15","guid":{"rendered":"http:\/\/www.notibras.com\/site\/?p=45461"},"modified":"2015-04-26T17:38:45","modified_gmt":"2015-04-26T20:38:45","slug":"cidade-manchada-perde-museu-para-nao-manchar-cristovam","status":"publish","type":"post","link":"https:\/\/www.notibras.com\/site\/cidade-manchada-perde-museu-para-nao-manchar-cristovam\/","title":{"rendered":"Cidade manchada perde museu para n\u00e3o manchar Cristovam"},"content":{"rendered":"<p>Durante a busca por dados e informa\u00e7\u00f5es sobre um dos per\u00edodos mais negros da cidade Estrutural, uma por\u00e7\u00e3o de material foi encontrada, entre v\u00eddeos e fotos. Mas esse arquivo n\u00e3o representa sequer 10% de tudo o que foi reunido por moradores e l\u00edderes comunit\u00e1rios no Museu de Sangue, erguido onde ficava a casa de Roberto Jos\u00e9 dos Reis Filho, o Azul\u00e3o, sobrevivente da chacina de 8 de agosto de 1998.<\/p>\n<p>Apesar da import\u00e2ncia hist\u00f3rica para a cidade, o museu foi desativado. Segundo o ex-deputado distrital Jos\u00e9 Edmar, ouvido por <strong>Notibras,<\/strong> as portas foram fechadas devido um acordo firmado entre ele o senador Cristovam Buarque (PDT), governador na \u00e9poca. Mas n\u00e3o foi uma decis\u00e3o amig\u00e1vel. Ao contr\u00e1rio. Teria sido um achaque.<\/p>\n<p><img loading=\"lazy\" decoding=\"async\" class=\"alignnone size-full wp-image-45518\" src=\"http:\/\/www.notibras.com\/site\/wp-content\/uploads\/2015\/04\/Foto-1-a231227o-na-justi231-a.jpg\" alt=\"Foto 1 - a\u00e7\u00e3o na justi\u00e7-a\" width=\"660\" height=\"528\" srcset=\"https:\/\/www.notibras.com\/site\/wp-content\/uploads\/2015\/04\/Foto-1-a231227o-na-justi231-a.jpg 660w, https:\/\/www.notibras.com\/site\/wp-content\/uploads\/2015\/04\/Foto-1-a231227o-na-justi231-a-300x240.jpg 300w, https:\/\/www.notibras.com\/site\/wp-content\/uploads\/2015\/04\/Foto-1-a231227o-na-justi231-a-525x420.jpg 525w\" sizes=\"auto, (max-width: 660px) 100vw, 660px\" \/><br \/>\nEm setembro de 2002, Z\u00e9 Edmar foi condenado a pagar indeniza\u00e7\u00e3o por danos morais de 40 mil reais a Cristovam Buarque.\u00a0 Na mesma decis\u00e3o o ex-deputado teve que indenizar o PT em 10 mil. O valor da causa, no entanto, era de 384 mil. Tudo por associar, na imprensa, o nome do ex-governador a um grupo de exterm\u00ednio que agiu na Estrutural. A a\u00e7\u00e3o foi impetrada em dezembro de 1999, ap\u00f3s a derrota do ent\u00e3o chefe do Executivo em sua campanha de reelei\u00e7\u00e3o.<\/p>\n<p>Sem dinheiro para pagar a indeniza\u00e7\u00e3o, Z\u00e9 Edmar diz que recebeu a proposta de Cristovam para desativar o museu. Em troca, a d\u00edvida seria perdoada. Mas o principal motivo que teria impulsionado essa contrapartida era de que o museu poderia manchar de sangue o nome e as m\u00e3os do senador.<\/p>\n<p>O senador nega as acusa\u00e7\u00f5es e diz que todas as tratativas dessa a\u00e7\u00e3o foram gerenciadas apenas pelo advogado Claudismar Zupiroli. Sua entrevista ser\u00e1 publicada na \u00edntegra nesta segunda-feira, 27, e faz parte desta s\u00e9rie de reportagens especiais.<\/p>\n<p>Afora o preju\u00edzo financeiro por conta da a\u00e7\u00e3o, Z\u00e9 Edmar elenca outros \u201cpre\u00e7os pagos\u201d daquele per\u00edodo. \u201cForam in\u00fameras v\u00edtimas. Pessoas que morreram, ficaram mutiladas, bra\u00e7o quebrado, olho furado. Al\u00e9m daquelas que desapareceram. Tudo por causa da press\u00e3o de um governo nazista\u201d, compara.<\/p>\n<p>Her\u00f3i para alguns e at\u00e9 chamado de traidor por outros, o ex-deputado analisa os assassinatos ocorridos em 98. \u201cNum determinado momento de a\u00e7\u00f5es, a\u00e7\u00f5es e a\u00e7\u00f5es da PM aqui dentro, eles encontraram um camarada bruto. Na hora em que entraram no lote, o morador meteu bala. Foi dentro do lote. N\u00e3o foi na rua. Tem que se respeitar a vida humana do PM, mas \u00e9 preciso entender que o domic\u00edlio da pessoa \u00e9 inviol\u00e1vel\u201d, diz.<\/p>\n<p>Se o museu na Estrutural foi desativado, na mem\u00f3ria de Z\u00e9 Edmar n\u00e3o. Ele tem v\u00e1rias lembran\u00e7as. Negativas, \u00e9 claro. Uma delas \u00e9 esta: \u201cUm morador daqui (a entrevista foi cedida na pr\u00f3pria cidade) tinha um pequeno com\u00e9rcio. Um dia, por volta das 22h, eu cheguei e tinha um PM arrastando uma mulher. O seu marido gritando. Ela era dona de casa que estava dormindo com o seu marido a noite e a PM entrou na casa para pegar os buj\u00f5es de g\u00e1s\u201d.<\/p>\n<p>Mas vale um adendo importante. Nem todos os policiais militares nesse per\u00edodo eram coniventes com os conflitos, revela o ex-deputado. \u201cTinha muito policial que n\u00e3o aceitava o que acontecia aqui. Estavam do nosso lado. Deixavam passar comida. Davam informa\u00e7\u00f5es importantes\u201d, diz, reescrevendo parte da hist\u00f3ria.<\/p>\n<p><img loading=\"lazy\" decoding=\"async\" class=\"alignnone size-full wp-image-45519\" src=\"http:\/\/www.notibras.com\/site\/wp-content\/uploads\/2015\/04\/Foto-2-Ze-edmar-segura-o-livro.jpg\" alt=\"Foto 2 - Ze edmar segura o livro\" width=\"660\" height=\"439\" srcset=\"https:\/\/www.notibras.com\/site\/wp-content\/uploads\/2015\/04\/Foto-2-Ze-edmar-segura-o-livro.jpg 660w, https:\/\/www.notibras.com\/site\/wp-content\/uploads\/2015\/04\/Foto-2-Ze-edmar-segura-o-livro-300x200.jpg 300w, https:\/\/www.notibras.com\/site\/wp-content\/uploads\/2015\/04\/Foto-2-Ze-edmar-segura-o-livro-631x420.jpg 631w\" sizes=\"auto, (max-width: 660px) 100vw, 660px\" \/><br \/>\n<strong>Foi justi\u00e7a com as pr\u00f3prias m\u00e3os<\/strong><br \/>\nMuita coisa continua nebulosa no caso da chacina na Estrutural. As interroga\u00e7\u00f5es que existem, t\u00eam respostas que convergem para uma \u00fanica conclus\u00e3o: a que de fato as mortes ocorreram por vingan\u00e7a e n\u00e3o pela Opera\u00e7\u00e3o Tornado que visava o desarmamento da popula\u00e7\u00e3o. Essa opera\u00e7\u00e3o, inclusive, estava prevista para ocorrer apenas em Samambaia e Ceil\u00e2ndia. Mas os policiais militares decidiram desviar para a Estrutural dois dias ap\u00f3s a morte do PM Rubens (<a href=\"http:\/\/www.notibras.com\/site\/estrutural-20-anos-depois-poe-cristovam-e-pm-no-banco-dos-reus\/\">Leia mais aqui<\/a>).<\/p>\n<p>No dia 22 de setembro de 2003 uma testemunha importante corroborou para essa conclus\u00e3o. O promotor N\u00edsio Tostes disse em depoimento que o Minist\u00e9rio P\u00fablico n\u00e3o foi informado da extens\u00e3o da Opera\u00e7\u00e3o para a Estrutural. E disse ainda que o coronel Souza Pinto, na \u00e9poca major, afirmou que o trabalho da PM se limitaria as regi\u00f5es de Samambaia e Ceil\u00e2ndia. Hoje, o promotor est\u00e1 no caso como testemunha.<\/p>\n<p><img loading=\"lazy\" decoding=\"async\" class=\"alignnone size-full wp-image-45520\" src=\"http:\/\/www.notibras.com\/site\/wp-content\/uploads\/2015\/04\/Foto-3-jose-edmar-na-c226mara-federal.png\" alt=\"Foto 3 - jose edmar na c\u00e2mara federal\" width=\"746\" height=\"472\" srcset=\"https:\/\/www.notibras.com\/site\/wp-content\/uploads\/2015\/04\/Foto-3-jose-edmar-na-c226mara-federal.png 746w, https:\/\/www.notibras.com\/site\/wp-content\/uploads\/2015\/04\/Foto-3-jose-edmar-na-c226mara-federal-300x190.png 300w, https:\/\/www.notibras.com\/site\/wp-content\/uploads\/2015\/04\/Foto-3-jose-edmar-na-c226mara-federal-696x440.png 696w, https:\/\/www.notibras.com\/site\/wp-content\/uploads\/2015\/04\/Foto-3-jose-edmar-na-c226mara-federal-664x420.png 664w\" sizes=\"auto, (max-width: 746px) 100vw, 746px\" \/><br \/>\n<strong>Espelho do tempo<\/strong><br \/>\nTem passado, por mais dolorido que tenha sido, serve de par\u00e2metro para fazer o balan\u00e7o da pr\u00f3pria vida. \u00c9 basicamente essa avalia\u00e7\u00e3o que Luane dos Santos Veloso faz. Formada em Recursos Humanos, casada e com uma filha, muita coisa mudou na vida dela. Menos a cidade de moradia. Ela est\u00e1 no v\u00eddeo publicado na <a href=\"http:\/\/www.notibras.com\/site\/estrutural-20-anos-depois-poe-cristovam-e-pm-no-banco-dos-reus\/\">primeira reportagem<\/a> desta s\u00e9rie. \u00c0 \u00e9poca ela tinha de seis para sete anos.<\/p>\n<p><strong>Notibras <\/strong>encontrou e conversou com Luane. Completando 24 anos de idade exatamente hoje, ela lembra pouca coisa dos \u201canos de chumbo\u201d na Estrutural. Mas a imagem mostrada a ela recupera um pouco do passado que n\u00e3o orgulha pela viol\u00eancia, mas pela luta dos moradores.<\/p>\n<p><img loading=\"lazy\" decoding=\"async\" class=\"alignnone size-full wp-image-45521\" src=\"http:\/\/www.notibras.com\/site\/wp-content\/uploads\/2015\/04\/Foto-4-luane1.jpg\" alt=\"Foto 4 - luane\" width=\"660\" height=\"497\" srcset=\"https:\/\/www.notibras.com\/site\/wp-content\/uploads\/2015\/04\/Foto-4-luane1.jpg 660w, https:\/\/www.notibras.com\/site\/wp-content\/uploads\/2015\/04\/Foto-4-luane1-300x226.jpg 300w, https:\/\/www.notibras.com\/site\/wp-content\/uploads\/2015\/04\/Foto-4-luane1-80x60.jpg 80w, https:\/\/www.notibras.com\/site\/wp-content\/uploads\/2015\/04\/Foto-4-luane1-558x420.jpg 558w\" sizes=\"auto, (max-width: 660px) 100vw, 660px\" \/><br \/>\n<img loading=\"lazy\" decoding=\"async\" class=\"alignnone size-full wp-image-45530\" src=\"http:\/\/www.notibras.com\/site\/wp-content\/uploads\/2015\/04\/Foto-5-Luane-Veloso.jpg\" alt=\"Foto 5 - Luane Veloso\" width=\"660\" height=\"439\" srcset=\"https:\/\/www.notibras.com\/site\/wp-content\/uploads\/2015\/04\/Foto-5-Luane-Veloso.jpg 660w, https:\/\/www.notibras.com\/site\/wp-content\/uploads\/2015\/04\/Foto-5-Luane-Veloso-300x200.jpg 300w, https:\/\/www.notibras.com\/site\/wp-content\/uploads\/2015\/04\/Foto-5-Luane-Veloso-631x420.jpg 631w\" sizes=\"auto, (max-width: 660px) 100vw, 660px\" \/><\/p>\n<p>\u201cQuando vejo essa foto, percebo o quanto foi dif\u00edcil chegar onde estamos. Nesse dia lembro o desespero da minha m\u00e3e chorando. N\u00e3o entendia muita coisa por causa da idade, mas olhando tudo isso n\u00e3o tenho vergonha de mostrar a ningu\u00e9m essa imagem, pois foi onde tudo come\u00e7ou e foi o pre\u00e7o que pagamos para ter o que temos hoje\u201d, reflete.<\/p>\n<p><strong>Elton Santos<\/strong><\/p>\n","protected":false},"excerpt":{"rendered":"<p>Durante a busca por dados e informa\u00e7\u00f5es sobre um dos per\u00edodos mais negros da cidade Estrutural, uma por\u00e7\u00e3o de material foi encontrada, entre v\u00eddeos e fotos. Mas esse arquivo n\u00e3o representa sequer 10% de tudo o que foi reunido por moradores e l\u00edderes comunit\u00e1rios no Museu de Sangue, erguido onde ficava a casa de Roberto [&hellip;]<\/p>\n","protected":false},"author":2,"featured_media":45516,"comment_status":"open","ping_status":"closed","sticky":false,"template":"","format":"standard","meta":{"_acf_changed":false,"footnotes":""},"categories":[38],"tags":[],"class_list":["post-45461","post","type-post","status-publish","format-standard","has-post-thumbnail","hentry","category-especial-estrutural"],"acf":[],"yoast_head":"<!-- This site is optimized with the Yoast SEO plugin v27.5 - https:\/\/yoast.com\/product\/yoast-seo-wordpress\/ -->\n<title>Cidade manchada perde museu para n\u00e3o manchar Cristovam - Notibras<\/title>\n<meta name=\"robots\" content=\"index, follow, max-snippet:-1, max-image-preview:large, max-video-preview:-1\" \/>\n<link rel=\"canonical\" href=\"https:\/\/www.notibras.com\/site\/cidade-manchada-perde-museu-para-nao-manchar-cristovam\/\" \/>\n<meta property=\"og:locale\" content=\"pt_BR\" \/>\n<meta property=\"og:type\" content=\"article\" \/>\n<meta property=\"og:title\" content=\"Cidade manchada perde museu para n\u00e3o manchar Cristovam - Notibras\" \/>\n<meta property=\"og:description\" content=\"Durante a busca por dados e informa\u00e7\u00f5es sobre um dos per\u00edodos mais negros da cidade Estrutural, uma por\u00e7\u00e3o de material foi encontrada, entre v\u00eddeos e fotos. Mas esse arquivo n\u00e3o representa sequer 10% de tudo o que foi reunido por moradores e l\u00edderes comunit\u00e1rios no Museu de Sangue, erguido onde ficava a casa de Roberto [&hellip;]\" \/>\n<meta property=\"og:url\" content=\"https:\/\/www.notibras.com\/site\/cidade-manchada-perde-museu-para-nao-manchar-cristovam\/\" \/>\n<meta property=\"og:site_name\" content=\"Notibras\" \/>\n<meta property=\"article:publisher\" content=\"https:\/\/www.facebook.com\/notibras\/\" \/>\n<meta property=\"article:published_time\" content=\"2015-04-26T12:12:15+00:00\" \/>\n<meta property=\"article:modified_time\" content=\"2015-04-26T20:38:45+00:00\" \/>\n<meta property=\"og:image\" content=\"https:\/\/www.notibras.com\/site\/wp-content\/uploads\/2015\/04\/Foto-principal-pessoas-pedindo-paz.jpg\" \/>\n\t<meta property=\"og:image:width\" content=\"660\" \/>\n\t<meta property=\"og:image:height\" content=\"448\" \/>\n\t<meta property=\"og:image:type\" content=\"image\/jpeg\" \/>\n<meta name=\"author\" content=\"Reda\u00e7\u00e3o\" \/>\n<meta name=\"twitter:card\" content=\"summary_large_image\" \/>\n<meta name=\"twitter:creator\" content=\"@Notibras\" \/>\n<meta name=\"twitter:site\" content=\"@Notibras\" \/>\n<meta name=\"twitter:label1\" content=\"Escrito por\" \/>\n\t<meta name=\"twitter:data1\" content=\"Reda\u00e7\u00e3o\" \/>\n\t<meta name=\"twitter:label2\" content=\"Est. tempo de leitura\" \/>\n\t<meta name=\"twitter:data2\" content=\"5 minutos\" \/>\n<script type=\"application\/ld+json\" class=\"yoast-schema-graph\">{\"@context\":\"https:\\\/\\\/schema.org\",\"@graph\":[{\"@type\":\"Article\",\"@id\":\"https:\\\/\\\/www.notibras.com\\\/site\\\/cidade-manchada-perde-museu-para-nao-manchar-cristovam\\\/#article\",\"isPartOf\":{\"@id\":\"https:\\\/\\\/www.notibras.com\\\/site\\\/cidade-manchada-perde-museu-para-nao-manchar-cristovam\\\/\"},\"author\":{\"name\":\"Reda\u00e7\u00e3o\",\"@id\":\"https:\\\/\\\/www.notibras.com\\\/site\\\/#\\\/schema\\\/person\\\/36ab0979449956132d3e5b517ea76ac8\"},\"headline\":\"Cidade manchada perde museu para n\u00e3o manchar Cristovam\",\"datePublished\":\"2015-04-26T12:12:15+00:00\",\"dateModified\":\"2015-04-26T20:38:45+00:00\",\"mainEntityOfPage\":{\"@id\":\"https:\\\/\\\/www.notibras.com\\\/site\\\/cidade-manchada-perde-museu-para-nao-manchar-cristovam\\\/\"},\"wordCount\":941,\"commentCount\":0,\"publisher\":{\"@id\":\"https:\\\/\\\/www.notibras.com\\\/site\\\/#organization\"},\"image\":{\"@id\":\"https:\\\/\\\/www.notibras.com\\\/site\\\/cidade-manchada-perde-museu-para-nao-manchar-cristovam\\\/#primaryimage\"},\"thumbnailUrl\":\"https:\\\/\\\/www.notibras.com\\\/site\\\/wp-content\\\/uploads\\\/2015\\\/04\\\/Foto-principal-pessoas-pedindo-paz.jpg\",\"articleSection\":[\"ESPECIAL - Estrutural\"],\"inLanguage\":\"pt-BR\",\"potentialAction\":[{\"@type\":\"CommentAction\",\"name\":\"Comment\",\"target\":[\"https:\\\/\\\/www.notibras.com\\\/site\\\/cidade-manchada-perde-museu-para-nao-manchar-cristovam\\\/#respond\"]}]},{\"@type\":\"WebPage\",\"@id\":\"https:\\\/\\\/www.notibras.com\\\/site\\\/cidade-manchada-perde-museu-para-nao-manchar-cristovam\\\/\",\"url\":\"https:\\\/\\\/www.notibras.com\\\/site\\\/cidade-manchada-perde-museu-para-nao-manchar-cristovam\\\/\",\"name\":\"Cidade manchada perde museu para n\u00e3o manchar Cristovam - Notibras\",\"isPartOf\":{\"@id\":\"https:\\\/\\\/www.notibras.com\\\/site\\\/#website\"},\"primaryImageOfPage\":{\"@id\":\"https:\\\/\\\/www.notibras.com\\\/site\\\/cidade-manchada-perde-museu-para-nao-manchar-cristovam\\\/#primaryimage\"},\"image\":{\"@id\":\"https:\\\/\\\/www.notibras.com\\\/site\\\/cidade-manchada-perde-museu-para-nao-manchar-cristovam\\\/#primaryimage\"},\"thumbnailUrl\":\"https:\\\/\\\/www.notibras.com\\\/site\\\/wp-content\\\/uploads\\\/2015\\\/04\\\/Foto-principal-pessoas-pedindo-paz.jpg\",\"datePublished\":\"2015-04-26T12:12:15+00:00\",\"dateModified\":\"2015-04-26T20:38:45+00:00\",\"breadcrumb\":{\"@id\":\"https:\\\/\\\/www.notibras.com\\\/site\\\/cidade-manchada-perde-museu-para-nao-manchar-cristovam\\\/#breadcrumb\"},\"inLanguage\":\"pt-BR\",\"potentialAction\":[{\"@type\":\"ReadAction\",\"target\":[\"https:\\\/\\\/www.notibras.com\\\/site\\\/cidade-manchada-perde-museu-para-nao-manchar-cristovam\\\/\"]}]},{\"@type\":\"ImageObject\",\"inLanguage\":\"pt-BR\",\"@id\":\"https:\\\/\\\/www.notibras.com\\\/site\\\/cidade-manchada-perde-museu-para-nao-manchar-cristovam\\\/#primaryimage\",\"url\":\"https:\\\/\\\/www.notibras.com\\\/site\\\/wp-content\\\/uploads\\\/2015\\\/04\\\/Foto-principal-pessoas-pedindo-paz.jpg\",\"contentUrl\":\"https:\\\/\\\/www.notibras.com\\\/site\\\/wp-content\\\/uploads\\\/2015\\\/04\\\/Foto-principal-pessoas-pedindo-paz.jpg\",\"width\":660,\"height\":448},{\"@type\":\"BreadcrumbList\",\"@id\":\"https:\\\/\\\/www.notibras.com\\\/site\\\/cidade-manchada-perde-museu-para-nao-manchar-cristovam\\\/#breadcrumb\",\"itemListElement\":[{\"@type\":\"ListItem\",\"position\":1,\"name\":\"In\u00edcio\",\"item\":\"https:\\\/\\\/www.notibras.com\\\/site\\\/\"},{\"@type\":\"ListItem\",\"position\":2,\"name\":\"Cidade manchada perde museu para n\u00e3o manchar Cristovam\"}]},{\"@type\":\"WebSite\",\"@id\":\"https:\\\/\\\/www.notibras.com\\\/site\\\/#website\",\"url\":\"https:\\\/\\\/www.notibras.com\\\/site\\\/\",\"name\":\"Notibras\",\"description\":\"Not\u00edcias de Bras\u00edlia, do Brasil e do Mundo\",\"publisher\":{\"@id\":\"https:\\\/\\\/www.notibras.com\\\/site\\\/#organization\"},\"potentialAction\":[{\"@type\":\"SearchAction\",\"target\":{\"@type\":\"EntryPoint\",\"urlTemplate\":\"https:\\\/\\\/www.notibras.com\\\/site\\\/?s={search_term_string}\"},\"query-input\":{\"@type\":\"PropertyValueSpecification\",\"valueRequired\":true,\"valueName\":\"search_term_string\"}}],\"inLanguage\":\"pt-BR\"},{\"@type\":\"Organization\",\"@id\":\"https:\\\/\\\/www.notibras.com\\\/site\\\/#organization\",\"name\":\"Grupo Notibras de Comunica\u00e7\u00e3o\",\"url\":\"https:\\\/\\\/www.notibras.com\\\/site\\\/\",\"logo\":{\"@type\":\"ImageObject\",\"inLanguage\":\"pt-BR\",\"@id\":\"https:\\\/\\\/www.notibras.com\\\/site\\\/#\\\/schema\\\/logo\\\/image\\\/\",\"url\":\"https:\\\/\\\/www.notibras.com\\\/site\\\/wp-content\\\/uploads\\\/2023\\\/01\\\/notibras23.png\",\"contentUrl\":\"https:\\\/\\\/www.notibras.com\\\/site\\\/wp-content\\\/uploads\\\/2023\\\/01\\\/notibras23.png\",\"width\":350,\"height\":87,\"caption\":\"Grupo Notibras de Comunica\u00e7\u00e3o\"},\"image\":{\"@id\":\"https:\\\/\\\/www.notibras.com\\\/site\\\/#\\\/schema\\\/logo\\\/image\\\/\"},\"sameAs\":[\"https:\\\/\\\/www.facebook.com\\\/notibras\\\/\",\"https:\\\/\\\/x.com\\\/Notibras\",\"https:\\\/\\\/www.instagram.com\\\/notibras\\\/\"]},{\"@type\":\"Person\",\"@id\":\"https:\\\/\\\/www.notibras.com\\\/site\\\/#\\\/schema\\\/person\\\/36ab0979449956132d3e5b517ea76ac8\",\"name\":\"Reda\u00e7\u00e3o\",\"image\":{\"@type\":\"ImageObject\",\"inLanguage\":\"pt-BR\",\"@id\":\"https:\\\/\\\/secure.gravatar.com\\\/avatar\\\/e0a867bdedb85fd243eadf09663511f96fc81e0720a4a42581f334ad4303aa6b?s=96&d=mm&r=g\",\"url\":\"https:\\\/\\\/secure.gravatar.com\\\/avatar\\\/e0a867bdedb85fd243eadf09663511f96fc81e0720a4a42581f334ad4303aa6b?s=96&d=mm&r=g\",\"contentUrl\":\"https:\\\/\\\/secure.gravatar.com\\\/avatar\\\/e0a867bdedb85fd243eadf09663511f96fc81e0720a4a42581f334ad4303aa6b?s=96&d=mm&r=g\",\"caption\":\"Reda\u00e7\u00e3o\"}}]}<\/script>\n<!-- \/ Yoast SEO plugin. -->","yoast_head_json":{"title":"Cidade manchada perde museu para n\u00e3o manchar Cristovam - Notibras","robots":{"index":"index","follow":"follow","max-snippet":"max-snippet:-1","max-image-preview":"max-image-preview:large","max-video-preview":"max-video-preview:-1"},"canonical":"https:\/\/www.notibras.com\/site\/cidade-manchada-perde-museu-para-nao-manchar-cristovam\/","og_locale":"pt_BR","og_type":"article","og_title":"Cidade manchada perde museu para n\u00e3o manchar Cristovam - Notibras","og_description":"Durante a busca por dados e informa\u00e7\u00f5es sobre um dos per\u00edodos mais negros da cidade Estrutural, uma por\u00e7\u00e3o de material foi encontrada, entre v\u00eddeos e fotos. Mas esse arquivo n\u00e3o representa sequer 10% de tudo o que foi reunido por moradores e l\u00edderes comunit\u00e1rios no Museu de Sangue, erguido onde ficava a casa de Roberto [&hellip;]","og_url":"https:\/\/www.notibras.com\/site\/cidade-manchada-perde-museu-para-nao-manchar-cristovam\/","og_site_name":"Notibras","article_publisher":"https:\/\/www.facebook.com\/notibras\/","article_published_time":"2015-04-26T12:12:15+00:00","article_modified_time":"2015-04-26T20:38:45+00:00","og_image":[{"width":660,"height":448,"url":"https:\/\/www.notibras.com\/site\/wp-content\/uploads\/2015\/04\/Foto-principal-pessoas-pedindo-paz.jpg","type":"image\/jpeg"}],"author":"Reda\u00e7\u00e3o","twitter_card":"summary_large_image","twitter_creator":"@Notibras","twitter_site":"@Notibras","twitter_misc":{"Escrito por":"Reda\u00e7\u00e3o","Est. tempo de leitura":"5 minutos"},"schema":{"@context":"https:\/\/schema.org","@graph":[{"@type":"Article","@id":"https:\/\/www.notibras.com\/site\/cidade-manchada-perde-museu-para-nao-manchar-cristovam\/#article","isPartOf":{"@id":"https:\/\/www.notibras.com\/site\/cidade-manchada-perde-museu-para-nao-manchar-cristovam\/"},"author":{"name":"Reda\u00e7\u00e3o","@id":"https:\/\/www.notibras.com\/site\/#\/schema\/person\/36ab0979449956132d3e5b517ea76ac8"},"headline":"Cidade manchada perde museu para n\u00e3o manchar Cristovam","datePublished":"2015-04-26T12:12:15+00:00","dateModified":"2015-04-26T20:38:45+00:00","mainEntityOfPage":{"@id":"https:\/\/www.notibras.com\/site\/cidade-manchada-perde-museu-para-nao-manchar-cristovam\/"},"wordCount":941,"commentCount":0,"publisher":{"@id":"https:\/\/www.notibras.com\/site\/#organization"},"image":{"@id":"https:\/\/www.notibras.com\/site\/cidade-manchada-perde-museu-para-nao-manchar-cristovam\/#primaryimage"},"thumbnailUrl":"https:\/\/www.notibras.com\/site\/wp-content\/uploads\/2015\/04\/Foto-principal-pessoas-pedindo-paz.jpg","articleSection":["ESPECIAL - Estrutural"],"inLanguage":"pt-BR","potentialAction":[{"@type":"CommentAction","name":"Comment","target":["https:\/\/www.notibras.com\/site\/cidade-manchada-perde-museu-para-nao-manchar-cristovam\/#respond"]}]},{"@type":"WebPage","@id":"https:\/\/www.notibras.com\/site\/cidade-manchada-perde-museu-para-nao-manchar-cristovam\/","url":"https:\/\/www.notibras.com\/site\/cidade-manchada-perde-museu-para-nao-manchar-cristovam\/","name":"Cidade manchada perde museu para n\u00e3o manchar Cristovam - Notibras","isPartOf":{"@id":"https:\/\/www.notibras.com\/site\/#website"},"primaryImageOfPage":{"@id":"https:\/\/www.notibras.com\/site\/cidade-manchada-perde-museu-para-nao-manchar-cristovam\/#primaryimage"},"image":{"@id":"https:\/\/www.notibras.com\/site\/cidade-manchada-perde-museu-para-nao-manchar-cristovam\/#primaryimage"},"thumbnailUrl":"https:\/\/www.notibras.com\/site\/wp-content\/uploads\/2015\/04\/Foto-principal-pessoas-pedindo-paz.jpg","datePublished":"2015-04-26T12:12:15+00:00","dateModified":"2015-04-26T20:38:45+00:00","breadcrumb":{"@id":"https:\/\/www.notibras.com\/site\/cidade-manchada-perde-museu-para-nao-manchar-cristovam\/#breadcrumb"},"inLanguage":"pt-BR","potentialAction":[{"@type":"ReadAction","target":["https:\/\/www.notibras.com\/site\/cidade-manchada-perde-museu-para-nao-manchar-cristovam\/"]}]},{"@type":"ImageObject","inLanguage":"pt-BR","@id":"https:\/\/www.notibras.com\/site\/cidade-manchada-perde-museu-para-nao-manchar-cristovam\/#primaryimage","url":"https:\/\/www.notibras.com\/site\/wp-content\/uploads\/2015\/04\/Foto-principal-pessoas-pedindo-paz.jpg","contentUrl":"https:\/\/www.notibras.com\/site\/wp-content\/uploads\/2015\/04\/Foto-principal-pessoas-pedindo-paz.jpg","width":660,"height":448},{"@type":"BreadcrumbList","@id":"https:\/\/www.notibras.com\/site\/cidade-manchada-perde-museu-para-nao-manchar-cristovam\/#breadcrumb","itemListElement":[{"@type":"ListItem","position":1,"name":"In\u00edcio","item":"https:\/\/www.notibras.com\/site\/"},{"@type":"ListItem","position":2,"name":"Cidade manchada perde museu para n\u00e3o manchar Cristovam"}]},{"@type":"WebSite","@id":"https:\/\/www.notibras.com\/site\/#website","url":"https:\/\/www.notibras.com\/site\/","name":"Notibras","description":"Not\u00edcias de Bras\u00edlia, do Brasil e do Mundo","publisher":{"@id":"https:\/\/www.notibras.com\/site\/#organization"},"potentialAction":[{"@type":"SearchAction","target":{"@type":"EntryPoint","urlTemplate":"https:\/\/www.notibras.com\/site\/?s={search_term_string}"},"query-input":{"@type":"PropertyValueSpecification","valueRequired":true,"valueName":"search_term_string"}}],"inLanguage":"pt-BR"},{"@type":"Organization","@id":"https:\/\/www.notibras.com\/site\/#organization","name":"Grupo Notibras de Comunica\u00e7\u00e3o","url":"https:\/\/www.notibras.com\/site\/","logo":{"@type":"ImageObject","inLanguage":"pt-BR","@id":"https:\/\/www.notibras.com\/site\/#\/schema\/logo\/image\/","url":"https:\/\/www.notibras.com\/site\/wp-content\/uploads\/2023\/01\/notibras23.png","contentUrl":"https:\/\/www.notibras.com\/site\/wp-content\/uploads\/2023\/01\/notibras23.png","width":350,"height":87,"caption":"Grupo Notibras de Comunica\u00e7\u00e3o"},"image":{"@id":"https:\/\/www.notibras.com\/site\/#\/schema\/logo\/image\/"},"sameAs":["https:\/\/www.facebook.com\/notibras\/","https:\/\/x.com\/Notibras","https:\/\/www.instagram.com\/notibras\/"]},{"@type":"Person","@id":"https:\/\/www.notibras.com\/site\/#\/schema\/person\/36ab0979449956132d3e5b517ea76ac8","name":"Reda\u00e7\u00e3o","image":{"@type":"ImageObject","inLanguage":"pt-BR","@id":"https:\/\/secure.gravatar.com\/avatar\/e0a867bdedb85fd243eadf09663511f96fc81e0720a4a42581f334ad4303aa6b?s=96&d=mm&r=g","url":"https:\/\/secure.gravatar.com\/avatar\/e0a867bdedb85fd243eadf09663511f96fc81e0720a4a42581f334ad4303aa6b?s=96&d=mm&r=g","contentUrl":"https:\/\/secure.gravatar.com\/avatar\/e0a867bdedb85fd243eadf09663511f96fc81e0720a4a42581f334ad4303aa6b?s=96&d=mm&r=g","caption":"Reda\u00e7\u00e3o"}}]}},"amp_enabled":true,"_links":{"self":[{"href":"https:\/\/www.notibras.com\/site\/wp-json\/wp\/v2\/posts\/45461","targetHints":{"allow":["GET"]}}],"collection":[{"href":"https:\/\/www.notibras.com\/site\/wp-json\/wp\/v2\/posts"}],"about":[{"href":"https:\/\/www.notibras.com\/site\/wp-json\/wp\/v2\/types\/post"}],"author":[{"embeddable":true,"href":"https:\/\/www.notibras.com\/site\/wp-json\/wp\/v2\/users\/2"}],"replies":[{"embeddable":true,"href":"https:\/\/www.notibras.com\/site\/wp-json\/wp\/v2\/comments?post=45461"}],"version-history":[{"count":0,"href":"https:\/\/www.notibras.com\/site\/wp-json\/wp\/v2\/posts\/45461\/revisions"}],"wp:featuredmedia":[{"embeddable":true,"href":"https:\/\/www.notibras.com\/site\/wp-json\/wp\/v2\/media\/45516"}],"wp:attachment":[{"href":"https:\/\/www.notibras.com\/site\/wp-json\/wp\/v2\/media?parent=45461"}],"wp:term":[{"taxonomy":"category","embeddable":true,"href":"https:\/\/www.notibras.com\/site\/wp-json\/wp\/v2\/categories?post=45461"},{"taxonomy":"post_tag","embeddable":true,"href":"https:\/\/www.notibras.com\/site\/wp-json\/wp\/v2\/tags?post=45461"}],"curies":[{"name":"wp","href":"https:\/\/api.w.org\/{rel}","templated":true}]}}