{"id":45507,"date":"2015-04-26T09:43:49","date_gmt":"2015-04-26T12:43:49","guid":{"rendered":"http:\/\/www.notibras.com\/site\/?p=45507"},"modified":"2015-04-26T09:43:49","modified_gmt":"2015-04-26T12:43:49","slug":"discurso-do-odio-vai-ate-o-limite-da-liberdade-de-expressao","status":"publish","type":"post","link":"https:\/\/www.notibras.com\/site\/discurso-do-odio-vai-ate-o-limite-da-liberdade-de-expressao\/","title":{"rendered":"Discurso do \u00f3dio vai at\u00e9 o limite da liberdade de express\u00e3o"},"content":{"rendered":"<p>O deputado Jair Bolsonaro foi condenado \u00e0 pagar uma indeniza\u00e7\u00e3o por ofensas homof\u00f3bicas. Recentemente, tamb\u00e9m foi obtida uma decis\u00e3o judicial contra o pol\u00edtico Levy Fidelix, em A\u00e7\u00e3o Civil P\u00fablica ajuizada pela Defensoria P\u00fablica do Estado de S\u00e3o Paulo, por meio do N\u00facleo de Combate \u00e0 Discrimina\u00e7\u00e3o, Racismo e Preconceito.<\/p>\n<p>Ambos os casos reacenderam o debate sobre os limites (ou a aus\u00eancia deles) da liberdade de express\u00e3o. A Constitui\u00e7\u00e3o estabelece que a liberdade de express\u00e3o consiste em direito fundamental, exercido independentemente de censura ou licen\u00e7a (inciso IX do artigo 5\u00ba da Constitui\u00e7\u00e3o).<\/p>\n<p>Muitos fazem a leitura seletiva das normas constitucionais e param nessa previs\u00e3o. No entanto, logo em seguida, no mesmo artigo, estabelece-se que &#8220;s\u00e3o inviol\u00e1veis a intimidade, a vida privada, a honra e a imagem das pessoas, assegurado o direito a indeniza\u00e7\u00e3o pelo dano material ou moral decorrente de sua viola\u00e7\u00e3o&#8221;. No inciso V, por sua vez, \u00e9 &#8220;assegurado o direito de resposta, proporcional ao agravo, al\u00e9m da indeniza\u00e7\u00e3o por dano material, moral ou \u00e0 imagem&#8221;.<\/p>\n<p>Est\u00e1 claro na Constitui\u00e7\u00e3o que a liberdade de express\u00e3o n\u00e3o pode passar por qualquer controle pr\u00e9vio (censura ou licen\u00e7a). No entanto, as eventuais viola\u00e7\u00f5es de direitos causadas pelo discurso podem ensejar direito \u00e0 indeniza\u00e7\u00e3o. \u00c9, tamb\u00e9m, assegurado o direito de resposta, proporcional \u00e0 ofensa perpetrada.<\/p>\n<p>O STF, no ac\u00f3rd\u00e3o decorrente do julgamento da ADPF 130, que contestou a Lei de Imprensa, deixou expresso que &#8220;quem quer que seja tem o direito de dizer o que quer que seja&#8221;.<\/p>\n<p>No entanto, na ocasi\u00e3o, tamb\u00e9m estabeleceu-se que &#8220;a Lei Fundamental do Brasil veicula o mais democr\u00e1tico e civilizado regime da livre e plena circula\u00e7\u00e3o das ideias e opini\u00f5es, assim como das not\u00edcias e informa\u00e7\u00f5es, mas sem deixar de prescrever o direito de resposta e todo um regime de responsabilidades civis, penais e administrativas. Direito de resposta e responsabilidades que, mesmo atuando a posteriori, infletem sobre as causas para inibir abusos no desfrute da plenitude de liberdade de imprensa&#8221;.<\/p>\n<p>A A\u00e7\u00e3o Civil P\u00fablica ajuizada contra Levy Fidelix n\u00e3o teve como objetivo reprimir ideias ou suprimir a liberdade de express\u00e3o, como alguns alegaram. Ap\u00f3s o exerc\u00edcio pleno desse direito, por\u00e9m, nada mais se fez do que buscar a repara\u00e7\u00e3o posterior pelos danos morais causados \u00e0 popula\u00e7\u00e3o ofendida, bem como o devido direito de resposta, em conformidade com as normas constitucionais.<\/p>\n<blockquote><p>Muitas pessoas alegaram que o que o pol\u00edtico teria dito seria apenas uma opini\u00e3o, que ele n\u00e3o seria obrigado a aceitar a popula\u00e7\u00e3o LGBT e poderia ter sua pr\u00f3pria concep\u00e7\u00e3o sobre o que \u00e9 uma fam\u00edlia. Afirmaram, ainda, que dar declara\u00e7\u00f5es como &#8220;aparelho excretor n\u00e3o reproduz&#8221; e que &#8220;dois iguais n\u00e3o fazem filho&#8221; seriam verdades e, como tais, n\u00e3o deveriam ser reprimidas.<\/p><\/blockquote>\n<p>No entanto, apesar de essas frases serem lament\u00e1veis, n\u00e3o foram elas o alvo principal da a\u00e7\u00e3o. Nem mesmo sua conservadora e equivocada opini\u00e3o sobre os arranjos familiares motivaram a busca da repara\u00e7\u00e3o, por via judicial.<\/p>\n<p>As express\u00f5es mais graves, no discurso proferido pelo ent\u00e3o candidato, foram a compara\u00e7\u00e3o da homossexualidade \u00e0 pedofilia, a incita\u00e7\u00e3o a que a maioria da popula\u00e7\u00e3o enfrente a minoria LGBT e, ainda, a afirma\u00e7\u00e3o de que essa parcela da popula\u00e7\u00e3o precisa ser &#8220;tratada (&#8230;) bem longe da gente&#8221;, que, claramente, configuram discurso de \u00f3dio.<\/p>\n<p>Discurso de \u00f3dio \u00e9 aquele que, como ocorreu no caso, ofende determinado grupo social, bem como incentiva a agress\u00e3o, a viol\u00eancia, a segrega\u00e7\u00e3o em rela\u00e7\u00e3o a ele. O ministro Celso de Mello bem pontuou, recentemente, os limites da liberdade de express\u00e3o e o discurso de \u00f3dio, como mostra sua fala a seguir:<\/p>\n<p>&#8220;O rep\u00fadio ao &#8216;hate speech&#8217; traduz, na realidade, decorr\u00eancia de nosso sistema constitucional, que reflete a repulsa ao \u00f3dio \u00e9tnico estabelecida no pr\u00f3prio Pacto de S\u00e3o Jos\u00e9 da Costa Rica. (&#8230;) Evidente, desse modo, que a liberdade de express\u00e3o n\u00e3o assume car\u00e1ter absoluto em nosso sistema jur\u00eddico, consideradas, sob tal perspectiva, as cl\u00e1usulas inscritas tanto em nossa pr\u00f3pria Constitui\u00e7\u00e3o quanto na Conven\u00e7\u00e3o Americana de Direitos Humanos. (&#8230;) H\u00e1 limites que conformam o exerc\u00edcio do direito \u00e0 livre manifesta\u00e7\u00e3o do pensamento, eis que a nossa Carta Pol\u00edtica, ao contemplar determinados valores, quis proteg\u00ea-los de modo amplo, em ordem a impedir, por exemplo, discrimina\u00e7\u00f5es atentat\u00f3rias aos direitos e liberdades fundamentais (CF, art. 5\u00ba, XLI), a pr\u00e1tica do racismo (CF, art. 5\u00ba, XLII) e a a\u00e7\u00e3o de grupos armados (civis ou militares) contra a ordem constitucional e o Estado Democr\u00e1tico (CF, art. 5\u00ba, XLIV)&#8221;.<\/p>\n<p>As palavras ditas, sem d\u00favida alguma, ofenderam tanto a popula\u00e7\u00e3o LGBT como tamb\u00e9m aquelas pessoas que prezam pelo respeito \u00e0 diversidade, em um Estado democr\u00e1tico de direito. Para se ter a exata express\u00e3o do quanto as express\u00f5es utilizadas podem ser ofensivas, basta imagin\u00e1-las sendo ditas, n\u00e3o para uma coletividade, mas para uma \u00fanica pessoa.<\/p>\n<p>H\u00e1 aqueles que defendem a liberdade absoluta de manifesta\u00e7\u00e3o e express\u00e3o de ideias, acreditando que isso levaria \u00e0 evolu\u00e7\u00e3o gradual do pensamento. Ideias, por\u00e9m, n\u00e3o se confundem com agress\u00f5es e ofensas, que estimulam o preconceito, a discrimina\u00e7\u00e3o e o aniquilamento do outro.<\/p>\n<p>O debate franco e democr\u00e1tico somente \u00e9 poss\u00edvel no contexto social no qual h\u00e1 o respeito aos grupos, inclusive aos politicamente minorit\u00e1rios, e o direito de voz \u00e9 igual para todos e todas.<\/p>\n<p><strong>Vanessa Alves Vieira e<\/strong><br \/>\n<strong>Aurea Maria de Oliveira Manoel<\/strong><\/p>\n","protected":false},"excerpt":{"rendered":"<p>O deputado Jair Bolsonaro foi condenado \u00e0 pagar uma indeniza\u00e7\u00e3o por ofensas homof\u00f3bicas. Recentemente, tamb\u00e9m foi obtida uma decis\u00e3o judicial contra o pol\u00edtico Levy Fidelix, em A\u00e7\u00e3o Civil P\u00fablica ajuizada pela Defensoria P\u00fablica do Estado de S\u00e3o Paulo, por meio do N\u00facleo de Combate \u00e0 Discrimina\u00e7\u00e3o, Racismo e Preconceito. Ambos os casos reacenderam o debate [&hellip;]<\/p>\n","protected":false},"author":2,"featured_media":45508,"comment_status":"open","ping_status":"closed","sticky":false,"template":"","format":"standard","meta":{"_acf_changed":false,"footnotes":""},"categories":[25],"tags":[],"class_list":["post-45507","post","type-post","status-publish","format-standard","has-post-thumbnail","hentry","category-opina-ai"],"acf":[],"yoast_head":"<!-- This site is optimized with the Yoast SEO plugin v27.5 - https:\/\/yoast.com\/product\/yoast-seo-wordpress\/ -->\n<title>Discurso do \u00f3dio vai at\u00e9 o limite da liberdade de express\u00e3o - Notibras<\/title>\n<meta name=\"robots\" content=\"index, follow, max-snippet:-1, max-image-preview:large, max-video-preview:-1\" \/>\n<link rel=\"canonical\" href=\"https:\/\/www.notibras.com\/site\/discurso-do-odio-vai-ate-o-limite-da-liberdade-de-expressao\/\" \/>\n<meta property=\"og:locale\" content=\"pt_BR\" \/>\n<meta property=\"og:type\" content=\"article\" \/>\n<meta property=\"og:title\" content=\"Discurso do \u00f3dio vai at\u00e9 o limite da liberdade de express\u00e3o - Notibras\" \/>\n<meta property=\"og:description\" content=\"O deputado Jair Bolsonaro foi condenado \u00e0 pagar uma indeniza\u00e7\u00e3o por ofensas homof\u00f3bicas. Recentemente, tamb\u00e9m foi obtida uma decis\u00e3o judicial contra o pol\u00edtico Levy Fidelix, em A\u00e7\u00e3o Civil P\u00fablica ajuizada pela Defensoria P\u00fablica do Estado de S\u00e3o Paulo, por meio do N\u00facleo de Combate \u00e0 Discrimina\u00e7\u00e3o, Racismo e Preconceito. Ambos os casos reacenderam o debate [&hellip;]\" \/>\n<meta property=\"og:url\" content=\"https:\/\/www.notibras.com\/site\/discurso-do-odio-vai-ate-o-limite-da-liberdade-de-expressao\/\" \/>\n<meta property=\"og:site_name\" content=\"Notibras\" \/>\n<meta property=\"article:publisher\" content=\"https:\/\/www.facebook.com\/notibras\/\" \/>\n<meta property=\"article:published_time\" content=\"2015-04-26T12:43:49+00:00\" \/>\n<meta property=\"og:image\" content=\"https:\/\/www.notibras.com\/site\/wp-content\/uploads\/2015\/04\/medo2.jpg\" \/>\n\t<meta property=\"og:image:width\" content=\"600\" \/>\n\t<meta property=\"og:image:height\" content=\"544\" \/>\n\t<meta property=\"og:image:type\" content=\"image\/jpeg\" \/>\n<meta name=\"author\" content=\"Reda\u00e7\u00e3o\" \/>\n<meta name=\"twitter:card\" content=\"summary_large_image\" \/>\n<meta name=\"twitter:creator\" content=\"@Notibras\" \/>\n<meta name=\"twitter:site\" content=\"@Notibras\" \/>\n<meta name=\"twitter:label1\" content=\"Escrito por\" \/>\n\t<meta name=\"twitter:data1\" content=\"Reda\u00e7\u00e3o\" \/>\n\t<meta name=\"twitter:label2\" content=\"Est. tempo de leitura\" \/>\n\t<meta name=\"twitter:data2\" content=\"5 minutos\" \/>\n<script type=\"application\/ld+json\" class=\"yoast-schema-graph\">{\"@context\":\"https:\\\/\\\/schema.org\",\"@graph\":[{\"@type\":\"Article\",\"@id\":\"https:\\\/\\\/www.notibras.com\\\/site\\\/discurso-do-odio-vai-ate-o-limite-da-liberdade-de-expressao\\\/#article\",\"isPartOf\":{\"@id\":\"https:\\\/\\\/www.notibras.com\\\/site\\\/discurso-do-odio-vai-ate-o-limite-da-liberdade-de-expressao\\\/\"},\"author\":{\"name\":\"Reda\u00e7\u00e3o\",\"@id\":\"https:\\\/\\\/www.notibras.com\\\/site\\\/#\\\/schema\\\/person\\\/36ab0979449956132d3e5b517ea76ac8\"},\"headline\":\"Discurso do \u00f3dio vai at\u00e9 o limite da liberdade de express\u00e3o\",\"datePublished\":\"2015-04-26T12:43:49+00:00\",\"mainEntityOfPage\":{\"@id\":\"https:\\\/\\\/www.notibras.com\\\/site\\\/discurso-do-odio-vai-ate-o-limite-da-liberdade-de-expressao\\\/\"},\"wordCount\":968,\"commentCount\":0,\"publisher\":{\"@id\":\"https:\\\/\\\/www.notibras.com\\\/site\\\/#organization\"},\"image\":{\"@id\":\"https:\\\/\\\/www.notibras.com\\\/site\\\/discurso-do-odio-vai-ate-o-limite-da-liberdade-de-expressao\\\/#primaryimage\"},\"thumbnailUrl\":\"https:\\\/\\\/www.notibras.com\\\/site\\\/wp-content\\\/uploads\\\/2015\\\/04\\\/medo2.jpg\",\"articleSection\":[\"Opina a\u00ed\"],\"inLanguage\":\"pt-BR\",\"potentialAction\":[{\"@type\":\"CommentAction\",\"name\":\"Comment\",\"target\":[\"https:\\\/\\\/www.notibras.com\\\/site\\\/discurso-do-odio-vai-ate-o-limite-da-liberdade-de-expressao\\\/#respond\"]}]},{\"@type\":\"WebPage\",\"@id\":\"https:\\\/\\\/www.notibras.com\\\/site\\\/discurso-do-odio-vai-ate-o-limite-da-liberdade-de-expressao\\\/\",\"url\":\"https:\\\/\\\/www.notibras.com\\\/site\\\/discurso-do-odio-vai-ate-o-limite-da-liberdade-de-expressao\\\/\",\"name\":\"Discurso do \u00f3dio vai at\u00e9 o limite da liberdade de express\u00e3o - Notibras\",\"isPartOf\":{\"@id\":\"https:\\\/\\\/www.notibras.com\\\/site\\\/#website\"},\"primaryImageOfPage\":{\"@id\":\"https:\\\/\\\/www.notibras.com\\\/site\\\/discurso-do-odio-vai-ate-o-limite-da-liberdade-de-expressao\\\/#primaryimage\"},\"image\":{\"@id\":\"https:\\\/\\\/www.notibras.com\\\/site\\\/discurso-do-odio-vai-ate-o-limite-da-liberdade-de-expressao\\\/#primaryimage\"},\"thumbnailUrl\":\"https:\\\/\\\/www.notibras.com\\\/site\\\/wp-content\\\/uploads\\\/2015\\\/04\\\/medo2.jpg\",\"datePublished\":\"2015-04-26T12:43:49+00:00\",\"breadcrumb\":{\"@id\":\"https:\\\/\\\/www.notibras.com\\\/site\\\/discurso-do-odio-vai-ate-o-limite-da-liberdade-de-expressao\\\/#breadcrumb\"},\"inLanguage\":\"pt-BR\",\"potentialAction\":[{\"@type\":\"ReadAction\",\"target\":[\"https:\\\/\\\/www.notibras.com\\\/site\\\/discurso-do-odio-vai-ate-o-limite-da-liberdade-de-expressao\\\/\"]}]},{\"@type\":\"ImageObject\",\"inLanguage\":\"pt-BR\",\"@id\":\"https:\\\/\\\/www.notibras.com\\\/site\\\/discurso-do-odio-vai-ate-o-limite-da-liberdade-de-expressao\\\/#primaryimage\",\"url\":\"https:\\\/\\\/www.notibras.com\\\/site\\\/wp-content\\\/uploads\\\/2015\\\/04\\\/medo2.jpg\",\"contentUrl\":\"https:\\\/\\\/www.notibras.com\\\/site\\\/wp-content\\\/uploads\\\/2015\\\/04\\\/medo2.jpg\",\"width\":600,\"height\":544},{\"@type\":\"BreadcrumbList\",\"@id\":\"https:\\\/\\\/www.notibras.com\\\/site\\\/discurso-do-odio-vai-ate-o-limite-da-liberdade-de-expressao\\\/#breadcrumb\",\"itemListElement\":[{\"@type\":\"ListItem\",\"position\":1,\"name\":\"In\u00edcio\",\"item\":\"https:\\\/\\\/www.notibras.com\\\/site\\\/\"},{\"@type\":\"ListItem\",\"position\":2,\"name\":\"Discurso do \u00f3dio vai at\u00e9 o limite da liberdade de express\u00e3o\"}]},{\"@type\":\"WebSite\",\"@id\":\"https:\\\/\\\/www.notibras.com\\\/site\\\/#website\",\"url\":\"https:\\\/\\\/www.notibras.com\\\/site\\\/\",\"name\":\"Notibras\",\"description\":\"Not\u00edcias de Bras\u00edlia, do Brasil e do Mundo\",\"publisher\":{\"@id\":\"https:\\\/\\\/www.notibras.com\\\/site\\\/#organization\"},\"potentialAction\":[{\"@type\":\"SearchAction\",\"target\":{\"@type\":\"EntryPoint\",\"urlTemplate\":\"https:\\\/\\\/www.notibras.com\\\/site\\\/?s={search_term_string}\"},\"query-input\":{\"@type\":\"PropertyValueSpecification\",\"valueRequired\":true,\"valueName\":\"search_term_string\"}}],\"inLanguage\":\"pt-BR\"},{\"@type\":\"Organization\",\"@id\":\"https:\\\/\\\/www.notibras.com\\\/site\\\/#organization\",\"name\":\"Grupo Notibras de Comunica\u00e7\u00e3o\",\"url\":\"https:\\\/\\\/www.notibras.com\\\/site\\\/\",\"logo\":{\"@type\":\"ImageObject\",\"inLanguage\":\"pt-BR\",\"@id\":\"https:\\\/\\\/www.notibras.com\\\/site\\\/#\\\/schema\\\/logo\\\/image\\\/\",\"url\":\"https:\\\/\\\/www.notibras.com\\\/site\\\/wp-content\\\/uploads\\\/2023\\\/01\\\/notibras23.png\",\"contentUrl\":\"https:\\\/\\\/www.notibras.com\\\/site\\\/wp-content\\\/uploads\\\/2023\\\/01\\\/notibras23.png\",\"width\":350,\"height\":87,\"caption\":\"Grupo Notibras de Comunica\u00e7\u00e3o\"},\"image\":{\"@id\":\"https:\\\/\\\/www.notibras.com\\\/site\\\/#\\\/schema\\\/logo\\\/image\\\/\"},\"sameAs\":[\"https:\\\/\\\/www.facebook.com\\\/notibras\\\/\",\"https:\\\/\\\/x.com\\\/Notibras\",\"https:\\\/\\\/www.instagram.com\\\/notibras\\\/\"]},{\"@type\":\"Person\",\"@id\":\"https:\\\/\\\/www.notibras.com\\\/site\\\/#\\\/schema\\\/person\\\/36ab0979449956132d3e5b517ea76ac8\",\"name\":\"Reda\u00e7\u00e3o\",\"image\":{\"@type\":\"ImageObject\",\"inLanguage\":\"pt-BR\",\"@id\":\"https:\\\/\\\/secure.gravatar.com\\\/avatar\\\/e0a867bdedb85fd243eadf09663511f96fc81e0720a4a42581f334ad4303aa6b?s=96&d=mm&r=g\",\"url\":\"https:\\\/\\\/secure.gravatar.com\\\/avatar\\\/e0a867bdedb85fd243eadf09663511f96fc81e0720a4a42581f334ad4303aa6b?s=96&d=mm&r=g\",\"contentUrl\":\"https:\\\/\\\/secure.gravatar.com\\\/avatar\\\/e0a867bdedb85fd243eadf09663511f96fc81e0720a4a42581f334ad4303aa6b?s=96&d=mm&r=g\",\"caption\":\"Reda\u00e7\u00e3o\"}}]}<\/script>\n<!-- \/ Yoast SEO plugin. -->","yoast_head_json":{"title":"Discurso do \u00f3dio vai at\u00e9 o limite da liberdade de express\u00e3o - Notibras","robots":{"index":"index","follow":"follow","max-snippet":"max-snippet:-1","max-image-preview":"max-image-preview:large","max-video-preview":"max-video-preview:-1"},"canonical":"https:\/\/www.notibras.com\/site\/discurso-do-odio-vai-ate-o-limite-da-liberdade-de-expressao\/","og_locale":"pt_BR","og_type":"article","og_title":"Discurso do \u00f3dio vai at\u00e9 o limite da liberdade de express\u00e3o - Notibras","og_description":"O deputado Jair Bolsonaro foi condenado \u00e0 pagar uma indeniza\u00e7\u00e3o por ofensas homof\u00f3bicas. Recentemente, tamb\u00e9m foi obtida uma decis\u00e3o judicial contra o pol\u00edtico Levy Fidelix, em A\u00e7\u00e3o Civil P\u00fablica ajuizada pela Defensoria P\u00fablica do Estado de S\u00e3o Paulo, por meio do N\u00facleo de Combate \u00e0 Discrimina\u00e7\u00e3o, Racismo e Preconceito. Ambos os casos reacenderam o debate [&hellip;]","og_url":"https:\/\/www.notibras.com\/site\/discurso-do-odio-vai-ate-o-limite-da-liberdade-de-expressao\/","og_site_name":"Notibras","article_publisher":"https:\/\/www.facebook.com\/notibras\/","article_published_time":"2015-04-26T12:43:49+00:00","og_image":[{"width":600,"height":544,"url":"https:\/\/www.notibras.com\/site\/wp-content\/uploads\/2015\/04\/medo2.jpg","type":"image\/jpeg"}],"author":"Reda\u00e7\u00e3o","twitter_card":"summary_large_image","twitter_creator":"@Notibras","twitter_site":"@Notibras","twitter_misc":{"Escrito por":"Reda\u00e7\u00e3o","Est. tempo de leitura":"5 minutos"},"schema":{"@context":"https:\/\/schema.org","@graph":[{"@type":"Article","@id":"https:\/\/www.notibras.com\/site\/discurso-do-odio-vai-ate-o-limite-da-liberdade-de-expressao\/#article","isPartOf":{"@id":"https:\/\/www.notibras.com\/site\/discurso-do-odio-vai-ate-o-limite-da-liberdade-de-expressao\/"},"author":{"name":"Reda\u00e7\u00e3o","@id":"https:\/\/www.notibras.com\/site\/#\/schema\/person\/36ab0979449956132d3e5b517ea76ac8"},"headline":"Discurso do \u00f3dio vai at\u00e9 o limite da liberdade de express\u00e3o","datePublished":"2015-04-26T12:43:49+00:00","mainEntityOfPage":{"@id":"https:\/\/www.notibras.com\/site\/discurso-do-odio-vai-ate-o-limite-da-liberdade-de-expressao\/"},"wordCount":968,"commentCount":0,"publisher":{"@id":"https:\/\/www.notibras.com\/site\/#organization"},"image":{"@id":"https:\/\/www.notibras.com\/site\/discurso-do-odio-vai-ate-o-limite-da-liberdade-de-expressao\/#primaryimage"},"thumbnailUrl":"https:\/\/www.notibras.com\/site\/wp-content\/uploads\/2015\/04\/medo2.jpg","articleSection":["Opina a\u00ed"],"inLanguage":"pt-BR","potentialAction":[{"@type":"CommentAction","name":"Comment","target":["https:\/\/www.notibras.com\/site\/discurso-do-odio-vai-ate-o-limite-da-liberdade-de-expressao\/#respond"]}]},{"@type":"WebPage","@id":"https:\/\/www.notibras.com\/site\/discurso-do-odio-vai-ate-o-limite-da-liberdade-de-expressao\/","url":"https:\/\/www.notibras.com\/site\/discurso-do-odio-vai-ate-o-limite-da-liberdade-de-expressao\/","name":"Discurso do \u00f3dio vai at\u00e9 o limite da liberdade de express\u00e3o - Notibras","isPartOf":{"@id":"https:\/\/www.notibras.com\/site\/#website"},"primaryImageOfPage":{"@id":"https:\/\/www.notibras.com\/site\/discurso-do-odio-vai-ate-o-limite-da-liberdade-de-expressao\/#primaryimage"},"image":{"@id":"https:\/\/www.notibras.com\/site\/discurso-do-odio-vai-ate-o-limite-da-liberdade-de-expressao\/#primaryimage"},"thumbnailUrl":"https:\/\/www.notibras.com\/site\/wp-content\/uploads\/2015\/04\/medo2.jpg","datePublished":"2015-04-26T12:43:49+00:00","breadcrumb":{"@id":"https:\/\/www.notibras.com\/site\/discurso-do-odio-vai-ate-o-limite-da-liberdade-de-expressao\/#breadcrumb"},"inLanguage":"pt-BR","potentialAction":[{"@type":"ReadAction","target":["https:\/\/www.notibras.com\/site\/discurso-do-odio-vai-ate-o-limite-da-liberdade-de-expressao\/"]}]},{"@type":"ImageObject","inLanguage":"pt-BR","@id":"https:\/\/www.notibras.com\/site\/discurso-do-odio-vai-ate-o-limite-da-liberdade-de-expressao\/#primaryimage","url":"https:\/\/www.notibras.com\/site\/wp-content\/uploads\/2015\/04\/medo2.jpg","contentUrl":"https:\/\/www.notibras.com\/site\/wp-content\/uploads\/2015\/04\/medo2.jpg","width":600,"height":544},{"@type":"BreadcrumbList","@id":"https:\/\/www.notibras.com\/site\/discurso-do-odio-vai-ate-o-limite-da-liberdade-de-expressao\/#breadcrumb","itemListElement":[{"@type":"ListItem","position":1,"name":"In\u00edcio","item":"https:\/\/www.notibras.com\/site\/"},{"@type":"ListItem","position":2,"name":"Discurso do \u00f3dio vai at\u00e9 o limite da liberdade de express\u00e3o"}]},{"@type":"WebSite","@id":"https:\/\/www.notibras.com\/site\/#website","url":"https:\/\/www.notibras.com\/site\/","name":"Notibras","description":"Not\u00edcias de Bras\u00edlia, do Brasil e do Mundo","publisher":{"@id":"https:\/\/www.notibras.com\/site\/#organization"},"potentialAction":[{"@type":"SearchAction","target":{"@type":"EntryPoint","urlTemplate":"https:\/\/www.notibras.com\/site\/?s={search_term_string}"},"query-input":{"@type":"PropertyValueSpecification","valueRequired":true,"valueName":"search_term_string"}}],"inLanguage":"pt-BR"},{"@type":"Organization","@id":"https:\/\/www.notibras.com\/site\/#organization","name":"Grupo Notibras de Comunica\u00e7\u00e3o","url":"https:\/\/www.notibras.com\/site\/","logo":{"@type":"ImageObject","inLanguage":"pt-BR","@id":"https:\/\/www.notibras.com\/site\/#\/schema\/logo\/image\/","url":"https:\/\/www.notibras.com\/site\/wp-content\/uploads\/2023\/01\/notibras23.png","contentUrl":"https:\/\/www.notibras.com\/site\/wp-content\/uploads\/2023\/01\/notibras23.png","width":350,"height":87,"caption":"Grupo Notibras de Comunica\u00e7\u00e3o"},"image":{"@id":"https:\/\/www.notibras.com\/site\/#\/schema\/logo\/image\/"},"sameAs":["https:\/\/www.facebook.com\/notibras\/","https:\/\/x.com\/Notibras","https:\/\/www.instagram.com\/notibras\/"]},{"@type":"Person","@id":"https:\/\/www.notibras.com\/site\/#\/schema\/person\/36ab0979449956132d3e5b517ea76ac8","name":"Reda\u00e7\u00e3o","image":{"@type":"ImageObject","inLanguage":"pt-BR","@id":"https:\/\/secure.gravatar.com\/avatar\/e0a867bdedb85fd243eadf09663511f96fc81e0720a4a42581f334ad4303aa6b?s=96&d=mm&r=g","url":"https:\/\/secure.gravatar.com\/avatar\/e0a867bdedb85fd243eadf09663511f96fc81e0720a4a42581f334ad4303aa6b?s=96&d=mm&r=g","contentUrl":"https:\/\/secure.gravatar.com\/avatar\/e0a867bdedb85fd243eadf09663511f96fc81e0720a4a42581f334ad4303aa6b?s=96&d=mm&r=g","caption":"Reda\u00e7\u00e3o"}}]}},"amp_enabled":true,"_links":{"self":[{"href":"https:\/\/www.notibras.com\/site\/wp-json\/wp\/v2\/posts\/45507","targetHints":{"allow":["GET"]}}],"collection":[{"href":"https:\/\/www.notibras.com\/site\/wp-json\/wp\/v2\/posts"}],"about":[{"href":"https:\/\/www.notibras.com\/site\/wp-json\/wp\/v2\/types\/post"}],"author":[{"embeddable":true,"href":"https:\/\/www.notibras.com\/site\/wp-json\/wp\/v2\/users\/2"}],"replies":[{"embeddable":true,"href":"https:\/\/www.notibras.com\/site\/wp-json\/wp\/v2\/comments?post=45507"}],"version-history":[{"count":0,"href":"https:\/\/www.notibras.com\/site\/wp-json\/wp\/v2\/posts\/45507\/revisions"}],"wp:featuredmedia":[{"embeddable":true,"href":"https:\/\/www.notibras.com\/site\/wp-json\/wp\/v2\/media\/45508"}],"wp:attachment":[{"href":"https:\/\/www.notibras.com\/site\/wp-json\/wp\/v2\/media?parent=45507"}],"wp:term":[{"taxonomy":"category","embeddable":true,"href":"https:\/\/www.notibras.com\/site\/wp-json\/wp\/v2\/categories?post=45507"},{"taxonomy":"post_tag","embeddable":true,"href":"https:\/\/www.notibras.com\/site\/wp-json\/wp\/v2\/tags?post=45507"}],"curies":[{"name":"wp","href":"https:\/\/api.w.org\/{rel}","templated":true}]}}