{"id":45563,"date":"2015-04-26T18:17:00","date_gmt":"2015-04-26T21:17:00","guid":{"rendered":"http:\/\/www.notibras.com\/site\/?p=45563"},"modified":"2015-04-26T18:17:00","modified_gmt":"2015-04-26T21:17:00","slug":"palmeiras-perde-penalti-mas-faz-1x0-no-santos-e-poe-mao-na-taca","status":"publish","type":"post","link":"https:\/\/www.notibras.com\/site\/palmeiras-perde-penalti-mas-faz-1x0-no-santos-e-poe-mao-na-taca\/","title":{"rendered":"Palmeiras perde p\u00eanalti, mas faz 1&#215;0 no Santos e p\u00f5e m\u00e3o na ta\u00e7a"},"content":{"rendered":"<p>O Palmeiras est\u00e1 prestes a levantar a ta\u00e7a de campe\u00e3o paulista de 2015. O time saiu na frente na busca pelo t\u00edtulo do Paulist\u00e3o ao derrotar o Santos neste domingo por 1 a 0, com um gol de Leandro Pereira, no Allianz Parque. Com recorde de p\u00fablico, o est\u00e1dio ainda poderia ter visto o placar aumentar, mas Dudu desperdi\u00e7ou cobran\u00e7a de p\u00eanalti no segundo tempo. Por causa da infra\u00e7\u00e3o, ali\u00e1s, os santistas jogaram por 30 minutos com um a menos, com o zagueiro Paulo expulso. \u00a0N\u00e3o foi \u00e0 toa que os visitantes deixaram o palco do jogo comemorando.<\/p>\n<p>Sem Valdivia e Robinho (o santista), que n\u00e3o ficaram nem no banco por causa de les\u00e3o, o jogo foi burocr\u00e1tico, com o Santos marcando a sa\u00edda de bola palmeirense apenas no meio-campo, permitindo que os zagueiros alviverdes ficassem mais com a bola. A v\u00e1lvula de escape, como sempre, foi Dudu, que aproveitou muito os espa\u00e7os dados na lateral para infernizar a vida do rival. Do lado santista, a melhor jogada tinha Geuv\u00e2nio partindo para cima de Z\u00e9 Roberto.<\/p>\n<p>A ta\u00e7a conhece seu dono em 2015 no pr\u00f3ximo domingo, na Vila Belmiro, tamb\u00e9m a partir das 16h. Vale destacar que o Santos n\u00e3o ter\u00e1 a vantagem do empate no placar agregado por ter sido o melhor time do campeonato na primeira fase.<\/p>\n<blockquote><p>A partida come\u00e7ou amarrada, com o Santos atuando mais para n\u00e3o perder do que para buscar um gol. A marca\u00e7\u00e3o dos visitantes, ali\u00e1s, come\u00e7ava apenas no meio-campo. For\u00e7ado por causa da les\u00e3o de Arouca, Oswaldo acabou colocando o time mais para frente com a entrada de Cleiton Xavier e deu certo. O camisa 8 deu um bel\u00edssimo passe pela direita, achou Lucas, que cruzou no p\u00e9 de Leandro Pereira. Ele s\u00f3 desviou e abriu o placar. No fim da etapa inicial, o Palmeiras ainda chegou mais duas vezes com perigo. Em uma delas, Rafael Marques foi travado e reclamou de p\u00eanalti.<\/p><\/blockquote>\n<p>Na volta para o segundo tempo, os times voltaram sem seus treinadores, expulsos. Logo aos 10 minutos, Oswaldo viu, da arquibancada, Leandro Pereira sofrer p\u00eanalti em falta de Paulo, que foi expulso. Na batida, no entanto, Dudu acertou o travess\u00e3o de Vladimir. O Santos se animou com o erro e passou a ir para cima do advers\u00e1rio, sempre na bola a\u00e9rea. Victor Ramos e Vitor Hugo, no entanto, conseguiam segurar a press\u00e3o.<\/p>\n<p>A alternativa palmeirense foi a entrada de Gabriel Jesus e Kelvin, nos lugares de Leandro e Robinho. O Palmeiras passou a aproveitar melhor o fato de ter um jogador a mais, mas n\u00e3o conseguiu converter isso em gols, para o desespero de seu torcedor.<\/p>\n","protected":false},"excerpt":{"rendered":"<p>O Palmeiras est\u00e1 prestes a levantar a ta\u00e7a de campe\u00e3o paulista de 2015. O time saiu na frente na busca pelo t\u00edtulo do Paulist\u00e3o ao derrotar o Santos neste domingo por 1 a 0, com um gol de Leandro Pereira, no Allianz Parque. Com recorde de p\u00fablico, o est\u00e1dio ainda poderia ter visto o placar [&hellip;]<\/p>\n","protected":false},"author":2,"featured_media":45564,"comment_status":"open","ping_status":"closed","sticky":false,"template":"","format":"standard","meta":{"_acf_changed":false,"footnotes":""},"categories":[19,29],"tags":[],"class_list":["post-45563","post","type-post","status-publish","format-standard","has-post-thumbnail","hentry","category-esportes","category-futebol"],"acf":[],"yoast_head":"<!-- This site is optimized with the Yoast SEO plugin v27.2 - https:\/\/yoast.com\/product\/yoast-seo-wordpress\/ -->\n<title>Palmeiras perde p\u00eanalti, mas faz 1x0 no Santos e p\u00f5e m\u00e3o na ta\u00e7a - Notibras<\/title>\n<meta name=\"robots\" content=\"index, follow, max-snippet:-1, max-image-preview:large, max-video-preview:-1\" \/>\n<link rel=\"canonical\" href=\"https:\/\/www.notibras.com\/site\/palmeiras-perde-penalti-mas-faz-1x0-no-santos-e-poe-mao-na-taca\/\" \/>\n<meta property=\"og:locale\" content=\"pt_BR\" \/>\n<meta property=\"og:type\" content=\"article\" \/>\n<meta property=\"og:title\" content=\"Palmeiras perde p\u00eanalti, mas faz 1x0 no Santos e p\u00f5e m\u00e3o na ta\u00e7a - Notibras\" \/>\n<meta property=\"og:description\" content=\"O Palmeiras est\u00e1 prestes a levantar a ta\u00e7a de campe\u00e3o paulista de 2015. O time saiu na frente na busca pelo t\u00edtulo do Paulist\u00e3o ao derrotar o Santos neste domingo por 1 a 0, com um gol de Leandro Pereira, no Allianz Parque. Com recorde de p\u00fablico, o est\u00e1dio ainda poderia ter visto o placar [&hellip;]\" \/>\n<meta property=\"og:url\" content=\"https:\/\/www.notibras.com\/site\/palmeiras-perde-penalti-mas-faz-1x0-no-santos-e-poe-mao-na-taca\/\" \/>\n<meta property=\"og:site_name\" content=\"Notibras\" \/>\n<meta property=\"article:publisher\" content=\"https:\/\/www.facebook.com\/notibras\/\" \/>\n<meta property=\"article:published_time\" content=\"2015-04-26T21:17:00+00:00\" \/>\n<meta property=\"og:image\" content=\"https:\/\/www.notibras.com\/site\/wp-content\/uploads\/2015\/04\/pal26.jpg\" \/>\n\t<meta property=\"og:image:width\" content=\"600\" \/>\n\t<meta property=\"og:image:height\" content=\"382\" \/>\n\t<meta property=\"og:image:type\" content=\"image\/jpeg\" \/>\n<meta name=\"author\" content=\"Reda\u00e7\u00e3o\" \/>\n<meta name=\"twitter:card\" content=\"summary_large_image\" \/>\n<meta name=\"twitter:creator\" content=\"@Notibras\" \/>\n<meta name=\"twitter:site\" content=\"@Notibras\" \/>\n<meta name=\"twitter:label1\" content=\"Escrito por\" \/>\n\t<meta name=\"twitter:data1\" content=\"Reda\u00e7\u00e3o\" \/>\n\t<meta name=\"twitter:label2\" content=\"Est. tempo de leitura\" \/>\n\t<meta name=\"twitter:data2\" content=\"2 minutos\" \/>\n<script type=\"application\/ld+json\" class=\"yoast-schema-graph\">{\"@context\":\"https:\/\/schema.org\",\"@graph\":[{\"@type\":\"Article\",\"@id\":\"https:\/\/www.notibras.com\/site\/palmeiras-perde-penalti-mas-faz-1x0-no-santos-e-poe-mao-na-taca\/#article\",\"isPartOf\":{\"@id\":\"https:\/\/www.notibras.com\/site\/palmeiras-perde-penalti-mas-faz-1x0-no-santos-e-poe-mao-na-taca\/\"},\"author\":{\"name\":\"Reda\u00e7\u00e3o\",\"@id\":\"https:\/\/www.notibras.com\/site\/#\/schema\/person\/36ab0979449956132d3e5b517ea76ac8\"},\"headline\":\"Palmeiras perde p\u00eanalti, mas faz 1&#215;0 no Santos e p\u00f5e m\u00e3o na ta\u00e7a\",\"datePublished\":\"2015-04-26T21:17:00+00:00\",\"mainEntityOfPage\":{\"@id\":\"https:\/\/www.notibras.com\/site\/palmeiras-perde-penalti-mas-faz-1x0-no-santos-e-poe-mao-na-taca\/\"},\"wordCount\":483,\"commentCount\":0,\"publisher\":{\"@id\":\"https:\/\/www.notibras.com\/site\/#organization\"},\"image\":{\"@id\":\"https:\/\/www.notibras.com\/site\/palmeiras-perde-penalti-mas-faz-1x0-no-santos-e-poe-mao-na-taca\/#primaryimage\"},\"thumbnailUrl\":\"https:\/\/www.notibras.com\/site\/wp-content\/uploads\/2015\/04\/pal26.jpg\",\"articleSection\":[\"Esportes\",\"Futebol\"],\"inLanguage\":\"pt-BR\",\"potentialAction\":[{\"@type\":\"CommentAction\",\"name\":\"Comment\",\"target\":[\"https:\/\/www.notibras.com\/site\/palmeiras-perde-penalti-mas-faz-1x0-no-santos-e-poe-mao-na-taca\/#respond\"]}]},{\"@type\":\"WebPage\",\"@id\":\"https:\/\/www.notibras.com\/site\/palmeiras-perde-penalti-mas-faz-1x0-no-santos-e-poe-mao-na-taca\/\",\"url\":\"https:\/\/www.notibras.com\/site\/palmeiras-perde-penalti-mas-faz-1x0-no-santos-e-poe-mao-na-taca\/\",\"name\":\"Palmeiras perde p\u00eanalti, mas faz 1x0 no Santos e p\u00f5e m\u00e3o na ta\u00e7a - Notibras\",\"isPartOf\":{\"@id\":\"https:\/\/www.notibras.com\/site\/#website\"},\"primaryImageOfPage\":{\"@id\":\"https:\/\/www.notibras.com\/site\/palmeiras-perde-penalti-mas-faz-1x0-no-santos-e-poe-mao-na-taca\/#primaryimage\"},\"image\":{\"@id\":\"https:\/\/www.notibras.com\/site\/palmeiras-perde-penalti-mas-faz-1x0-no-santos-e-poe-mao-na-taca\/#primaryimage\"},\"thumbnailUrl\":\"https:\/\/www.notibras.com\/site\/wp-content\/uploads\/2015\/04\/pal26.jpg\",\"datePublished\":\"2015-04-26T21:17:00+00:00\",\"breadcrumb\":{\"@id\":\"https:\/\/www.notibras.com\/site\/palmeiras-perde-penalti-mas-faz-1x0-no-santos-e-poe-mao-na-taca\/#breadcrumb\"},\"inLanguage\":\"pt-BR\",\"potentialAction\":[{\"@type\":\"ReadAction\",\"target\":[\"https:\/\/www.notibras.com\/site\/palmeiras-perde-penalti-mas-faz-1x0-no-santos-e-poe-mao-na-taca\/\"]}]},{\"@type\":\"ImageObject\",\"inLanguage\":\"pt-BR\",\"@id\":\"https:\/\/www.notibras.com\/site\/palmeiras-perde-penalti-mas-faz-1x0-no-santos-e-poe-mao-na-taca\/#primaryimage\",\"url\":\"https:\/\/www.notibras.com\/site\/wp-content\/uploads\/2015\/04\/pal26.jpg\",\"contentUrl\":\"https:\/\/www.notibras.com\/site\/wp-content\/uploads\/2015\/04\/pal26.jpg\",\"width\":600,\"height\":382},{\"@type\":\"BreadcrumbList\",\"@id\":\"https:\/\/www.notibras.com\/site\/palmeiras-perde-penalti-mas-faz-1x0-no-santos-e-poe-mao-na-taca\/#breadcrumb\",\"itemListElement\":[{\"@type\":\"ListItem\",\"position\":1,\"name\":\"In\u00edcio\",\"item\":\"https:\/\/www.notibras.com\/site\/\"},{\"@type\":\"ListItem\",\"position\":2,\"name\":\"Palmeiras perde p\u00eanalti, mas faz 1&#215;0 no Santos e p\u00f5e m\u00e3o na ta\u00e7a\"}]},{\"@type\":\"WebSite\",\"@id\":\"https:\/\/www.notibras.com\/site\/#website\",\"url\":\"https:\/\/www.notibras.com\/site\/\",\"name\":\"Notibras\",\"description\":\"Not\u00edcias de Bras\u00edlia, do Brasil e do Mundo\",\"publisher\":{\"@id\":\"https:\/\/www.notibras.com\/site\/#organization\"},\"potentialAction\":[{\"@type\":\"SearchAction\",\"target\":{\"@type\":\"EntryPoint\",\"urlTemplate\":\"https:\/\/www.notibras.com\/site\/?s={search_term_string}\"},\"query-input\":{\"@type\":\"PropertyValueSpecification\",\"valueRequired\":true,\"valueName\":\"search_term_string\"}}],\"inLanguage\":\"pt-BR\"},{\"@type\":\"Organization\",\"@id\":\"https:\/\/www.notibras.com\/site\/#organization\",\"name\":\"Grupo Notibras de Comunica\u00e7\u00e3o\",\"url\":\"https:\/\/www.notibras.com\/site\/\",\"logo\":{\"@type\":\"ImageObject\",\"inLanguage\":\"pt-BR\",\"@id\":\"https:\/\/www.notibras.com\/site\/#\/schema\/logo\/image\/\",\"url\":\"https:\/\/www.notibras.com\/site\/wp-content\/uploads\/2023\/01\/notibras23.png\",\"contentUrl\":\"https:\/\/www.notibras.com\/site\/wp-content\/uploads\/2023\/01\/notibras23.png\",\"width\":350,\"height\":87,\"caption\":\"Grupo Notibras de Comunica\u00e7\u00e3o\"},\"image\":{\"@id\":\"https:\/\/www.notibras.com\/site\/#\/schema\/logo\/image\/\"},\"sameAs\":[\"https:\/\/www.facebook.com\/notibras\/\",\"https:\/\/x.com\/Notibras\",\"https:\/\/www.instagram.com\/notibras\/\"]},{\"@type\":\"Person\",\"@id\":\"https:\/\/www.notibras.com\/site\/#\/schema\/person\/36ab0979449956132d3e5b517ea76ac8\",\"name\":\"Reda\u00e7\u00e3o\",\"image\":{\"@type\":\"ImageObject\",\"inLanguage\":\"pt-BR\",\"@id\":\"https:\/\/secure.gravatar.com\/avatar\/e0a867bdedb85fd243eadf09663511f96fc81e0720a4a42581f334ad4303aa6b?s=96&d=mm&r=g\",\"url\":\"https:\/\/secure.gravatar.com\/avatar\/e0a867bdedb85fd243eadf09663511f96fc81e0720a4a42581f334ad4303aa6b?s=96&d=mm&r=g\",\"contentUrl\":\"https:\/\/secure.gravatar.com\/avatar\/e0a867bdedb85fd243eadf09663511f96fc81e0720a4a42581f334ad4303aa6b?s=96&d=mm&r=g\",\"caption\":\"Reda\u00e7\u00e3o\"}}]}<\/script>\n<!-- \/ Yoast SEO plugin. -->","yoast_head_json":{"title":"Palmeiras perde p\u00eanalti, mas faz 1x0 no Santos e p\u00f5e m\u00e3o na ta\u00e7a - Notibras","robots":{"index":"index","follow":"follow","max-snippet":"max-snippet:-1","max-image-preview":"max-image-preview:large","max-video-preview":"max-video-preview:-1"},"canonical":"https:\/\/www.notibras.com\/site\/palmeiras-perde-penalti-mas-faz-1x0-no-santos-e-poe-mao-na-taca\/","og_locale":"pt_BR","og_type":"article","og_title":"Palmeiras perde p\u00eanalti, mas faz 1x0 no Santos e p\u00f5e m\u00e3o na ta\u00e7a - Notibras","og_description":"O Palmeiras est\u00e1 prestes a levantar a ta\u00e7a de campe\u00e3o paulista de 2015. O time saiu na frente na busca pelo t\u00edtulo do Paulist\u00e3o ao derrotar o Santos neste domingo por 1 a 0, com um gol de Leandro Pereira, no Allianz Parque. Com recorde de p\u00fablico, o est\u00e1dio ainda poderia ter visto o placar [&hellip;]","og_url":"https:\/\/www.notibras.com\/site\/palmeiras-perde-penalti-mas-faz-1x0-no-santos-e-poe-mao-na-taca\/","og_site_name":"Notibras","article_publisher":"https:\/\/www.facebook.com\/notibras\/","article_published_time":"2015-04-26T21:17:00+00:00","og_image":[{"width":600,"height":382,"url":"https:\/\/www.notibras.com\/site\/wp-content\/uploads\/2015\/04\/pal26.jpg","type":"image\/jpeg"}],"author":"Reda\u00e7\u00e3o","twitter_card":"summary_large_image","twitter_creator":"@Notibras","twitter_site":"@Notibras","twitter_misc":{"Escrito por":"Reda\u00e7\u00e3o","Est. tempo de leitura":"2 minutos"},"schema":{"@context":"https:\/\/schema.org","@graph":[{"@type":"Article","@id":"https:\/\/www.notibras.com\/site\/palmeiras-perde-penalti-mas-faz-1x0-no-santos-e-poe-mao-na-taca\/#article","isPartOf":{"@id":"https:\/\/www.notibras.com\/site\/palmeiras-perde-penalti-mas-faz-1x0-no-santos-e-poe-mao-na-taca\/"},"author":{"name":"Reda\u00e7\u00e3o","@id":"https:\/\/www.notibras.com\/site\/#\/schema\/person\/36ab0979449956132d3e5b517ea76ac8"},"headline":"Palmeiras perde p\u00eanalti, mas faz 1&#215;0 no Santos e p\u00f5e m\u00e3o na ta\u00e7a","datePublished":"2015-04-26T21:17:00+00:00","mainEntityOfPage":{"@id":"https:\/\/www.notibras.com\/site\/palmeiras-perde-penalti-mas-faz-1x0-no-santos-e-poe-mao-na-taca\/"},"wordCount":483,"commentCount":0,"publisher":{"@id":"https:\/\/www.notibras.com\/site\/#organization"},"image":{"@id":"https:\/\/www.notibras.com\/site\/palmeiras-perde-penalti-mas-faz-1x0-no-santos-e-poe-mao-na-taca\/#primaryimage"},"thumbnailUrl":"https:\/\/www.notibras.com\/site\/wp-content\/uploads\/2015\/04\/pal26.jpg","articleSection":["Esportes","Futebol"],"inLanguage":"pt-BR","potentialAction":[{"@type":"CommentAction","name":"Comment","target":["https:\/\/www.notibras.com\/site\/palmeiras-perde-penalti-mas-faz-1x0-no-santos-e-poe-mao-na-taca\/#respond"]}]},{"@type":"WebPage","@id":"https:\/\/www.notibras.com\/site\/palmeiras-perde-penalti-mas-faz-1x0-no-santos-e-poe-mao-na-taca\/","url":"https:\/\/www.notibras.com\/site\/palmeiras-perde-penalti-mas-faz-1x0-no-santos-e-poe-mao-na-taca\/","name":"Palmeiras perde p\u00eanalti, mas faz 1x0 no Santos e p\u00f5e m\u00e3o na ta\u00e7a - Notibras","isPartOf":{"@id":"https:\/\/www.notibras.com\/site\/#website"},"primaryImageOfPage":{"@id":"https:\/\/www.notibras.com\/site\/palmeiras-perde-penalti-mas-faz-1x0-no-santos-e-poe-mao-na-taca\/#primaryimage"},"image":{"@id":"https:\/\/www.notibras.com\/site\/palmeiras-perde-penalti-mas-faz-1x0-no-santos-e-poe-mao-na-taca\/#primaryimage"},"thumbnailUrl":"https:\/\/www.notibras.com\/site\/wp-content\/uploads\/2015\/04\/pal26.jpg","datePublished":"2015-04-26T21:17:00+00:00","breadcrumb":{"@id":"https:\/\/www.notibras.com\/site\/palmeiras-perde-penalti-mas-faz-1x0-no-santos-e-poe-mao-na-taca\/#breadcrumb"},"inLanguage":"pt-BR","potentialAction":[{"@type":"ReadAction","target":["https:\/\/www.notibras.com\/site\/palmeiras-perde-penalti-mas-faz-1x0-no-santos-e-poe-mao-na-taca\/"]}]},{"@type":"ImageObject","inLanguage":"pt-BR","@id":"https:\/\/www.notibras.com\/site\/palmeiras-perde-penalti-mas-faz-1x0-no-santos-e-poe-mao-na-taca\/#primaryimage","url":"https:\/\/www.notibras.com\/site\/wp-content\/uploads\/2015\/04\/pal26.jpg","contentUrl":"https:\/\/www.notibras.com\/site\/wp-content\/uploads\/2015\/04\/pal26.jpg","width":600,"height":382},{"@type":"BreadcrumbList","@id":"https:\/\/www.notibras.com\/site\/palmeiras-perde-penalti-mas-faz-1x0-no-santos-e-poe-mao-na-taca\/#breadcrumb","itemListElement":[{"@type":"ListItem","position":1,"name":"In\u00edcio","item":"https:\/\/www.notibras.com\/site\/"},{"@type":"ListItem","position":2,"name":"Palmeiras perde p\u00eanalti, mas faz 1&#215;0 no Santos e p\u00f5e m\u00e3o na ta\u00e7a"}]},{"@type":"WebSite","@id":"https:\/\/www.notibras.com\/site\/#website","url":"https:\/\/www.notibras.com\/site\/","name":"Notibras","description":"Not\u00edcias de Bras\u00edlia, do Brasil e do Mundo","publisher":{"@id":"https:\/\/www.notibras.com\/site\/#organization"},"potentialAction":[{"@type":"SearchAction","target":{"@type":"EntryPoint","urlTemplate":"https:\/\/www.notibras.com\/site\/?s={search_term_string}"},"query-input":{"@type":"PropertyValueSpecification","valueRequired":true,"valueName":"search_term_string"}}],"inLanguage":"pt-BR"},{"@type":"Organization","@id":"https:\/\/www.notibras.com\/site\/#organization","name":"Grupo Notibras de Comunica\u00e7\u00e3o","url":"https:\/\/www.notibras.com\/site\/","logo":{"@type":"ImageObject","inLanguage":"pt-BR","@id":"https:\/\/www.notibras.com\/site\/#\/schema\/logo\/image\/","url":"https:\/\/www.notibras.com\/site\/wp-content\/uploads\/2023\/01\/notibras23.png","contentUrl":"https:\/\/www.notibras.com\/site\/wp-content\/uploads\/2023\/01\/notibras23.png","width":350,"height":87,"caption":"Grupo Notibras de Comunica\u00e7\u00e3o"},"image":{"@id":"https:\/\/www.notibras.com\/site\/#\/schema\/logo\/image\/"},"sameAs":["https:\/\/www.facebook.com\/notibras\/","https:\/\/x.com\/Notibras","https:\/\/www.instagram.com\/notibras\/"]},{"@type":"Person","@id":"https:\/\/www.notibras.com\/site\/#\/schema\/person\/36ab0979449956132d3e5b517ea76ac8","name":"Reda\u00e7\u00e3o","image":{"@type":"ImageObject","inLanguage":"pt-BR","@id":"https:\/\/secure.gravatar.com\/avatar\/e0a867bdedb85fd243eadf09663511f96fc81e0720a4a42581f334ad4303aa6b?s=96&d=mm&r=g","url":"https:\/\/secure.gravatar.com\/avatar\/e0a867bdedb85fd243eadf09663511f96fc81e0720a4a42581f334ad4303aa6b?s=96&d=mm&r=g","contentUrl":"https:\/\/secure.gravatar.com\/avatar\/e0a867bdedb85fd243eadf09663511f96fc81e0720a4a42581f334ad4303aa6b?s=96&d=mm&r=g","caption":"Reda\u00e7\u00e3o"}}]}},"amp_enabled":true,"_links":{"self":[{"href":"https:\/\/www.notibras.com\/site\/wp-json\/wp\/v2\/posts\/45563","targetHints":{"allow":["GET"]}}],"collection":[{"href":"https:\/\/www.notibras.com\/site\/wp-json\/wp\/v2\/posts"}],"about":[{"href":"https:\/\/www.notibras.com\/site\/wp-json\/wp\/v2\/types\/post"}],"author":[{"embeddable":true,"href":"https:\/\/www.notibras.com\/site\/wp-json\/wp\/v2\/users\/2"}],"replies":[{"embeddable":true,"href":"https:\/\/www.notibras.com\/site\/wp-json\/wp\/v2\/comments?post=45563"}],"version-history":[{"count":0,"href":"https:\/\/www.notibras.com\/site\/wp-json\/wp\/v2\/posts\/45563\/revisions"}],"wp:featuredmedia":[{"embeddable":true,"href":"https:\/\/www.notibras.com\/site\/wp-json\/wp\/v2\/media\/45564"}],"wp:attachment":[{"href":"https:\/\/www.notibras.com\/site\/wp-json\/wp\/v2\/media?parent=45563"}],"wp:term":[{"taxonomy":"category","embeddable":true,"href":"https:\/\/www.notibras.com\/site\/wp-json\/wp\/v2\/categories?post=45563"},{"taxonomy":"post_tag","embeddable":true,"href":"https:\/\/www.notibras.com\/site\/wp-json\/wp\/v2\/tags?post=45563"}],"curies":[{"name":"wp","href":"https:\/\/api.w.org\/{rel}","templated":true}]}}